{"id":10756,"date":"2020-05-12T12:29:35","date_gmt":"2020-05-12T10:29:35","guid":{"rendered":"https:\/\/www.boisbuchet.org\/boisbuchet-a-collabore-a-lexposition-le-monde-nouveau-de-charlotte-perriand\/"},"modified":"2020-05-12T12:29:41","modified_gmt":"2020-05-12T10:29:41","slug":"boisbuchet-a-collabore-a-lexposition-le-monde-nouveau-de-charlotte-perriand","status":"publish","type":"post","link":"https:\/\/www.boisbuchet.org\/fr\/boisbuchet-a-collabore-a-lexposition-le-monde-nouveau-de-charlotte-perriand\/","title":{"rendered":"Boisbuchet a collabor\u00e9 \u00e0 l&#8217;exposition &#8220;Le monde nouveau de Charlotte Perriand&#8221;"},"content":{"rendered":"<div class=\"fusion-fullwidth fullwidth-box fusion-builder-row-1 nonhundred-percent-fullwidth non-hundred-percent-height-scrolling\" style=\"--awb-border-radius-top-left:0px;--awb-border-radius-top-right:0px;--awb-border-radius-bottom-right:0px;--awb-border-radius-bottom-left:0px;--awb-flex-wrap:wrap;\" ><div class=\"fusion-builder-row fusion-row\"><div class=\"fusion-layout-column fusion_builder_column fusion-builder-column-0 fusion_builder_column_1_1 1_1 fusion-one-full fusion-column-first fusion-column-last\" style=\"--awb-bg-size:cover;\"><div class=\"fusion-column-wrapper fusion-flex-column-wrapper-legacy\"><div class=\"fusion-title title fusion-title-1 fusion-title-center fusion-title-text fusion-title-size-one\" style=\"--awb-text-color:#333333;--awb-margin-top-small:0px;--awb-margin-right-small:0px;--awb-margin-bottom-small:20px;--awb-margin-left-small:0px;\"><div class=\"title-sep-container title-sep-container-left\"><div class=\"title-sep sep-single sep-solid\" style=\"border-color:#e0dede;\"><\/div><\/div><span class=\"awb-title-spacer\"><\/span><h1 class=\"fusion-title-heading title-heading-center\" style=\"margin:0;letter-spacing:5px;\">Le Domaine de Boisbuchet a collabor\u00e9 \u00e0 l&#8217;exposition Le monde nouveau de Charlotte Perriand.<\/h1><span class=\"awb-title-spacer\"><\/span><div class=\"title-sep-container title-sep-container-right\"><div class=\"title-sep sep-single sep-solid\" style=\"border-color:#e0dede;\"><\/div><\/div><\/div><div class=\"fusion-title title fusion-title-2 fusion-sep-none fusion-title-center fusion-title-text fusion-title-size-four\" style=\"--awb-text-color:#999999;--awb-margin-top-small:0px;--awb-margin-right-small:0px;--awb-margin-bottom-small:20px;--awb-margin-left-small:0px;\"><h4 class=\"fusion-title-heading title-heading-center\" style=\"margin:0;letter-spacing:5px;\">mai 12, 2020<\/h4><\/div><div class=\"fusion-clearfix\"><\/div><\/div><\/div><\/div><\/div><div class=\"fusion-fullwidth fullwidth-box fusion-builder-row-2 nonhundred-percent-fullwidth non-hundred-percent-height-scrolling\" style=\"--awb-border-radius-top-left:0px;--awb-border-radius-top-right:0px;--awb-border-radius-bottom-right:0px;--awb-border-radius-bottom-left:0px;--awb-flex-wrap:wrap;\" ><div class=\"fusion-builder-row fusion-row\"><div class=\"fusion-layout-column fusion_builder_column fusion-builder-column-1 fusion_builder_column_1_1 1_1 fusion-one-full fusion-column-first fusion-column-last\" style=\"--awb-bg-size:cover;\"><div class=\"fusion-column-wrapper fusion-column-has-shadow fusion-flex-column-wrapper-legacy\"><div class=\"fusion-image-carousel fusion-image-carousel-auto fusion-image-carousel-1 fusion-carousel-border\"><div class=\"awb-carousel awb-swiper awb-swiper-carousel awb-carousel--carousel awb-swiper-dots-position-bottom\" data-layout=\"carousel\" data-autoplay=\"yes\" data-autoplayspeed=\"2500\" data-autoplaypause=\"no\" data-columns=\"1\" data-columnsmedium=\"1\" data-columnssmall=\"1\" data-itemmargin=\"13\" data-itemwidth=\"180\" data-touchscroll=\"no\" data-freemode=\"no\" data-imagesize=\"auto\" data-scrollitems=\"0\" data-centeredslides=\"no\" data-rotationangle=\"50\" data-depth=\"100\" data-speed=\"500\" data-shadow=\"no\" data-pagination=\"bullets\" style=\"--awb-columns:1;--awb-border-width:1px;--awb-border-color:#e9eaee;\"><div class=\"swiper-wrapper awb-image-carousel-wrapper fusion-flex-align-items-center\"><div class=\"swiper-slide\"><div class=\"fusion-carousel-item-wrapper\"><div class=\"fusion-image-wrapper hover-type-none\"><img decoding=\"async\" width=\"1200\" height=\"800\" src=\"https:\/\/www.boisbuchet.org\/wp-content\/uploads\/2020\/02\/Post-Charlotte-Perriand-B.jpg\" class=\"attachment-full size-full\" alt=\"\" srcset=\"https:\/\/www.boisbuchet.org\/wp-content\/uploads\/2020\/02\/Post-Charlotte-Perriand-B-200x133.jpg 200w, https:\/\/www.boisbuchet.org\/wp-content\/uploads\/2020\/02\/Post-Charlotte-Perriand-B-300x200.jpg 300w, https:\/\/www.boisbuchet.org\/wp-content\/uploads\/2020\/02\/Post-Charlotte-Perriand-B-400x267.jpg 400w, https:\/\/www.boisbuchet.org\/wp-content\/uploads\/2020\/02\/Post-Charlotte-Perriand-B-500x333.jpg 500w, https:\/\/www.boisbuchet.org\/wp-content\/uploads\/2020\/02\/Post-Charlotte-Perriand-B-600x400.jpg 600w, https:\/\/www.boisbuchet.org\/wp-content\/uploads\/2020\/02\/Post-Charlotte-Perriand-B-700x467.jpg 700w, https:\/\/www.boisbuchet.org\/wp-content\/uploads\/2020\/02\/Post-Charlotte-Perriand-B-768x512.jpg 768w, https:\/\/www.boisbuchet.org\/wp-content\/uploads\/2020\/02\/Post-Charlotte-Perriand-B-800x533.jpg 800w, https:\/\/www.boisbuchet.org\/wp-content\/uploads\/2020\/02\/Post-Charlotte-Perriand-B-1024x683.jpg 1024w, https:\/\/www.boisbuchet.org\/wp-content\/uploads\/2020\/02\/Post-Charlotte-Perriand-B.jpg 1200w\" sizes=\"(max-width: 1200px) 100vw, 1200px\" \/><\/div><\/div><\/div><div class=\"swiper-slide\"><div class=\"fusion-carousel-item-wrapper\"><div class=\"fusion-image-wrapper hover-type-none\"><img decoding=\"async\" width=\"1200\" height=\"800\" src=\"https:\/\/www.boisbuchet.org\/wp-content\/uploads\/2020\/02\/Post-Charlotte-Perriand-C.jpg\" class=\"attachment-full size-full\" alt=\"\" srcset=\"https:\/\/www.boisbuchet.org\/wp-content\/uploads\/2020\/02\/Post-Charlotte-Perriand-C-200x133.jpg 200w, https:\/\/www.boisbuchet.org\/wp-content\/uploads\/2020\/02\/Post-Charlotte-Perriand-C-300x200.jpg 300w, https:\/\/www.boisbuchet.org\/wp-content\/uploads\/2020\/02\/Post-Charlotte-Perriand-C-400x267.jpg 400w, https:\/\/www.boisbuchet.org\/wp-content\/uploads\/2020\/02\/Post-Charlotte-Perriand-C-500x333.jpg 500w, https:\/\/www.boisbuchet.org\/wp-content\/uploads\/2020\/02\/Post-Charlotte-Perriand-C-600x400.jpg 600w, https:\/\/www.boisbuchet.org\/wp-content\/uploads\/2020\/02\/Post-Charlotte-Perriand-C-700x467.jpg 700w, https:\/\/www.boisbuchet.org\/wp-content\/uploads\/2020\/02\/Post-Charlotte-Perriand-C-768x512.jpg 768w, https:\/\/www.boisbuchet.org\/wp-content\/uploads\/2020\/02\/Post-Charlotte-Perriand-C-800x533.jpg 800w, https:\/\/www.boisbuchet.org\/wp-content\/uploads\/2020\/02\/Post-Charlotte-Perriand-C-1024x683.jpg 1024w, https:\/\/www.boisbuchet.org\/wp-content\/uploads\/2020\/02\/Post-Charlotte-Perriand-C.jpg 1200w\" sizes=\"(max-width: 1200px) 100vw, 1200px\" \/><\/div><\/div><\/div><\/div><div class=\"awb-swiper-button awb-swiper-button-prev\"><i class=\"awb-icon-angle-left\" aria-hidden=\"true\"><\/i><\/div><div class=\"awb-swiper-button awb-swiper-button-next\"><i class=\"awb-icon-angle-right\" aria-hidden=\"true\"><\/i><\/div><\/div><\/div><div class=\"fusion-clearfix\"><\/div><\/div><\/div><\/div><\/div><div class=\"fusion-fullwidth fullwidth-box fusion-builder-row-3 nonhundred-percent-fullwidth non-hundred-percent-height-scrolling\" style=\"--awb-border-radius-top-left:0px;--awb-border-radius-top-right:0px;--awb-border-radius-bottom-right:0px;--awb-border-radius-bottom-left:0px;--awb-flex-wrap:wrap;\" ><div class=\"fusion-builder-row fusion-row\"><div class=\"fusion-layout-column fusion_builder_column fusion-builder-column-2 fusion_builder_column_1_1 1_1 fusion-one-full fusion-column-first fusion-column-last\" style=\"--awb-bg-size:cover;\"><div class=\"fusion-column-wrapper fusion-column-has-shadow fusion-flex-column-wrapper-legacy\"><div class=\"fusion-sep-clear\"><\/div><div class=\"fusion-separator fusion-full-width-sep\" style=\"margin-left: auto;margin-right: auto;width:100%;\"><\/div><div class=\"fusion-sep-clear\"><\/div><div class=\"fusion-text fusion-text-1\"><p>A l\u2019occasion du vingti\u00e8me anniversaire de sa disparition, la <a href=\"https:\/\/www.fondationlouisvuitton.fr\/fr.html\">Fondation Louis Vuitton<\/a> rend hommage \u00e0 cette architecte et cr\u00e9atrice visionnaire \u00e0 travers une exposition qui aborde les liens entre art, architecture et design. \u00a0A l&#8217;occasion de cette grande r\u00e9trospective parisienne, le\u00a0<strong>Domaine de Boisbuchet<\/strong>\u00a0a pr\u00eat\u00e9 plusieurs pi\u00e8ces phares de la collection d&#8217;Alexander von Vegesack.<\/p>\n<p>&nbsp;<\/p>\n<p>L\u2019exposition retrace le travail de cette architecte, dont l\u2019\u0153uvre anticipe les\u00a0<b>d\u00e9bats contemporains autour de la femme et de la place de la nature dans notre soci\u00e9t\u00e9<\/b>. Elle offre au visiteur la possibilit\u00e9 d\u2019entrer de plain-pied dans la modernit\u00e9, gr\u00e2ce \u00e0 des\u00a0<b>reconstitutions<\/b>, fid\u00e8les scientifiquement, int\u00e9grant des\u00a0<b>\u0153uvres d\u2019arts s\u00e9lectionn\u00e9es par Charlotte Perriand<\/b>\u00a0afin d\u2019incarner sa vision de la synth\u00e8se des arts.\u00a0\u00c0 travers cette exposition, son oeuvre nous invite \u00e0 repenser\u00a0<b>le r\u00f4le de l\u2019art dans notre soci\u00e9t\u00e9<\/b>\u00a0: objet de d\u00e9lectation, il est aussi le fer de lance des transformations soci\u00e9tales de demain.<\/p>\n<\/div><div class=\"fusion-clearfix\"><\/div><\/div><\/div><\/div><\/div>\n","protected":false},"excerpt":{"rendered":"","protected":false},"author":566,"featured_media":10735,"comment_status":"open","ping_status":"open","sticky":false,"template":"","format":"standard","meta":{"_monsterinsights_skip_tracking":false,"_monsterinsights_sitenote_active":false,"_monsterinsights_sitenote_note":"","_monsterinsights_sitenote_category":0,"footnotes":""},"categories":[167],"tags":[],"class_list":["post-10756","post","type-post","status-publish","format-standard","has-post-thumbnail","hentry","category-news-events"],"yoast_head":"<!-- This site is optimized with the Yoast SEO plugin v27.1.1 - https:\/\/yoast.com\/product\/yoast-seo-wordpress\/ -->\n<title>Boisbuchet a collabor\u00e9 \u00e0 l&#039;exposition &quot;Le monde nouveau de Charlotte Perriand&quot; | Domaine de Boisbuchet<\/title>\n<meta name=\"robots\" content=\"index, follow, max-snippet:-1, max-image-preview:large, max-video-preview:-1\" \/>\n<link rel=\"canonical\" href=\"https:\/\/www.boisbuchet.org\/fr\/boisbuchet-a-collabore-a-lexposition-le-monde-nouveau-de-charlotte-perriand\/\" \/>\n<meta property=\"og:locale\" content=\"fr_FR\" \/>\n<meta property=\"og:type\" content=\"article\" \/>\n<meta property=\"og:title\" content=\"Boisbuchet a collabor\u00e9 \u00e0 l&#039;exposition &quot;Le monde nouveau de Charlotte Perriand&quot; | Domaine de Boisbuchet\" \/>\n<meta property=\"og:url\" content=\"https:\/\/www.boisbuchet.org\/fr\/boisbuchet-a-collabore-a-lexposition-le-monde-nouveau-de-charlotte-perriand\/\" \/>\n<meta property=\"og:site_name\" content=\"Domaine de Boisbuchet\" \/>\n<meta property=\"article:publisher\" content=\"https:\/\/www.facebook.com\/boisbuchet\" \/>\n<meta property=\"article:published_time\" content=\"2020-05-12T10:29:35+00:00\" \/>\n<meta property=\"article:modified_time\" content=\"2020-05-12T10:29:41+00:00\" \/>\n<meta property=\"og:image\" content=\"https:\/\/www.boisbuchet.org\/wp-content\/uploads\/2020\/02\/Post-Charlotte-Perriand-B2.jpg\" \/>\n\t<meta property=\"og:image:width\" content=\"724\" \/>\n\t<meta property=\"og:image:height\" content=\"542\" \/>\n\t<meta property=\"og:image:type\" content=\"image\/jpeg\" \/>\n<meta name=\"author\" content=\"pablo.sevilla\" \/>\n<meta name=\"twitter:card\" content=\"summary_large_image\" \/>\n<meta name=\"twitter:creator\" content=\"@boisbuchet\" \/>\n<meta name=\"twitter:site\" content=\"@boisbuchet\" \/>\n<meta name=\"twitter:label1\" content=\"\u00c9crit par\" \/>\n\t<meta name=\"twitter:data1\" content=\"pablo.sevilla\" \/>\n\t<meta name=\"twitter:label2\" content=\"Dur\u00e9e de lecture estim\u00e9e\" \/>\n\t<meta name=\"twitter:data2\" content=\"6 minutes\" \/>\n<script type=\"application\/ld+json\" class=\"yoast-schema-graph\">{\"@context\":\"https:\/\/schema.org\",\"@graph\":[{\"@type\":\"Article\",\"@id\":\"https:\/\/www.boisbuchet.org\/fr\/boisbuchet-a-collabore-a-lexposition-le-monde-nouveau-de-charlotte-perriand\/#article\",\"isPartOf\":{\"@id\":\"https:\/\/www.boisbuchet.org\/fr\/boisbuchet-a-collabore-a-lexposition-le-monde-nouveau-de-charlotte-perriand\/\"},\"author\":{\"name\":\"pablo.sevilla\",\"@id\":\"https:\/\/www.boisbuchet.org\/#\/schema\/person\/37f6d78daf7b561c8175c85d605ef2f0\"},\"headline\":\"Boisbuchet a collabor\u00e9 \u00e0 l&#8217;exposition &#8220;Le monde nouveau de Charlotte Perriand&#8221;\",\"datePublished\":\"2020-05-12T10:29:35+00:00\",\"dateModified\":\"2020-05-12T10:29:41+00:00\",\"mainEntityOfPage\":{\"@id\":\"https:\/\/www.boisbuchet.org\/fr\/boisbuchet-a-collabore-a-lexposition-le-monde-nouveau-de-charlotte-perriand\/\"},\"wordCount\":1310,\"commentCount\":0,\"publisher\":{\"@id\":\"https:\/\/www.boisbuchet.org\/#organization\"},\"image\":{\"@id\":\"https:\/\/www.boisbuchet.org\/fr\/boisbuchet-a-collabore-a-lexposition-le-monde-nouveau-de-charlotte-perriand\/#primaryimage\"},\"thumbnailUrl\":\"https:\/\/www.boisbuchet.org\/wp-content\/uploads\/2020\/02\/Post-Charlotte-Perriand-B2.jpg\",\"articleSection\":[\"News &amp; Events\"],\"inLanguage\":\"fr-FR\",\"potentialAction\":[{\"@type\":\"CommentAction\",\"name\":\"Comment\",\"target\":[\"https:\/\/www.boisbuchet.org\/fr\/boisbuchet-a-collabore-a-lexposition-le-monde-nouveau-de-charlotte-perriand\/#respond\"]}]},{\"@type\":\"WebPage\",\"@id\":\"https:\/\/www.boisbuchet.org\/fr\/boisbuchet-a-collabore-a-lexposition-le-monde-nouveau-de-charlotte-perriand\/\",\"url\":\"https:\/\/www.boisbuchet.org\/fr\/boisbuchet-a-collabore-a-lexposition-le-monde-nouveau-de-charlotte-perriand\/\",\"name\":\"Boisbuchet a collabor\u00e9 \u00e0 l'exposition \\\"Le monde nouveau de Charlotte Perriand\\\" | Domaine de Boisbuchet\",\"isPartOf\":{\"@id\":\"https:\/\/www.boisbuchet.org\/#website\"},\"primaryImageOfPage\":{\"@id\":\"https:\/\/www.boisbuchet.org\/fr\/boisbuchet-a-collabore-a-lexposition-le-monde-nouveau-de-charlotte-perriand\/#primaryimage\"},\"image\":{\"@id\":\"https:\/\/www.boisbuchet.org\/fr\/boisbuchet-a-collabore-a-lexposition-le-monde-nouveau-de-charlotte-perriand\/#primaryimage\"},\"thumbnailUrl\":\"https:\/\/www.boisbuchet.org\/wp-content\/uploads\/2020\/02\/Post-Charlotte-Perriand-B2.jpg\",\"datePublished\":\"2020-05-12T10:29:35+00:00\",\"dateModified\":\"2020-05-12T10:29:41+00:00\",\"breadcrumb\":{\"@id\":\"https:\/\/www.boisbuchet.org\/fr\/boisbuchet-a-collabore-a-lexposition-le-monde-nouveau-de-charlotte-perriand\/#breadcrumb\"},\"inLanguage\":\"fr-FR\",\"potentialAction\":[{\"@type\":\"ReadAction\",\"target\":[\"https:\/\/www.boisbuchet.org\/fr\/boisbuchet-a-collabore-a-lexposition-le-monde-nouveau-de-charlotte-perriand\/\"]}]},{\"@type\":\"ImageObject\",\"inLanguage\":\"fr-FR\",\"@id\":\"https:\/\/www.boisbuchet.org\/fr\/boisbuchet-a-collabore-a-lexposition-le-monde-nouveau-de-charlotte-perriand\/#primaryimage\",\"url\":\"https:\/\/www.boisbuchet.org\/wp-content\/uploads\/2020\/02\/Post-Charlotte-Perriand-B2.jpg\",\"contentUrl\":\"https:\/\/www.boisbuchet.org\/wp-content\/uploads\/2020\/02\/Post-Charlotte-Perriand-B2.jpg\",\"width\":724,\"height\":542},{\"@type\":\"BreadcrumbList\",\"@id\":\"https:\/\/www.boisbuchet.org\/fr\/boisbuchet-a-collabore-a-lexposition-le-monde-nouveau-de-charlotte-perriand\/#breadcrumb\",\"itemListElement\":[{\"@type\":\"ListItem\",\"position\":1,\"name\":\"Home\",\"item\":\"https:\/\/www.boisbuchet.org\/fr\/\"},{\"@type\":\"ListItem\",\"position\":2,\"name\":\"Boisbuchet a collabor\u00e9 \u00e0 l&rsquo;exposition \u00ab\u00a0Le monde nouveau de Charlotte Perriand\u00a0\u00bb\"}]},{\"@type\":\"WebSite\",\"@id\":\"https:\/\/www.boisbuchet.org\/#website\",\"url\":\"https:\/\/www.boisbuchet.org\/\",\"name\":\"Domaine de Boisbuchet\",\"description\":\"Summer Workshops | Park | Event\u00a0Location\",\"publisher\":{\"@id\":\"https:\/\/www.boisbuchet.org\/#organization\"},\"potentialAction\":[{\"@type\":\"SearchAction\",\"target\":{\"@type\":\"EntryPoint\",\"urlTemplate\":\"https:\/\/www.boisbuchet.org\/?s={search_term_string}\"},\"query-input\":{\"@type\":\"PropertyValueSpecification\",\"valueRequired\":true,\"valueName\":\"search_term_string\"}}],\"inLanguage\":\"fr-FR\"},{\"@type\":\"Organization\",\"@id\":\"https:\/\/www.boisbuchet.org\/#organization\",\"name\":\"Domine de Boisbuchet\",\"url\":\"https:\/\/www.boisbuchet.org\/\",\"logo\":{\"@type\":\"ImageObject\",\"inLanguage\":\"fr-FR\",\"@id\":\"https:\/\/www.boisbuchet.org\/#\/schema\/logo\/image\/\",\"url\":\"https:\/\/www.boisbuchet.org\/wp-content\/uploads\/2019\/01\/logo_boisbuchet_black.png\",\"contentUrl\":\"https:\/\/www.boisbuchet.org\/wp-content\/uploads\/2019\/01\/logo_boisbuchet_black.png\",\"width\":200,\"height\":73,\"caption\":\"Domine de Boisbuchet\"},\"image\":{\"@id\":\"https:\/\/www.boisbuchet.org\/#\/schema\/logo\/image\/\"},\"sameAs\":[\"https:\/\/www.facebook.com\/boisbuchet\",\"https:\/\/x.com\/boisbuchet\",\"https:\/\/www.instagram.com\/boisbuchet\",\"https:\/\/www.linkedin.com\/company\/domaine-de-boisbuchet\",\"https:\/\/www.pinterest.com\/boisbuchet\"]},{\"@type\":\"Person\",\"@id\":\"https:\/\/www.boisbuchet.org\/#\/schema\/person\/37f6d78daf7b561c8175c85d605ef2f0\",\"name\":\"pablo.sevilla\",\"url\":\"https:\/\/www.boisbuchet.org\/fr\/author\/pablo-sevilla\/\"}]}<\/script>\n<!-- \/ Yoast SEO plugin. -->","yoast_head_json":{"title":"Boisbuchet a collabor\u00e9 \u00e0 l'exposition \"Le monde nouveau de Charlotte Perriand\" | Domaine de Boisbuchet","robots":{"index":"index","follow":"follow","max-snippet":"max-snippet:-1","max-image-preview":"max-image-preview:large","max-video-preview":"max-video-preview:-1"},"canonical":"https:\/\/www.boisbuchet.org\/fr\/boisbuchet-a-collabore-a-lexposition-le-monde-nouveau-de-charlotte-perriand\/","og_locale":"fr_FR","og_type":"article","og_title":"Boisbuchet a collabor\u00e9 \u00e0 l'exposition \"Le monde nouveau de Charlotte Perriand\" | Domaine de Boisbuchet","og_url":"https:\/\/www.boisbuchet.org\/fr\/boisbuchet-a-collabore-a-lexposition-le-monde-nouveau-de-charlotte-perriand\/","og_site_name":"Domaine de Boisbuchet","article_publisher":"https:\/\/www.facebook.com\/boisbuchet","article_published_time":"2020-05-12T10:29:35+00:00","article_modified_time":"2020-05-12T10:29:41+00:00","og_image":[{"width":724,"height":542,"url":"https:\/\/www.boisbuchet.org\/wp-content\/uploads\/2020\/02\/Post-Charlotte-Perriand-B2.jpg","type":"image\/jpeg"}],"author":"pablo.sevilla","twitter_card":"summary_large_image","twitter_creator":"@boisbuchet","twitter_site":"@boisbuchet","twitter_misc":{"\u00c9crit par":"pablo.sevilla","Dur\u00e9e de lecture estim\u00e9e":"6 minutes"},"schema":{"@context":"https:\/\/schema.org","@graph":[{"@type":"Article","@id":"https:\/\/www.boisbuchet.org\/fr\/boisbuchet-a-collabore-a-lexposition-le-monde-nouveau-de-charlotte-perriand\/#article","isPartOf":{"@id":"https:\/\/www.boisbuchet.org\/fr\/boisbuchet-a-collabore-a-lexposition-le-monde-nouveau-de-charlotte-perriand\/"},"author":{"name":"pablo.sevilla","@id":"https:\/\/www.boisbuchet.org\/#\/schema\/person\/37f6d78daf7b561c8175c85d605ef2f0"},"headline":"Boisbuchet a collabor\u00e9 \u00e0 l&#8217;exposition &#8220;Le monde nouveau de Charlotte Perriand&#8221;","datePublished":"2020-05-12T10:29:35+00:00","dateModified":"2020-05-12T10:29:41+00:00","mainEntityOfPage":{"@id":"https:\/\/www.boisbuchet.org\/fr\/boisbuchet-a-collabore-a-lexposition-le-monde-nouveau-de-charlotte-perriand\/"},"wordCount":1310,"commentCount":0,"publisher":{"@id":"https:\/\/www.boisbuchet.org\/#organization"},"image":{"@id":"https:\/\/www.boisbuchet.org\/fr\/boisbuchet-a-collabore-a-lexposition-le-monde-nouveau-de-charlotte-perriand\/#primaryimage"},"thumbnailUrl":"https:\/\/www.boisbuchet.org\/wp-content\/uploads\/2020\/02\/Post-Charlotte-Perriand-B2.jpg","articleSection":["News &amp; Events"],"inLanguage":"fr-FR","potentialAction":[{"@type":"CommentAction","name":"Comment","target":["https:\/\/www.boisbuchet.org\/fr\/boisbuchet-a-collabore-a-lexposition-le-monde-nouveau-de-charlotte-perriand\/#respond"]}]},{"@type":"WebPage","@id":"https:\/\/www.boisbuchet.org\/fr\/boisbuchet-a-collabore-a-lexposition-le-monde-nouveau-de-charlotte-perriand\/","url":"https:\/\/www.boisbuchet.org\/fr\/boisbuchet-a-collabore-a-lexposition-le-monde-nouveau-de-charlotte-perriand\/","name":"Boisbuchet a collabor\u00e9 \u00e0 l'exposition \"Le monde nouveau de Charlotte Perriand\" | Domaine de Boisbuchet","isPartOf":{"@id":"https:\/\/www.boisbuchet.org\/#website"},"primaryImageOfPage":{"@id":"https:\/\/www.boisbuchet.org\/fr\/boisbuchet-a-collabore-a-lexposition-le-monde-nouveau-de-charlotte-perriand\/#primaryimage"},"image":{"@id":"https:\/\/www.boisbuchet.org\/fr\/boisbuchet-a-collabore-a-lexposition-le-monde-nouveau-de-charlotte-perriand\/#primaryimage"},"thumbnailUrl":"https:\/\/www.boisbuchet.org\/wp-content\/uploads\/2020\/02\/Post-Charlotte-Perriand-B2.jpg","datePublished":"2020-05-12T10:29:35+00:00","dateModified":"2020-05-12T10:29:41+00:00","breadcrumb":{"@id":"https:\/\/www.boisbuchet.org\/fr\/boisbuchet-a-collabore-a-lexposition-le-monde-nouveau-de-charlotte-perriand\/#breadcrumb"},"inLanguage":"fr-FR","potentialAction":[{"@type":"ReadAction","target":["https:\/\/www.boisbuchet.org\/fr\/boisbuchet-a-collabore-a-lexposition-le-monde-nouveau-de-charlotte-perriand\/"]}]},{"@type":"ImageObject","inLanguage":"fr-FR","@id":"https:\/\/www.boisbuchet.org\/fr\/boisbuchet-a-collabore-a-lexposition-le-monde-nouveau-de-charlotte-perriand\/#primaryimage","url":"https:\/\/www.boisbuchet.org\/wp-content\/uploads\/2020\/02\/Post-Charlotte-Perriand-B2.jpg","contentUrl":"https:\/\/www.boisbuchet.org\/wp-content\/uploads\/2020\/02\/Post-Charlotte-Perriand-B2.jpg","width":724,"height":542},{"@type":"BreadcrumbList","@id":"https:\/\/www.boisbuchet.org\/fr\/boisbuchet-a-collabore-a-lexposition-le-monde-nouveau-de-charlotte-perriand\/#breadcrumb","itemListElement":[{"@type":"ListItem","position":1,"name":"Home","item":"https:\/\/www.boisbuchet.org\/fr\/"},{"@type":"ListItem","position":2,"name":"Boisbuchet a collabor\u00e9 \u00e0 l&rsquo;exposition \u00ab\u00a0Le monde nouveau de Charlotte Perriand\u00a0\u00bb"}]},{"@type":"WebSite","@id":"https:\/\/www.boisbuchet.org\/#website","url":"https:\/\/www.boisbuchet.org\/","name":"Domaine de Boisbuchet","description":"Summer Workshops | Park | Event\u00a0Location","publisher":{"@id":"https:\/\/www.boisbuchet.org\/#organization"},"potentialAction":[{"@type":"SearchAction","target":{"@type":"EntryPoint","urlTemplate":"https:\/\/www.boisbuchet.org\/?s={search_term_string}"},"query-input":{"@type":"PropertyValueSpecification","valueRequired":true,"valueName":"search_term_string"}}],"inLanguage":"fr-FR"},{"@type":"Organization","@id":"https:\/\/www.boisbuchet.org\/#organization","name":"Domine de Boisbuchet","url":"https:\/\/www.boisbuchet.org\/","logo":{"@type":"ImageObject","inLanguage":"fr-FR","@id":"https:\/\/www.boisbuchet.org\/#\/schema\/logo\/image\/","url":"https:\/\/www.boisbuchet.org\/wp-content\/uploads\/2019\/01\/logo_boisbuchet_black.png","contentUrl":"https:\/\/www.boisbuchet.org\/wp-content\/uploads\/2019\/01\/logo_boisbuchet_black.png","width":200,"height":73,"caption":"Domine de Boisbuchet"},"image":{"@id":"https:\/\/www.boisbuchet.org\/#\/schema\/logo\/image\/"},"sameAs":["https:\/\/www.facebook.com\/boisbuchet","https:\/\/x.com\/boisbuchet","https:\/\/www.instagram.com\/boisbuchet","https:\/\/www.linkedin.com\/company\/domaine-de-boisbuchet","https:\/\/www.pinterest.com\/boisbuchet"]},{"@type":"Person","@id":"https:\/\/www.boisbuchet.org\/#\/schema\/person\/37f6d78daf7b561c8175c85d605ef2f0","name":"pablo.sevilla","url":"https:\/\/www.boisbuchet.org\/fr\/author\/pablo-sevilla\/"}]}},"_links":{"self":[{"href":"https:\/\/www.boisbuchet.org\/fr\/wp-json\/wp\/v2\/posts\/10756","targetHints":{"allow":["GET"]}}],"collection":[{"href":"https:\/\/www.boisbuchet.org\/fr\/wp-json\/wp\/v2\/posts"}],"about":[{"href":"https:\/\/www.boisbuchet.org\/fr\/wp-json\/wp\/v2\/types\/post"}],"author":[{"embeddable":true,"href":"https:\/\/www.boisbuchet.org\/fr\/wp-json\/wp\/v2\/users\/566"}],"replies":[{"embeddable":true,"href":"https:\/\/www.boisbuchet.org\/fr\/wp-json\/wp\/v2\/comments?post=10756"}],"version-history":[{"count":1,"href":"https:\/\/www.boisbuchet.org\/fr\/wp-json\/wp\/v2\/posts\/10756\/revisions"}],"predecessor-version":[{"id":10757,"href":"https:\/\/www.boisbuchet.org\/fr\/wp-json\/wp\/v2\/posts\/10756\/revisions\/10757"}],"wp:featuredmedia":[{"embeddable":true,"href":"https:\/\/www.boisbuchet.org\/fr\/wp-json\/wp\/v2\/media\/10735"}],"wp:attachment":[{"href":"https:\/\/www.boisbuchet.org\/fr\/wp-json\/wp\/v2\/media?parent=10756"}],"wp:term":[{"taxonomy":"category","embeddable":true,"href":"https:\/\/www.boisbuchet.org\/fr\/wp-json\/wp\/v2\/categories?post=10756"},{"taxonomy":"post_tag","embeddable":true,"href":"https:\/\/www.boisbuchet.org\/fr\/wp-json\/wp\/v2\/tags?post=10756"}],"curies":[{"name":"wp","href":"https:\/\/api.w.org\/{rel}","templated":true}]}}