{"id":11322,"date":"2020-12-11T16:10:32","date_gmt":"2020-12-11T15:10:32","guid":{"rendered":"https:\/\/www.boisbuchet.org\/offres-demploi-assistant-de-bureau-general\/"},"modified":"2020-12-17T14:59:28","modified_gmt":"2020-12-17T13:59:28","slug":"offres-demploi-assistant-de-bureau-general","status":"publish","type":"post","link":"https:\/\/www.boisbuchet.org\/fr\/offres-demploi-assistant-de-bureau-general\/","title":{"rendered":"Offres d&#8217;emploi : Assistant personnel"},"content":{"rendered":"<div class=\"fusion-fullwidth fullwidth-box fusion-builder-row-1 nonhundred-percent-fullwidth non-hundred-percent-height-scrolling\" style=\"--awb-border-radius-top-left:0px;--awb-border-radius-top-right:0px;--awb-border-radius-bottom-right:0px;--awb-border-radius-bottom-left:0px;--awb-flex-wrap:wrap;\" ><div class=\"fusion-builder-row fusion-row\"><div class=\"fusion-layout-column fusion_builder_column fusion-builder-column-0 fusion_builder_column_1_1 1_1 fusion-one-full fusion-column-first fusion-column-last\" style=\"--awb-bg-size:cover;\"><div class=\"fusion-column-wrapper fusion-flex-column-wrapper-legacy\"><div class=\"fusion-title title fusion-title-1 fusion-title-center fusion-title-text fusion-title-size-one\" style=\"--awb-text-color:#333333;--awb-margin-top-small:0px;--awb-margin-right-small:0px;--awb-margin-bottom-small:20px;--awb-margin-left-small:0px;\"><div class=\"title-sep-container title-sep-container-left\"><div class=\"title-sep sep-single sep-solid\" style=\"border-color:#e0dede;\"><\/div><\/div><span class=\"awb-title-spacer\"><\/span><h1 class=\"fusion-title-heading title-heading-center\" style=\"margin:0;letter-spacing:5px;\"><h2>Offres d&#8217;emploi : Assistant personnel<\/h2><\/h1><span class=\"awb-title-spacer\"><\/span><div class=\"title-sep-container title-sep-container-right\"><div class=\"title-sep sep-single sep-solid\" style=\"border-color:#e0dede;\"><\/div><\/div><\/div><div class=\"fusion-title title fusion-title-2 fusion-sep-none fusion-title-center fusion-title-text fusion-title-size-four\" style=\"--awb-text-color:#999999;--awb-margin-top-small:0px;--awb-margin-right-small:0px;--awb-margin-bottom-small:20px;--awb-margin-left-small:0px;\"><h4 class=\"fusion-title-heading title-heading-center\" style=\"margin:0;letter-spacing:5px;\">d\u00e9cembre 11, 2020<\/h4><\/div><div class=\"fusion-clearfix\"><\/div><\/div><\/div><\/div><\/div><div class=\"fusion-fullwidth fullwidth-box fusion-builder-row-2 fusion-flex-container nonhundred-percent-fullwidth non-hundred-percent-height-scrolling\" style=\"--awb-border-radius-top-left:0px;--awb-border-radius-top-right:0px;--awb-border-radius-bottom-right:0px;--awb-border-radius-bottom-left:0px;--awb-flex-wrap:wrap;\" ><div class=\"fusion-builder-row fusion-row fusion-flex-align-items-flex-start fusion-flex-content-wrap\" style=\"max-width:1144px;margin-left: calc(-4% \/ 2 );margin-right: calc(-4% \/ 2 );\"><div class=\"fusion-layout-column fusion_builder_column fusion-builder-column-1 fusion_builder_column_1_1 1_1 fusion-flex-column\" style=\"--awb-bg-size:cover;--awb-width-large:100%;--awb-margin-top-large:0px;--awb-spacing-right-large:1.92%;--awb-margin-bottom-large:20px;--awb-spacing-left-large:1.92%;--awb-width-medium:100%;--awb-order-medium:0;--awb-spacing-right-medium:1.92%;--awb-spacing-left-medium:1.92%;--awb-width-small:100%;--awb-order-small:0;--awb-spacing-right-small:1.92%;--awb-spacing-left-small:1.92%;\"><div class=\"fusion-column-wrapper fusion-column-has-shadow fusion-flex-justify-content-flex-start fusion-content-layout-column\"><div class=\"fusion-image-element \" style=\"--awb-caption-title-font-family:var(--h2_typography-font-family);--awb-caption-title-font-weight:var(--h2_typography-font-weight);--awb-caption-title-font-style:var(--h2_typography-font-style);--awb-caption-title-size:var(--h2_typography-font-size);--awb-caption-title-transform:var(--h2_typography-text-transform);--awb-caption-title-line-height:var(--h2_typography-line-height);--awb-caption-title-letter-spacing:var(--h2_typography-letter-spacing);\"><span class=\" fusion-imageframe imageframe-none imageframe-1 hover-type-none\"><img decoding=\"async\" width=\"1920\" height=\"1080\" title=\"Post-Job-offer2\" src=\"https:\/\/www.boisbuchet.org\/wp-content\/uploads\/2020\/12\/Post-Job-offer2-1.jpg\" alt class=\"img-responsive wp-image-11310\" srcset=\"https:\/\/www.boisbuchet.org\/wp-content\/uploads\/2020\/12\/Post-Job-offer2-1-200x113.jpg 200w, https:\/\/www.boisbuchet.org\/wp-content\/uploads\/2020\/12\/Post-Job-offer2-1-400x225.jpg 400w, https:\/\/www.boisbuchet.org\/wp-content\/uploads\/2020\/12\/Post-Job-offer2-1-600x338.jpg 600w, https:\/\/www.boisbuchet.org\/wp-content\/uploads\/2020\/12\/Post-Job-offer2-1-800x450.jpg 800w, https:\/\/www.boisbuchet.org\/wp-content\/uploads\/2020\/12\/Post-Job-offer2-1-1200x675.jpg 1200w, https:\/\/www.boisbuchet.org\/wp-content\/uploads\/2020\/12\/Post-Job-offer2-1.jpg 1920w\" sizes=\"(max-width: 1024px) 100vw, (max-width: 640px) 100vw, 1200px\" \/><\/span><\/div><div class=\"fusion-text fusion-text-1\"><h3><strong>Assistant personnel du fondateur de Boisbuchet<\/strong><\/h3>\n<p><span style=\"font-weight: 400\">L\u2019offre d\u2019emploi s\u2019adresse aux jeunes professionnels de la gestion d\u2019entreprises de design, d\u2019architecture et autres entreprises li\u00e9es \u00e0 la culture, d\u00e9sireux d\u2019apprendre aux c\u00f4t\u00e9s d\u2019une personnalit\u00e9 unique. Alexander von Vegesack est reconnu internationalement pour son entrepreneuriat culturel innovant et pour ses d\u00e9fis \u00e0 multiples facettes relev\u00e9s dans l\u2019une des principales institutions innovantes pour l\u2019enseignement du design et de l\u2019architecture.<\/span><\/p>\n<p><strong>La mission comprend :<\/strong><br \/>\n&#8211; La r\u00e9daction de lettres formelles et informelles en anglais et en fran\u00e7ais<br \/>\n&#8211; La gestion des agendas personnels<br \/>\n&#8211; L\u2019organisation de voyages<br \/>\n&#8211; Traitement\u00a0 d\u2019informations<br \/>\n&#8211; L\u2019enregistrement de r\u00e9unions<br \/>\n&#8211; La gestion de projets<\/p>\n<p><strong>Exigences du profile :<\/strong><br \/>\n&#8211; Exp\u00e9rience en assistance personnelle et\/ou d\u2019\u00e9quipe<br \/>\n&#8211; Niveau C2 minimum en fran\u00e7ais ainsi qu\u2019en anglais<br \/>\n&#8211; Comp\u00e9tences en communications<br \/>\n&#8211; Familier avec Mac, Microsoft Office et Adobe<br \/>\n&#8211; Int\u00e9r\u00eat pour l\u2019entrepreneuriat culturel li\u00e9 au design et \u00e0 l\u2019architecture<br \/>\n&#8211; Ind\u00e9pendance, curiosit\u00e9, souplesse personnelle et compr\u00e9hension analytique<br \/>\n&#8211; Discr\u00e9tion et loyaut\u00e9<br \/>\n&#8211; Permis B<br \/>\n&#8211; Assurance maladie personnelle<br \/>\n&#8211; Citoyennet\u00e9 europ\u00e9enne<\/p>\n<p><strong>Conditions :<\/strong><br \/>\n&#8211; Bas\u00e9 au Domaine de Boisbuchet, Lessac (Charentes, France)<br \/>\n&#8211; Nourriture et h\u00e9bergement inclus<br \/>\n&#8211; P\u00e9riode initiale de 6 mois, d\u00e8s maintenant<br \/>\n&#8211; Voyages professionnels en France et \u00e0 l\u2019\u00e9tranger<br \/>\n&#8211; R\u00e9mun\u00e9ration mensuelle de base<\/p>\n<p>Les candidats doivent envoyer leur lettre de motivation, leur CV, photos et r\u00e9f\u00e9rences \u00e0 <a href=\"mailto:mathias.schwart-clauss@boisbuchet.org\">mathias.schwart-clauss@boisbuchet.org<\/a> .<\/p>\n<\/div><\/div><\/div><\/div><\/div><div class=\"fusion-fullwidth fullwidth-box fusion-builder-row-3 fusion-flex-container nonhundred-percent-fullwidth non-hundred-percent-height-scrolling\" style=\"--awb-border-radius-top-left:0px;--awb-border-radius-top-right:0px;--awb-border-radius-bottom-right:0px;--awb-border-radius-bottom-left:0px;--awb-flex-wrap:wrap;\" ><div class=\"fusion-builder-row fusion-row fusion-flex-align-items-flex-start fusion-flex-content-wrap\" style=\"max-width:1144px;margin-left: calc(-4% \/ 2 );margin-right: calc(-4% \/ 2 );\"><div class=\"fusion-layout-column fusion_builder_column fusion-builder-column-2 fusion_builder_column_3_4 3_4 fusion-flex-column\" style=\"--awb-bg-size:cover;--awb-width-large:75%;--awb-margin-top-large:0px;--awb-spacing-right-large:2.56%;--awb-margin-bottom-large:20px;--awb-spacing-left-large:2.56%;--awb-width-medium:100%;--awb-order-medium:0;--awb-spacing-right-medium:1.92%;--awb-spacing-left-medium:1.92%;--awb-width-small:100%;--awb-order-small:0;--awb-spacing-right-small:1.92%;--awb-spacing-left-small:1.92%;\"><div class=\"fusion-column-wrapper fusion-column-has-shadow fusion-flex-justify-content-flex-start fusion-content-layout-column\"><div class=\"fusion-text fusion-text-2\"><p><strong>Contexte :<\/strong><\/p>\n<p><span style=\"font-weight: 400\">Alexander von Vegesack a fond\u00e9 le <a href=\"https:\/\/www.boisbuchet.org\/fr\/\">Domaine de Boisbuchet<\/a> en tant qu\u2019institution exp\u00e9rimentale interdisciplinaire de design et d\u2019architecture en milieu naturel en 1990, et a co-fond\u00e9 en parall\u00e8le le <a href=\"https:\/\/www.vitra.com\/fr-fr\/about-vitra\/campus\/vitra-design-museum\">Vitra Design Museum<\/a>, qu\u2019il a dirig\u00e9 jusqu\u2019en 2011. En tant que propri\u00e9taire et pr\u00e9sident des entit\u00e9s commerciales de Boisbuchet, il repr\u00e9sente l\u2019institution et veille \u00e0 sa gestion globale avec de nombreux projets de construction et d\u2019\u00e9v\u00e8nements divers pour la reconnaissance du site et de la collection de Boisbuchet comme Monument Historique et comme Centre Culturel de Rencontre. Il \u0153uvre ainsi pour le d\u00e9veloppement du centre culturel de Boisbuchet en une Fondation de droit public. Alexander d\u00e9veloppe des projets pour Boisbuchet et des tiers et entretient des relations commerciales avec l\u2019administration locale et nationale ainsi qu\u2019avec des mus\u00e9es, des particuliers, des entreprises et des ONG du monde entier.<\/span><\/p>\n<p>&nbsp;<\/p>\n<\/div><\/div><\/div><div class=\"fusion-layout-column fusion_builder_column fusion-builder-column-3 fusion_builder_column_1_4 1_4 fusion-flex-column\" style=\"--awb-bg-size:cover;--awb-width-large:25%;--awb-margin-top-large:0px;--awb-spacing-right-large:7.68%;--awb-margin-bottom-large:20px;--awb-spacing-left-large:7.68%;--awb-width-medium:100%;--awb-order-medium:0;--awb-spacing-right-medium:1.92%;--awb-spacing-left-medium:1.92%;--awb-width-small:100%;--awb-order-small:0;--awb-spacing-right-small:1.92%;--awb-spacing-left-small:1.92%;\"><div class=\"fusion-column-wrapper fusion-column-has-shadow fusion-flex-justify-content-flex-start fusion-content-layout-column\"><div class=\"fusion-image-element \" style=\"--awb-caption-title-font-family:var(--h2_typography-font-family);--awb-caption-title-font-weight:var(--h2_typography-font-weight);--awb-caption-title-font-style:var(--h2_typography-font-style);--awb-caption-title-size:var(--h2_typography-font-size);--awb-caption-title-transform:var(--h2_typography-text-transform);--awb-caption-title-line-height:var(--h2_typography-line-height);--awb-caption-title-letter-spacing:var(--h2_typography-letter-spacing);\"><span class=\" fusion-imageframe imageframe-none imageframe-2 hover-type-none\"><img decoding=\"async\" width=\"601\" height=\"600\" title=\"Alexander_von_Vegesack-Portrait-2\" src=\"https:\/\/www.boisbuchet.org\/wp-content\/uploads\/2019\/02\/Alexander_von_Vegesack-Portrait-2.jpg\" alt class=\"img-responsive wp-image-2066\" srcset=\"https:\/\/www.boisbuchet.org\/wp-content\/uploads\/2019\/02\/Alexander_von_Vegesack-Portrait-2-200x200.jpg 200w, https:\/\/www.boisbuchet.org\/wp-content\/uploads\/2019\/02\/Alexander_von_Vegesack-Portrait-2-400x399.jpg 400w, https:\/\/www.boisbuchet.org\/wp-content\/uploads\/2019\/02\/Alexander_von_Vegesack-Portrait-2-600x599.jpg 600w, https:\/\/www.boisbuchet.org\/wp-content\/uploads\/2019\/02\/Alexander_von_Vegesack-Portrait-2.jpg 601w\" sizes=\"(max-width: 1024px) 100vw, (max-width: 640px) 100vw, 400px\" \/><\/span><\/div><\/div><\/div><\/div><\/div>\n","protected":false},"excerpt":{"rendered":"","protected":false},"author":566,"featured_media":11314,"comment_status":"closed","ping_status":"open","sticky":false,"template":"","format":"standard","meta":{"_monsterinsights_skip_tracking":false,"_monsterinsights_sitenote_active":false,"_monsterinsights_sitenote_note":"","_monsterinsights_sitenote_category":0,"footnotes":""},"categories":[167],"tags":[],"class_list":["post-11322","post","type-post","status-publish","format-standard","has-post-thumbnail","hentry","category-news-events"],"yoast_head":"<!-- This site is optimized with the Yoast SEO plugin v27.1.1 - https:\/\/yoast.com\/product\/yoast-seo-wordpress\/ -->\n<title>Offres d&#039;emploi : Assistant personnel | Domaine de Boisbuchet<\/title>\n<meta name=\"robots\" content=\"index, follow, max-snippet:-1, max-image-preview:large, max-video-preview:-1\" \/>\n<link rel=\"canonical\" href=\"https:\/\/www.boisbuchet.org\/fr\/offres-demploi-assistant-de-bureau-general\/\" \/>\n<meta property=\"og:locale\" content=\"fr_FR\" \/>\n<meta property=\"og:type\" content=\"article\" \/>\n<meta property=\"og:title\" content=\"Offres d&#039;emploi : Assistant personnel | Domaine de Boisbuchet\" \/>\n<meta property=\"og:url\" content=\"https:\/\/www.boisbuchet.org\/fr\/offres-demploi-assistant-de-bureau-general\/\" \/>\n<meta property=\"og:site_name\" content=\"Domaine de Boisbuchet\" \/>\n<meta property=\"article:publisher\" content=\"https:\/\/www.facebook.com\/boisbuchet\" \/>\n<meta property=\"article:published_time\" content=\"2020-12-11T15:10:32+00:00\" \/>\n<meta property=\"article:modified_time\" content=\"2020-12-17T13:59:28+00:00\" \/>\n<meta property=\"og:image\" content=\"https:\/\/www.boisbuchet.org\/wp-content\/uploads\/2020\/12\/Post-Job-offer.jpg\" \/>\n\t<meta property=\"og:image:width\" content=\"724\" \/>\n\t<meta property=\"og:image:height\" content=\"542\" \/>\n\t<meta property=\"og:image:type\" content=\"image\/jpeg\" \/>\n<meta name=\"author\" content=\"pablo.sevilla\" \/>\n<meta name=\"twitter:card\" content=\"summary_large_image\" \/>\n<meta name=\"twitter:creator\" content=\"@boisbuchet\" \/>\n<meta name=\"twitter:site\" content=\"@boisbuchet\" \/>\n<meta name=\"twitter:label1\" content=\"\u00c9crit par\" \/>\n\t<meta name=\"twitter:data1\" content=\"pablo.sevilla\" \/>\n\t<meta name=\"twitter:label2\" content=\"Dur\u00e9e de lecture estim\u00e9e\" \/>\n\t<meta name=\"twitter:data2\" content=\"12 minutes\" \/>\n<script type=\"application\/ld+json\" class=\"yoast-schema-graph\">{\"@context\":\"https:\/\/schema.org\",\"@graph\":[{\"@type\":\"Article\",\"@id\":\"https:\/\/www.boisbuchet.org\/fr\/offres-demploi-assistant-de-bureau-general\/#article\",\"isPartOf\":{\"@id\":\"https:\/\/www.boisbuchet.org\/fr\/offres-demploi-assistant-de-bureau-general\/\"},\"author\":{\"name\":\"pablo.sevilla\",\"@id\":\"https:\/\/www.boisbuchet.org\/#\/schema\/person\/37f6d78daf7b561c8175c85d605ef2f0\"},\"headline\":\"Offres d&#8217;emploi : Assistant personnel\",\"datePublished\":\"2020-12-11T15:10:32+00:00\",\"dateModified\":\"2020-12-17T13:59:28+00:00\",\"mainEntityOfPage\":{\"@id\":\"https:\/\/www.boisbuchet.org\/fr\/offres-demploi-assistant-de-bureau-general\/\"},\"wordCount\":2434,\"publisher\":{\"@id\":\"https:\/\/www.boisbuchet.org\/#organization\"},\"image\":{\"@id\":\"https:\/\/www.boisbuchet.org\/fr\/offres-demploi-assistant-de-bureau-general\/#primaryimage\"},\"thumbnailUrl\":\"https:\/\/www.boisbuchet.org\/wp-content\/uploads\/2020\/12\/Post-Job-offer.jpg\",\"articleSection\":[\"News &amp; Events\"],\"inLanguage\":\"fr-FR\"},{\"@type\":\"WebPage\",\"@id\":\"https:\/\/www.boisbuchet.org\/fr\/offres-demploi-assistant-de-bureau-general\/\",\"url\":\"https:\/\/www.boisbuchet.org\/fr\/offres-demploi-assistant-de-bureau-general\/\",\"name\":\"Offres d'emploi : Assistant personnel | Domaine de Boisbuchet\",\"isPartOf\":{\"@id\":\"https:\/\/www.boisbuchet.org\/#website\"},\"primaryImageOfPage\":{\"@id\":\"https:\/\/www.boisbuchet.org\/fr\/offres-demploi-assistant-de-bureau-general\/#primaryimage\"},\"image\":{\"@id\":\"https:\/\/www.boisbuchet.org\/fr\/offres-demploi-assistant-de-bureau-general\/#primaryimage\"},\"thumbnailUrl\":\"https:\/\/www.boisbuchet.org\/wp-content\/uploads\/2020\/12\/Post-Job-offer.jpg\",\"datePublished\":\"2020-12-11T15:10:32+00:00\",\"dateModified\":\"2020-12-17T13:59:28+00:00\",\"breadcrumb\":{\"@id\":\"https:\/\/www.boisbuchet.org\/fr\/offres-demploi-assistant-de-bureau-general\/#breadcrumb\"},\"inLanguage\":\"fr-FR\",\"potentialAction\":[{\"@type\":\"ReadAction\",\"target\":[\"https:\/\/www.boisbuchet.org\/fr\/offres-demploi-assistant-de-bureau-general\/\"]}]},{\"@type\":\"ImageObject\",\"inLanguage\":\"fr-FR\",\"@id\":\"https:\/\/www.boisbuchet.org\/fr\/offres-demploi-assistant-de-bureau-general\/#primaryimage\",\"url\":\"https:\/\/www.boisbuchet.org\/wp-content\/uploads\/2020\/12\/Post-Job-offer.jpg\",\"contentUrl\":\"https:\/\/www.boisbuchet.org\/wp-content\/uploads\/2020\/12\/Post-Job-offer.jpg\",\"width\":724,\"height\":542,\"caption\":\"Job offer\"},{\"@type\":\"BreadcrumbList\",\"@id\":\"https:\/\/www.boisbuchet.org\/fr\/offres-demploi-assistant-de-bureau-general\/#breadcrumb\",\"itemListElement\":[{\"@type\":\"ListItem\",\"position\":1,\"name\":\"Home\",\"item\":\"https:\/\/www.boisbuchet.org\/fr\/\"},{\"@type\":\"ListItem\",\"position\":2,\"name\":\"Offres d&#8217;emploi : Assistant personnel\"}]},{\"@type\":\"WebSite\",\"@id\":\"https:\/\/www.boisbuchet.org\/#website\",\"url\":\"https:\/\/www.boisbuchet.org\/\",\"name\":\"Domaine de Boisbuchet\",\"description\":\"Summer Workshops | Park | Event\u00a0Location\",\"publisher\":{\"@id\":\"https:\/\/www.boisbuchet.org\/#organization\"},\"potentialAction\":[{\"@type\":\"SearchAction\",\"target\":{\"@type\":\"EntryPoint\",\"urlTemplate\":\"https:\/\/www.boisbuchet.org\/?s={search_term_string}\"},\"query-input\":{\"@type\":\"PropertyValueSpecification\",\"valueRequired\":true,\"valueName\":\"search_term_string\"}}],\"inLanguage\":\"fr-FR\"},{\"@type\":\"Organization\",\"@id\":\"https:\/\/www.boisbuchet.org\/#organization\",\"name\":\"Domine de Boisbuchet\",\"url\":\"https:\/\/www.boisbuchet.org\/\",\"logo\":{\"@type\":\"ImageObject\",\"inLanguage\":\"fr-FR\",\"@id\":\"https:\/\/www.boisbuchet.org\/#\/schema\/logo\/image\/\",\"url\":\"https:\/\/www.boisbuchet.org\/wp-content\/uploads\/2019\/01\/logo_boisbuchet_black.png\",\"contentUrl\":\"https:\/\/www.boisbuchet.org\/wp-content\/uploads\/2019\/01\/logo_boisbuchet_black.png\",\"width\":200,\"height\":73,\"caption\":\"Domine de Boisbuchet\"},\"image\":{\"@id\":\"https:\/\/www.boisbuchet.org\/#\/schema\/logo\/image\/\"},\"sameAs\":[\"https:\/\/www.facebook.com\/boisbuchet\",\"https:\/\/x.com\/boisbuchet\",\"https:\/\/www.instagram.com\/boisbuchet\",\"https:\/\/www.linkedin.com\/company\/domaine-de-boisbuchet\",\"https:\/\/www.pinterest.com\/boisbuchet\"]},{\"@type\":\"Person\",\"@id\":\"https:\/\/www.boisbuchet.org\/#\/schema\/person\/37f6d78daf7b561c8175c85d605ef2f0\",\"name\":\"pablo.sevilla\",\"url\":\"https:\/\/www.boisbuchet.org\/fr\/author\/pablo-sevilla\/\"}]}<\/script>\n<!-- \/ Yoast SEO plugin. -->","yoast_head_json":{"title":"Offres d'emploi : Assistant personnel | Domaine de Boisbuchet","robots":{"index":"index","follow":"follow","max-snippet":"max-snippet:-1","max-image-preview":"max-image-preview:large","max-video-preview":"max-video-preview:-1"},"canonical":"https:\/\/www.boisbuchet.org\/fr\/offres-demploi-assistant-de-bureau-general\/","og_locale":"fr_FR","og_type":"article","og_title":"Offres d'emploi : Assistant personnel | Domaine de Boisbuchet","og_url":"https:\/\/www.boisbuchet.org\/fr\/offres-demploi-assistant-de-bureau-general\/","og_site_name":"Domaine de Boisbuchet","article_publisher":"https:\/\/www.facebook.com\/boisbuchet","article_published_time":"2020-12-11T15:10:32+00:00","article_modified_time":"2020-12-17T13:59:28+00:00","og_image":[{"width":724,"height":542,"url":"https:\/\/www.boisbuchet.org\/wp-content\/uploads\/2020\/12\/Post-Job-offer.jpg","type":"image\/jpeg"}],"author":"pablo.sevilla","twitter_card":"summary_large_image","twitter_creator":"@boisbuchet","twitter_site":"@boisbuchet","twitter_misc":{"\u00c9crit par":"pablo.sevilla","Dur\u00e9e de lecture estim\u00e9e":"12 minutes"},"schema":{"@context":"https:\/\/schema.org","@graph":[{"@type":"Article","@id":"https:\/\/www.boisbuchet.org\/fr\/offres-demploi-assistant-de-bureau-general\/#article","isPartOf":{"@id":"https:\/\/www.boisbuchet.org\/fr\/offres-demploi-assistant-de-bureau-general\/"},"author":{"name":"pablo.sevilla","@id":"https:\/\/www.boisbuchet.org\/#\/schema\/person\/37f6d78daf7b561c8175c85d605ef2f0"},"headline":"Offres d&#8217;emploi : Assistant personnel","datePublished":"2020-12-11T15:10:32+00:00","dateModified":"2020-12-17T13:59:28+00:00","mainEntityOfPage":{"@id":"https:\/\/www.boisbuchet.org\/fr\/offres-demploi-assistant-de-bureau-general\/"},"wordCount":2434,"publisher":{"@id":"https:\/\/www.boisbuchet.org\/#organization"},"image":{"@id":"https:\/\/www.boisbuchet.org\/fr\/offres-demploi-assistant-de-bureau-general\/#primaryimage"},"thumbnailUrl":"https:\/\/www.boisbuchet.org\/wp-content\/uploads\/2020\/12\/Post-Job-offer.jpg","articleSection":["News &amp; Events"],"inLanguage":"fr-FR"},{"@type":"WebPage","@id":"https:\/\/www.boisbuchet.org\/fr\/offres-demploi-assistant-de-bureau-general\/","url":"https:\/\/www.boisbuchet.org\/fr\/offres-demploi-assistant-de-bureau-general\/","name":"Offres d'emploi : Assistant personnel | Domaine de Boisbuchet","isPartOf":{"@id":"https:\/\/www.boisbuchet.org\/#website"},"primaryImageOfPage":{"@id":"https:\/\/www.boisbuchet.org\/fr\/offres-demploi-assistant-de-bureau-general\/#primaryimage"},"image":{"@id":"https:\/\/www.boisbuchet.org\/fr\/offres-demploi-assistant-de-bureau-general\/#primaryimage"},"thumbnailUrl":"https:\/\/www.boisbuchet.org\/wp-content\/uploads\/2020\/12\/Post-Job-offer.jpg","datePublished":"2020-12-11T15:10:32+00:00","dateModified":"2020-12-17T13:59:28+00:00","breadcrumb":{"@id":"https:\/\/www.boisbuchet.org\/fr\/offres-demploi-assistant-de-bureau-general\/#breadcrumb"},"inLanguage":"fr-FR","potentialAction":[{"@type":"ReadAction","target":["https:\/\/www.boisbuchet.org\/fr\/offres-demploi-assistant-de-bureau-general\/"]}]},{"@type":"ImageObject","inLanguage":"fr-FR","@id":"https:\/\/www.boisbuchet.org\/fr\/offres-demploi-assistant-de-bureau-general\/#primaryimage","url":"https:\/\/www.boisbuchet.org\/wp-content\/uploads\/2020\/12\/Post-Job-offer.jpg","contentUrl":"https:\/\/www.boisbuchet.org\/wp-content\/uploads\/2020\/12\/Post-Job-offer.jpg","width":724,"height":542,"caption":"Job offer"},{"@type":"BreadcrumbList","@id":"https:\/\/www.boisbuchet.org\/fr\/offres-demploi-assistant-de-bureau-general\/#breadcrumb","itemListElement":[{"@type":"ListItem","position":1,"name":"Home","item":"https:\/\/www.boisbuchet.org\/fr\/"},{"@type":"ListItem","position":2,"name":"Offres d&#8217;emploi : Assistant personnel"}]},{"@type":"WebSite","@id":"https:\/\/www.boisbuchet.org\/#website","url":"https:\/\/www.boisbuchet.org\/","name":"Domaine de Boisbuchet","description":"Summer Workshops | Park | Event\u00a0Location","publisher":{"@id":"https:\/\/www.boisbuchet.org\/#organization"},"potentialAction":[{"@type":"SearchAction","target":{"@type":"EntryPoint","urlTemplate":"https:\/\/www.boisbuchet.org\/?s={search_term_string}"},"query-input":{"@type":"PropertyValueSpecification","valueRequired":true,"valueName":"search_term_string"}}],"inLanguage":"fr-FR"},{"@type":"Organization","@id":"https:\/\/www.boisbuchet.org\/#organization","name":"Domine de Boisbuchet","url":"https:\/\/www.boisbuchet.org\/","logo":{"@type":"ImageObject","inLanguage":"fr-FR","@id":"https:\/\/www.boisbuchet.org\/#\/schema\/logo\/image\/","url":"https:\/\/www.boisbuchet.org\/wp-content\/uploads\/2019\/01\/logo_boisbuchet_black.png","contentUrl":"https:\/\/www.boisbuchet.org\/wp-content\/uploads\/2019\/01\/logo_boisbuchet_black.png","width":200,"height":73,"caption":"Domine de Boisbuchet"},"image":{"@id":"https:\/\/www.boisbuchet.org\/#\/schema\/logo\/image\/"},"sameAs":["https:\/\/www.facebook.com\/boisbuchet","https:\/\/x.com\/boisbuchet","https:\/\/www.instagram.com\/boisbuchet","https:\/\/www.linkedin.com\/company\/domaine-de-boisbuchet","https:\/\/www.pinterest.com\/boisbuchet"]},{"@type":"Person","@id":"https:\/\/www.boisbuchet.org\/#\/schema\/person\/37f6d78daf7b561c8175c85d605ef2f0","name":"pablo.sevilla","url":"https:\/\/www.boisbuchet.org\/fr\/author\/pablo-sevilla\/"}]}},"_links":{"self":[{"href":"https:\/\/www.boisbuchet.org\/fr\/wp-json\/wp\/v2\/posts\/11322","targetHints":{"allow":["GET"]}}],"collection":[{"href":"https:\/\/www.boisbuchet.org\/fr\/wp-json\/wp\/v2\/posts"}],"about":[{"href":"https:\/\/www.boisbuchet.org\/fr\/wp-json\/wp\/v2\/types\/post"}],"author":[{"embeddable":true,"href":"https:\/\/www.boisbuchet.org\/fr\/wp-json\/wp\/v2\/users\/566"}],"replies":[{"embeddable":true,"href":"https:\/\/www.boisbuchet.org\/fr\/wp-json\/wp\/v2\/comments?post=11322"}],"version-history":[{"count":7,"href":"https:\/\/www.boisbuchet.org\/fr\/wp-json\/wp\/v2\/posts\/11322\/revisions"}],"predecessor-version":[{"id":11409,"href":"https:\/\/www.boisbuchet.org\/fr\/wp-json\/wp\/v2\/posts\/11322\/revisions\/11409"}],"wp:featuredmedia":[{"embeddable":true,"href":"https:\/\/www.boisbuchet.org\/fr\/wp-json\/wp\/v2\/media\/11314"}],"wp:attachment":[{"href":"https:\/\/www.boisbuchet.org\/fr\/wp-json\/wp\/v2\/media?parent=11322"}],"wp:term":[{"taxonomy":"category","embeddable":true,"href":"https:\/\/www.boisbuchet.org\/fr\/wp-json\/wp\/v2\/categories?post=11322"},{"taxonomy":"post_tag","embeddable":true,"href":"https:\/\/www.boisbuchet.org\/fr\/wp-json\/wp\/v2\/tags?post=11322"}],"curies":[{"name":"wp","href":"https:\/\/api.w.org\/{rel}","templated":true}]}}