{"id":11356,"date":"2020-12-14T18:08:43","date_gmt":"2020-12-14T17:08:43","guid":{"rendered":"https:\/\/www.boisbuchet.org\/en-residence-lecole-nationale-superieure-des-arts-decoratifs-paris\/"},"modified":"2020-12-14T18:08:46","modified_gmt":"2020-12-14T17:08:46","slug":"en-residence-lecole-nationale-superieure-des-arts-decoratifs-paris","status":"publish","type":"post","link":"https:\/\/www.boisbuchet.org\/fr\/en-residence-lecole-nationale-superieure-des-arts-decoratifs-paris\/","title":{"rendered":"EN RESIDENCE: L&#8217;\u00c9cole nationale sup\u00e9rieure des Arts D\u00e9coratifs &#8211; Paris"},"content":{"rendered":"<div class=\"fusion-fullwidth fullwidth-box fusion-builder-row-1 nonhundred-percent-fullwidth non-hundred-percent-height-scrolling\" style=\"--awb-border-radius-top-left:0px;--awb-border-radius-top-right:0px;--awb-border-radius-bottom-right:0px;--awb-border-radius-bottom-left:0px;--awb-flex-wrap:wrap;\" ><div class=\"fusion-builder-row fusion-row\"><div class=\"fusion-layout-column fusion_builder_column fusion-builder-column-0 fusion_builder_column_1_1 1_1 fusion-one-full fusion-column-first fusion-column-last\" style=\"--awb-bg-size:cover;\"><div class=\"fusion-column-wrapper fusion-flex-column-wrapper-legacy\"><div class=\"fusion-title title fusion-title-1 fusion-title-center fusion-title-text fusion-title-size-one\" style=\"--awb-text-color:#333333;--awb-margin-top-small:0px;--awb-margin-right-small:0px;--awb-margin-bottom-small:20px;--awb-margin-left-small:0px;\"><div class=\"title-sep-container title-sep-container-left\"><div class=\"title-sep sep-single sep-solid\" style=\"border-color:#e0dede;\"><\/div><\/div><span class=\"awb-title-spacer\"><\/span><h1 class=\"fusion-title-heading title-heading-center\" style=\"margin:0;letter-spacing:5px;\"><p><strong>EN RESIDENCE<\/strong><br \/>\nL&#8217;\u00c9cole nationale sup\u00e9rieure des Arts D\u00e9coratifs &#8211; Paris<\/p><\/h1><span class=\"awb-title-spacer\"><\/span><div class=\"title-sep-container title-sep-container-right\"><div class=\"title-sep sep-single sep-solid\" style=\"border-color:#e0dede;\"><\/div><\/div><\/div><div class=\"fusion-title title fusion-title-2 fusion-sep-none fusion-title-center fusion-title-text fusion-title-size-four\" style=\"--awb-text-color:#999999;--awb-margin-top-small:0px;--awb-margin-right-small:0px;--awb-margin-bottom-small:20px;--awb-margin-left-small:0px;\"><h4 class=\"fusion-title-heading title-heading-center\" style=\"margin:0;letter-spacing:5px;\">d\u00e9cembre 14, 2020<\/h4><\/div><div class=\"fusion-clearfix\"><\/div><\/div><\/div><\/div><\/div><div class=\"fusion-fullwidth fullwidth-box fusion-builder-row-2 fusion-flex-container nonhundred-percent-fullwidth non-hundred-percent-height-scrolling\" style=\"--awb-border-radius-top-left:0px;--awb-border-radius-top-right:0px;--awb-border-radius-bottom-right:0px;--awb-border-radius-bottom-left:0px;--awb-flex-wrap:wrap;\" ><div class=\"fusion-builder-row fusion-row fusion-flex-align-items-flex-start fusion-flex-content-wrap\" style=\"max-width:1144px;margin-left: calc(-4% \/ 2 );margin-right: calc(-4% \/ 2 );\"><div class=\"fusion-layout-column fusion_builder_column fusion-builder-column-1 fusion_builder_column_1_1 1_1 fusion-flex-column\" style=\"--awb-bg-size:cover;--awb-width-large:100%;--awb-margin-top-large:0px;--awb-spacing-right-large:1.92%;--awb-margin-bottom-large:20px;--awb-spacing-left-large:1.92%;--awb-width-medium:100%;--awb-order-medium:0;--awb-spacing-right-medium:1.92%;--awb-spacing-left-medium:1.92%;--awb-width-small:100%;--awb-order-small:0;--awb-spacing-right-small:1.92%;--awb-spacing-left-small:1.92%;\"><div class=\"fusion-column-wrapper fusion-column-has-shadow fusion-flex-justify-content-flex-start fusion-content-layout-column\"><div class=\"fusion-image-element \" style=\"--awb-caption-title-font-family:var(--h2_typography-font-family);--awb-caption-title-font-weight:var(--h2_typography-font-weight);--awb-caption-title-font-style:var(--h2_typography-font-style);--awb-caption-title-size:var(--h2_typography-font-size);--awb-caption-title-transform:var(--h2_typography-text-transform);--awb-caption-title-line-height:var(--h2_typography-line-height);--awb-caption-title-letter-spacing:var(--h2_typography-letter-spacing);\"><span class=\" fusion-imageframe imageframe-none imageframe-1 hover-type-none\"><img decoding=\"async\" width=\"2560\" height=\"1696\" title=\"DSC0023-141020-PSevilla-DomainedeBoisbuchet\" src=\"https:\/\/www.boisbuchet.org\/wp-content\/uploads\/2020\/12\/DSC0023-141020-PSevilla-DomainedeBoisbuchet-scaled.jpg\" alt class=\"img-responsive wp-image-11350\" srcset=\"https:\/\/www.boisbuchet.org\/wp-content\/uploads\/2020\/12\/DSC0023-141020-PSevilla-DomainedeBoisbuchet-200x132.jpg 200w, https:\/\/www.boisbuchet.org\/wp-content\/uploads\/2020\/12\/DSC0023-141020-PSevilla-DomainedeBoisbuchet-400x265.jpg 400w, https:\/\/www.boisbuchet.org\/wp-content\/uploads\/2020\/12\/DSC0023-141020-PSevilla-DomainedeBoisbuchet-600x397.jpg 600w, https:\/\/www.boisbuchet.org\/wp-content\/uploads\/2020\/12\/DSC0023-141020-PSevilla-DomainedeBoisbuchet-800x530.jpg 800w, https:\/\/www.boisbuchet.org\/wp-content\/uploads\/2020\/12\/DSC0023-141020-PSevilla-DomainedeBoisbuchet-1200x795.jpg 1200w, https:\/\/www.boisbuchet.org\/wp-content\/uploads\/2020\/12\/DSC0023-141020-PSevilla-DomainedeBoisbuchet-scaled.jpg 2560w\" sizes=\"(max-width: 1024px) 100vw, (max-width: 640px) 100vw, 1200px\" \/><\/span><\/div><div class=\"fusion-text fusion-text-1\"><h6 style=\"text-align: right\">\u00a9 Pablo Sevilla &#8211; CIRECA<\/h6>\n<\/div><div class=\"fusion-text fusion-text-2\"><p>En Octobre, 17 \u00e9l\u00e8ves de 2\u00e8me et 3\u00e8me ann\u00e9e de Design V\u00eatement de la prestigieuse\u00a0<a href=\"https:\/\/www.ensad.fr\/\" target=\"_blank\" rel=\"noopener noreferrer\">E\u0301cole des Arts De\u0301coratifs &#8211; Paris<\/a>\u00a0sont venus au Domaine de Boisbuchet, pour une semaine d&#8217;exp\u00e9riences pratiques autour de la r\u00e9utilisation des mat\u00e9riaux \u00e0 destination de costumes d&#8217;\u00e9poque et d&#8217;op\u00e9ra.<\/p>\n<\/div><\/div><\/div><\/div><\/div><div class=\"fusion-fullwidth fullwidth-box fusion-builder-row-3 fusion-flex-container nonhundred-percent-fullwidth non-hundred-percent-height-scrolling\" style=\"--awb-border-radius-top-left:0px;--awb-border-radius-top-right:0px;--awb-border-radius-bottom-right:0px;--awb-border-radius-bottom-left:0px;--awb-flex-wrap:wrap;\" ><div class=\"fusion-builder-row fusion-row fusion-flex-align-items-flex-start fusion-flex-content-wrap\" style=\"max-width:1144px;margin-left: calc(-4% \/ 2 );margin-right: calc(-4% \/ 2 );\"><div class=\"fusion-layout-column fusion_builder_column fusion-builder-column-2 fusion_builder_column_1_2 1_2 fusion-flex-column\" style=\"--awb-bg-size:cover;--awb-width-large:50%;--awb-margin-top-large:0px;--awb-spacing-right-large:3.84%;--awb-margin-bottom-large:20px;--awb-spacing-left-large:3.84%;--awb-width-medium:100%;--awb-order-medium:0;--awb-spacing-right-medium:1.92%;--awb-spacing-left-medium:1.92%;--awb-width-small:100%;--awb-order-small:0;--awb-spacing-right-small:1.92%;--awb-spacing-left-small:1.92%;\"><div class=\"fusion-column-wrapper fusion-column-has-shadow fusion-flex-justify-content-flex-start fusion-content-layout-column\"><div class=\"fusion-image-element \" style=\"--awb-caption-title-font-family:var(--h2_typography-font-family);--awb-caption-title-font-weight:var(--h2_typography-font-weight);--awb-caption-title-font-style:var(--h2_typography-font-style);--awb-caption-title-size:var(--h2_typography-font-size);--awb-caption-title-transform:var(--h2_typography-text-transform);--awb-caption-title-line-height:var(--h2_typography-line-height);--awb-caption-title-letter-spacing:var(--h2_typography-letter-spacing);\"><span class=\" fusion-imageframe imageframe-none imageframe-2 hover-type-none\"><img decoding=\"async\" width=\"2560\" height=\"1696\" title=\"DSC0135-141020-PSevilla-DomainedeBoisbuchet\" src=\"https:\/\/www.boisbuchet.org\/wp-content\/uploads\/2020\/12\/DSC0135-141020-PSevilla-DomainedeBoisbuchet-scaled.jpg\" alt class=\"img-responsive wp-image-11348\" srcset=\"https:\/\/www.boisbuchet.org\/wp-content\/uploads\/2020\/12\/DSC0135-141020-PSevilla-DomainedeBoisbuchet-200x132.jpg 200w, https:\/\/www.boisbuchet.org\/wp-content\/uploads\/2020\/12\/DSC0135-141020-PSevilla-DomainedeBoisbuchet-400x265.jpg 400w, https:\/\/www.boisbuchet.org\/wp-content\/uploads\/2020\/12\/DSC0135-141020-PSevilla-DomainedeBoisbuchet-600x397.jpg 600w, https:\/\/www.boisbuchet.org\/wp-content\/uploads\/2020\/12\/DSC0135-141020-PSevilla-DomainedeBoisbuchet-800x530.jpg 800w, https:\/\/www.boisbuchet.org\/wp-content\/uploads\/2020\/12\/DSC0135-141020-PSevilla-DomainedeBoisbuchet-1200x795.jpg 1200w, https:\/\/www.boisbuchet.org\/wp-content\/uploads\/2020\/12\/DSC0135-141020-PSevilla-DomainedeBoisbuchet-scaled.jpg 2560w\" sizes=\"(max-width: 1024px) 100vw, (max-width: 640px) 100vw, 600px\" \/><\/span><\/div><\/div><\/div><div class=\"fusion-layout-column fusion_builder_column fusion-builder-column-3 fusion_builder_column_1_2 1_2 fusion-flex-column\" style=\"--awb-bg-size:cover;--awb-width-large:50%;--awb-margin-top-large:0px;--awb-spacing-right-large:3.84%;--awb-margin-bottom-large:20px;--awb-spacing-left-large:3.84%;--awb-width-medium:100%;--awb-order-medium:0;--awb-spacing-right-medium:1.92%;--awb-spacing-left-medium:1.92%;--awb-width-small:100%;--awb-order-small:0;--awb-spacing-right-small:1.92%;--awb-spacing-left-small:1.92%;\"><div class=\"fusion-column-wrapper fusion-column-has-shadow fusion-flex-justify-content-flex-start fusion-content-layout-column\"><div class=\"fusion-image-element \" style=\"--awb-caption-title-font-family:var(--h2_typography-font-family);--awb-caption-title-font-weight:var(--h2_typography-font-weight);--awb-caption-title-font-style:var(--h2_typography-font-style);--awb-caption-title-size:var(--h2_typography-font-size);--awb-caption-title-transform:var(--h2_typography-text-transform);--awb-caption-title-line-height:var(--h2_typography-line-height);--awb-caption-title-letter-spacing:var(--h2_typography-letter-spacing);\"><span class=\" fusion-imageframe imageframe-none imageframe-3 hover-type-none\"><img decoding=\"async\" width=\"2560\" height=\"1696\" title=\"DSC1007-141020-PSevilla-DomainedeBoisbuchet\" src=\"https:\/\/www.boisbuchet.org\/wp-content\/uploads\/2020\/12\/DSC1007-141020-PSevilla-DomainedeBoisbuchet-scaled.jpg\" alt class=\"img-responsive wp-image-11346\" srcset=\"https:\/\/www.boisbuchet.org\/wp-content\/uploads\/2020\/12\/DSC1007-141020-PSevilla-DomainedeBoisbuchet-200x132.jpg 200w, https:\/\/www.boisbuchet.org\/wp-content\/uploads\/2020\/12\/DSC1007-141020-PSevilla-DomainedeBoisbuchet-400x265.jpg 400w, https:\/\/www.boisbuchet.org\/wp-content\/uploads\/2020\/12\/DSC1007-141020-PSevilla-DomainedeBoisbuchet-600x397.jpg 600w, https:\/\/www.boisbuchet.org\/wp-content\/uploads\/2020\/12\/DSC1007-141020-PSevilla-DomainedeBoisbuchet-800x530.jpg 800w, https:\/\/www.boisbuchet.org\/wp-content\/uploads\/2020\/12\/DSC1007-141020-PSevilla-DomainedeBoisbuchet-1200x795.jpg 1200w, https:\/\/www.boisbuchet.org\/wp-content\/uploads\/2020\/12\/DSC1007-141020-PSevilla-DomainedeBoisbuchet-scaled.jpg 2560w\" sizes=\"(max-width: 1024px) 100vw, (max-width: 640px) 100vw, 600px\" \/><\/span><\/div><\/div><\/div><div class=\"fusion-layout-column fusion_builder_column fusion-builder-column-4 fusion_builder_column_1_1 1_1 fusion-flex-column\" style=\"--awb-bg-size:cover;--awb-width-large:100%;--awb-margin-top-large:0px;--awb-spacing-right-large:1.92%;--awb-margin-bottom-large:20px;--awb-spacing-left-large:1.92%;--awb-width-medium:100%;--awb-order-medium:0;--awb-spacing-right-medium:1.92%;--awb-spacing-left-medium:1.92%;--awb-width-small:100%;--awb-order-small:0;--awb-spacing-right-small:1.92%;--awb-spacing-left-small:1.92%;\"><div class=\"fusion-column-wrapper fusion-column-has-shadow fusion-flex-justify-content-flex-start fusion-content-layout-column\"><div class=\"fusion-text fusion-text-3\"><p>A l&#8217;occasion de la cr\u00e9ation de\u00a0<strong>l&#8217;op\u00e9ra \u00able Magnifique\u00bb de Andr\u00e9 Grety, mis en sc\u00e8ne par le sc\u00e9nographe Stephan Gr\u00f6gler,\u00a0<a href=\"http:\/\/www.operact.eu\/\" target=\"_blank\" rel=\"noopener noreferrer\">OPERACT<\/a>\u00a0et la Compagnie lyrique Les Monts du Reuil\u00a0<\/strong>ont command\u00e9 onze costumes. Ils seront accompagn\u00e9s par les extraordinaire bijoux de la designers New-yorkaise Jennifer Crupi. Vous \u00eates impatients de connaitre le r\u00e9sultat de ce d\u00e9fi passionnant ? Venez d\u00e9couvrir \u00a0les coulisses de la r\u00e9sidence !<\/p>\n<\/div><\/div><\/div><\/div><\/div>\n","protected":false},"excerpt":{"rendered":"","protected":false},"author":566,"featured_media":11355,"comment_status":"closed","ping_status":"open","sticky":false,"template":"","format":"standard","meta":{"_monsterinsights_skip_tracking":false,"_monsterinsights_sitenote_active":false,"_monsterinsights_sitenote_note":"","_monsterinsights_sitenote_category":0,"footnotes":""},"categories":[609,2,1],"tags":[],"class_list":["post-11356","post","type-post","status-publish","format-standard","has-post-thumbnail","hentry","category-news-events-fr","category-non-classifiee","category-uncategorized"],"yoast_head":"<!-- This site is optimized with the Yoast SEO plugin v27.1.1 - https:\/\/yoast.com\/product\/yoast-seo-wordpress\/ -->\n<title>EN RESIDENCE: L&#039;\u00c9cole nationale sup\u00e9rieure des Arts D\u00e9coratifs - Paris | Domaine de Boisbuchet<\/title>\n<meta name=\"robots\" content=\"index, follow, max-snippet:-1, max-image-preview:large, max-video-preview:-1\" \/>\n<link rel=\"canonical\" href=\"https:\/\/www.boisbuchet.org\/fr\/en-residence-lecole-nationale-superieure-des-arts-decoratifs-paris\/\" \/>\n<meta property=\"og:locale\" content=\"fr_FR\" \/>\n<meta property=\"og:type\" content=\"article\" \/>\n<meta property=\"og:title\" content=\"EN RESIDENCE: L&#039;\u00c9cole nationale sup\u00e9rieure des Arts D\u00e9coratifs - Paris | Domaine de Boisbuchet\" \/>\n<meta property=\"og:url\" content=\"https:\/\/www.boisbuchet.org\/fr\/en-residence-lecole-nationale-superieure-des-arts-decoratifs-paris\/\" \/>\n<meta property=\"og:site_name\" content=\"Domaine de Boisbuchet\" \/>\n<meta property=\"article:publisher\" content=\"https:\/\/www.facebook.com\/boisbuchet\" \/>\n<meta property=\"article:published_time\" content=\"2020-12-14T17:08:43+00:00\" \/>\n<meta property=\"article:modified_time\" content=\"2020-12-14T17:08:46+00:00\" \/>\n<meta property=\"og:image\" content=\"https:\/\/www.boisbuchet.org\/wp-content\/uploads\/2020\/12\/Post-ENSAD1.jpg\" \/>\n\t<meta property=\"og:image:width\" content=\"724\" \/>\n\t<meta property=\"og:image:height\" content=\"542\" \/>\n\t<meta property=\"og:image:type\" content=\"image\/jpeg\" \/>\n<meta name=\"author\" content=\"pablo.sevilla\" \/>\n<meta name=\"twitter:card\" content=\"summary_large_image\" \/>\n<meta name=\"twitter:creator\" content=\"@boisbuchet\" \/>\n<meta name=\"twitter:site\" content=\"@boisbuchet\" \/>\n<meta name=\"twitter:label1\" content=\"\u00c9crit par\" \/>\n\t<meta name=\"twitter:data1\" content=\"pablo.sevilla\" \/>\n\t<meta name=\"twitter:label2\" content=\"Dur\u00e9e de lecture estim\u00e9e\" \/>\n\t<meta name=\"twitter:data2\" content=\"12 minutes\" \/>\n<script type=\"application\/ld+json\" class=\"yoast-schema-graph\">{\"@context\":\"https:\/\/schema.org\",\"@graph\":[{\"@type\":\"Article\",\"@id\":\"https:\/\/www.boisbuchet.org\/fr\/en-residence-lecole-nationale-superieure-des-arts-decoratifs-paris\/#article\",\"isPartOf\":{\"@id\":\"https:\/\/www.boisbuchet.org\/fr\/en-residence-lecole-nationale-superieure-des-arts-decoratifs-paris\/\"},\"author\":{\"name\":\"pablo.sevilla\",\"@id\":\"https:\/\/www.boisbuchet.org\/#\/schema\/person\/37f6d78daf7b561c8175c85d605ef2f0\"},\"headline\":\"EN RESIDENCE: L&#8217;\u00c9cole nationale sup\u00e9rieure des Arts D\u00e9coratifs &#8211; Paris\",\"datePublished\":\"2020-12-14T17:08:43+00:00\",\"dateModified\":\"2020-12-14T17:08:46+00:00\",\"mainEntityOfPage\":{\"@id\":\"https:\/\/www.boisbuchet.org\/fr\/en-residence-lecole-nationale-superieure-des-arts-decoratifs-paris\/\"},\"wordCount\":2398,\"publisher\":{\"@id\":\"https:\/\/www.boisbuchet.org\/#organization\"},\"image\":{\"@id\":\"https:\/\/www.boisbuchet.org\/fr\/en-residence-lecole-nationale-superieure-des-arts-decoratifs-paris\/#primaryimage\"},\"thumbnailUrl\":\"https:\/\/www.boisbuchet.org\/wp-content\/uploads\/2020\/12\/Post-ENSAD1.jpg\",\"articleSection\":[\"News &amp; Events\",\"Non classifi\u00e9(e)\",\"Uncategorized\"],\"inLanguage\":\"fr-FR\"},{\"@type\":\"WebPage\",\"@id\":\"https:\/\/www.boisbuchet.org\/fr\/en-residence-lecole-nationale-superieure-des-arts-decoratifs-paris\/\",\"url\":\"https:\/\/www.boisbuchet.org\/fr\/en-residence-lecole-nationale-superieure-des-arts-decoratifs-paris\/\",\"name\":\"EN RESIDENCE: L'\u00c9cole nationale sup\u00e9rieure des Arts D\u00e9coratifs - Paris | Domaine de Boisbuchet\",\"isPartOf\":{\"@id\":\"https:\/\/www.boisbuchet.org\/#website\"},\"primaryImageOfPage\":{\"@id\":\"https:\/\/www.boisbuchet.org\/fr\/en-residence-lecole-nationale-superieure-des-arts-decoratifs-paris\/#primaryimage\"},\"image\":{\"@id\":\"https:\/\/www.boisbuchet.org\/fr\/en-residence-lecole-nationale-superieure-des-arts-decoratifs-paris\/#primaryimage\"},\"thumbnailUrl\":\"https:\/\/www.boisbuchet.org\/wp-content\/uploads\/2020\/12\/Post-ENSAD1.jpg\",\"datePublished\":\"2020-12-14T17:08:43+00:00\",\"dateModified\":\"2020-12-14T17:08:46+00:00\",\"breadcrumb\":{\"@id\":\"https:\/\/www.boisbuchet.org\/fr\/en-residence-lecole-nationale-superieure-des-arts-decoratifs-paris\/#breadcrumb\"},\"inLanguage\":\"fr-FR\",\"potentialAction\":[{\"@type\":\"ReadAction\",\"target\":[\"https:\/\/www.boisbuchet.org\/fr\/en-residence-lecole-nationale-superieure-des-arts-decoratifs-paris\/\"]}]},{\"@type\":\"ImageObject\",\"inLanguage\":\"fr-FR\",\"@id\":\"https:\/\/www.boisbuchet.org\/fr\/en-residence-lecole-nationale-superieure-des-arts-decoratifs-paris\/#primaryimage\",\"url\":\"https:\/\/www.boisbuchet.org\/wp-content\/uploads\/2020\/12\/Post-ENSAD1.jpg\",\"contentUrl\":\"https:\/\/www.boisbuchet.org\/wp-content\/uploads\/2020\/12\/Post-ENSAD1.jpg\",\"width\":724,\"height\":542},{\"@type\":\"BreadcrumbList\",\"@id\":\"https:\/\/www.boisbuchet.org\/fr\/en-residence-lecole-nationale-superieure-des-arts-decoratifs-paris\/#breadcrumb\",\"itemListElement\":[{\"@type\":\"ListItem\",\"position\":1,\"name\":\"Home\",\"item\":\"https:\/\/www.boisbuchet.org\/fr\/\"},{\"@type\":\"ListItem\",\"position\":2,\"name\":\"EN RESIDENCE: L&rsquo;\u00c9cole nationale sup\u00e9rieure des Arts D\u00e9coratifs &#8211; Paris\"}]},{\"@type\":\"WebSite\",\"@id\":\"https:\/\/www.boisbuchet.org\/#website\",\"url\":\"https:\/\/www.boisbuchet.org\/\",\"name\":\"Domaine de Boisbuchet\",\"description\":\"Summer Workshops | Park | Event\u00a0Location\",\"publisher\":{\"@id\":\"https:\/\/www.boisbuchet.org\/#organization\"},\"potentialAction\":[{\"@type\":\"SearchAction\",\"target\":{\"@type\":\"EntryPoint\",\"urlTemplate\":\"https:\/\/www.boisbuchet.org\/?s={search_term_string}\"},\"query-input\":{\"@type\":\"PropertyValueSpecification\",\"valueRequired\":true,\"valueName\":\"search_term_string\"}}],\"inLanguage\":\"fr-FR\"},{\"@type\":\"Organization\",\"@id\":\"https:\/\/www.boisbuchet.org\/#organization\",\"name\":\"Domine de Boisbuchet\",\"url\":\"https:\/\/www.boisbuchet.org\/\",\"logo\":{\"@type\":\"ImageObject\",\"inLanguage\":\"fr-FR\",\"@id\":\"https:\/\/www.boisbuchet.org\/#\/schema\/logo\/image\/\",\"url\":\"https:\/\/www.boisbuchet.org\/wp-content\/uploads\/2019\/01\/logo_boisbuchet_black.png\",\"contentUrl\":\"https:\/\/www.boisbuchet.org\/wp-content\/uploads\/2019\/01\/logo_boisbuchet_black.png\",\"width\":200,\"height\":73,\"caption\":\"Domine de Boisbuchet\"},\"image\":{\"@id\":\"https:\/\/www.boisbuchet.org\/#\/schema\/logo\/image\/\"},\"sameAs\":[\"https:\/\/www.facebook.com\/boisbuchet\",\"https:\/\/x.com\/boisbuchet\",\"https:\/\/www.instagram.com\/boisbuchet\",\"https:\/\/www.linkedin.com\/company\/domaine-de-boisbuchet\",\"https:\/\/www.pinterest.com\/boisbuchet\"]},{\"@type\":\"Person\",\"@id\":\"https:\/\/www.boisbuchet.org\/#\/schema\/person\/37f6d78daf7b561c8175c85d605ef2f0\",\"name\":\"pablo.sevilla\",\"url\":\"https:\/\/www.boisbuchet.org\/fr\/author\/pablo-sevilla\/\"}]}<\/script>\n<!-- \/ Yoast SEO plugin. -->","yoast_head_json":{"title":"EN RESIDENCE: L'\u00c9cole nationale sup\u00e9rieure des Arts D\u00e9coratifs - Paris | Domaine de Boisbuchet","robots":{"index":"index","follow":"follow","max-snippet":"max-snippet:-1","max-image-preview":"max-image-preview:large","max-video-preview":"max-video-preview:-1"},"canonical":"https:\/\/www.boisbuchet.org\/fr\/en-residence-lecole-nationale-superieure-des-arts-decoratifs-paris\/","og_locale":"fr_FR","og_type":"article","og_title":"EN RESIDENCE: L'\u00c9cole nationale sup\u00e9rieure des Arts D\u00e9coratifs - Paris | Domaine de Boisbuchet","og_url":"https:\/\/www.boisbuchet.org\/fr\/en-residence-lecole-nationale-superieure-des-arts-decoratifs-paris\/","og_site_name":"Domaine de Boisbuchet","article_publisher":"https:\/\/www.facebook.com\/boisbuchet","article_published_time":"2020-12-14T17:08:43+00:00","article_modified_time":"2020-12-14T17:08:46+00:00","og_image":[{"width":724,"height":542,"url":"https:\/\/www.boisbuchet.org\/wp-content\/uploads\/2020\/12\/Post-ENSAD1.jpg","type":"image\/jpeg"}],"author":"pablo.sevilla","twitter_card":"summary_large_image","twitter_creator":"@boisbuchet","twitter_site":"@boisbuchet","twitter_misc":{"\u00c9crit par":"pablo.sevilla","Dur\u00e9e de lecture estim\u00e9e":"12 minutes"},"schema":{"@context":"https:\/\/schema.org","@graph":[{"@type":"Article","@id":"https:\/\/www.boisbuchet.org\/fr\/en-residence-lecole-nationale-superieure-des-arts-decoratifs-paris\/#article","isPartOf":{"@id":"https:\/\/www.boisbuchet.org\/fr\/en-residence-lecole-nationale-superieure-des-arts-decoratifs-paris\/"},"author":{"name":"pablo.sevilla","@id":"https:\/\/www.boisbuchet.org\/#\/schema\/person\/37f6d78daf7b561c8175c85d605ef2f0"},"headline":"EN RESIDENCE: L&#8217;\u00c9cole nationale sup\u00e9rieure des Arts D\u00e9coratifs &#8211; Paris","datePublished":"2020-12-14T17:08:43+00:00","dateModified":"2020-12-14T17:08:46+00:00","mainEntityOfPage":{"@id":"https:\/\/www.boisbuchet.org\/fr\/en-residence-lecole-nationale-superieure-des-arts-decoratifs-paris\/"},"wordCount":2398,"publisher":{"@id":"https:\/\/www.boisbuchet.org\/#organization"},"image":{"@id":"https:\/\/www.boisbuchet.org\/fr\/en-residence-lecole-nationale-superieure-des-arts-decoratifs-paris\/#primaryimage"},"thumbnailUrl":"https:\/\/www.boisbuchet.org\/wp-content\/uploads\/2020\/12\/Post-ENSAD1.jpg","articleSection":["News &amp; Events","Non classifi\u00e9(e)","Uncategorized"],"inLanguage":"fr-FR"},{"@type":"WebPage","@id":"https:\/\/www.boisbuchet.org\/fr\/en-residence-lecole-nationale-superieure-des-arts-decoratifs-paris\/","url":"https:\/\/www.boisbuchet.org\/fr\/en-residence-lecole-nationale-superieure-des-arts-decoratifs-paris\/","name":"EN RESIDENCE: L'\u00c9cole nationale sup\u00e9rieure des Arts D\u00e9coratifs - Paris | Domaine de Boisbuchet","isPartOf":{"@id":"https:\/\/www.boisbuchet.org\/#website"},"primaryImageOfPage":{"@id":"https:\/\/www.boisbuchet.org\/fr\/en-residence-lecole-nationale-superieure-des-arts-decoratifs-paris\/#primaryimage"},"image":{"@id":"https:\/\/www.boisbuchet.org\/fr\/en-residence-lecole-nationale-superieure-des-arts-decoratifs-paris\/#primaryimage"},"thumbnailUrl":"https:\/\/www.boisbuchet.org\/wp-content\/uploads\/2020\/12\/Post-ENSAD1.jpg","datePublished":"2020-12-14T17:08:43+00:00","dateModified":"2020-12-14T17:08:46+00:00","breadcrumb":{"@id":"https:\/\/www.boisbuchet.org\/fr\/en-residence-lecole-nationale-superieure-des-arts-decoratifs-paris\/#breadcrumb"},"inLanguage":"fr-FR","potentialAction":[{"@type":"ReadAction","target":["https:\/\/www.boisbuchet.org\/fr\/en-residence-lecole-nationale-superieure-des-arts-decoratifs-paris\/"]}]},{"@type":"ImageObject","inLanguage":"fr-FR","@id":"https:\/\/www.boisbuchet.org\/fr\/en-residence-lecole-nationale-superieure-des-arts-decoratifs-paris\/#primaryimage","url":"https:\/\/www.boisbuchet.org\/wp-content\/uploads\/2020\/12\/Post-ENSAD1.jpg","contentUrl":"https:\/\/www.boisbuchet.org\/wp-content\/uploads\/2020\/12\/Post-ENSAD1.jpg","width":724,"height":542},{"@type":"BreadcrumbList","@id":"https:\/\/www.boisbuchet.org\/fr\/en-residence-lecole-nationale-superieure-des-arts-decoratifs-paris\/#breadcrumb","itemListElement":[{"@type":"ListItem","position":1,"name":"Home","item":"https:\/\/www.boisbuchet.org\/fr\/"},{"@type":"ListItem","position":2,"name":"EN RESIDENCE: L&rsquo;\u00c9cole nationale sup\u00e9rieure des Arts D\u00e9coratifs &#8211; Paris"}]},{"@type":"WebSite","@id":"https:\/\/www.boisbuchet.org\/#website","url":"https:\/\/www.boisbuchet.org\/","name":"Domaine de Boisbuchet","description":"Summer Workshops | Park | Event\u00a0Location","publisher":{"@id":"https:\/\/www.boisbuchet.org\/#organization"},"potentialAction":[{"@type":"SearchAction","target":{"@type":"EntryPoint","urlTemplate":"https:\/\/www.boisbuchet.org\/?s={search_term_string}"},"query-input":{"@type":"PropertyValueSpecification","valueRequired":true,"valueName":"search_term_string"}}],"inLanguage":"fr-FR"},{"@type":"Organization","@id":"https:\/\/www.boisbuchet.org\/#organization","name":"Domine de Boisbuchet","url":"https:\/\/www.boisbuchet.org\/","logo":{"@type":"ImageObject","inLanguage":"fr-FR","@id":"https:\/\/www.boisbuchet.org\/#\/schema\/logo\/image\/","url":"https:\/\/www.boisbuchet.org\/wp-content\/uploads\/2019\/01\/logo_boisbuchet_black.png","contentUrl":"https:\/\/www.boisbuchet.org\/wp-content\/uploads\/2019\/01\/logo_boisbuchet_black.png","width":200,"height":73,"caption":"Domine de Boisbuchet"},"image":{"@id":"https:\/\/www.boisbuchet.org\/#\/schema\/logo\/image\/"},"sameAs":["https:\/\/www.facebook.com\/boisbuchet","https:\/\/x.com\/boisbuchet","https:\/\/www.instagram.com\/boisbuchet","https:\/\/www.linkedin.com\/company\/domaine-de-boisbuchet","https:\/\/www.pinterest.com\/boisbuchet"]},{"@type":"Person","@id":"https:\/\/www.boisbuchet.org\/#\/schema\/person\/37f6d78daf7b561c8175c85d605ef2f0","name":"pablo.sevilla","url":"https:\/\/www.boisbuchet.org\/fr\/author\/pablo-sevilla\/"}]}},"_links":{"self":[{"href":"https:\/\/www.boisbuchet.org\/fr\/wp-json\/wp\/v2\/posts\/11356","targetHints":{"allow":["GET"]}}],"collection":[{"href":"https:\/\/www.boisbuchet.org\/fr\/wp-json\/wp\/v2\/posts"}],"about":[{"href":"https:\/\/www.boisbuchet.org\/fr\/wp-json\/wp\/v2\/types\/post"}],"author":[{"embeddable":true,"href":"https:\/\/www.boisbuchet.org\/fr\/wp-json\/wp\/v2\/users\/566"}],"replies":[{"embeddable":true,"href":"https:\/\/www.boisbuchet.org\/fr\/wp-json\/wp\/v2\/comments?post=11356"}],"version-history":[{"count":2,"href":"https:\/\/www.boisbuchet.org\/fr\/wp-json\/wp\/v2\/posts\/11356\/revisions"}],"predecessor-version":[{"id":11358,"href":"https:\/\/www.boisbuchet.org\/fr\/wp-json\/wp\/v2\/posts\/11356\/revisions\/11358"}],"wp:featuredmedia":[{"embeddable":true,"href":"https:\/\/www.boisbuchet.org\/fr\/wp-json\/wp\/v2\/media\/11355"}],"wp:attachment":[{"href":"https:\/\/www.boisbuchet.org\/fr\/wp-json\/wp\/v2\/media?parent=11356"}],"wp:term":[{"taxonomy":"category","embeddable":true,"href":"https:\/\/www.boisbuchet.org\/fr\/wp-json\/wp\/v2\/categories?post=11356"},{"taxonomy":"post_tag","embeddable":true,"href":"https:\/\/www.boisbuchet.org\/fr\/wp-json\/wp\/v2\/tags?post=11356"}],"curies":[{"name":"wp","href":"https:\/\/api.w.org\/{rel}","templated":true}]}}