{"id":11393,"date":"2020-12-16T10:16:38","date_gmt":"2020-12-16T09:16:38","guid":{"rendered":"https:\/\/www.boisbuchet.org\/un-projet-delevage-de-porcs-met-en-danger-boisbuchet-arretez-avant-quil-ne-soit-trop-tard\/"},"modified":"2020-12-16T10:16:41","modified_gmt":"2020-12-16T09:16:41","slug":"un-projet-delevage-de-porcs-met-en-danger-boisbuchet-arretez-avant-quil-ne-soit-trop-tard","status":"publish","type":"post","link":"https:\/\/www.boisbuchet.org\/fr\/un-projet-delevage-de-porcs-met-en-danger-boisbuchet-arretez-avant-quil-ne-soit-trop-tard\/","title":{"rendered":"Un projet d&#8217;\u00e9levage de porcs met en danger Boisbuchet &#8211; Arr\u00eatez avant qu&#8217;il ne soit trop tard !"},"content":{"rendered":"<div class=\"fusion-fullwidth fullwidth-box fusion-builder-row-1 nonhundred-percent-fullwidth non-hundred-percent-height-scrolling\" style=\"--awb-border-radius-top-left:0px;--awb-border-radius-top-right:0px;--awb-border-radius-bottom-right:0px;--awb-border-radius-bottom-left:0px;--awb-flex-wrap:wrap;\" ><div class=\"fusion-builder-row fusion-row\"><div class=\"fusion-layout-column fusion_builder_column fusion-builder-column-0 fusion_builder_column_1_1 1_1 fusion-one-full fusion-column-first fusion-column-last\" style=\"--awb-bg-size:cover;\"><div class=\"fusion-column-wrapper fusion-flex-column-wrapper-legacy\"><div class=\"fusion-title title fusion-title-1 fusion-title-center fusion-title-text fusion-title-size-one\" style=\"--awb-text-color:#333333;--awb-margin-top-small:0px;--awb-margin-right-small:0px;--awb-margin-bottom-small:20px;--awb-margin-left-small:0px;\"><div class=\"title-sep-container title-sep-container-left\"><div class=\"title-sep sep-single sep-solid\" style=\"border-color:#e0dede;\"><\/div><\/div><span class=\"awb-title-spacer\"><\/span><h1 class=\"fusion-title-heading title-heading-center\" style=\"margin:0;letter-spacing:5px;\">Un projet d&#8217;\u00e9levage de porcs met en danger Boisbuchet<\/h1><span class=\"awb-title-spacer\"><\/span><div class=\"title-sep-container title-sep-container-right\"><div class=\"title-sep sep-single sep-solid\" style=\"border-color:#e0dede;\"><\/div><\/div><\/div><div class=\"fusion-title title fusion-title-2 fusion-sep-none fusion-title-center fusion-title-text fusion-title-size-four\" style=\"--awb-text-color:#999999;--awb-margin-top-small:0px;--awb-margin-right-small:0px;--awb-margin-bottom-small:20px;--awb-margin-left-small:0px;\"><h4 class=\"fusion-title-heading title-heading-center\" style=\"margin:0;letter-spacing:5px;\">d\u00e9cembre 16, 2020<\/h4><\/div><div class=\"fusion-clearfix\"><\/div><\/div><\/div><\/div><\/div><div class=\"fusion-fullwidth fullwidth-box fusion-builder-row-2 fusion-flex-container nonhundred-percent-fullwidth non-hundred-percent-height-scrolling\" style=\"--awb-border-radius-top-left:0px;--awb-border-radius-top-right:0px;--awb-border-radius-bottom-right:0px;--awb-border-radius-bottom-left:0px;--awb-flex-wrap:wrap;\" ><div class=\"fusion-builder-row fusion-row fusion-flex-align-items-flex-start fusion-flex-content-wrap\" style=\"max-width:1144px;margin-left: calc(-4% \/ 2 );margin-right: calc(-4% \/ 2 );\"><div class=\"fusion-layout-column fusion_builder_column fusion-builder-column-1 fusion_builder_column_1_1 1_1 fusion-flex-column\" style=\"--awb-bg-size:cover;--awb-width-large:100%;--awb-margin-top-large:0px;--awb-spacing-right-large:1.92%;--awb-margin-bottom-large:20px;--awb-spacing-left-large:1.92%;--awb-width-medium:100%;--awb-order-medium:0;--awb-spacing-right-medium:1.92%;--awb-spacing-left-medium:1.92%;--awb-width-small:100%;--awb-order-small:0;--awb-spacing-right-small:1.92%;--awb-spacing-left-small:1.92%;\"><div class=\"fusion-column-wrapper fusion-column-has-shadow fusion-flex-justify-content-flex-start fusion-content-layout-column\"><div class=\"fusion-image-element \" style=\"--awb-caption-title-font-family:var(--h2_typography-font-family);--awb-caption-title-font-weight:var(--h2_typography-font-weight);--awb-caption-title-font-style:var(--h2_typography-font-style);--awb-caption-title-size:var(--h2_typography-font-size);--awb-caption-title-transform:var(--h2_typography-text-transform);--awb-caption-title-line-height:var(--h2_typography-line-height);--awb-caption-title-letter-spacing:var(--h2_typography-letter-spacing);\"><span class=\" fusion-imageframe imageframe-none imageframe-1 hover-type-none\"><img decoding=\"async\" width=\"2500\" height=\"1667\" title=\"Map-farm project LQ\" src=\"https:\/\/www.boisbuchet.org\/wp-content\/uploads\/2020\/12\/Map-farm-project-LQ.jpg\" alt class=\"img-responsive wp-image-11380\" srcset=\"https:\/\/www.boisbuchet.org\/wp-content\/uploads\/2020\/12\/Map-farm-project-LQ-200x133.jpg 200w, https:\/\/www.boisbuchet.org\/wp-content\/uploads\/2020\/12\/Map-farm-project-LQ-400x267.jpg 400w, https:\/\/www.boisbuchet.org\/wp-content\/uploads\/2020\/12\/Map-farm-project-LQ-600x400.jpg 600w, https:\/\/www.boisbuchet.org\/wp-content\/uploads\/2020\/12\/Map-farm-project-LQ-800x533.jpg 800w, https:\/\/www.boisbuchet.org\/wp-content\/uploads\/2020\/12\/Map-farm-project-LQ-1200x800.jpg 1200w, https:\/\/www.boisbuchet.org\/wp-content\/uploads\/2020\/12\/Map-farm-project-LQ.jpg 2500w\" sizes=\"(max-width: 1024px) 100vw, (max-width: 640px) 100vw, 1200px\" \/><\/span><\/div><\/div><\/div><\/div><\/div><div class=\"fusion-fullwidth fullwidth-box fusion-builder-row-3 fusion-flex-container nonhundred-percent-fullwidth non-hundred-percent-height-scrolling\" style=\"--awb-border-radius-top-left:0px;--awb-border-radius-top-right:0px;--awb-border-radius-bottom-right:0px;--awb-border-radius-bottom-left:0px;--awb-flex-wrap:wrap;\" ><div class=\"fusion-builder-row fusion-row fusion-flex-align-items-flex-start fusion-flex-content-wrap\" style=\"max-width:1144px;margin-left: calc(-4% \/ 2 );margin-right: calc(-4% \/ 2 );\"><div class=\"fusion-layout-column fusion_builder_column fusion-builder-column-2 fusion_builder_column_1_1 1_1 fusion-flex-column\" style=\"--awb-bg-size:cover;--awb-width-large:100%;--awb-margin-top-large:0px;--awb-spacing-right-large:1.92%;--awb-margin-bottom-large:20px;--awb-spacing-left-large:1.92%;--awb-width-medium:100%;--awb-order-medium:0;--awb-spacing-right-medium:1.92%;--awb-spacing-left-medium:1.92%;--awb-width-small:100%;--awb-order-small:0;--awb-spacing-right-small:1.92%;--awb-spacing-left-small:1.92%;\"><div class=\"fusion-column-wrapper fusion-column-has-shadow fusion-flex-justify-content-flex-start fusion-content-layout-column\"><div class=\"fusion-text fusion-text-1\"><p><strong>Ce n&#8217;est pas le Coronavirus mais une usine d&#8217;engraissement de porcs qui donne un &#8220;coup de gr\u00e2ce&#8221; au Domaine de Boisbuchet<\/strong><\/p>\n<p>Le\u00a0<a class=\"js-petition-description-link\" href=\"https:\/\/www.boisbuchet.org\/fr\/\" target=\"_blank\" rel=\"nofollow noopener noreferrer\">Domaine de Boisbuchet\u00a0<\/a>est un\u00a0<strong>centre international de recherche en design et architecture.<\/strong>\u00a0Le campus est entour\u00e9 de 150 hectares de nature prot\u00e9g\u00e9e dans le sud-ouest de la France et comprend un parc architectural de b\u00e2timents historiques et contemporains.<\/p>\n<p>Le 26 juin 2020, le maire de Lessac, notre commune, nous a inform\u00e9 par t\u00e9l\u00e9phone que la veille, il avait autoris\u00e9\u00a0<strong>le permis de construire d&#8217;une usine d&#8217;engraissement de porcs sur un terrain directement adjacent au quartier central de Boisbuchet. Cette installation sera situ\u00e9e \u00e0 seulement 170 m\u00e8tres de notre campus<\/strong>. Ni le maire ni les promoteurs ne nous ont inform\u00e9s au pr\u00e9alable de ce projet. A aucun moment les int\u00e9r\u00eats du Domaine de Boisbuchet, engag\u00e9 dans des \u00e9changes culturels et humains depuis plus de 30 ans, n&#8217;ont \u00e9t\u00e9 pris en compte.<\/p>\n<p>Depuis 1990, des milliers d&#8217;\u00e9tudiants et de professionnels dont des cr\u00e9atifs de premier plan tels que Shigeru Ban, Matali Crasset, Ronan et Erwan Bouroullec, Lina Gothmeh ou Alvaro Siza sont venus \u00e0 Boisbuchet, rendant ce lieu unique dans le monde de l&#8217;architecture et du design, de l&#8217;\u00e9cologie et de la durabilit\u00e9. Mais aujourd&#8217;hui, malgr\u00e9 nos efforts fructueux pour faire face aux cons\u00e9quences dramatiques de la crise du Coronavirus, nous sommes sur le point d&#8217;abandonner.<\/p>\n<p><strong>Si l&#8217;usine d&#8217;engraissement de porcs est construite, ce sera la fin de Boisbuchet tel que vous l&#8217;avez connu.<\/strong><\/p>\n<p>Tous nos fonds priv\u00e9s et d&#8217;important soutiens issues du secteur public ont \u00e9t\u00e9 investis dans le centre de recherche de Boisbuchet pour le design, l&#8217;architecture et la nature. Nous sommes aujourd&#8217;hui sur le point de devenir une fondation qui garantira la p\u00e9rennit\u00e9 de nos travaux. Tous ces efforts seront perdus si la construction de cette ferme porcine se poursuivait. Si le projet n&#8217;est pas arr\u00eat\u00e9 alors qu&#8217;il en est encore temps, nous aurons \u00e9chou\u00e9 dans notre grand projet de faire de la Charente un p\u00f4le de design international o\u00f9 les graines du design mondial \u00e0 venir sont plant\u00e9es chaque \u00e9t\u00e9.<\/p>\n<p>Non seulement une ferme porcine ne correspond pas \u00e0 la philosophie de Boisbuchet, mais elle produira \u00e9galement des nuisances auditives et olfactives effrayant nos visiteurs. Nous avons entam\u00e9 un proc\u00e8s, et apr\u00e8s une premi\u00e8re d\u00e9faite, il y a peu de chances que nous remportions cette action. Il nous reste une possibilit\u00e9, il s&#8217;agit d&#8217;une p\u00e9tition adress\u00e9e \u00e0 Madame la Ministre de la Culture pour lui demander d&#8217;arr\u00eater la construction. C&#8217;est notre derni\u00e8re chance, mais cette p\u00e9tition ne sera entendue que si nous sommes nombreux \u00e0 la signer<\/p>\n<p><strong>C&#8217;est notre seule chance &#8211; la p\u00e9tition!<\/strong><\/p>\n<p>L&#8217;equipe du Domaine de Boisbuchet<\/p>\n<\/div><\/div><\/div><div class=\"fusion-layout-column fusion_builder_column fusion-builder-column-3 fusion_builder_column_1_3 1_3 fusion-flex-column\" style=\"--awb-bg-size:cover;--awb-width-large:33.333333333333%;--awb-margin-top-large:0px;--awb-spacing-right-large:5.76%;--awb-margin-bottom-large:20px;--awb-spacing-left-large:5.76%;--awb-width-medium:100%;--awb-order-medium:0;--awb-spacing-right-medium:1.92%;--awb-spacing-left-medium:1.92%;--awb-width-small:100%;--awb-order-small:0;--awb-spacing-right-small:1.92%;--awb-spacing-left-small:1.92%;\"><div class=\"fusion-column-wrapper fusion-column-has-shadow fusion-flex-justify-content-flex-start fusion-content-layout-column\"><\/div><\/div><div class=\"fusion-layout-column fusion_builder_column fusion-builder-column-4 fusion_builder_column_1_3 1_3 fusion-flex-column\" style=\"--awb-bg-size:cover;--awb-width-large:33.333333333333%;--awb-margin-top-large:0px;--awb-spacing-right-large:5.76%;--awb-margin-bottom-large:20px;--awb-spacing-left-large:5.76%;--awb-width-medium:100%;--awb-order-medium:0;--awb-spacing-right-medium:1.92%;--awb-spacing-left-medium:1.92%;--awb-width-small:100%;--awb-order-small:0;--awb-spacing-right-small:1.92%;--awb-spacing-left-small:1.92%;\"><div class=\"fusion-column-wrapper fusion-column-has-shadow fusion-flex-justify-content-flex-start fusion-content-layout-column\"><div ><a class=\"fusion-button button-flat fusion-button-default-size button-default fusion-button-default button-1 fusion-button-default-span fusion-button-default-type\" target=\"_self\" href=\"https:\/\/www.change.org\/p\/la-ministre-de-la-culture-roselyne-bachelot-un-engraissement-de-porcs-mine-la-culture-%C3%A0-boisbuchet-charente-stop-it-before-it-is-too-late\"><span class=\"fusion-button-text awb-button__text awb-button__text--default\">Signez la p\u00e9tition sur Change.org<\/span><\/a><\/div><\/div><\/div><div class=\"fusion-layout-column fusion_builder_column fusion-builder-column-5 fusion_builder_column_1_3 1_3 fusion-flex-column\" style=\"--awb-bg-size:cover;--awb-width-large:33.333333333333%;--awb-margin-top-large:0px;--awb-spacing-right-large:5.76%;--awb-margin-bottom-large:20px;--awb-spacing-left-large:5.76%;--awb-width-medium:100%;--awb-order-medium:0;--awb-spacing-right-medium:1.92%;--awb-spacing-left-medium:1.92%;--awb-width-small:100%;--awb-order-small:0;--awb-spacing-right-small:1.92%;--awb-spacing-left-small:1.92%;\"><div class=\"fusion-column-wrapper fusion-column-has-shadow fusion-flex-justify-content-flex-start fusion-content-layout-column\"><\/div><\/div><\/div><\/div><div class=\"fusion-fullwidth fullwidth-box fusion-builder-row-4 fusion-flex-container nonhundred-percent-fullwidth non-hundred-percent-height-scrolling\" style=\"--awb-border-radius-top-left:0px;--awb-border-radius-top-right:0px;--awb-border-radius-bottom-right:0px;--awb-border-radius-bottom-left:0px;--awb-flex-wrap:wrap;\" ><div class=\"fusion-builder-row fusion-row fusion-flex-align-items-flex-start fusion-flex-content-wrap\" style=\"max-width:1144px;margin-left: calc(-4% \/ 2 );margin-right: calc(-4% \/ 2 );\"><div class=\"fusion-layout-column fusion_builder_column fusion-builder-column-6 fusion_builder_column_1_1 1_1 fusion-flex-column\" style=\"--awb-bg-size:cover;--awb-width-large:100%;--awb-margin-top-large:0px;--awb-spacing-right-large:1.92%;--awb-margin-bottom-large:20px;--awb-spacing-left-large:1.92%;--awb-width-medium:100%;--awb-order-medium:0;--awb-spacing-right-medium:1.92%;--awb-spacing-left-medium:1.92%;--awb-width-small:100%;--awb-order-small:0;--awb-spacing-right-small:1.92%;--awb-spacing-left-small:1.92%;\"><div class=\"fusion-column-wrapper fusion-column-has-shadow fusion-flex-justify-content-flex-start fusion-content-layout-column\"><div class=\"fusion-image-element \" style=\"--awb-caption-title-font-family:var(--h2_typography-font-family);--awb-caption-title-font-weight:var(--h2_typography-font-weight);--awb-caption-title-font-style:var(--h2_typography-font-style);--awb-caption-title-size:var(--h2_typography-font-size);--awb-caption-title-transform:var(--h2_typography-text-transform);--awb-caption-title-line-height:var(--h2_typography-line-height);--awb-caption-title-letter-spacing:var(--h2_typography-letter-spacing);\"><span class=\" fusion-imageframe imageframe-none imageframe-2 hover-type-none\"><a class=\"fusion-no-lightbox\" href=\"https:\/\/www.change.org\/p\/la-ministre-de-la-culture-roselyne-bachelot-un-engraissement-de-porcs-mine-la-culture-%C3%A0-boisbuchet-charente-stop-it-before-it-is-too-late\" target=\"_self\" aria-label=\"Screen Shot 2020-12-16 at 10.01.25\"><img decoding=\"async\" width=\"1006\" height=\"825\" src=\"https:\/\/www.boisbuchet.org\/wp-content\/uploads\/2020\/12\/Screen-Shot-2020-12-16-at-10.01.25.png\" alt class=\"img-responsive wp-image-11382\" srcset=\"https:\/\/www.boisbuchet.org\/wp-content\/uploads\/2020\/12\/Screen-Shot-2020-12-16-at-10.01.25-200x164.png 200w, https:\/\/www.boisbuchet.org\/wp-content\/uploads\/2020\/12\/Screen-Shot-2020-12-16-at-10.01.25-400x328.png 400w, https:\/\/www.boisbuchet.org\/wp-content\/uploads\/2020\/12\/Screen-Shot-2020-12-16-at-10.01.25-600x492.png 600w, https:\/\/www.boisbuchet.org\/wp-content\/uploads\/2020\/12\/Screen-Shot-2020-12-16-at-10.01.25-800x656.png 800w, https:\/\/www.boisbuchet.org\/wp-content\/uploads\/2020\/12\/Screen-Shot-2020-12-16-at-10.01.25.png 1006w\" sizes=\"(max-width: 1024px) 100vw, (max-width: 640px) 100vw, 1006px\" \/><\/a><\/span><\/div><\/div><\/div><div class=\"fusion-layout-column fusion_builder_column fusion-builder-column-7 fusion_builder_column_1_3 1_3 fusion-flex-column\" style=\"--awb-bg-size:cover;--awb-width-large:33.333333333333%;--awb-margin-top-large:0px;--awb-spacing-right-large:5.76%;--awb-margin-bottom-large:20px;--awb-spacing-left-large:5.76%;--awb-width-medium:100%;--awb-order-medium:0;--awb-spacing-right-medium:1.92%;--awb-spacing-left-medium:1.92%;--awb-width-small:100%;--awb-order-small:0;--awb-spacing-right-small:1.92%;--awb-spacing-left-small:1.92%;\"><div class=\"fusion-column-wrapper fusion-column-has-shadow fusion-flex-justify-content-flex-start fusion-content-layout-column\"><\/div><\/div><div class=\"fusion-layout-column fusion_builder_column fusion-builder-column-8 fusion_builder_column_1_3 1_3 fusion-flex-column\" style=\"--awb-bg-size:cover;--awb-width-large:33.333333333333%;--awb-margin-top-large:0px;--awb-spacing-right-large:5.76%;--awb-margin-bottom-large:20px;--awb-spacing-left-large:5.76%;--awb-width-medium:100%;--awb-order-medium:0;--awb-spacing-right-medium:1.92%;--awb-spacing-left-medium:1.92%;--awb-width-small:100%;--awb-order-small:0;--awb-spacing-right-small:1.92%;--awb-spacing-left-small:1.92%;\"><div class=\"fusion-column-wrapper fusion-column-has-shadow fusion-flex-justify-content-flex-start fusion-content-layout-column\"><div class=\"fusion-image-element \" style=\"--awb-caption-title-font-family:var(--h2_typography-font-family);--awb-caption-title-font-weight:var(--h2_typography-font-weight);--awb-caption-title-font-style:var(--h2_typography-font-style);--awb-caption-title-size:var(--h2_typography-font-size);--awb-caption-title-transform:var(--h2_typography-text-transform);--awb-caption-title-line-height:var(--h2_typography-line-height);--awb-caption-title-letter-spacing:var(--h2_typography-letter-spacing);\"><span class=\" fusion-imageframe imageframe-none imageframe-3 hover-type-none\"><a class=\"fusion-no-lightbox\" href=\"https:\/\/www.change.org\/p\/la-ministre-de-la-culture-roselyne-bachelot-un-engraissement-de-porcs-mine-la-culture-%C3%A0-boisbuchet-charente-stop-it-before-it-is-too-late\" target=\"_self\" aria-label=\"Logo_de_Change.org\"><img decoding=\"async\" width=\"1000\" height=\"570\" src=\"https:\/\/www.boisbuchet.org\/wp-content\/uploads\/2020\/12\/Logo_de_Change.org_.jpg\" alt class=\"img-responsive wp-image-11384\" srcset=\"https:\/\/www.boisbuchet.org\/wp-content\/uploads\/2020\/12\/Logo_de_Change.org_-200x114.jpg 200w, https:\/\/www.boisbuchet.org\/wp-content\/uploads\/2020\/12\/Logo_de_Change.org_-400x228.jpg 400w, https:\/\/www.boisbuchet.org\/wp-content\/uploads\/2020\/12\/Logo_de_Change.org_-600x342.jpg 600w, https:\/\/www.boisbuchet.org\/wp-content\/uploads\/2020\/12\/Logo_de_Change.org_-800x456.jpg 800w, https:\/\/www.boisbuchet.org\/wp-content\/uploads\/2020\/12\/Logo_de_Change.org_.jpg 1000w\" sizes=\"(max-width: 1024px) 100vw, (max-width: 640px) 100vw, 400px\" \/><\/a><\/span><\/div><\/div><\/div><div class=\"fusion-layout-column fusion_builder_column fusion-builder-column-9 fusion_builder_column_1_3 1_3 fusion-flex-column\" style=\"--awb-bg-size:cover;--awb-width-large:33.333333333333%;--awb-margin-top-large:0px;--awb-spacing-right-large:5.76%;--awb-margin-bottom-large:20px;--awb-spacing-left-large:5.76%;--awb-width-medium:100%;--awb-order-medium:0;--awb-spacing-right-medium:1.92%;--awb-spacing-left-medium:1.92%;--awb-width-small:100%;--awb-order-small:0;--awb-spacing-right-small:1.92%;--awb-spacing-left-small:1.92%;\"><div class=\"fusion-column-wrapper fusion-column-has-shadow fusion-flex-justify-content-flex-start fusion-content-layout-column\"><\/div><\/div><\/div><\/div>\n","protected":false},"excerpt":{"rendered":"","protected":false},"author":566,"featured_media":11388,"comment_status":"closed","ping_status":"open","sticky":false,"template":"","format":"standard","meta":{"_monsterinsights_skip_tracking":false,"_monsterinsights_sitenote_active":false,"_monsterinsights_sitenote_note":"","_monsterinsights_sitenote_category":0,"footnotes":""},"categories":[167,609],"tags":[],"class_list":["post-11393","post","type-post","status-publish","format-standard","has-post-thumbnail","hentry","category-news-events","category-news-events-fr"],"yoast_head":"<!-- This site is optimized with the Yoast SEO plugin v27.1.1 - https:\/\/yoast.com\/product\/yoast-seo-wordpress\/ -->\n<title>Un projet d&#039;\u00e9levage de porcs met en danger Boisbuchet - Arr\u00eatez avant qu&#039;il ne soit trop tard ! | Domaine de Boisbuchet<\/title>\n<meta name=\"robots\" content=\"index, follow, max-snippet:-1, max-image-preview:large, max-video-preview:-1\" \/>\n<link rel=\"canonical\" href=\"https:\/\/www.boisbuchet.org\/fr\/un-projet-delevage-de-porcs-met-en-danger-boisbuchet-arretez-avant-quil-ne-soit-trop-tard\/\" \/>\n<meta property=\"og:locale\" content=\"fr_FR\" \/>\n<meta property=\"og:type\" content=\"article\" \/>\n<meta property=\"og:title\" content=\"Un projet d&#039;\u00e9levage de porcs met en danger Boisbuchet - Arr\u00eatez avant qu&#039;il ne soit trop tard ! | Domaine de Boisbuchet\" \/>\n<meta property=\"og:url\" content=\"https:\/\/www.boisbuchet.org\/fr\/un-projet-delevage-de-porcs-met-en-danger-boisbuchet-arretez-avant-quil-ne-soit-trop-tard\/\" \/>\n<meta property=\"og:site_name\" content=\"Domaine de Boisbuchet\" \/>\n<meta property=\"article:publisher\" content=\"https:\/\/www.facebook.com\/boisbuchet\" \/>\n<meta property=\"article:published_time\" content=\"2020-12-16T09:16:38+00:00\" \/>\n<meta property=\"article:modified_time\" content=\"2020-12-16T09:16:41+00:00\" \/>\n<meta property=\"og:image\" content=\"https:\/\/www.boisbuchet.org\/wp-content\/uploads\/2020\/12\/Pig-Web.jpg\" \/>\n\t<meta property=\"og:image:width\" content=\"724\" \/>\n\t<meta property=\"og:image:height\" content=\"542\" \/>\n\t<meta property=\"og:image:type\" content=\"image\/jpeg\" \/>\n<meta name=\"author\" content=\"pablo.sevilla\" \/>\n<meta name=\"twitter:card\" content=\"summary_large_image\" \/>\n<meta name=\"twitter:creator\" content=\"@boisbuchet\" \/>\n<meta name=\"twitter:site\" content=\"@boisbuchet\" \/>\n<meta name=\"twitter:label1\" content=\"\u00c9crit par\" \/>\n\t<meta name=\"twitter:data1\" content=\"pablo.sevilla\" \/>\n\t<meta name=\"twitter:label2\" content=\"Dur\u00e9e de lecture estim\u00e9e\" \/>\n\t<meta name=\"twitter:data2\" content=\"21 minutes\" \/>\n<script type=\"application\/ld+json\" class=\"yoast-schema-graph\">{\"@context\":\"https:\/\/schema.org\",\"@graph\":[{\"@type\":\"Article\",\"@id\":\"https:\/\/www.boisbuchet.org\/fr\/un-projet-delevage-de-porcs-met-en-danger-boisbuchet-arretez-avant-quil-ne-soit-trop-tard\/#article\",\"isPartOf\":{\"@id\":\"https:\/\/www.boisbuchet.org\/fr\/un-projet-delevage-de-porcs-met-en-danger-boisbuchet-arretez-avant-quil-ne-soit-trop-tard\/\"},\"author\":{\"name\":\"pablo.sevilla\",\"@id\":\"https:\/\/www.boisbuchet.org\/#\/schema\/person\/37f6d78daf7b561c8175c85d605ef2f0\"},\"headline\":\"Un projet d&#8217;\u00e9levage de porcs met en danger Boisbuchet &#8211; Arr\u00eatez avant qu&#8217;il ne soit trop tard !\",\"datePublished\":\"2020-12-16T09:16:38+00:00\",\"dateModified\":\"2020-12-16T09:16:41+00:00\",\"mainEntityOfPage\":{\"@id\":\"https:\/\/www.boisbuchet.org\/fr\/un-projet-delevage-de-porcs-met-en-danger-boisbuchet-arretez-avant-quil-ne-soit-trop-tard\/\"},\"wordCount\":4267,\"publisher\":{\"@id\":\"https:\/\/www.boisbuchet.org\/#organization\"},\"image\":{\"@id\":\"https:\/\/www.boisbuchet.org\/fr\/un-projet-delevage-de-porcs-met-en-danger-boisbuchet-arretez-avant-quil-ne-soit-trop-tard\/#primaryimage\"},\"thumbnailUrl\":\"https:\/\/www.boisbuchet.org\/wp-content\/uploads\/2020\/12\/Pig-Web.jpg\",\"articleSection\":[\"News &amp; Events\",\"News &amp; Events\"],\"inLanguage\":\"fr-FR\"},{\"@type\":\"WebPage\",\"@id\":\"https:\/\/www.boisbuchet.org\/fr\/un-projet-delevage-de-porcs-met-en-danger-boisbuchet-arretez-avant-quil-ne-soit-trop-tard\/\",\"url\":\"https:\/\/www.boisbuchet.org\/fr\/un-projet-delevage-de-porcs-met-en-danger-boisbuchet-arretez-avant-quil-ne-soit-trop-tard\/\",\"name\":\"Un projet d'\u00e9levage de porcs met en danger Boisbuchet - Arr\u00eatez avant qu'il ne soit trop tard ! | Domaine de Boisbuchet\",\"isPartOf\":{\"@id\":\"https:\/\/www.boisbuchet.org\/#website\"},\"primaryImageOfPage\":{\"@id\":\"https:\/\/www.boisbuchet.org\/fr\/un-projet-delevage-de-porcs-met-en-danger-boisbuchet-arretez-avant-quil-ne-soit-trop-tard\/#primaryimage\"},\"image\":{\"@id\":\"https:\/\/www.boisbuchet.org\/fr\/un-projet-delevage-de-porcs-met-en-danger-boisbuchet-arretez-avant-quil-ne-soit-trop-tard\/#primaryimage\"},\"thumbnailUrl\":\"https:\/\/www.boisbuchet.org\/wp-content\/uploads\/2020\/12\/Pig-Web.jpg\",\"datePublished\":\"2020-12-16T09:16:38+00:00\",\"dateModified\":\"2020-12-16T09:16:41+00:00\",\"breadcrumb\":{\"@id\":\"https:\/\/www.boisbuchet.org\/fr\/un-projet-delevage-de-porcs-met-en-danger-boisbuchet-arretez-avant-quil-ne-soit-trop-tard\/#breadcrumb\"},\"inLanguage\":\"fr-FR\",\"potentialAction\":[{\"@type\":\"ReadAction\",\"target\":[\"https:\/\/www.boisbuchet.org\/fr\/un-projet-delevage-de-porcs-met-en-danger-boisbuchet-arretez-avant-quil-ne-soit-trop-tard\/\"]}]},{\"@type\":\"ImageObject\",\"inLanguage\":\"fr-FR\",\"@id\":\"https:\/\/www.boisbuchet.org\/fr\/un-projet-delevage-de-porcs-met-en-danger-boisbuchet-arretez-avant-quil-ne-soit-trop-tard\/#primaryimage\",\"url\":\"https:\/\/www.boisbuchet.org\/wp-content\/uploads\/2020\/12\/Pig-Web.jpg\",\"contentUrl\":\"https:\/\/www.boisbuchet.org\/wp-content\/uploads\/2020\/12\/Pig-Web.jpg\",\"width\":724,\"height\":542},{\"@type\":\"BreadcrumbList\",\"@id\":\"https:\/\/www.boisbuchet.org\/fr\/un-projet-delevage-de-porcs-met-en-danger-boisbuchet-arretez-avant-quil-ne-soit-trop-tard\/#breadcrumb\",\"itemListElement\":[{\"@type\":\"ListItem\",\"position\":1,\"name\":\"Home\",\"item\":\"https:\/\/www.boisbuchet.org\/fr\/\"},{\"@type\":\"ListItem\",\"position\":2,\"name\":\"Un projet d&rsquo;\u00e9levage de porcs met en danger Boisbuchet &#8211; Arr\u00eatez avant qu&rsquo;il ne soit trop tard !\"}]},{\"@type\":\"WebSite\",\"@id\":\"https:\/\/www.boisbuchet.org\/#website\",\"url\":\"https:\/\/www.boisbuchet.org\/\",\"name\":\"Domaine de Boisbuchet\",\"description\":\"Summer Workshops | Park | Event\u00a0Location\",\"publisher\":{\"@id\":\"https:\/\/www.boisbuchet.org\/#organization\"},\"potentialAction\":[{\"@type\":\"SearchAction\",\"target\":{\"@type\":\"EntryPoint\",\"urlTemplate\":\"https:\/\/www.boisbuchet.org\/?s={search_term_string}\"},\"query-input\":{\"@type\":\"PropertyValueSpecification\",\"valueRequired\":true,\"valueName\":\"search_term_string\"}}],\"inLanguage\":\"fr-FR\"},{\"@type\":\"Organization\",\"@id\":\"https:\/\/www.boisbuchet.org\/#organization\",\"name\":\"Domine de Boisbuchet\",\"url\":\"https:\/\/www.boisbuchet.org\/\",\"logo\":{\"@type\":\"ImageObject\",\"inLanguage\":\"fr-FR\",\"@id\":\"https:\/\/www.boisbuchet.org\/#\/schema\/logo\/image\/\",\"url\":\"https:\/\/www.boisbuchet.org\/wp-content\/uploads\/2019\/01\/logo_boisbuchet_black.png\",\"contentUrl\":\"https:\/\/www.boisbuchet.org\/wp-content\/uploads\/2019\/01\/logo_boisbuchet_black.png\",\"width\":200,\"height\":73,\"caption\":\"Domine de Boisbuchet\"},\"image\":{\"@id\":\"https:\/\/www.boisbuchet.org\/#\/schema\/logo\/image\/\"},\"sameAs\":[\"https:\/\/www.facebook.com\/boisbuchet\",\"https:\/\/x.com\/boisbuchet\",\"https:\/\/www.instagram.com\/boisbuchet\",\"https:\/\/www.linkedin.com\/company\/domaine-de-boisbuchet\",\"https:\/\/www.pinterest.com\/boisbuchet\"]},{\"@type\":\"Person\",\"@id\":\"https:\/\/www.boisbuchet.org\/#\/schema\/person\/37f6d78daf7b561c8175c85d605ef2f0\",\"name\":\"pablo.sevilla\",\"url\":\"https:\/\/www.boisbuchet.org\/fr\/author\/pablo-sevilla\/\"}]}<\/script>\n<!-- \/ Yoast SEO plugin. -->","yoast_head_json":{"title":"Un projet d'\u00e9levage de porcs met en danger Boisbuchet - Arr\u00eatez avant qu'il ne soit trop tard ! | Domaine de Boisbuchet","robots":{"index":"index","follow":"follow","max-snippet":"max-snippet:-1","max-image-preview":"max-image-preview:large","max-video-preview":"max-video-preview:-1"},"canonical":"https:\/\/www.boisbuchet.org\/fr\/un-projet-delevage-de-porcs-met-en-danger-boisbuchet-arretez-avant-quil-ne-soit-trop-tard\/","og_locale":"fr_FR","og_type":"article","og_title":"Un projet d'\u00e9levage de porcs met en danger Boisbuchet - Arr\u00eatez avant qu'il ne soit trop tard ! | Domaine de Boisbuchet","og_url":"https:\/\/www.boisbuchet.org\/fr\/un-projet-delevage-de-porcs-met-en-danger-boisbuchet-arretez-avant-quil-ne-soit-trop-tard\/","og_site_name":"Domaine de Boisbuchet","article_publisher":"https:\/\/www.facebook.com\/boisbuchet","article_published_time":"2020-12-16T09:16:38+00:00","article_modified_time":"2020-12-16T09:16:41+00:00","og_image":[{"width":724,"height":542,"url":"https:\/\/www.boisbuchet.org\/wp-content\/uploads\/2020\/12\/Pig-Web.jpg","type":"image\/jpeg"}],"author":"pablo.sevilla","twitter_card":"summary_large_image","twitter_creator":"@boisbuchet","twitter_site":"@boisbuchet","twitter_misc":{"\u00c9crit par":"pablo.sevilla","Dur\u00e9e de lecture estim\u00e9e":"21 minutes"},"schema":{"@context":"https:\/\/schema.org","@graph":[{"@type":"Article","@id":"https:\/\/www.boisbuchet.org\/fr\/un-projet-delevage-de-porcs-met-en-danger-boisbuchet-arretez-avant-quil-ne-soit-trop-tard\/#article","isPartOf":{"@id":"https:\/\/www.boisbuchet.org\/fr\/un-projet-delevage-de-porcs-met-en-danger-boisbuchet-arretez-avant-quil-ne-soit-trop-tard\/"},"author":{"name":"pablo.sevilla","@id":"https:\/\/www.boisbuchet.org\/#\/schema\/person\/37f6d78daf7b561c8175c85d605ef2f0"},"headline":"Un projet d&#8217;\u00e9levage de porcs met en danger Boisbuchet &#8211; Arr\u00eatez avant qu&#8217;il ne soit trop tard !","datePublished":"2020-12-16T09:16:38+00:00","dateModified":"2020-12-16T09:16:41+00:00","mainEntityOfPage":{"@id":"https:\/\/www.boisbuchet.org\/fr\/un-projet-delevage-de-porcs-met-en-danger-boisbuchet-arretez-avant-quil-ne-soit-trop-tard\/"},"wordCount":4267,"publisher":{"@id":"https:\/\/www.boisbuchet.org\/#organization"},"image":{"@id":"https:\/\/www.boisbuchet.org\/fr\/un-projet-delevage-de-porcs-met-en-danger-boisbuchet-arretez-avant-quil-ne-soit-trop-tard\/#primaryimage"},"thumbnailUrl":"https:\/\/www.boisbuchet.org\/wp-content\/uploads\/2020\/12\/Pig-Web.jpg","articleSection":["News &amp; Events","News &amp; Events"],"inLanguage":"fr-FR"},{"@type":"WebPage","@id":"https:\/\/www.boisbuchet.org\/fr\/un-projet-delevage-de-porcs-met-en-danger-boisbuchet-arretez-avant-quil-ne-soit-trop-tard\/","url":"https:\/\/www.boisbuchet.org\/fr\/un-projet-delevage-de-porcs-met-en-danger-boisbuchet-arretez-avant-quil-ne-soit-trop-tard\/","name":"Un projet d'\u00e9levage de porcs met en danger Boisbuchet - Arr\u00eatez avant qu'il ne soit trop tard ! | Domaine de Boisbuchet","isPartOf":{"@id":"https:\/\/www.boisbuchet.org\/#website"},"primaryImageOfPage":{"@id":"https:\/\/www.boisbuchet.org\/fr\/un-projet-delevage-de-porcs-met-en-danger-boisbuchet-arretez-avant-quil-ne-soit-trop-tard\/#primaryimage"},"image":{"@id":"https:\/\/www.boisbuchet.org\/fr\/un-projet-delevage-de-porcs-met-en-danger-boisbuchet-arretez-avant-quil-ne-soit-trop-tard\/#primaryimage"},"thumbnailUrl":"https:\/\/www.boisbuchet.org\/wp-content\/uploads\/2020\/12\/Pig-Web.jpg","datePublished":"2020-12-16T09:16:38+00:00","dateModified":"2020-12-16T09:16:41+00:00","breadcrumb":{"@id":"https:\/\/www.boisbuchet.org\/fr\/un-projet-delevage-de-porcs-met-en-danger-boisbuchet-arretez-avant-quil-ne-soit-trop-tard\/#breadcrumb"},"inLanguage":"fr-FR","potentialAction":[{"@type":"ReadAction","target":["https:\/\/www.boisbuchet.org\/fr\/un-projet-delevage-de-porcs-met-en-danger-boisbuchet-arretez-avant-quil-ne-soit-trop-tard\/"]}]},{"@type":"ImageObject","inLanguage":"fr-FR","@id":"https:\/\/www.boisbuchet.org\/fr\/un-projet-delevage-de-porcs-met-en-danger-boisbuchet-arretez-avant-quil-ne-soit-trop-tard\/#primaryimage","url":"https:\/\/www.boisbuchet.org\/wp-content\/uploads\/2020\/12\/Pig-Web.jpg","contentUrl":"https:\/\/www.boisbuchet.org\/wp-content\/uploads\/2020\/12\/Pig-Web.jpg","width":724,"height":542},{"@type":"BreadcrumbList","@id":"https:\/\/www.boisbuchet.org\/fr\/un-projet-delevage-de-porcs-met-en-danger-boisbuchet-arretez-avant-quil-ne-soit-trop-tard\/#breadcrumb","itemListElement":[{"@type":"ListItem","position":1,"name":"Home","item":"https:\/\/www.boisbuchet.org\/fr\/"},{"@type":"ListItem","position":2,"name":"Un projet d&rsquo;\u00e9levage de porcs met en danger Boisbuchet &#8211; Arr\u00eatez avant qu&rsquo;il ne soit trop tard !"}]},{"@type":"WebSite","@id":"https:\/\/www.boisbuchet.org\/#website","url":"https:\/\/www.boisbuchet.org\/","name":"Domaine de Boisbuchet","description":"Summer Workshops | Park | Event\u00a0Location","publisher":{"@id":"https:\/\/www.boisbuchet.org\/#organization"},"potentialAction":[{"@type":"SearchAction","target":{"@type":"EntryPoint","urlTemplate":"https:\/\/www.boisbuchet.org\/?s={search_term_string}"},"query-input":{"@type":"PropertyValueSpecification","valueRequired":true,"valueName":"search_term_string"}}],"inLanguage":"fr-FR"},{"@type":"Organization","@id":"https:\/\/www.boisbuchet.org\/#organization","name":"Domine de Boisbuchet","url":"https:\/\/www.boisbuchet.org\/","logo":{"@type":"ImageObject","inLanguage":"fr-FR","@id":"https:\/\/www.boisbuchet.org\/#\/schema\/logo\/image\/","url":"https:\/\/www.boisbuchet.org\/wp-content\/uploads\/2019\/01\/logo_boisbuchet_black.png","contentUrl":"https:\/\/www.boisbuchet.org\/wp-content\/uploads\/2019\/01\/logo_boisbuchet_black.png","width":200,"height":73,"caption":"Domine de Boisbuchet"},"image":{"@id":"https:\/\/www.boisbuchet.org\/#\/schema\/logo\/image\/"},"sameAs":["https:\/\/www.facebook.com\/boisbuchet","https:\/\/x.com\/boisbuchet","https:\/\/www.instagram.com\/boisbuchet","https:\/\/www.linkedin.com\/company\/domaine-de-boisbuchet","https:\/\/www.pinterest.com\/boisbuchet"]},{"@type":"Person","@id":"https:\/\/www.boisbuchet.org\/#\/schema\/person\/37f6d78daf7b561c8175c85d605ef2f0","name":"pablo.sevilla","url":"https:\/\/www.boisbuchet.org\/fr\/author\/pablo-sevilla\/"}]}},"_links":{"self":[{"href":"https:\/\/www.boisbuchet.org\/fr\/wp-json\/wp\/v2\/posts\/11393","targetHints":{"allow":["GET"]}}],"collection":[{"href":"https:\/\/www.boisbuchet.org\/fr\/wp-json\/wp\/v2\/posts"}],"about":[{"href":"https:\/\/www.boisbuchet.org\/fr\/wp-json\/wp\/v2\/types\/post"}],"author":[{"embeddable":true,"href":"https:\/\/www.boisbuchet.org\/fr\/wp-json\/wp\/v2\/users\/566"}],"replies":[{"embeddable":true,"href":"https:\/\/www.boisbuchet.org\/fr\/wp-json\/wp\/v2\/comments?post=11393"}],"version-history":[{"count":2,"href":"https:\/\/www.boisbuchet.org\/fr\/wp-json\/wp\/v2\/posts\/11393\/revisions"}],"predecessor-version":[{"id":11395,"href":"https:\/\/www.boisbuchet.org\/fr\/wp-json\/wp\/v2\/posts\/11393\/revisions\/11395"}],"wp:featuredmedia":[{"embeddable":true,"href":"https:\/\/www.boisbuchet.org\/fr\/wp-json\/wp\/v2\/media\/11388"}],"wp:attachment":[{"href":"https:\/\/www.boisbuchet.org\/fr\/wp-json\/wp\/v2\/media?parent=11393"}],"wp:term":[{"taxonomy":"category","embeddable":true,"href":"https:\/\/www.boisbuchet.org\/fr\/wp-json\/wp\/v2\/categories?post=11393"},{"taxonomy":"post_tag","embeddable":true,"href":"https:\/\/www.boisbuchet.org\/fr\/wp-json\/wp\/v2\/tags?post=11393"}],"curies":[{"name":"wp","href":"https:\/\/api.w.org\/{rel}","templated":true}]}}