{"id":11841,"date":"2021-02-11T12:21:18","date_gmt":"2021-02-11T11:21:18","guid":{"rendered":"https:\/\/www.boisbuchet.org\/larchitecture-sous-controle-la-maison-saine\/"},"modified":"2021-03-23T15:56:52","modified_gmt":"2021-03-23T14:56:52","slug":"larchitecture-sous-controle-la-maison-saine","status":"publish","type":"post","link":"https:\/\/www.boisbuchet.org\/fr\/larchitecture-sous-controle-la-maison-saine\/","title":{"rendered":"L&#8217;architecture sous contr\u00f4le : La maison saine"},"content":{"rendered":"<div class=\"fusion-fullwidth fullwidth-box fusion-builder-row-1 nonhundred-percent-fullwidth non-hundred-percent-height-scrolling\" style=\"--awb-border-radius-top-left:0px;--awb-border-radius-top-right:0px;--awb-border-radius-bottom-right:0px;--awb-border-radius-bottom-left:0px;--awb-flex-wrap:wrap;\" ><div class=\"fusion-builder-row fusion-row\"><div class=\"fusion-layout-column fusion_builder_column fusion-builder-column-0 fusion_builder_column_1_1 1_1 fusion-one-full fusion-column-first fusion-column-last\" style=\"--awb-bg-size:cover;\"><div class=\"fusion-column-wrapper fusion-column-has-shadow fusion-flex-column-wrapper-legacy\"><div class=\"fusion-column-content-centered\"><div class=\"fusion-column-content\"><div class=\"fusion-title title fusion-title-1 fusion-sep-none fusion-title-text fusion-title-size-one\" style=\"--awb-margin-top-small:0px;--awb-margin-right-small:0px;--awb-margin-bottom-small:20px;--awb-margin-left-small:0px;\"><h1 class=\"fusion-title-heading title-heading-left\" style=\"margin:0;\"><h2 style=\"text-align: center\"><span style=\"font-weight: 400\"><strong>L&#8217;architecture sous contr\u00f4le :<\/strong> \u00c9tude de cas I &#8211; La maison saine\u00a0<\/span><\/h2><\/h1><\/div><div class=\"fusion-title title fusion-title-2 fusion-sep-none fusion-title-center fusion-title-text fusion-title-size-four\" style=\"--awb-text-color:#999999;--awb-margin-top-small:0px;--awb-margin-right-small:0px;--awb-margin-bottom-small:20px;--awb-margin-left-small:0px;\"><h4 class=\"fusion-title-heading title-heading-center\" style=\"margin:0;letter-spacing:5px;\">f\u00e9vrier 11, 2021<\/h4><\/div><\/div><\/div><div class=\"fusion-clearfix\"><\/div><\/div><\/div><\/div><\/div><div class=\"fusion-fullwidth fullwidth-box fusion-builder-row-2 fusion-flex-container nonhundred-percent-fullwidth non-hundred-percent-height-scrolling\" style=\"--awb-border-radius-top-left:0px;--awb-border-radius-top-right:0px;--awb-border-radius-bottom-right:0px;--awb-border-radius-bottom-left:0px;--awb-flex-wrap:wrap;\" ><div class=\"fusion-builder-row fusion-row fusion-flex-align-items-flex-start fusion-flex-content-wrap\" style=\"max-width:1144px;margin-left: calc(-4% \/ 2 );margin-right: calc(-4% \/ 2 );\"><div class=\"fusion-layout-column fusion_builder_column fusion-builder-column-1 fusion_builder_column_1_1 1_1 fusion-flex-column\" style=\"--awb-bg-size:cover;--awb-width-large:100%;--awb-margin-top-large:0px;--awb-spacing-right-large:1.92%;--awb-margin-bottom-large:20px;--awb-spacing-left-large:1.92%;--awb-width-medium:100%;--awb-order-medium:0;--awb-spacing-right-medium:1.92%;--awb-spacing-left-medium:1.92%;--awb-width-small:100%;--awb-order-small:0;--awb-spacing-right-small:1.92%;--awb-spacing-left-small:1.92%;\"><div class=\"fusion-column-wrapper fusion-column-has-shadow fusion-flex-justify-content-flex-start fusion-content-layout-column\"><div class=\"fusion-image-element \" style=\"--awb-caption-title-font-family:var(--h2_typography-font-family);--awb-caption-title-font-weight:var(--h2_typography-font-weight);--awb-caption-title-font-style:var(--h2_typography-font-style);--awb-caption-title-size:var(--h2_typography-font-size);--awb-caption-title-transform:var(--h2_typography-text-transform);--awb-caption-title-line-height:var(--h2_typography-line-height);--awb-caption-title-letter-spacing:var(--h2_typography-letter-spacing);\"><span class=\" fusion-imageframe imageframe-none imageframe-1 hover-type-none\"><img decoding=\"async\" width=\"1920\" height=\"1080\" alt=\"Le sanatorium de Paimio con\u00e7u par l&#039;architecte finlandais Alvar Aalto\" title=\"Post-AhealthyhomeAB\" src=\"https:\/\/www.boisbuchet.org\/wp-content\/uploads\/2021\/02\/Post-AhealthyhomeAB.jpg\" class=\"img-responsive wp-image-11639\" srcset=\"https:\/\/www.boisbuchet.org\/wp-content\/uploads\/2021\/02\/Post-AhealthyhomeAB-200x113.jpg 200w, https:\/\/www.boisbuchet.org\/wp-content\/uploads\/2021\/02\/Post-AhealthyhomeAB-400x225.jpg 400w, https:\/\/www.boisbuchet.org\/wp-content\/uploads\/2021\/02\/Post-AhealthyhomeAB-600x338.jpg 600w, https:\/\/www.boisbuchet.org\/wp-content\/uploads\/2021\/02\/Post-AhealthyhomeAB-800x450.jpg 800w, https:\/\/www.boisbuchet.org\/wp-content\/uploads\/2021\/02\/Post-AhealthyhomeAB-1200x675.jpg 1200w, https:\/\/www.boisbuchet.org\/wp-content\/uploads\/2021\/02\/Post-AhealthyhomeAB.jpg 1920w\" sizes=\"(max-width: 1024px) 100vw, (max-width: 640px) 100vw, 1200px\" \/><\/span><\/div><div class=\"fusion-text fusion-text-1\"><h6 style=\"text-align: right\"><span style=\"font-weight: 200\">Le sanatorium de Paimio con\u00e7u par l&#8217;architecte finlandais Alvar Aalto \u00a9 Alvar Aalto Foundation<\/span><\/h6>\n<\/div><div class=\"fusion-text fusion-text-2\"><p><span style=\"font-weight: 400\">Il s&#8217;agit d&#8217;une s\u00e9rie de chapitres sur la fa\u00e7on dont l&#8217;architecture peut agir comme une mesure pr\u00e9ventive et r\u00e9active d&#8217;une pand\u00e9mie mondiale et comment elle peut r\u00e9pondre aux d\u00e9fis de la sant\u00e9 publique en ces temps troubl\u00e9s. Il s&#8217;agit \u00e9galement d&#8217;une discussion sur la responsabilit\u00e9 des architectes qui n\u00e9gligent les consid\u00e9rations sanitaires dans la conception des espaces que nous habitons aujourd&#8217;hui, et sur la fa\u00e7on dont l&#8217;\u00e9pid\u00e9mie de Covid-19 a mis en lumi\u00e8re les probl\u00e8mes que pose l&#8217;architecture post-industrielle pour le maintien de notre sant\u00e9 et de notre niveau de vie collectif. En utilisant principalement le Domaine de Boisbuchet comme \u00e9tude de cas (avec son <a href=\"https:\/\/www.boisbuchet.org\/fr\/visitez-le-domaine\/parc-architectural\/\">parc architectural<\/a> comprenant la Techstyle Haus, la Japanese Guesthouse, et ses \u00e9tablissements en terre battue, ainsi que sa philosophie primordiale en mati\u00e8re de design), la s\u00e9rie se concentrera sur les m\u00e9thodes alternatives que Boisbuchet utilise dans sa pratique de l&#8217;architecture, qui contribuent \u00e0 une discussion plus large sur le r\u00f4le que l&#8217;architecture joue dans les \u00e9tablissements de sant\u00e9 et de bien-\u00eatre publics.\u00a0<\/span><\/p>\n<\/div><div class=\"fusion-separator fusion-full-width-sep\" style=\"align-self: center;margin-left: auto;margin-right: auto;width:100%;\"><div class=\"fusion-separator-border sep-single sep-solid\" style=\"--awb-height:20px;--awb-amount:20px;border-color:#e0dede;border-top-width:1px;\"><\/div><\/div><div class=\"fusion-separator fusion-full-width-sep\" style=\"align-self: center;margin-left: auto;margin-right: auto;width:100%;\"><\/div><\/div><\/div><\/div><\/div><div class=\"fusion-fullwidth fullwidth-box fusion-builder-row-3 fusion-flex-container nonhundred-percent-fullwidth non-hundred-percent-height-scrolling\" style=\"--awb-border-radius-top-left:0px;--awb-border-radius-top-right:0px;--awb-border-radius-bottom-right:0px;--awb-border-radius-bottom-left:0px;--awb-flex-wrap:wrap;\" ><div class=\"fusion-builder-row fusion-row fusion-flex-align-items-flex-start fusion-flex-content-wrap\" style=\"max-width:1144px;margin-left: calc(-4% \/ 2 );margin-right: calc(-4% \/ 2 );\"><div class=\"fusion-layout-column fusion_builder_column fusion-builder-column-2 fusion_builder_column_1_1 1_1 fusion-flex-column\" style=\"--awb-bg-size:cover;--awb-width-large:100%;--awb-margin-top-large:0px;--awb-spacing-right-large:1.92%;--awb-margin-bottom-large:20px;--awb-spacing-left-large:1.92%;--awb-width-medium:100%;--awb-order-medium:0;--awb-spacing-right-medium:1.92%;--awb-spacing-left-medium:1.92%;--awb-width-small:100%;--awb-order-small:0;--awb-spacing-right-small:1.92%;--awb-spacing-left-small:1.92%;\"><div class=\"fusion-column-wrapper fusion-column-has-shadow fusion-flex-justify-content-flex-start fusion-content-layout-column\"><div class=\"fusion-text fusion-text-3\"><h3><span style=\"font-weight: 400\">Chapitre 1 &#8211; Une maison saine<\/span><\/h3>\n<p><span style=\"font-weight: 400\">Aux \u00c9tats-Unis et en Europe, nous passerions <a href=\"https:\/\/ec.europa.eu\/commission\/presscorner\/detail\/en\/IP_03_1278\">90 % de notre temps \u00e0 l&#8217;int\u00e9rieur<\/a>. Il serait donc n\u00e9gligent de ne pas \u00e9tudier et d&#8217;aborder la mani\u00e8re dont ces espaces affectent notre sant\u00e9 collective, ces espaces qui dominent une si grande partie de notre vie et o\u00f9 nous passons presque tout notre temps. Ces espaces garantissent-ils que l&#8217;air que nous respirons ne nuit pas \u00e0 nos poumons ? Nous rendent-ils plus vuln\u00e9rables aux infections respiratoires ? Et comment pouvons-nous aborder ces probl\u00e8mes dans le contexte d&#8217;une pand\u00e9mie mondiale ?\u00a0<\/span><\/p>\n<p><span style=\"font-weight: 400\">Les recherches sur le Covid-19 sugg\u00e8rent que les personnes courent un plus grand risque de contracter le virus dans des espaces int\u00e9rieurs ferm\u00e9s sans ventilation suffisante. Par ailleurs, The Royal College of Physicians de Grande-Bretagne affirme que m\u00eame avant la pand\u00e9mie, 99 000 d\u00e9c\u00e8s par an sont dus \u00e0 des polluants domestiques, tels que la fum\u00e9e, les adh\u00e9sifs ou les moisissures. L&#8217;air int\u00e9rieur peut \u00eatre jusqu&#8217;\u00e0 <a href=\"https:\/\/www.dezeen.com\/2020\/06\/04\/future-home-form-follows-infection-coronavirus-michelle-ogundehin\/\">dix fois plus<\/a> pollu\u00e9 que l&#8217;air que nous respirons \u00e0 l&#8217;ext\u00e9rieur. De plus, la plupart des mat\u00e9riaux de construction utilis\u00e9s pour construire nos maisons, nos bureaux et nos \u00e9coles contiennent des compos\u00e9s organiques volatils (COV, en abr\u00e9g\u00e9). Ceux-ci ont des effets cumulatifs \u00e0 long terme sur notre sant\u00e9, principalement sur nos poumons et notre peau. Les personnes qui sont souvent les plus sensibles aux effets n\u00e9fastes de la pollution int\u00e9rieure (souvent les tr\u00e8s jeunes, les personnes \u00e2g\u00e9es et\/ou les personnes souffrant de maladies cardiovasculaires ou respiratoires) sont aussi celles qui passent le plus de temps \u00e0 l&#8217;int\u00e9rieur, ce qui aggrave encore leur \u00e9tat et les rend plus vuln\u00e9rables aux maladies et aux infections \u00b9.<\/span><\/p>\n<\/div><div class=\"fusion-text fusion-text-4\"><p><span style=\"font-weight: 400\">L&#8217;un des meilleurs moyens de r\u00e9soudre ces probl\u00e8mes est sans doute d&#8217;augmenter et d&#8217;am\u00e9liorer la ventilation. Kevin Van Den Wymelenberg, co-directeur du Centre de Biologie et d&#8217;Environnement B\u00e2ti de l&#8217;University of Oregon, souligne que la ventilation et la filtration de l&#8217;air int\u00e9rieur est l&#8217;une des solutions les plus importantes pour <a href=\"https:\/\/www.theverge.com\/2020\/5\/7\/21249496\/building-ventilation-design-health-humidity-cost\">lutter contre les infections respiratoires<\/a>. Dans des simulations utilisant les niveaux de transmission empiriques observ\u00e9s dans les m\u00e9nages, il a \u00e9t\u00e9 d\u00e9couvert que le fait de ramener la ventilation aux niveaux recommand\u00e9s avait le m\u00eame effet d&#8217;att\u00e9nuation qu&#8217;une couverture vaccinale de 50 \u00e0 60% \u00b2.\u00a0<\/span><\/p>\n<p><span style=\"font-weight: 400\">Pour la plupart des b\u00e2timents aujourd&#8217;hui, il reste que le moyen le plus simple de ventiler l&#8217;int\u00e9rieur d&#8217;un b\u00e2timent est d&#8217;ouvrir une fen\u00eatre. Mais m\u00eame cette consid\u00e9ration architecturale la plus \u00e9l\u00e9mentaire a \u00e9t\u00e9 n\u00e9glig\u00e9e. Pendant de nombreuses ann\u00e9es, les \u00e9coles et les bureaux ont consid\u00e9r\u00e9 les fen\u00eatres et autres interactions avec le monde ext\u00e9rieur comme une distraction possible pour les occupants du b\u00e2timent et leur travail. L&#8217;Organisation mondiale de la sant\u00e9 nous rappelle que la ventilation naturelle peut \u00eatre l&#8217;une des mesures environnementales efficaces pour r\u00e9duire le risque de propagation des infections. Ce n&#8217;est donc pas une co\u00efncidence si la pand\u00e9mie de coronavirus a eu le plus grand impact sur ces types de b\u00e2timents institutionnels o\u00f9 la ventilation\/filtration naturelle de l&#8217;air et de la lumi\u00e8re a \u00e9t\u00e9 minimis\u00e9e.\u00a0<\/span><\/p>\n<p><span style=\"font-weight: 400\">Le manque de ventilation est la cause de l&#8217;augmentation du nombre d&#8217;infections dans les habitations proches. Et dans les lieux d&#8217;enfermement et de confinement du monde entier, les personnes qui vivent dans de petits complexes dans des zones dens\u00e9ment peupl\u00e9es ont souvent tr\u00e8s peu de moyens d&#8217;acc\u00e9der au monde ext\u00e9rieur et\/ou de ventiler leur int\u00e9rieur sans recourir \u00e0 une technologie co\u00fbteuse et tr\u00e8s consommatrice d&#8217;\u00e9nergie. Un processus de ventilation naturelle passive s&#8217;av\u00e8re \u00eatre une solution efficace \u00e0 ce probl\u00e8me. <\/span><\/p>\n<\/div><div class=\"fusion-image-element \" style=\"text-align:center;--awb-caption-title-font-family:var(--h2_typography-font-family);--awb-caption-title-font-weight:var(--h2_typography-font-weight);--awb-caption-title-font-style:var(--h2_typography-font-style);--awb-caption-title-size:var(--h2_typography-font-size);--awb-caption-title-transform:var(--h2_typography-text-transform);--awb-caption-title-line-height:var(--h2_typography-line-height);--awb-caption-title-letter-spacing:var(--h2_typography-letter-spacing);\"><span class=\" fusion-imageframe imageframe-none imageframe-2 hover-type-none\"><img decoding=\"async\" width=\"1920\" height=\"1021\" alt=\"1 Bligh Street con\u00e7u par Architectus et Ingenhoven Architects \" title=\"Post-AhealthyhomeAC\" src=\"https:\/\/www.boisbuchet.org\/wp-content\/uploads\/2021\/02\/Post-AhealthyhomeAC-1.jpg\" class=\"img-responsive wp-image-11675\" srcset=\"https:\/\/www.boisbuchet.org\/wp-content\/uploads\/2021\/02\/Post-AhealthyhomeAC-1-200x106.jpg 200w, https:\/\/www.boisbuchet.org\/wp-content\/uploads\/2021\/02\/Post-AhealthyhomeAC-1-400x213.jpg 400w, https:\/\/www.boisbuchet.org\/wp-content\/uploads\/2021\/02\/Post-AhealthyhomeAC-1-600x319.jpg 600w, https:\/\/www.boisbuchet.org\/wp-content\/uploads\/2021\/02\/Post-AhealthyhomeAC-1-800x425.jpg 800w, https:\/\/www.boisbuchet.org\/wp-content\/uploads\/2021\/02\/Post-AhealthyhomeAC-1-1200x638.jpg 1200w, https:\/\/www.boisbuchet.org\/wp-content\/uploads\/2021\/02\/Post-AhealthyhomeAC-1.jpg 1920w\" sizes=\"(max-width: 1024px) 100vw, (max-width: 640px) 100vw, 1200px\" \/><\/span><\/div><div class=\"fusion-text fusion-text-5\"><h6 style=\"text-align: right\"><span style=\"font-weight: 200\">1 Bligh Street con\u00e7u par Architectus et Ingenhoven Architects \u00a9 Architectus<\/span><\/h6>\n<\/div><div class=\"fusion-text fusion-text-6\"><p><span style=\"font-weight: 400\">Par exemple, la tour de bureaux de Sydney, 1 Bligh Street, qui a \u00e9t\u00e9 con\u00e7ue par Architectus et Ingenhoven Architects et qui a \u00e9t\u00e9 achev\u00e9e en 2011, a \u00e9t\u00e9 la premi\u00e8re tour de bureaux d&#8217;Australie avec un atrium \u00e0 ventilation naturelle et des balcons \u00e0 chaque \u00e9tage, qui maximisent la lumi\u00e8re naturelle \u00e0 chaque niveau de bureau. Des fen\u00eatres ouvrant sur toute la hauteur de l&#8217;atrium permettent \u00e0 l&#8217;air frais de circuler dans tout le b\u00e2timent. De telles caract\u00e9ristiques cr\u00e9ent un environnement de travail sain et contribuent \u00e0 r\u00e9duire le risque de propagation des maladies infectieuses.\u00a0<\/span><\/p>\n<\/div><\/div><\/div><\/div><\/div><div class=\"fusion-fullwidth fullwidth-box fusion-builder-row-4 fusion-flex-container nonhundred-percent-fullwidth non-hundred-percent-height-scrolling\" style=\"--awb-border-radius-top-left:0px;--awb-border-radius-top-right:0px;--awb-border-radius-bottom-right:0px;--awb-border-radius-bottom-left:0px;--awb-flex-wrap:wrap;\" ><div class=\"fusion-builder-row fusion-row fusion-flex-align-items-flex-start fusion-flex-content-wrap\" style=\"max-width:1144px;margin-left: calc(-4% \/ 2 );margin-right: calc(-4% \/ 2 );\"><div class=\"fusion-layout-column fusion_builder_column fusion-builder-column-3 fusion_builder_column_1_1 1_1 fusion-flex-column\" style=\"--awb-bg-size:cover;--awb-width-large:100%;--awb-margin-top-large:0px;--awb-spacing-right-large:1.92%;--awb-margin-bottom-large:20px;--awb-spacing-left-large:1.92%;--awb-width-medium:100%;--awb-order-medium:0;--awb-spacing-right-medium:1.92%;--awb-spacing-left-medium:1.92%;--awb-width-small:100%;--awb-order-small:0;--awb-spacing-right-small:1.92%;--awb-spacing-left-small:1.92%;\"><div class=\"fusion-column-wrapper fusion-column-has-shadow fusion-flex-justify-content-flex-start fusion-content-layout-column\"><div class=\"fusion-text fusion-text-7\"><p><span style=\"font-weight: 400\">Mais il existe une autre option. R\u00e9alis\u00e9e en 2014 par la <a href=\"https:\/\/www.risd.edu\/\">Rhode Island School of Design<\/a>, la B<a href=\"https:\/\/www.brown.edu\/\">rown University<\/a> et<\/span><span style=\"font-weight: 400\">, en Allemagne, et con\u00e7ue en coop\u00e9ration avec des entreprises de premier plan telles que <a href=\"https:\/\/www.saint-gobain.com\/fr\">Saint-Gobain<\/a>, <a href=\"https:\/\/www.viessmann.fr\/\">Viessman<\/a> et <a href=\"https:\/\/www.se.com\/fr\/fr\/\">Schneider Electric<\/a>, la Techstyle Haus du Domaine de Boisbuchet (qui suit les principes des normes \u00e9nerg\u00e9tiques <\/span><i><span style=\"font-weight: 400\">passivhaus<\/span><\/i><span style=\"font-weight: 400\">) est un excellent exemple de b\u00e2timent qui utilise une ventilation active sans d\u00e9penser d&#8217;\u00e9normes quantit\u00e9s d&#8217;\u00e9nergie, offrant une alternative \u00e0 la filtration naturelle de l&#8217;air dans les pays au climat plus frais.\u00a0<\/span><\/p>\n<\/div><div class=\"fusion-image-element \" style=\"--awb-caption-title-font-family:var(--h2_typography-font-family);--awb-caption-title-font-weight:var(--h2_typography-font-weight);--awb-caption-title-font-style:var(--h2_typography-font-style);--awb-caption-title-size:var(--h2_typography-font-size);--awb-caption-title-transform:var(--h2_typography-text-transform);--awb-caption-title-line-height:var(--h2_typography-line-height);--awb-caption-title-letter-spacing:var(--h2_typography-letter-spacing);\"><span class=\" fusion-imageframe imageframe-none imageframe-3 hover-type-none\"><img decoding=\"async\" width=\"1920\" height=\"1080\" alt=\"The Techstyle Haus, Domaine de Boisbuchet\" title=\"Post-AhealthyhomeC\" src=\"https:\/\/www.boisbuchet.org\/wp-content\/uploads\/2021\/02\/Post-AhealthyhomeC.jpg\" class=\"img-responsive wp-image-11605\" srcset=\"https:\/\/www.boisbuchet.org\/wp-content\/uploads\/2021\/02\/Post-AhealthyhomeC-200x113.jpg 200w, https:\/\/www.boisbuchet.org\/wp-content\/uploads\/2021\/02\/Post-AhealthyhomeC-400x225.jpg 400w, https:\/\/www.boisbuchet.org\/wp-content\/uploads\/2021\/02\/Post-AhealthyhomeC-600x338.jpg 600w, https:\/\/www.boisbuchet.org\/wp-content\/uploads\/2021\/02\/Post-AhealthyhomeC-800x450.jpg 800w, https:\/\/www.boisbuchet.org\/wp-content\/uploads\/2021\/02\/Post-AhealthyhomeC-1200x675.jpg 1200w, https:\/\/www.boisbuchet.org\/wp-content\/uploads\/2021\/02\/Post-AhealthyhomeC.jpg 1920w\" sizes=\"(max-width: 1024px) 100vw, (max-width: 640px) 100vw, 1200px\" \/><\/span><\/div><div class=\"fusion-text fusion-text-8\"><h6 style=\"text-align: right\"><span style=\"font-weight: 200\">The Techstyle Haus, Domaine de Boisbuchet 2015 \u00a9 Julia Hasse<\/span><\/h6>\n<\/div><div class=\"fusion-text fusion-text-9\"><p><span style=\"font-weight: 400\">La Techstyle Haus herm\u00e9tique utilise un ventilateur \u00e0 r\u00e9cup\u00e9ration d&#8217;\u00e9nergie (VRE) pour fournir de l&#8217;air frais \u00e0 la maison sans perte de chaleur importante. Ce VRE est capable d&#8217;aspirer 98 % de l&#8217;\u00e9nergie de l&#8217;air \u00e9vacu\u00e9 tout en aspirant de l&#8217;air frais pour le faire circuler dans la maison \u00e0 un faible co\u00fbt \u00e9nerg\u00e9tique. Ce syst\u00e8me garantit une qualit\u00e9 sup\u00e9rieure de l&#8217;air int\u00e9rieur gr\u00e2ce \u00e0 des capteurs qui surveillent les niveaux de Co2, permettantensuite de filtrer l&#8217;air frais vers l&#8217;int\u00e9rieur en fonction du nombre d&#8217;occupants &#8211; plus il y a d&#8217;occupants, plus la filtration est importante. L&#8217;augmentation des taux de renouvellement de l&#8217;air contribue \u00e0 diluer les contaminants de l&#8217;air int\u00e9rieur qui sont respir\u00e9s dans l&#8217;environnement. Cela permet de relier l&#8217;occupant au monde ext\u00e9rieur pendant l&#8217;hiver et de r\u00e9duire le risque de contagion lorsqu&#8217;il y a plus d&#8217;un occupant \u00e0 la fois.<\/span><\/p>\n<p><span style=\"font-weight: 400\">Les b\u00e2timents \u00e0 haute efficacit\u00e9 \u00e9nerg\u00e9tique comme ceux-ci ont souvent moins de fen\u00eatres et souffrent donc d&#8217;un faible niveau de nuit naturelle. La Techstyle Haus, en revanche, utilise deux grandes fa\u00e7ades au nord et au sud afin de supporter la lumi\u00e8re naturelle tout au long de la journ\u00e9e. De plus, la forme et l&#8217;orientation de la maison maximisent les heures d&#8217;\u00e9clairage de la journ\u00e9e, tandis que le tissu int\u00e9rieur refl\u00e8te la lumi\u00e8re dans tout le b\u00e2timent, ce qui augmente les niveaux d&#8217;\u00e9clairage naturel per\u00e7us et le confort visuel.\u00a0\u00a0<\/span><\/p>\n<p><span style=\"font-weight: 400\">Comme le b\u00e2timent est fait de textiles, il \u00e9tait \u00e9galement n\u00e9cessaire de s&#8217;assurer que la structure reste saine dans le temps afin d&#8217;att\u00e9nuer les effets d&#8217;humidit\u00e9. Les murs en tissu \u00e0 cellules photovolta\u00efques (qui ne contiennent pas de VCO) ont \u00e9t\u00e9 sp\u00e9cialement con\u00e7us pour permettre \u00e0 l&#8217;humidit\u00e9 de s\u00e9cher vers l&#8217;ext\u00e9rieur ou dans un syst\u00e8me de d\u00e9shumidification. Cela permet d&#8217;\u00e9viter la prolif\u00e9ration des moisissures (et des coronavirus), ce qui est particuli\u00e8rement avantageux pour les asthmatiques ou les personnes souffrant d&#8217;autres inffections pulmonaires \u00b3.\u00a0<\/span><\/p>\n<\/div><\/div><\/div><\/div><\/div><div class=\"fusion-fullwidth fullwidth-box fusion-builder-row-5 fusion-flex-container nonhundred-percent-fullwidth non-hundred-percent-height-scrolling\" style=\"--awb-border-radius-top-left:0px;--awb-border-radius-top-right:0px;--awb-border-radius-bottom-right:0px;--awb-border-radius-bottom-left:0px;--awb-flex-wrap:wrap;\" ><div class=\"fusion-builder-row fusion-row fusion-flex-align-items-flex-start fusion-flex-content-wrap\" style=\"max-width:1144px;margin-left: calc(-4% \/ 2 );margin-right: calc(-4% \/ 2 );\"><div class=\"fusion-layout-column fusion_builder_column fusion-builder-column-4 fusion_builder_column_1_1 1_1 fusion-flex-column\" style=\"--awb-bg-size:cover;--awb-width-large:100%;--awb-margin-top-large:0px;--awb-spacing-right-large:1.92%;--awb-margin-bottom-large:20px;--awb-spacing-left-large:1.92%;--awb-width-medium:100%;--awb-order-medium:0;--awb-spacing-right-medium:1.92%;--awb-spacing-left-medium:1.92%;--awb-width-small:100%;--awb-order-small:0;--awb-spacing-right-small:1.92%;--awb-spacing-left-small:1.92%;\"><div class=\"fusion-column-wrapper fusion-column-has-shadow fusion-flex-justify-content-flex-start fusion-content-layout-column\"><div class=\"fusion-separator fusion-full-width-sep\" style=\"align-self: center;margin-left: auto;margin-right: auto;margin-bottom:20px;width:100%;\"><\/div><div class=\"fusion-video fusion-vimeo\" style=\"--awb-max-width:600px;--awb-max-height:360px;--awb-align-self:center;--awb-width:100%;\" data-autoplay=\"1\"><div class=\"video-shortcode\"><div class=\"fluid-width-video-wrapper\" style=\"padding-top:60%;\" ><iframe title=\"Vimeo video player 1\" src=\"https:\/\/player.vimeo.com\/video\/507490953?autoplay=1&amp;autopause=0\" width=\"600\" height=\"360\" allowfullscreen allow=\"autoplay; fullscreen\"><\/iframe><\/div><\/div><\/div><div class=\"fusion-separator fusion-full-width-sep\" style=\"align-self: center;margin-left: auto;margin-right: auto;width:100%;\"><\/div><\/div><\/div><\/div><\/div><div class=\"fusion-fullwidth fullwidth-box fusion-builder-row-6 fusion-flex-container nonhundred-percent-fullwidth non-hundred-percent-height-scrolling\" style=\"--awb-border-radius-top-left:0px;--awb-border-radius-top-right:0px;--awb-border-radius-bottom-right:0px;--awb-border-radius-bottom-left:0px;--awb-flex-wrap:wrap;\" ><div class=\"fusion-builder-row fusion-row fusion-flex-align-items-flex-start fusion-flex-content-wrap\" style=\"max-width:1144px;margin-left: calc(-4% \/ 2 );margin-right: calc(-4% \/ 2 );\"><div class=\"fusion-layout-column fusion_builder_column fusion-builder-column-5 fusion_builder_column_1_1 1_1 fusion-flex-column\" style=\"--awb-bg-size:cover;--awb-width-large:100%;--awb-margin-top-large:0px;--awb-spacing-right-large:1.92%;--awb-margin-bottom-large:20px;--awb-spacing-left-large:1.92%;--awb-width-medium:100%;--awb-order-medium:0;--awb-spacing-right-medium:1.92%;--awb-spacing-left-medium:1.92%;--awb-width-small:100%;--awb-order-small:0;--awb-spacing-right-small:1.92%;--awb-spacing-left-small:1.92%;\"><div class=\"fusion-column-wrapper fusion-column-has-shadow fusion-flex-justify-content-flex-start fusion-content-layout-column\"><div class=\"fusion-text fusion-text-10\"><p><span style=\"font-weight: 400\">Bien que la TechStyle Haus soit un exemple unique, produite dans un contexte tr\u00e8s sp\u00e9cifique et avec les ressources et les solutions d&#8217;ing\u00e9nierie disponibles, cela n&#8217;enl\u00e8ve rien au fait que dans tous les cas, <strong>un b\u00e2timent sain assure la sant\u00e9 de ses r\u00e9sidents<\/strong>. Il est malheureusement vrai que la plupart des b\u00e2timents ne prennent pas en consid\u00e9ration la sant\u00e9 de leurs r\u00e9sidents. Les complexes d&#8217;appartements, les lotissements et les \u00e9coles sont principalement con\u00e7us pour organiser les gens. La sant\u00e9 et le bien-\u00eatre passent souvent apr\u00e8s la commodit\u00e9. Aujourd&#8217;hui, la plupart des b\u00e2timents ne r\u00e9pondent m\u00eame pas aux normes minimales de ventilation, ce qui est sans doute le moyen le plus simple et le plus rapide de soutenir les efforts de vaccination pour un contr\u00f4le efficace des maladies et des infections.\u00a0<\/span><\/p>\n<p><span style=\"font-weight: 400\">La Techstyle Haus est une vision de l&#8217;avenir, ou de ce que peut \u00eatre l&#8217;architecture, dans les bonnes circonstances. En regardant vers l&#8217;avenir, c&#8217;est un exemple de la mani\u00e8re dont l&#8217;architecture peut \u00eatre utilis\u00e9e pour contraster la logique dominante de l&#8217;architecture post-industrielle du XXe si\u00e8cle en veillant \u00e0 la sant\u00e9 de ses occupants et en la maintenant. Toutefois, ce n&#8217;est pas la seule fa\u00e7on de le faire. Comme nous le verrons dans le prochain chapitre, les formes d&#8217;architectures vernaculaires et plus traditionnelles peuvent \u00e9galement \u00eatre tr\u00e8s efficaces pour atteindre cet objectif. En plus de nous tourner vers les nouvelles technologies de l&#8217;avenir, nous devrions peut-\u00eatre aussi tirer des le\u00e7ons du pass\u00e9.\u00a0<\/span><\/p>\n<\/div><\/div><\/div><\/div><\/div><div class=\"fusion-fullwidth fullwidth-box fusion-builder-row-7 fusion-flex-container nonhundred-percent-fullwidth non-hundred-percent-height-scrolling\" style=\"--awb-border-radius-top-left:0px;--awb-border-radius-top-right:0px;--awb-border-radius-bottom-right:0px;--awb-border-radius-bottom-left:0px;--awb-flex-wrap:wrap;\" ><div class=\"fusion-builder-row fusion-row fusion-flex-align-items-flex-start fusion-flex-content-wrap\" style=\"max-width:1144px;margin-left: calc(-4% \/ 2 );margin-right: calc(-4% \/ 2 );\"><div class=\"fusion-layout-column fusion_builder_column fusion-builder-column-6 fusion_builder_column_1_1 1_1 fusion-flex-column\" style=\"--awb-bg-size:cover;--awb-width-large:100%;--awb-margin-top-large:0px;--awb-spacing-right-large:1.92%;--awb-margin-bottom-large:20px;--awb-spacing-left-large:1.92%;--awb-width-medium:100%;--awb-order-medium:0;--awb-spacing-right-medium:1.92%;--awb-spacing-left-medium:1.92%;--awb-width-small:100%;--awb-order-small:0;--awb-spacing-right-small:1.92%;--awb-spacing-left-small:1.92%;\"><div class=\"fusion-column-wrapper fusion-column-has-shadow fusion-flex-justify-content-flex-start fusion-content-layout-column\"><div class=\"fusion-image-element \" style=\"--awb-caption-title-font-family:var(--h2_typography-font-family);--awb-caption-title-font-weight:var(--h2_typography-font-weight);--awb-caption-title-font-style:var(--h2_typography-font-style);--awb-caption-title-size:var(--h2_typography-font-size);--awb-caption-title-transform:var(--h2_typography-text-transform);--awb-caption-title-line-height:var(--h2_typography-line-height);--awb-caption-title-letter-spacing:var(--h2_typography-letter-spacing);\"><span class=\" fusion-imageframe imageframe-none imageframe-4 hover-type-none\"><img decoding=\"async\" width=\"1920\" height=\"1080\" alt=\"The Techstyle Haus, Domaine de Boisbuchet. A healthy house\" title=\"Post-AhealthyhomeD\" src=\"https:\/\/www.boisbuchet.org\/wp-content\/uploads\/2021\/02\/Post-AhealthyhomeD.jpg\" class=\"img-responsive wp-image-11607\" srcset=\"https:\/\/www.boisbuchet.org\/wp-content\/uploads\/2021\/02\/Post-AhealthyhomeD-200x113.jpg 200w, https:\/\/www.boisbuchet.org\/wp-content\/uploads\/2021\/02\/Post-AhealthyhomeD-400x225.jpg 400w, https:\/\/www.boisbuchet.org\/wp-content\/uploads\/2021\/02\/Post-AhealthyhomeD-600x338.jpg 600w, https:\/\/www.boisbuchet.org\/wp-content\/uploads\/2021\/02\/Post-AhealthyhomeD-800x450.jpg 800w, https:\/\/www.boisbuchet.org\/wp-content\/uploads\/2021\/02\/Post-AhealthyhomeD-1200x675.jpg 1200w, https:\/\/www.boisbuchet.org\/wp-content\/uploads\/2021\/02\/Post-AhealthyhomeD.jpg 1920w\" sizes=\"(max-width: 1024px) 100vw, (max-width: 640px) 100vw, 1200px\" \/><\/span><\/div><div class=\"fusion-text fusion-text-11\"><h6 style=\"text-align: right\"><span style=\"font-weight: 200\">The Techstyle Haus, Domaine de Boisbuchet 2015 \u00a9 Julia Hasse<\/span><\/h6>\n<\/div><div class=\"fusion-text fusion-text-12\"><p><span style=\"font-weight: 400\"><strong>Kester Farrell<\/strong> est un assistant de recherche en architecture et design britannique, qui m\u00e8ne actuellement un projet de recherche de six mois au Domaine de Boisbuchet.<\/span><\/p>\n<p>Traduction fran\u00e7aise par Emilie Legeay<\/p>\n<\/div><\/div><\/div><\/div><\/div><div class=\"fusion-fullwidth fullwidth-box fusion-builder-row-8 fusion-flex-container nonhundred-percent-fullwidth non-hundred-percent-height-scrolling\" style=\"--awb-border-radius-top-left:0px;--awb-border-radius-top-right:0px;--awb-border-radius-bottom-right:0px;--awb-border-radius-bottom-left:0px;--awb-flex-wrap:wrap;\" ><div class=\"fusion-builder-row fusion-row fusion-flex-align-items-flex-start fusion-flex-content-wrap\" style=\"max-width:1144px;margin-left: calc(-4% \/ 2 );margin-right: calc(-4% \/ 2 );\"><div class=\"fusion-layout-column fusion_builder_column fusion-builder-column-7 fusion_builder_column_1_1 1_1 fusion-flex-column\" style=\"--awb-bg-size:cover;--awb-width-large:100%;--awb-margin-top-large:0px;--awb-spacing-right-large:1.92%;--awb-margin-bottom-large:20px;--awb-spacing-left-large:1.92%;--awb-width-medium:100%;--awb-order-medium:0;--awb-spacing-right-medium:1.92%;--awb-spacing-left-medium:1.92%;--awb-width-small:100%;--awb-order-small:0;--awb-spacing-right-small:1.92%;--awb-spacing-left-small:1.92%;\"><div class=\"fusion-column-wrapper fusion-column-has-shadow fusion-flex-justify-content-flex-start fusion-content-layout-column\"><div class=\"fusion-separator fusion-full-width-sep\" style=\"align-self: center;margin-left: auto;margin-right: auto;width:100%;\"><div class=\"fusion-separator-border sep-single sep-solid\" style=\"--awb-height:20px;--awb-amount:20px;border-color:#e0dede;border-top-width:1px;\"><\/div><\/div><div class=\"fusion-text fusion-text-13\"><h6><span style=\"font-weight: 200\">\u00b9 U.S. Environmental Protection Agency. 1997. Exposure factors handbook volume 3: Activity factors. EPA\/600\/P-95\/002Fa. Washington, DC. <\/span><\/h6>\n<h6><span style=\"font-weight: 200\">\u00b2 International Journal of Hygiene and Environmental Health. April 2018. Indoor air humidity, air quality, and health \u2013 An overview, <\/span><a href=\"https:\/\/www.sciencedirect.com\/science\/journal\/14384639\/221\/3\"><span style=\"font-weight: 200\">Volume 221, Issue 3<\/span><\/a><span style=\"font-weight: 200\">. <\/span><span style=\"font-weight: 200\">Peder Wolkoff. <\/span><span style=\"font-weight: 200\">National Research Centre for the Working Environment, NRCWE, Lers\u00f8 Parkall\u00e9 105, Copenhagen \u00d8, Denmark<\/span><\/h6>\n<h6><span style=\"font-weight: 200\">\u00b3 <\/span><span style=\"font-weight: 400\">Techstyle Haus, 2015 <\/span>\u00a9 Allison Chan\u00a0pp. 60, 84<\/h6>\n<\/div><div class=\"fusion-separator fusion-full-width-sep\" style=\"align-self: center;margin-left: auto;margin-right: auto;width:100%;\"><div class=\"fusion-separator-border sep-single sep-solid\" style=\"--awb-height:20px;--awb-amount:20px;border-color:#e0dede;border-top-width:1px;\"><\/div><\/div><\/div><\/div><\/div><\/div><div class=\"fusion-fullwidth fullwidth-box fusion-builder-row-9 fusion-flex-container nonhundred-percent-fullwidth non-hundred-percent-height-scrolling\" style=\"--awb-border-radius-top-left:0px;--awb-border-radius-top-right:0px;--awb-border-radius-bottom-right:0px;--awb-border-radius-bottom-left:0px;--awb-flex-wrap:wrap;\" ><div class=\"fusion-builder-row fusion-row fusion-flex-align-items-flex-start fusion-flex-content-wrap\" style=\"max-width:1144px;margin-left: calc(-4% \/ 2 );margin-right: calc(-4% \/ 2 );\"><div class=\"fusion-layout-column fusion_builder_column fusion-builder-column-8 fusion_builder_column_1_3 1_3 fusion-flex-column\" style=\"--awb-bg-size:cover;--awb-width-large:33.333333333333%;--awb-margin-top-large:0px;--awb-spacing-right-large:5.76%;--awb-margin-bottom-large:20px;--awb-spacing-left-large:5.76%;--awb-width-medium:100%;--awb-order-medium:0;--awb-spacing-right-medium:1.92%;--awb-spacing-left-medium:1.92%;--awb-width-small:100%;--awb-order-small:0;--awb-spacing-right-small:1.92%;--awb-spacing-left-small:1.92%;\"><div class=\"fusion-column-wrapper fusion-column-has-shadow fusion-flex-justify-content-flex-start fusion-content-layout-column\"><\/div><\/div><div class=\"fusion-layout-column fusion_builder_column fusion-builder-column-9 fusion_builder_column_1_3 1_3 fusion-flex-column\" style=\"--awb-bg-size:cover;--awb-width-large:33.333333333333%;--awb-margin-top-large:0px;--awb-spacing-right-large:5.76%;--awb-margin-bottom-large:20px;--awb-spacing-left-large:5.76%;--awb-width-medium:100%;--awb-order-medium:0;--awb-spacing-right-medium:1.92%;--awb-spacing-left-medium:1.92%;--awb-width-small:100%;--awb-order-small:0;--awb-spacing-right-small:1.92%;--awb-spacing-left-small:1.92%;\"><div class=\"fusion-column-wrapper fusion-column-has-shadow fusion-flex-justify-content-flex-start fusion-content-layout-column\"><div style=\"text-align:center;\"><a class=\"fusion-button button-flat fusion-button-default-size button-custom fusion-button-default button-1 fusion-button-default-span fusion-button-default-type\" style=\"--button_accent_color:#ffffff;--button_accent_hover_color:#ffffff;--button_border_hover_color:#ffffff;--button_gradient_top_color:#000000;--button_gradient_bottom_color:#000000;--button_gradient_top_color_hover:#000000;--button_gradient_bottom_color_hover:#000000;\" target=\"_self\" href=\"https:\/\/www.boisbuchet.org\/fr\/ateliers\/\"><span class=\"fusion-button-text awb-button__text awb-button__text--default\">Summer Workshops 2021<\/span><\/a><\/div><\/div><\/div><div class=\"fusion-layout-column fusion_builder_column fusion-builder-column-10 fusion_builder_column_1_3 1_3 fusion-flex-column\" style=\"--awb-bg-size:cover;--awb-width-large:33.333333333333%;--awb-margin-top-large:0px;--awb-spacing-right-large:5.76%;--awb-margin-bottom-large:20px;--awb-spacing-left-large:5.76%;--awb-width-medium:100%;--awb-order-medium:0;--awb-spacing-right-medium:1.92%;--awb-spacing-left-medium:1.92%;--awb-width-small:100%;--awb-order-small:0;--awb-spacing-right-small:1.92%;--awb-spacing-left-small:1.92%;\"><div class=\"fusion-column-wrapper fusion-column-has-shadow fusion-flex-justify-content-flex-start fusion-content-layout-column\"><\/div><\/div><\/div><\/div>\n","protected":false},"excerpt":{"rendered":"","protected":false},"author":566,"featured_media":12073,"comment_status":"closed","ping_status":"open","sticky":false,"template":"","format":"standard","meta":{"_monsterinsights_skip_tracking":false,"_monsterinsights_sitenote_active":false,"_monsterinsights_sitenote_note":"","_monsterinsights_sitenote_category":0,"footnotes":""},"categories":[167,609,2,1],"tags":[],"class_list":["post-11841","post","type-post","status-publish","format-standard","has-post-thumbnail","hentry","category-news-events","category-news-events-fr","category-non-classifiee","category-uncategorized"],"yoast_head":"<!-- This site is optimized with the Yoast SEO plugin v27.1.1 - https:\/\/yoast.com\/product\/yoast-seo-wordpress\/ -->\n<title>L&#039;architecture sous contr\u00f4le : La maison saine | Domaine de Boisbuchet<\/title>\n<meta name=\"description\" content=\"L&#039;architecture sous contr\u00f4le. Une maison saine. D\u00e9couvrez comment l&#039;architecture peut r\u00e9pondre aux d\u00e9fis de la sant\u00e9 publique. Architecture des soins de sant\u00e9.\" \/>\n<meta name=\"robots\" content=\"index, follow, max-snippet:-1, max-image-preview:large, max-video-preview:-1\" \/>\n<link rel=\"canonical\" href=\"https:\/\/www.boisbuchet.org\/fr\/larchitecture-sous-controle-la-maison-saine\/\" \/>\n<meta property=\"og:locale\" content=\"fr_FR\" \/>\n<meta property=\"og:type\" content=\"article\" \/>\n<meta property=\"og:title\" content=\"L&#039;architecture sous contr\u00f4le : La maison saine | Domaine de Boisbuchet\" \/>\n<meta property=\"og:description\" content=\"L&#039;architecture sous contr\u00f4le. Une maison saine. D\u00e9couvrez comment l&#039;architecture peut r\u00e9pondre aux d\u00e9fis de la sant\u00e9 publique. Architecture des soins de sant\u00e9.\" \/>\n<meta property=\"og:url\" content=\"https:\/\/www.boisbuchet.org\/fr\/larchitecture-sous-controle-la-maison-saine\/\" \/>\n<meta property=\"og:site_name\" content=\"Domaine de Boisbuchet\" \/>\n<meta property=\"article:publisher\" content=\"https:\/\/www.facebook.com\/boisbuchet\" \/>\n<meta property=\"article:published_time\" content=\"2021-02-11T11:21:18+00:00\" \/>\n<meta property=\"article:modified_time\" content=\"2021-03-23T14:56:52+00:00\" \/>\n<meta property=\"og:image\" content=\"https:\/\/www.boisbuchet.org\/wp-content\/uploads\/2021\/02\/Post-AhealthyhomeC-2.jpg\" \/>\n\t<meta property=\"og:image:width\" content=\"724\" \/>\n\t<meta property=\"og:image:height\" content=\"542\" \/>\n\t<meta property=\"og:image:type\" content=\"image\/jpeg\" \/>\n<meta name=\"author\" content=\"pablo.sevilla\" \/>\n<meta name=\"twitter:card\" content=\"summary_large_image\" \/>\n<meta name=\"twitter:creator\" content=\"@boisbuchet\" \/>\n<meta name=\"twitter:site\" content=\"@boisbuchet\" \/>\n<meta name=\"twitter:label1\" content=\"\u00c9crit par\" \/>\n\t<meta name=\"twitter:data1\" content=\"pablo.sevilla\" \/>\n\t<meta name=\"twitter:label2\" content=\"Dur\u00e9e de lecture estim\u00e9e\" \/>\n\t<meta name=\"twitter:data2\" content=\"44 minutes\" \/>\n<script type=\"application\/ld+json\" class=\"yoast-schema-graph\">{\"@context\":\"https:\/\/schema.org\",\"@graph\":[{\"@type\":\"Article\",\"@id\":\"https:\/\/www.boisbuchet.org\/fr\/larchitecture-sous-controle-la-maison-saine\/#article\",\"isPartOf\":{\"@id\":\"https:\/\/www.boisbuchet.org\/fr\/larchitecture-sous-controle-la-maison-saine\/\"},\"author\":{\"name\":\"pablo.sevilla\",\"@id\":\"https:\/\/www.boisbuchet.org\/#\/schema\/person\/37f6d78daf7b561c8175c85d605ef2f0\"},\"headline\":\"L&#8217;architecture sous contr\u00f4le : La maison saine\",\"datePublished\":\"2021-02-11T11:21:18+00:00\",\"dateModified\":\"2021-03-23T14:56:52+00:00\",\"mainEntityOfPage\":{\"@id\":\"https:\/\/www.boisbuchet.org\/fr\/larchitecture-sous-controle-la-maison-saine\/\"},\"wordCount\":8852,\"publisher\":{\"@id\":\"https:\/\/www.boisbuchet.org\/#organization\"},\"image\":{\"@id\":\"https:\/\/www.boisbuchet.org\/fr\/larchitecture-sous-controle-la-maison-saine\/#primaryimage\"},\"thumbnailUrl\":\"https:\/\/www.boisbuchet.org\/wp-content\/uploads\/2021\/02\/Post-AhealthyhomeC-2.jpg\",\"articleSection\":[\"News &amp; Events\",\"News &amp; Events\",\"Non classifi\u00e9(e)\",\"Uncategorized\"],\"inLanguage\":\"fr-FR\"},{\"@type\":\"WebPage\",\"@id\":\"https:\/\/www.boisbuchet.org\/fr\/larchitecture-sous-controle-la-maison-saine\/\",\"url\":\"https:\/\/www.boisbuchet.org\/fr\/larchitecture-sous-controle-la-maison-saine\/\",\"name\":\"L'architecture sous contr\u00f4le : La maison saine | Domaine de Boisbuchet\",\"isPartOf\":{\"@id\":\"https:\/\/www.boisbuchet.org\/#website\"},\"primaryImageOfPage\":{\"@id\":\"https:\/\/www.boisbuchet.org\/fr\/larchitecture-sous-controle-la-maison-saine\/#primaryimage\"},\"image\":{\"@id\":\"https:\/\/www.boisbuchet.org\/fr\/larchitecture-sous-controle-la-maison-saine\/#primaryimage\"},\"thumbnailUrl\":\"https:\/\/www.boisbuchet.org\/wp-content\/uploads\/2021\/02\/Post-AhealthyhomeC-2.jpg\",\"datePublished\":\"2021-02-11T11:21:18+00:00\",\"dateModified\":\"2021-03-23T14:56:52+00:00\",\"description\":\"L'architecture sous contr\u00f4le. Une maison saine. D\u00e9couvrez comment l'architecture peut r\u00e9pondre aux d\u00e9fis de la sant\u00e9 publique. Architecture des soins de sant\u00e9.\",\"breadcrumb\":{\"@id\":\"https:\/\/www.boisbuchet.org\/fr\/larchitecture-sous-controle-la-maison-saine\/#breadcrumb\"},\"inLanguage\":\"fr-FR\",\"potentialAction\":[{\"@type\":\"ReadAction\",\"target\":[\"https:\/\/www.boisbuchet.org\/fr\/larchitecture-sous-controle-la-maison-saine\/\"]}]},{\"@type\":\"ImageObject\",\"inLanguage\":\"fr-FR\",\"@id\":\"https:\/\/www.boisbuchet.org\/fr\/larchitecture-sous-controle-la-maison-saine\/#primaryimage\",\"url\":\"https:\/\/www.boisbuchet.org\/wp-content\/uploads\/2021\/02\/Post-AhealthyhomeC-2.jpg\",\"contentUrl\":\"https:\/\/www.boisbuchet.org\/wp-content\/uploads\/2021\/02\/Post-AhealthyhomeC-2.jpg\",\"width\":724,\"height\":542,\"caption\":\"Techstyle_Haus\"},{\"@type\":\"BreadcrumbList\",\"@id\":\"https:\/\/www.boisbuchet.org\/fr\/larchitecture-sous-controle-la-maison-saine\/#breadcrumb\",\"itemListElement\":[{\"@type\":\"ListItem\",\"position\":1,\"name\":\"Home\",\"item\":\"https:\/\/www.boisbuchet.org\/fr\/\"},{\"@type\":\"ListItem\",\"position\":2,\"name\":\"L&rsquo;architecture sous contr\u00f4le : La maison saine\"}]},{\"@type\":\"WebSite\",\"@id\":\"https:\/\/www.boisbuchet.org\/#website\",\"url\":\"https:\/\/www.boisbuchet.org\/\",\"name\":\"Domaine de Boisbuchet\",\"description\":\"Summer Workshops | Park | Event\u00a0Location\",\"publisher\":{\"@id\":\"https:\/\/www.boisbuchet.org\/#organization\"},\"potentialAction\":[{\"@type\":\"SearchAction\",\"target\":{\"@type\":\"EntryPoint\",\"urlTemplate\":\"https:\/\/www.boisbuchet.org\/?s={search_term_string}\"},\"query-input\":{\"@type\":\"PropertyValueSpecification\",\"valueRequired\":true,\"valueName\":\"search_term_string\"}}],\"inLanguage\":\"fr-FR\"},{\"@type\":\"Organization\",\"@id\":\"https:\/\/www.boisbuchet.org\/#organization\",\"name\":\"Domine de Boisbuchet\",\"url\":\"https:\/\/www.boisbuchet.org\/\",\"logo\":{\"@type\":\"ImageObject\",\"inLanguage\":\"fr-FR\",\"@id\":\"https:\/\/www.boisbuchet.org\/#\/schema\/logo\/image\/\",\"url\":\"https:\/\/www.boisbuchet.org\/wp-content\/uploads\/2019\/01\/logo_boisbuchet_black.png\",\"contentUrl\":\"https:\/\/www.boisbuchet.org\/wp-content\/uploads\/2019\/01\/logo_boisbuchet_black.png\",\"width\":200,\"height\":73,\"caption\":\"Domine de Boisbuchet\"},\"image\":{\"@id\":\"https:\/\/www.boisbuchet.org\/#\/schema\/logo\/image\/\"},\"sameAs\":[\"https:\/\/www.facebook.com\/boisbuchet\",\"https:\/\/x.com\/boisbuchet\",\"https:\/\/www.instagram.com\/boisbuchet\",\"https:\/\/www.linkedin.com\/company\/domaine-de-boisbuchet\",\"https:\/\/www.pinterest.com\/boisbuchet\"]},{\"@type\":\"Person\",\"@id\":\"https:\/\/www.boisbuchet.org\/#\/schema\/person\/37f6d78daf7b561c8175c85d605ef2f0\",\"name\":\"pablo.sevilla\",\"url\":\"https:\/\/www.boisbuchet.org\/fr\/author\/pablo-sevilla\/\"}]}<\/script>\n<!-- \/ Yoast SEO plugin. -->","yoast_head_json":{"title":"L'architecture sous contr\u00f4le : La maison saine | Domaine de Boisbuchet","description":"L'architecture sous contr\u00f4le. Une maison saine. D\u00e9couvrez comment l'architecture peut r\u00e9pondre aux d\u00e9fis de la sant\u00e9 publique. Architecture des soins de sant\u00e9.","robots":{"index":"index","follow":"follow","max-snippet":"max-snippet:-1","max-image-preview":"max-image-preview:large","max-video-preview":"max-video-preview:-1"},"canonical":"https:\/\/www.boisbuchet.org\/fr\/larchitecture-sous-controle-la-maison-saine\/","og_locale":"fr_FR","og_type":"article","og_title":"L'architecture sous contr\u00f4le : La maison saine | Domaine de Boisbuchet","og_description":"L'architecture sous contr\u00f4le. Une maison saine. D\u00e9couvrez comment l'architecture peut r\u00e9pondre aux d\u00e9fis de la sant\u00e9 publique. Architecture des soins de sant\u00e9.","og_url":"https:\/\/www.boisbuchet.org\/fr\/larchitecture-sous-controle-la-maison-saine\/","og_site_name":"Domaine de Boisbuchet","article_publisher":"https:\/\/www.facebook.com\/boisbuchet","article_published_time":"2021-02-11T11:21:18+00:00","article_modified_time":"2021-03-23T14:56:52+00:00","og_image":[{"width":724,"height":542,"url":"https:\/\/www.boisbuchet.org\/wp-content\/uploads\/2021\/02\/Post-AhealthyhomeC-2.jpg","type":"image\/jpeg"}],"author":"pablo.sevilla","twitter_card":"summary_large_image","twitter_creator":"@boisbuchet","twitter_site":"@boisbuchet","twitter_misc":{"\u00c9crit par":"pablo.sevilla","Dur\u00e9e de lecture estim\u00e9e":"44 minutes"},"schema":{"@context":"https:\/\/schema.org","@graph":[{"@type":"Article","@id":"https:\/\/www.boisbuchet.org\/fr\/larchitecture-sous-controle-la-maison-saine\/#article","isPartOf":{"@id":"https:\/\/www.boisbuchet.org\/fr\/larchitecture-sous-controle-la-maison-saine\/"},"author":{"name":"pablo.sevilla","@id":"https:\/\/www.boisbuchet.org\/#\/schema\/person\/37f6d78daf7b561c8175c85d605ef2f0"},"headline":"L&#8217;architecture sous contr\u00f4le : La maison saine","datePublished":"2021-02-11T11:21:18+00:00","dateModified":"2021-03-23T14:56:52+00:00","mainEntityOfPage":{"@id":"https:\/\/www.boisbuchet.org\/fr\/larchitecture-sous-controle-la-maison-saine\/"},"wordCount":8852,"publisher":{"@id":"https:\/\/www.boisbuchet.org\/#organization"},"image":{"@id":"https:\/\/www.boisbuchet.org\/fr\/larchitecture-sous-controle-la-maison-saine\/#primaryimage"},"thumbnailUrl":"https:\/\/www.boisbuchet.org\/wp-content\/uploads\/2021\/02\/Post-AhealthyhomeC-2.jpg","articleSection":["News &amp; Events","News &amp; Events","Non classifi\u00e9(e)","Uncategorized"],"inLanguage":"fr-FR"},{"@type":"WebPage","@id":"https:\/\/www.boisbuchet.org\/fr\/larchitecture-sous-controle-la-maison-saine\/","url":"https:\/\/www.boisbuchet.org\/fr\/larchitecture-sous-controle-la-maison-saine\/","name":"L'architecture sous contr\u00f4le : La maison saine | Domaine de Boisbuchet","isPartOf":{"@id":"https:\/\/www.boisbuchet.org\/#website"},"primaryImageOfPage":{"@id":"https:\/\/www.boisbuchet.org\/fr\/larchitecture-sous-controle-la-maison-saine\/#primaryimage"},"image":{"@id":"https:\/\/www.boisbuchet.org\/fr\/larchitecture-sous-controle-la-maison-saine\/#primaryimage"},"thumbnailUrl":"https:\/\/www.boisbuchet.org\/wp-content\/uploads\/2021\/02\/Post-AhealthyhomeC-2.jpg","datePublished":"2021-02-11T11:21:18+00:00","dateModified":"2021-03-23T14:56:52+00:00","description":"L'architecture sous contr\u00f4le. Une maison saine. D\u00e9couvrez comment l'architecture peut r\u00e9pondre aux d\u00e9fis de la sant\u00e9 publique. Architecture des soins de sant\u00e9.","breadcrumb":{"@id":"https:\/\/www.boisbuchet.org\/fr\/larchitecture-sous-controle-la-maison-saine\/#breadcrumb"},"inLanguage":"fr-FR","potentialAction":[{"@type":"ReadAction","target":["https:\/\/www.boisbuchet.org\/fr\/larchitecture-sous-controle-la-maison-saine\/"]}]},{"@type":"ImageObject","inLanguage":"fr-FR","@id":"https:\/\/www.boisbuchet.org\/fr\/larchitecture-sous-controle-la-maison-saine\/#primaryimage","url":"https:\/\/www.boisbuchet.org\/wp-content\/uploads\/2021\/02\/Post-AhealthyhomeC-2.jpg","contentUrl":"https:\/\/www.boisbuchet.org\/wp-content\/uploads\/2021\/02\/Post-AhealthyhomeC-2.jpg","width":724,"height":542,"caption":"Techstyle_Haus"},{"@type":"BreadcrumbList","@id":"https:\/\/www.boisbuchet.org\/fr\/larchitecture-sous-controle-la-maison-saine\/#breadcrumb","itemListElement":[{"@type":"ListItem","position":1,"name":"Home","item":"https:\/\/www.boisbuchet.org\/fr\/"},{"@type":"ListItem","position":2,"name":"L&rsquo;architecture sous contr\u00f4le : La maison saine"}]},{"@type":"WebSite","@id":"https:\/\/www.boisbuchet.org\/#website","url":"https:\/\/www.boisbuchet.org\/","name":"Domaine de Boisbuchet","description":"Summer Workshops | Park | Event\u00a0Location","publisher":{"@id":"https:\/\/www.boisbuchet.org\/#organization"},"potentialAction":[{"@type":"SearchAction","target":{"@type":"EntryPoint","urlTemplate":"https:\/\/www.boisbuchet.org\/?s={search_term_string}"},"query-input":{"@type":"PropertyValueSpecification","valueRequired":true,"valueName":"search_term_string"}}],"inLanguage":"fr-FR"},{"@type":"Organization","@id":"https:\/\/www.boisbuchet.org\/#organization","name":"Domine de Boisbuchet","url":"https:\/\/www.boisbuchet.org\/","logo":{"@type":"ImageObject","inLanguage":"fr-FR","@id":"https:\/\/www.boisbuchet.org\/#\/schema\/logo\/image\/","url":"https:\/\/www.boisbuchet.org\/wp-content\/uploads\/2019\/01\/logo_boisbuchet_black.png","contentUrl":"https:\/\/www.boisbuchet.org\/wp-content\/uploads\/2019\/01\/logo_boisbuchet_black.png","width":200,"height":73,"caption":"Domine de Boisbuchet"},"image":{"@id":"https:\/\/www.boisbuchet.org\/#\/schema\/logo\/image\/"},"sameAs":["https:\/\/www.facebook.com\/boisbuchet","https:\/\/x.com\/boisbuchet","https:\/\/www.instagram.com\/boisbuchet","https:\/\/www.linkedin.com\/company\/domaine-de-boisbuchet","https:\/\/www.pinterest.com\/boisbuchet"]},{"@type":"Person","@id":"https:\/\/www.boisbuchet.org\/#\/schema\/person\/37f6d78daf7b561c8175c85d605ef2f0","name":"pablo.sevilla","url":"https:\/\/www.boisbuchet.org\/fr\/author\/pablo-sevilla\/"}]}},"_links":{"self":[{"href":"https:\/\/www.boisbuchet.org\/fr\/wp-json\/wp\/v2\/posts\/11841","targetHints":{"allow":["GET"]}}],"collection":[{"href":"https:\/\/www.boisbuchet.org\/fr\/wp-json\/wp\/v2\/posts"}],"about":[{"href":"https:\/\/www.boisbuchet.org\/fr\/wp-json\/wp\/v2\/types\/post"}],"author":[{"embeddable":true,"href":"https:\/\/www.boisbuchet.org\/fr\/wp-json\/wp\/v2\/users\/566"}],"replies":[{"embeddable":true,"href":"https:\/\/www.boisbuchet.org\/fr\/wp-json\/wp\/v2\/comments?post=11841"}],"version-history":[{"count":15,"href":"https:\/\/www.boisbuchet.org\/fr\/wp-json\/wp\/v2\/posts\/11841\/revisions"}],"predecessor-version":[{"id":12071,"href":"https:\/\/www.boisbuchet.org\/fr\/wp-json\/wp\/v2\/posts\/11841\/revisions\/12071"}],"wp:featuredmedia":[{"embeddable":true,"href":"https:\/\/www.boisbuchet.org\/fr\/wp-json\/wp\/v2\/media\/12073"}],"wp:attachment":[{"href":"https:\/\/www.boisbuchet.org\/fr\/wp-json\/wp\/v2\/media?parent=11841"}],"wp:term":[{"taxonomy":"category","embeddable":true,"href":"https:\/\/www.boisbuchet.org\/fr\/wp-json\/wp\/v2\/categories?post=11841"},{"taxonomy":"post_tag","embeddable":true,"href":"https:\/\/www.boisbuchet.org\/fr\/wp-json\/wp\/v2\/tags?post=11841"}],"curies":[{"name":"wp","href":"https:\/\/api.w.org\/{rel}","templated":true}]}}