{"id":12175,"date":"2021-03-31T16:55:34","date_gmt":"2021-03-31T14:55:34","guid":{"rendered":"https:\/\/www.boisbuchet.org\/larchitecture-sous-controle-monde-materiel\/"},"modified":"2021-03-31T17:56:29","modified_gmt":"2021-03-31T15:56:29","slug":"larchitecture-sous-controle-monde-materiel","status":"publish","type":"post","link":"https:\/\/www.boisbuchet.org\/fr\/larchitecture-sous-controle-monde-materiel\/","title":{"rendered":"L\u2019architecture sous contr\u00f4le II : Monde mat\u00e9riel"},"content":{"rendered":"<div class=\"fusion-fullwidth fullwidth-box fusion-builder-row-1 fusion-flex-container nonhundred-percent-fullwidth non-hundred-percent-height-scrolling\" style=\"--awb-border-radius-top-left:0px;--awb-border-radius-top-right:0px;--awb-border-radius-bottom-right:0px;--awb-border-radius-bottom-left:0px;--awb-flex-wrap:wrap;\" ><div class=\"fusion-builder-row fusion-row fusion-flex-align-items-flex-start fusion-flex-content-wrap\" style=\"max-width:1144px;margin-left: calc(-4% \/ 2 );margin-right: calc(-4% \/ 2 );\"><div class=\"fusion-layout-column fusion_builder_column fusion-builder-column-0 fusion_builder_column_1_1 1_1 fusion-flex-column\" style=\"--awb-bg-size:cover;--awb-width-large:100%;--awb-margin-top-large:0px;--awb-spacing-right-large:1.92%;--awb-margin-bottom-large:20px;--awb-spacing-left-large:1.92%;--awb-width-medium:100%;--awb-order-medium:0;--awb-spacing-right-medium:1.92%;--awb-spacing-left-medium:1.92%;--awb-width-small:100%;--awb-order-small:0;--awb-spacing-right-small:1.92%;--awb-spacing-left-small:1.92%;\"><div class=\"fusion-column-wrapper fusion-column-has-shadow fusion-flex-justify-content-flex-start fusion-content-layout-column\"><div class=\"fusion-text fusion-text-1\"><h2 class=\"fusion-responsive-typography-calculated\" style=\"text-align: center\" data-fontsize=\"30\" data-lineheight=\"45px\"><strong>L\u2019architecture sous contr\u00f4le :<\/strong> <span style=\"font-weight: 400\">\u00c9tude de cas II &#8211; Monde mat\u00e9riel<\/span><\/h2>\n<\/div><div class=\"fusion-image-element \" style=\"text-align:center;--awb-caption-title-font-family:var(--h2_typography-font-family);--awb-caption-title-font-weight:var(--h2_typography-font-weight);--awb-caption-title-font-style:var(--h2_typography-font-style);--awb-caption-title-size:var(--h2_typography-font-size);--awb-caption-title-transform:var(--h2_typography-text-transform);--awb-caption-title-line-height:var(--h2_typography-line-height);--awb-caption-title-letter-spacing:var(--h2_typography-letter-spacing);\"><span class=\" fusion-imageframe imageframe-none imageframe-1 hover-type-none\"><img decoding=\"async\" width=\"1920\" height=\"1117\" title=\"Post_VernacularArchitecture_AA\" src=\"https:\/\/www.boisbuchet.org\/wp-content\/uploads\/2021\/03\/Post_VernacularArchitecture_AA.jpg\" alt class=\"img-responsive wp-image-12117\" srcset=\"https:\/\/www.boisbuchet.org\/wp-content\/uploads\/2021\/03\/Post_VernacularArchitecture_AA-200x116.jpg 200w, https:\/\/www.boisbuchet.org\/wp-content\/uploads\/2021\/03\/Post_VernacularArchitecture_AA-400x233.jpg 400w, https:\/\/www.boisbuchet.org\/wp-content\/uploads\/2021\/03\/Post_VernacularArchitecture_AA-600x349.jpg 600w, https:\/\/www.boisbuchet.org\/wp-content\/uploads\/2021\/03\/Post_VernacularArchitecture_AA-800x465.jpg 800w, https:\/\/www.boisbuchet.org\/wp-content\/uploads\/2021\/03\/Post_VernacularArchitecture_AA-1200x698.jpg 1200w, https:\/\/www.boisbuchet.org\/wp-content\/uploads\/2021\/03\/Post_VernacularArchitecture_AA.jpg 1920w\" sizes=\"(max-width: 1024px) 100vw, (max-width: 640px) 100vw, 1200px\" \/><\/span><\/div><div class=\"fusion-text fusion-text-2\"><h6 style=\"text-align: right\"><span style=\"font-weight: 200\">Participant lors de l&#8217;atelier <em>Down to Earth<\/em> \u00e0 Boisbuchet dirig\u00e9 par l&#8217;architecte franco-turc Timur Ersen, 2018, \u00a9 CIRECA\u00a0<\/span><\/h6>\n<\/div><div class=\"fusion-text fusion-text-3\"><p>Continuant notre s\u00e9rie sur l&#8217;architecture et la sant\u00e9, nous nous tournons vers les avantages des m\u00e9thodes de construction vernaculaires et l&#8217;utilisation de mat\u00e9riaux naturels durables. Jusqu&#8217;\u00e0 pr\u00e9sent, nous avons vu les avantages des technologies performantes et innovantes et la mani\u00e8re dont elles peuvent r\u00e9pondre aux d\u00e9fis de la sant\u00e9 personnelle et publique, mais cela ne doit pas \u00e9liminer les possibilit\u00e9s d&#8217;int\u00e9grer \u00e9galement les techniques architecturales traditionnelles dans le d\u00e9bat sur notre sant\u00e9 et sur la mani\u00e8re dont les b\u00e2timents que nous habitons l&#8217;affectent. Les deux approches ne s&#8217;excluent pas mutuellement et peuvent en fait travailler ensemble pour cr\u00e9er une soci\u00e9t\u00e9 et une infrastructure urbaine plus saines et plus durables.<\/p>\n<\/div><div class=\"fusion-separator fusion-full-width-sep\" style=\"align-self: center;margin-left: auto;margin-right: auto;width:100%;\"><div class=\"fusion-separator-border sep-single sep-solid\" style=\"--awb-height:20px;--awb-amount:20px;border-color:#e0dede;border-top-width:1px;\"><\/div><\/div><div class=\"fusion-separator fusion-full-width-sep\" style=\"align-self: center;margin-left: auto;margin-right: auto;width:100%;\"><div class=\"fusion-separator-border sep-single sep-solid\" style=\"--awb-height:20px;--awb-amount:20px;border-color:#e0dede;border-top-width:1px;\"><\/div><\/div><\/div><\/div><\/div><\/div><div class=\"fusion-fullwidth fullwidth-box fusion-builder-row-2 fusion-flex-container nonhundred-percent-fullwidth non-hundred-percent-height-scrolling\" style=\"--awb-border-radius-top-left:0px;--awb-border-radius-top-right:0px;--awb-border-radius-bottom-right:0px;--awb-border-radius-bottom-left:0px;--awb-flex-wrap:wrap;\" ><div class=\"fusion-builder-row fusion-row fusion-flex-align-items-flex-start fusion-flex-content-wrap\" style=\"max-width:1144px;margin-left: calc(-4% \/ 2 );margin-right: calc(-4% \/ 2 );\"><div class=\"fusion-layout-column fusion_builder_column fusion-builder-column-1 fusion_builder_column_1_1 1_1 fusion-flex-column\" style=\"--awb-bg-size:cover;--awb-width-large:100%;--awb-margin-top-large:0px;--awb-spacing-right-large:1.92%;--awb-margin-bottom-large:20px;--awb-spacing-left-large:1.92%;--awb-width-medium:100%;--awb-order-medium:0;--awb-spacing-right-medium:1.92%;--awb-spacing-left-medium:1.92%;--awb-width-small:100%;--awb-order-small:0;--awb-spacing-right-small:1.92%;--awb-spacing-left-small:1.92%;\"><div class=\"fusion-column-wrapper fusion-column-has-shadow fusion-flex-justify-content-flex-start fusion-content-layout-column\"><div class=\"fusion-image-element \" style=\"text-align:center;--awb-caption-title-font-family:var(--h2_typography-font-family);--awb-caption-title-font-weight:var(--h2_typography-font-weight);--awb-caption-title-font-style:var(--h2_typography-font-style);--awb-caption-title-size:var(--h2_typography-font-size);--awb-caption-title-transform:var(--h2_typography-text-transform);--awb-caption-title-line-height:var(--h2_typography-line-height);--awb-caption-title-letter-spacing:var(--h2_typography-letter-spacing);\"><span class=\" fusion-imageframe imageframe-none imageframe-2 hover-type-none\"><img decoding=\"async\" width=\"1920\" height=\"1117\" title=\"Post_VernacularArchitecture_AnaHeringer\" src=\"https:\/\/www.boisbuchet.org\/wp-content\/uploads\/2021\/03\/Post_VernacularArchitecture_AnaHeringer.jpg\" alt class=\"img-responsive wp-image-12130\" srcset=\"https:\/\/www.boisbuchet.org\/wp-content\/uploads\/2021\/03\/Post_VernacularArchitecture_AnaHeringer-200x116.jpg 200w, https:\/\/www.boisbuchet.org\/wp-content\/uploads\/2021\/03\/Post_VernacularArchitecture_AnaHeringer-400x233.jpg 400w, https:\/\/www.boisbuchet.org\/wp-content\/uploads\/2021\/03\/Post_VernacularArchitecture_AnaHeringer-600x349.jpg 600w, https:\/\/www.boisbuchet.org\/wp-content\/uploads\/2021\/03\/Post_VernacularArchitecture_AnaHeringer-800x465.jpg 800w, https:\/\/www.boisbuchet.org\/wp-content\/uploads\/2021\/03\/Post_VernacularArchitecture_AnaHeringer-1200x698.jpg 1200w, https:\/\/www.boisbuchet.org\/wp-content\/uploads\/2021\/03\/Post_VernacularArchitecture_AnaHeringer.jpg 1920w\" sizes=\"(max-width: 1024px) 100vw, (max-width: 640px) 100vw, 1200px\" \/><\/span><\/div><div class=\"fusion-text fusion-text-4\"><h6 style=\"text-align: right\"><span style=\"font-weight: 200\">METI school, Rudrapur, Dinajpur district,\u00a0 Bangladesh, <\/span><span style=\"font-weight: 200\">\u00a9 <\/span><span style=\"font-weight: 200\">Anna Heringer<\/span><\/h6>\n<h6 style=\"text-align: right\"><\/h6>\n<\/div><\/div><\/div><\/div><\/div><div class=\"fusion-fullwidth fullwidth-box fusion-builder-row-3 fusion-flex-container nonhundred-percent-fullwidth non-hundred-percent-height-scrolling\" style=\"--awb-border-radius-top-left:0px;--awb-border-radius-top-right:0px;--awb-border-radius-bottom-right:0px;--awb-border-radius-bottom-left:0px;--awb-flex-wrap:wrap;\" ><div class=\"fusion-builder-row fusion-row fusion-flex-align-items-flex-start fusion-flex-content-wrap\" style=\"max-width:1144px;margin-left: calc(-4% \/ 2 );margin-right: calc(-4% \/ 2 );\"><div class=\"fusion-layout-column fusion_builder_column fusion-builder-column-2 fusion_builder_column_1_1 1_1 fusion-flex-column\" style=\"--awb-bg-size:cover;--awb-width-large:100%;--awb-margin-top-large:0px;--awb-spacing-right-large:1.92%;--awb-margin-bottom-large:20px;--awb-spacing-left-large:1.92%;--awb-width-medium:100%;--awb-order-medium:0;--awb-spacing-right-medium:1.92%;--awb-spacing-left-medium:1.92%;--awb-width-small:100%;--awb-order-small:0;--awb-spacing-right-small:1.92%;--awb-spacing-left-small:1.92%;\"><div class=\"fusion-column-wrapper fusion-column-has-shadow fusion-flex-justify-content-flex-start fusion-content-layout-column\"><div class=\"fusion-text fusion-text-5\"><p><span style=\"font-weight: 400\">Comme nous <a href=\"https:\/\/www.boisbuchet.org\/fr\/larchitecture-sous-controle-la-maison-saine\/\">l\u2019avons vu avec la Techstyle Haus \u00e0 Boisbuchet<\/a>, la technologie intelligente peut \u00eatre utilis\u00e9e pour assurer la sant\u00e9 personnelle. Les architectes peuvent \u00e9galement s\u2019inspirer de ce qui se passe ailleurs, dans le spectre plus large de l\u2019architecture et du design. En ce qui concerne les d\u00e9fauts sanitaires des mat\u00e9riaux de construction industriels, les principes de l\u2019architecture vernaculaire et l\u2019utilisation de mat\u00e9riaux de construction naturels dans la conception peuvent \u00e9galement \u00eatre utilis\u00e9s pour s\u2019assurer que nous nous dirigeons vers un avenir architectural plus brillant et plus sain.<\/span><\/p>\n<p><span style=\"font-weight: 400\">Prenez le bambou, par exemple. Il est naturellement antibact\u00e9rien et tr\u00e8s durable en raison de l&#8217;importance de sa biomasse. Une autre de ses caract\u00e9ristiques est qu&#8217;il est tr\u00e8s r\u00e9sistant \u00e0 l&#8217;eau, ce qui en fait un meilleur choix que de nombreux autres bois durs qui peuvent se tacher ou se d\u00e9t\u00e9riorer au contact de toute forme d&#8217;humidit\u00e9, ce qui le rend beaucoup plus facile \u00e0 nettoyer, ce qui, en fin de compte, serait extr\u00eamement b\u00e9n\u00e9fique pour \u00e9viter les infections bact\u00e9riennes. Et comme l&#8217;argile, le bambou est \u00e9galement un r\u00e9gulateur de temp\u00e9rature naturel, gardant les espaces internes frais en \u00e9t\u00e9 et chauds en hiver, ce qui le rend tr\u00e8s accommodant pendant les p\u00e9riodes de confinement, tout en \u00e9vitant le recours \u00e0 une ventilation m\u00e9canique co\u00fbteuse en \u00e9nergie. <\/span><\/p>\n<\/div><div class=\"fusion-text fusion-text-6\"><p><span style=\"font-weight: 400\">Prenons maintenant l&#8217;argile : les enduits d&#8217;argile ont la capacit\u00e9 de r\u00e9guler l&#8217;humidit\u00e9 int\u00e9rieure relative entre 40 et 70 %. Cela permet non seulement de cr\u00e9er un environnement de vie plus confortable, mais aussi d&#8217;emp\u00eacher le d\u00e9veloppement de moisissures et de champignons, qui peuvent constituer une menace s\u00e9rieuse pour les asthmatiques et les personnes souffrant d&#8217;autres probl\u00e8mes de sant\u00e9. On estime \u00e9galement qu&#8217;en maintenant l&#8217;humidit\u00e9 relative entre 40 et 70 %, la probabilit\u00e9 de survie des bact\u00e9ries et des virus infectieux dans l&#8217;air est consid\u00e9rablement r\u00e9duite\u00b9<\/span><span style=\"font-weight: 400\">. L&#8217;argile a \u00e9galement la capacit\u00e9 de se reformer facilement lorsqu&#8217;elle est mouill\u00e9e, de sorte qu&#8217;elle peut \u00eatre recycl\u00e9e sans \u00eatre mise au rebut. Cela la rend particuli\u00e8rement avantageuse dans les b\u00e2timents tels que les h\u00f4pitaux, qui deviennent fr\u00e9quemment obsol\u00e8tes une fois construits et pour lesquels l&#8217;adaptation et la transformation constituent la pi\u00e8ce ma\u00eetresse de leur conception.<\/span><\/p>\n<\/div><div class=\"fusion-text fusion-text-7\"><p><span style=\"font-weight: 400\">\u00c0 Boisbuchet, on trouve plusieurs b\u00e2timents qui int\u00e8grent et utilisent diverses techniques vernaculaires. Par exemple, en 1999, l&#8217;architecte colombien <a href=\"http:\/\/www.simonvelez.net\/\">Simon Velez<\/a> a con\u00e7u et construit la <\/span><i>Bamboo House<\/i><span style=\"font-weight: 400\"> avec une \u00e9quipe d&#8217;\u00e9tudiants en architecture dans le cadre d&#8217;un atelier d&#8217;architecture d&#8217;\u00e9t\u00e9. Pour ce projet (ainsi que pour l&#8217;espace de conf\u00e9rence en bambou qui a suivi et le pavillon en bambou, r\u00e9alis\u00e9s respectivement en 2000 et 2001), Velez a utilis\u00e9 des pratiques architecturales traditionnelles en bambou qui sont couramment utilis\u00e9es en Am\u00e9rique du Sud et en Asie du Sud-Est. Cependant, il a quelque peu innov\u00e9 en ajoutant du ciment dans la structure interne du bambou pour en augmenter la r\u00e9sistance. La Bamboo House est particuli\u00e8rement efficace en termes de vie domestique et d&#8217;hygi\u00e8ne personnelle, puisqu&#8217;elle dispose de deux terrasses pour ses occupants, ainsi que d&#8217;une grande quantit\u00e9 de lumi\u00e8re naturelle, ce qui est une consid\u00e9ration tr\u00e8s importante lorsqu&#8217;il s&#8217;agit d&#8217;occupants multiples. <\/span><\/p>\n<\/div><\/div><\/div><\/div><\/div><div class=\"fusion-fullwidth fullwidth-box fusion-builder-row-4 fusion-flex-container nonhundred-percent-fullwidth non-hundred-percent-height-scrolling\" style=\"--awb-border-radius-top-left:0px;--awb-border-radius-top-right:0px;--awb-border-radius-bottom-right:0px;--awb-border-radius-bottom-left:0px;--awb-flex-wrap:wrap;\" ><div class=\"fusion-builder-row fusion-row fusion-flex-align-items-flex-start fusion-flex-content-wrap\" style=\"max-width:1144px;margin-left: calc(-4% \/ 2 );margin-right: calc(-4% \/ 2 );\"><div class=\"fusion-layout-column fusion_builder_column fusion-builder-column-3 fusion_builder_column_1_1 1_1 fusion-flex-column\" style=\"--awb-bg-size:cover;--awb-width-large:100%;--awb-margin-top-large:0px;--awb-spacing-right-large:1.92%;--awb-margin-bottom-large:20px;--awb-spacing-left-large:1.92%;--awb-width-medium:100%;--awb-order-medium:0;--awb-spacing-right-medium:1.92%;--awb-spacing-left-medium:1.92%;--awb-width-small:100%;--awb-order-small:0;--awb-spacing-right-small:1.92%;--awb-spacing-left-small:1.92%;\"><div class=\"fusion-column-wrapper fusion-column-has-shadow fusion-flex-justify-content-flex-start fusion-content-layout-column\"><div class=\"fusion-image-before-after-wrapper fusion-image-before-after-horizontal type-before-after hover-type-together fusion-image-before-after-wrapper-1\" style=\"--awb-font-size:13px;--awb-bordersize:0px;--awb-accent-color-bg:rgba(255,255,255,0.15);--awb-transition-time:0.5s;\"><div class=\"fusion-image-before-after-element fusion-image-before-after fusion-image-before-after-container fusion-image-before-after-1\" data-offset=\"0.5\" data-orientation=\"horizontal\" data-move-with-handle-only=\"true\" data-click-to-move=\"true\"><img decoding=\"async\" class=\"fusion-image-before-after-before\" src=\"https:\/\/www.boisbuchet.org\/wp-content\/uploads\/2021\/03\/bamboo-house-2000.jpg\" width=\"557\" height=\"288\"><img decoding=\"async\" class=\"fusion-image-before-after-after\" src=\"https:\/\/www.boisbuchet.org\/wp-content\/uploads\/2021\/03\/Post_VernacularArchitecture.jpg\" width=\"557\" height=\"288\"><div class=\"fusion-image-before-after-handle fusion-image-before-after-handle-default\"><span class=\"fusion-image-before-after-left-arrow\"><\/span><span class=\"fusion-image-before-after-right-arrow\"><\/span><\/div><\/div><\/div><div class=\"fusion-text fusion-text-8\"><h6 style=\"text-align: right\">Avant et apr\u00e8s. Centre de conf\u00e9rence en bambou \u00e0 Boisbuchet, \u00a9 CIRECA<\/h6>\n<\/div><div class=\"fusion-text fusion-text-9\"><p><span style=\"font-weight: 400\">Velez a ensuite con\u00e7u le toit du pavillon du th\u00e9 en 2018. Utilisant un m\u00e9lange d&#8217;argile, de sable et de ciment, <a href=\"https:\/\/www.boisbuchet.org\/tutor\/timur-ersen\/\">le projet a ensuite \u00e9t\u00e9 r\u00e9alis\u00e9 par l&#8217;architecte, sp\u00e9cialiste en terre battue, Timur Ersen<\/a>. En 2018, Ersen a utilis\u00e9 le m\u00eame proc\u00e9d\u00e9 pour construire la chemin\u00e9e de l&#8217;\u00e9tablissement (cette fois-ci con\u00e7ue par Alvaro Siza, laur\u00e9at du prix Pritzker, et Carlos Castanheira). En raison de ses avantages \u00e9cologiques uniques et de son potentiel esth\u00e9tique, ce proc\u00e9d\u00e9 de terre battue est aujourd&#8217;hui l&#8217;une des techniques les plus prometteuses en mati\u00e8re de d\u00e9veloppement durable en architecture.<\/span><\/p>\n<\/div><div class=\"fusion-image-element \" style=\"text-align:center;--awb-caption-title-font-family:var(--h2_typography-font-family);--awb-caption-title-font-weight:var(--h2_typography-font-weight);--awb-caption-title-font-style:var(--h2_typography-font-style);--awb-caption-title-size:var(--h2_typography-font-size);--awb-caption-title-transform:var(--h2_typography-text-transform);--awb-caption-title-line-height:var(--h2_typography-line-height);--awb-caption-title-letter-spacing:var(--h2_typography-letter-spacing);\"><span class=\" fusion-imageframe imageframe-none imageframe-3 hover-type-none\"><img decoding=\"async\" width=\"1920\" height=\"1080\" title=\"Post_VernacularArchitecture_TimurErsen\" src=\"https:\/\/www.boisbuchet.org\/wp-content\/uploads\/2021\/03\/Post_VernacularArchitecture_TimurErsen.jpg\" alt class=\"img-responsive wp-image-12142\" srcset=\"https:\/\/www.boisbuchet.org\/wp-content\/uploads\/2021\/03\/Post_VernacularArchitecture_TimurErsen-200x113.jpg 200w, https:\/\/www.boisbuchet.org\/wp-content\/uploads\/2021\/03\/Post_VernacularArchitecture_TimurErsen-400x225.jpg 400w, https:\/\/www.boisbuchet.org\/wp-content\/uploads\/2021\/03\/Post_VernacularArchitecture_TimurErsen-600x338.jpg 600w, https:\/\/www.boisbuchet.org\/wp-content\/uploads\/2021\/03\/Post_VernacularArchitecture_TimurErsen-800x450.jpg 800w, https:\/\/www.boisbuchet.org\/wp-content\/uploads\/2021\/03\/Post_VernacularArchitecture_TimurErsen-1200x675.jpg 1200w, https:\/\/www.boisbuchet.org\/wp-content\/uploads\/2021\/03\/Post_VernacularArchitecture_TimurErsen.jpg 1920w\" sizes=\"(max-width: 1024px) 100vw, (max-width: 640px) 100vw, 1200px\" \/><\/span><\/div><div class=\"fusion-text fusion-text-10\"><h6 style=\"text-align: right\">Construction du Pavillon du th\u00e9 au Domaine de Boisbuchet, 2017, \u00a9 Mariana Lopez<\/h6>\n<\/div><div class=\"fusion-text fusion-text-11\"><p><span style=\"font-weight: 400\">Un autre aspect de ces types de proc\u00e9d\u00e9s vernaculaires qui ne peut \u00eatre ignor\u00e9 (surtout dans le contexte de la crise sanitaire actuelle) est leur praticabilit\u00e9 inh\u00e9rente. Dans les r\u00e9gions recul\u00e9es du monde, le transport de mat\u00e9riaux industriels peut s&#8217;av\u00e9rer incroyablement co\u00fbteux, sans compter qu&#8217;il n&#8217;est pas viable sur le plan environnemental. <a href=\"https:\/\/sharondavisdesign.com\/project\/bayalpata-community-hospital-nepal\/\">L&#8217;h\u00f4pital Bayalpata<\/a>, situ\u00e9 dans l&#8217;une des r\u00e9gions les plus pauvres et les plus recul\u00e9es du N\u00e9pal, est un exemple de ce raisonnement. Con\u00e7u par le studio d&#8217;architecture am\u00e9ricain <a href=\"https:\/\/sharondavisdesign.com\/\">Sharon Davis Design<\/a>, le projet comprend dix b\u00e2timents en terre et un dortoir de huit lits pour le personnel de l&#8217;h\u00f4pital, construits en pis\u00e9. Des pierres locales ont \u00e9t\u00e9 utilis\u00e9es pour les fondations, tandis que le bois du salar indig\u00e8ne a \u00e9t\u00e9 utilis\u00e9 pour les portes ext\u00e9rieures et le mobilier int\u00e9rieur. Comme de nombreuses maisons de la r\u00e9gion avaient d\u00e9j\u00e0 \u00e9t\u00e9 construites en terre battue, l&#8217;h\u00f4pital a \u00e9t\u00e9 con\u00e7u de mani\u00e8re \u00e0 refl\u00e9ter ce ph\u00e9nom\u00e8ne et \u00e0 donner une impression non clinique et plus famili\u00e8re \u00e0 ses patients et \u00e0 son personnel.<\/span><\/p>\n<\/div><\/div><\/div><\/div><\/div><div class=\"fusion-fullwidth fullwidth-box fusion-builder-row-5 fusion-flex-container nonhundred-percent-fullwidth non-hundred-percent-height-scrolling\" style=\"--awb-border-radius-top-left:0px;--awb-border-radius-top-right:0px;--awb-border-radius-bottom-right:0px;--awb-border-radius-bottom-left:0px;--awb-flex-wrap:wrap;\" ><div class=\"fusion-builder-row fusion-row fusion-flex-align-items-flex-start fusion-flex-content-wrap\" style=\"max-width:1144px;margin-left: calc(-4% \/ 2 );margin-right: calc(-4% \/ 2 );\"><div class=\"fusion-layout-column fusion_builder_column fusion-builder-column-4 fusion_builder_column_1_1 1_1 fusion-flex-column\" style=\"--awb-bg-size:cover;--awb-width-large:100%;--awb-margin-top-large:0px;--awb-spacing-right-large:1.92%;--awb-margin-bottom-large:20px;--awb-spacing-left-large:1.92%;--awb-width-medium:100%;--awb-order-medium:0;--awb-spacing-right-medium:1.92%;--awb-spacing-left-medium:1.92%;--awb-width-small:100%;--awb-order-small:0;--awb-spacing-right-small:1.92%;--awb-spacing-left-small:1.92%;\"><div class=\"fusion-column-wrapper fusion-column-has-shadow fusion-flex-justify-content-flex-start fusion-content-layout-column\"><div class=\"fusion-text fusion-text-12\"><p><span style=\"font-weight: 400\">De m\u00eame, un autre exemple peut \u00eatre trouv\u00e9 en Australie occidentale dans la petite ville de Newman avec la &#8220;puntukurnu aboriginal medical services (PAMS) newman clinic&#8221;, r\u00e9alis\u00e9e par <a href=\"https:\/\/kaunitzyeung.com\/\">Kaunitz Yeung Architecture<\/a> et avec l&#8217;aide des anciens martu et des habitants des communaut\u00e9s locales. Comme pour l&#8217;h\u00f4pital Bayalpata au N\u00e9pal, l&#8217;utilisation de mat\u00e9riaux durables trouv\u00e9s sur le site r\u00e9duit l&#8217;\u00e9nergie intrins\u00e8que du b\u00e2timent et offre une atmosph\u00e8re moins clinique aux patients. En outre, au centre du projet, une cour construite avec des bois durs australiens minimise l&#8217;effet de chaleur et offre un environnement s\u00fbr aux visiteurs pour interagir avec les patients.\u00a0<\/span><\/p>\n<\/div><div class=\"fusion-image-element \" style=\"text-align:center;--awb-caption-title-font-family:var(--h2_typography-font-family);--awb-caption-title-font-weight:var(--h2_typography-font-weight);--awb-caption-title-font-style:var(--h2_typography-font-style);--awb-caption-title-size:var(--h2_typography-font-size);--awb-caption-title-transform:var(--h2_typography-text-transform);--awb-caption-title-line-height:var(--h2_typography-line-height);--awb-caption-title-letter-spacing:var(--h2_typography-letter-spacing);\"><span class=\" fusion-imageframe imageframe-none imageframe-4 hover-type-none\"><img decoding=\"async\" width=\"1920\" height=\"1080\" title=\"Post_VernacularArchitecture_BayaltaHospital\" src=\"https:\/\/www.boisbuchet.org\/wp-content\/uploads\/2021\/03\/Post_VernacularArchitecture_BayaltaHospital.jpg\" alt class=\"img-responsive wp-image-12140\" srcset=\"https:\/\/www.boisbuchet.org\/wp-content\/uploads\/2021\/03\/Post_VernacularArchitecture_BayaltaHospital-200x113.jpg 200w, https:\/\/www.boisbuchet.org\/wp-content\/uploads\/2021\/03\/Post_VernacularArchitecture_BayaltaHospital-400x225.jpg 400w, https:\/\/www.boisbuchet.org\/wp-content\/uploads\/2021\/03\/Post_VernacularArchitecture_BayaltaHospital-600x338.jpg 600w, https:\/\/www.boisbuchet.org\/wp-content\/uploads\/2021\/03\/Post_VernacularArchitecture_BayaltaHospital-800x450.jpg 800w, https:\/\/www.boisbuchet.org\/wp-content\/uploads\/2021\/03\/Post_VernacularArchitecture_BayaltaHospital-1200x675.jpg 1200w, https:\/\/www.boisbuchet.org\/wp-content\/uploads\/2021\/03\/Post_VernacularArchitecture_BayaltaHospital.jpg 1920w\" sizes=\"(max-width: 1024px) 100vw, (max-width: 640px) 100vw, 1200px\" \/><\/span><\/div><div class=\"fusion-text fusion-text-13\"><h6 style=\"text-align: right\"><span style=\"font-weight: 200\">Bayalpata Hospital, Nepal, 2019, \u00a9 Sharon David Design<\/span><\/h6>\n<\/div><div class=\"fusion-text fusion-text-14\"><p><span style=\"font-weight: 400\">Utiliser les mat\u00e9riaux trouv\u00e9s autour des r\u00e9gions recul\u00e9es du monde offre une alternative viable et durable aux techniques plus industrielles qui, bien que souvent plus rapides, plus faciles et moins ch\u00e8res \u00e0 promouvoir, peuvent avoir de graves cons\u00e9quences n\u00e9fastes. En 2019, Boisbuchet a accueilli l&#8217;architecte et professeur honoraire du Si\u00e8ge d\u2019Architecture en Terre, de Cultures de Construction et de D\u00e9veloppement Durable de l\u2019UNESCO, <a href=\"https:\/\/www.boisbuchet.org\/fr\/tutor\/anna-heringer\/\">Anna Heringer<\/a>. Son atelier a exp\u00e9riment\u00e9 les usages et les avantages de l&#8217;architecture en terre et en boue. Avec Martin Rauch, elle a d\u00e9velopp\u00e9<a href=\"https:\/\/www.boisbuchet.org\/fr\/tutor\/anna-heringer\/\"> la m\u00e9thode du <\/a><\/span><i><span style=\"font-weight: 400\">Clay Storming<\/span><\/i><span style=\"font-weight: 400\"> (\u201cTemp\u00eate d&#8217;Argile\u201d) autour du globe comme outil architectural pour s&#8217;engager avec les communaut\u00e9s locales et r\u00e9duire l&#8217;impact environnemental de l&#8217;architecture industrielle.<\/span><\/p>\n<\/div><div class=\"fusion-text fusion-text-15\"><p><span style=\"font-weight: 400\">Les projets d&#8217;Anna, tels que l&#8217;orphelinat <\/span><i><span style=\"font-weight: 400\">Safe Haven<\/span><\/i><span style=\"font-weight: 400\"> \u00e0 Ban Tha Song Yang en Tha\u00eflande, combattent les installations sanitaires existantes de la r\u00e9gion, qui \u00e9taient sombres, \u00e9troites et dont le sol en b\u00e9ton accumulait souvent l&#8217;eau et la salet\u00e9, en proposant au contraire des solutions alternatives avec des sols en gravier et en bois, faciles \u00e0 maintenir propres et secs. Par ailleurs, toutes les pi\u00e8ces humides sont drain\u00e9es par le sol gr\u00e2ce \u00e0 des couches de pierre d&#8217;origine locale. De m\u00eame, le <\/span><i><span style=\"font-weight: 400\">Living Tebogo<\/span><\/i><span style=\"font-weight: 400\"> pour enfants handicap\u00e9s dans le canton d&#8217;Orangetown, pr\u00e8s de Johannesburg en Afrique du Sud, r\u00e9v\u00e8le une am\u00e9lioration cruciale du confort thermique sans recours \u00e0 l&#8217;\u00e9nergie ext\u00e9rieure. Contrairement aux b\u00e2timents environnants dont la temp\u00e9rature varie de 2 \u00e0 45 degr\u00e9s, le nouveau b\u00e2timent, gr\u00e2ce \u00e0 l&#8217;utilisation de mat\u00e9riaux naturels locaux (tels que la terre, l&#8217;argile, la paille et l&#8217;herbe), stabilise une temp\u00e9rature r\u00e9guli\u00e8re entre 2 et 9 degr\u00e9s tout en offrant \u00e0 l&#8217;int\u00e9rieur une meilleure circulation de l&#8217;air, limitant ainsi la prolif\u00e9ration des bact\u00e9ries et des maladies infectieuses\u00b2<\/span><span style=\"font-weight: 400\">.\u00a0<\/span><\/p>\n<\/div><div class=\"fusion-image-element \" style=\"text-align:center;--awb-caption-title-font-family:var(--h2_typography-font-family);--awb-caption-title-font-weight:var(--h2_typography-font-weight);--awb-caption-title-font-style:var(--h2_typography-font-style);--awb-caption-title-size:var(--h2_typography-font-size);--awb-caption-title-transform:var(--h2_typography-text-transform);--awb-caption-title-line-height:var(--h2_typography-line-height);--awb-caption-title-letter-spacing:var(--h2_typography-letter-spacing);\"><span class=\" fusion-imageframe imageframe-none imageframe-5 hover-type-none\"><img decoding=\"async\" width=\"1920\" height=\"1080\" title=\"Post_VernacularArchitecture_AnnaHeringer\" src=\"https:\/\/www.boisbuchet.org\/wp-content\/uploads\/2021\/03\/Post_VernacularArchitecture_AnnaHeringer.jpg\" alt class=\"img-responsive wp-image-12146\" srcset=\"https:\/\/www.boisbuchet.org\/wp-content\/uploads\/2021\/03\/Post_VernacularArchitecture_AnnaHeringer-200x113.jpg 200w, https:\/\/www.boisbuchet.org\/wp-content\/uploads\/2021\/03\/Post_VernacularArchitecture_AnnaHeringer-400x225.jpg 400w, https:\/\/www.boisbuchet.org\/wp-content\/uploads\/2021\/03\/Post_VernacularArchitecture_AnnaHeringer-600x338.jpg 600w, https:\/\/www.boisbuchet.org\/wp-content\/uploads\/2021\/03\/Post_VernacularArchitecture_AnnaHeringer-800x450.jpg 800w, https:\/\/www.boisbuchet.org\/wp-content\/uploads\/2021\/03\/Post_VernacularArchitecture_AnnaHeringer-1200x675.jpg 1200w, https:\/\/www.boisbuchet.org\/wp-content\/uploads\/2021\/03\/Post_VernacularArchitecture_AnnaHeringer.jpg 1920w\" sizes=\"(max-width: 1024px) 100vw, (max-width: 640px) 100vw, 1200px\" \/><\/span><\/div><div class=\"fusion-text fusion-text-16\"><h6 style=\"text-align: right\">Images de l&#8217;atelier Clay Storming \u00e0 Boisbuchet dirig\u00e9 par Anna Heringer, 2019, \u00a9 CIRECA<\/h6>\n<\/div><\/div><\/div><div class=\"fusion-layout-column fusion_builder_column fusion-builder-column-5 fusion_builder_column_1_1 1_1 fusion-flex-column\" style=\"--awb-bg-size:cover;--awb-width-large:100%;--awb-margin-top-large:0px;--awb-spacing-right-large:1.92%;--awb-margin-bottom-large:20px;--awb-spacing-left-large:1.92%;--awb-width-medium:100%;--awb-order-medium:0;--awb-spacing-right-medium:1.92%;--awb-spacing-left-medium:1.92%;--awb-width-small:100%;--awb-order-small:0;--awb-spacing-right-small:1.92%;--awb-spacing-left-small:1.92%;\"><div class=\"fusion-column-wrapper fusion-column-has-shadow fusion-flex-justify-content-flex-start fusion-content-layout-column\"><div class=\"fusion-text fusion-text-17\"><p><span style=\"font-weight: 400\">Bien entendu, nous pouvons \u00e9galement trouver des bienfaits pour la sant\u00e9 dans les m\u00e9thodes d&#8217;architecture vernaculaire et traditionnelle en Europe. Par exemple, dans les Pyr\u00e9n\u00e9es fran\u00e7aises, la structure des maisons \u00e0 colombages \u00e9tait souvent construite avec des pierres locales qui prot\u00e9geaient ensuite la structure en bois des incendies potentiels et de l&#8217;humidit\u00e9. Une fois la structure \u00e9rig\u00e9e, les panneaux \u00e9taient remplis d&#8217;un m\u00e9lange de chaux, de paille hach\u00e9e, de sable et d&#8217;argile, qui assurait une isolation efficace et r\u00e9gulait davantage l&#8217;humidit\u00e9, ce qui r\u00e9duisait par cons\u00e9quent le risque d&#8217;infection. <\/span><\/p>\n<\/div><div class=\"fusion-text fusion-text-18\"><p><span style=\"font-weight: 400\">Il est donc \u00e9vident que l&#8217;innovation technologique n&#8217;est pas la seule voie raisonnable pour parvenir \u00e0 une architecture plus propre et plus saine. Nous pouvons \u00e9galement tirer les le\u00e7ons du pass\u00e9 et des communaut\u00e9s du monde entier qui continuent \u00e0 travailler et \u00e0 encourager les m\u00e9thodes de construction traditionnelles et durables. Travailler avec des mat\u00e9riaux naturels peut \u00eatre extr\u00eamement b\u00e9n\u00e9fique pour la sant\u00e9 d&#8217;une population, alors que les mat\u00e9riaux industriels peuvent nuire au corps humain, causer des ravages sur nos syst\u00e8mes respiratoires, tout en favorisant les conditions d&#8217;augmentation de l&#8217;humidit\u00e9, etc. Nous devons \u00e9galement tenir compte de la possibilit\u00e9 que les pand\u00e9mies mondiales se propagent jusque dans les r\u00e9gions les plus recul\u00e9es de la plan\u00e8te et de la mani\u00e8re dont les architectes peuvent r\u00e9pondre avec succ\u00e8s et durablement \u00e0 ces \u00e9ventualit\u00e9s. <\/span><\/p>\n<\/div><div class=\"fusion-image-element \" style=\"--awb-margin-bottom:0px;--awb-caption-title-font-family:var(--h2_typography-font-family);--awb-caption-title-font-weight:var(--h2_typography-font-weight);--awb-caption-title-font-style:var(--h2_typography-font-style);--awb-caption-title-size:var(--h2_typography-font-size);--awb-caption-title-transform:var(--h2_typography-text-transform);--awb-caption-title-line-height:var(--h2_typography-line-height);--awb-caption-title-letter-spacing:var(--h2_typography-letter-spacing);\"><span class=\" fusion-imageframe imageframe-none imageframe-6 hover-type-none\"><img decoding=\"async\" width=\"1920\" height=\"1080\" title=\"Post_VernacularArchitecture_Confolens\" src=\"https:\/\/www.boisbuchet.org\/wp-content\/uploads\/2021\/03\/Post_VernacularArchitecture_Confolens.jpg\" alt class=\"img-responsive wp-image-12162\" srcset=\"https:\/\/www.boisbuchet.org\/wp-content\/uploads\/2021\/03\/Post_VernacularArchitecture_Confolens-200x113.jpg 200w, https:\/\/www.boisbuchet.org\/wp-content\/uploads\/2021\/03\/Post_VernacularArchitecture_Confolens-400x225.jpg 400w, https:\/\/www.boisbuchet.org\/wp-content\/uploads\/2021\/03\/Post_VernacularArchitecture_Confolens-600x338.jpg 600w, https:\/\/www.boisbuchet.org\/wp-content\/uploads\/2021\/03\/Post_VernacularArchitecture_Confolens-800x450.jpg 800w, https:\/\/www.boisbuchet.org\/wp-content\/uploads\/2021\/03\/Post_VernacularArchitecture_Confolens-1200x675.jpg 1200w, https:\/\/www.boisbuchet.org\/wp-content\/uploads\/2021\/03\/Post_VernacularArchitecture_Confolens.jpg 1920w\" sizes=\"(max-width: 1024px) 100vw, (max-width: 640px) 100vw, 1200px\" \/><\/span><\/div><div class=\"fusion-text fusion-text-19\"><h6 style=\"text-align: right\">Exemple de constructions \u00e0 colombages \u00e0 Confolens, une splendide &#8220;Petite Cit\u00e9 de Caract\u00e8re&#8221; \u00e0 10 km du Domaine de Boisbuchet. \u00a9 Rosier -Creative Commons<\/h6>\n<\/div><div class=\"fusion-text fusion-text-20\"><p>&nbsp;<\/p>\n<p><span style=\"font-weight: 400\">Dans le prochain chapitre, nous examinerons la place de l&#8217;espace et son r\u00f4le dans la pand\u00e9mie en cours. \u00c0 une \u00e9poque o\u00f9 des populations enti\u00e8res \u00e9taient confin\u00e9es chez elles, la nature de l&#8217;espace s&#8217;est av\u00e9r\u00e9e cruciale non seulement pour d\u00e9terminer le degr\u00e9 de vuln\u00e9rabilit\u00e9 \u00e0 l&#8217;infection par le Covid-19, mais aussi pour d\u00e9terminer dans quelle mesure on \u00e9tait pr\u00e9par\u00e9 \u00e0 r\u00e9sister aux r\u00e8gles de l&#8217;enfermement. <\/span><\/p>\n<\/div><\/div><\/div><\/div><\/div><div class=\"fusion-fullwidth fullwidth-box fusion-builder-row-6 fusion-flex-container nonhundred-percent-fullwidth non-hundred-percent-height-scrolling\" style=\"--awb-border-radius-top-left:0px;--awb-border-radius-top-right:0px;--awb-border-radius-bottom-right:0px;--awb-border-radius-bottom-left:0px;--awb-flex-wrap:wrap;\" ><div class=\"fusion-builder-row fusion-row fusion-flex-align-items-flex-start fusion-flex-content-wrap\" style=\"max-width:1144px;margin-left: calc(-4% \/ 2 );margin-right: calc(-4% \/ 2 );\"><div class=\"fusion-layout-column fusion_builder_column fusion-builder-column-6 fusion_builder_column_1_1 1_1 fusion-flex-column\" style=\"--awb-bg-size:cover;--awb-width-large:100%;--awb-margin-top-large:0px;--awb-spacing-right-large:1.92%;--awb-margin-bottom-large:20px;--awb-spacing-left-large:1.92%;--awb-width-medium:100%;--awb-order-medium:0;--awb-spacing-right-medium:1.92%;--awb-spacing-left-medium:1.92%;--awb-width-small:100%;--awb-order-small:0;--awb-spacing-right-small:1.92%;--awb-spacing-left-small:1.92%;\"><div class=\"fusion-column-wrapper fusion-column-has-shadow fusion-flex-justify-content-flex-start fusion-content-layout-column\"><div class=\"fusion-text fusion-text-21\"><p><strong>Kester Farrell<\/strong> est un assistant de recherche britannique en architecture et en design, qui entreprend actuellement un projet de recherche de six mois au Domaine de Boisbuchet.<\/p>\n<\/div><\/div><\/div><\/div><\/div><div class=\"fusion-fullwidth fullwidth-box fusion-builder-row-7 fusion-flex-container nonhundred-percent-fullwidth non-hundred-percent-height-scrolling\" style=\"--awb-border-radius-top-left:0px;--awb-border-radius-top-right:0px;--awb-border-radius-bottom-right:0px;--awb-border-radius-bottom-left:0px;--awb-flex-wrap:wrap;\" ><div class=\"fusion-builder-row fusion-row fusion-flex-align-items-flex-start fusion-flex-content-wrap\" style=\"max-width:1144px;margin-left: calc(-4% \/ 2 );margin-right: calc(-4% \/ 2 );\"><div class=\"fusion-layout-column fusion_builder_column fusion-builder-column-7 fusion_builder_column_1_3 1_3 fusion-flex-column\" style=\"--awb-bg-size:cover;--awb-width-large:33.333333333333%;--awb-margin-top-large:0px;--awb-spacing-right-large:5.76%;--awb-margin-bottom-large:20px;--awb-spacing-left-large:5.76%;--awb-width-medium:100%;--awb-order-medium:0;--awb-spacing-right-medium:1.92%;--awb-spacing-left-medium:1.92%;--awb-width-small:100%;--awb-order-small:0;--awb-spacing-right-small:1.92%;--awb-spacing-left-small:1.92%;\"><div class=\"fusion-column-wrapper fusion-column-has-shadow fusion-flex-justify-content-flex-start fusion-content-layout-column\"><\/div><\/div><div class=\"fusion-layout-column fusion_builder_column fusion-builder-column-8 fusion_builder_column_1_3 1_3 fusion-flex-column\" style=\"--awb-bg-size:cover;--awb-width-large:33.333333333333%;--awb-margin-top-large:0px;--awb-spacing-right-large:5.76%;--awb-margin-bottom-large:20px;--awb-spacing-left-large:5.76%;--awb-width-medium:100%;--awb-order-medium:0;--awb-spacing-right-medium:1.92%;--awb-spacing-left-medium:1.92%;--awb-width-small:100%;--awb-order-small:0;--awb-spacing-right-small:1.92%;--awb-spacing-left-small:1.92%;\"><div class=\"fusion-column-wrapper fusion-column-has-shadow fusion-flex-justify-content-flex-start fusion-content-layout-column\"><div ><a class=\"fusion-button button-flat fusion-button-default-size button-custom fusion-button-default button-1 fusion-button-default-span fusion-button-default-type\" style=\"--button_accent_color:#ffffff;--button_accent_hover_color:#ffffff;--button_border_hover_color:#ffffff;--button-border-radius-top-left:0;--button-border-radius-top-right:0;--button-border-radius-bottom-right:0;--button-border-radius-bottom-left:0;--button_gradient_top_color:#000000;--button_gradient_bottom_color:#000000;--button_gradient_top_color_hover:#000000;--button_gradient_bottom_color_hover:#000000;\" target=\"_self\" href=\"https:\/\/www.boisbuchet.org\/fr\/ateliers\/\"><span class=\"fusion-button-text awb-button__text awb-button__text--default\">Summer Workshops 2021<\/span><\/a><\/div><\/div><\/div><div class=\"fusion-layout-column fusion_builder_column fusion-builder-column-9 fusion_builder_column_1_3 1_3 fusion-flex-column\" style=\"--awb-bg-size:cover;--awb-width-large:33.333333333333%;--awb-margin-top-large:0px;--awb-spacing-right-large:5.76%;--awb-margin-bottom-large:20px;--awb-spacing-left-large:5.76%;--awb-width-medium:100%;--awb-order-medium:0;--awb-spacing-right-medium:1.92%;--awb-spacing-left-medium:1.92%;--awb-width-small:100%;--awb-order-small:0;--awb-spacing-right-small:1.92%;--awb-spacing-left-small:1.92%;\"><div class=\"fusion-column-wrapper fusion-column-has-shadow fusion-flex-justify-content-flex-start fusion-content-layout-column\"><\/div><\/div><div class=\"fusion-layout-column fusion_builder_column fusion-builder-column-10 fusion_builder_column_1_1 1_1 fusion-flex-column\" style=\"--awb-bg-size:cover;--awb-width-large:100%;--awb-margin-top-large:0px;--awb-spacing-right-large:1.92%;--awb-margin-bottom-large:20px;--awb-spacing-left-large:1.92%;--awb-width-medium:100%;--awb-order-medium:0;--awb-spacing-right-medium:1.92%;--awb-spacing-left-medium:1.92%;--awb-width-small:100%;--awb-order-small:0;--awb-spacing-right-small:1.92%;--awb-spacing-left-small:1.92%;\"><div class=\"fusion-column-wrapper fusion-column-has-shadow fusion-flex-justify-content-flex-start fusion-content-layout-column\"><div class=\"fusion-separator fusion-full-width-sep\" style=\"align-self: center;margin-left: auto;margin-right: auto;width:100%;\"><\/div><\/div><\/div><\/div><\/div><div class=\"fusion-fullwidth fullwidth-box fusion-builder-row-8 fusion-flex-container nonhundred-percent-fullwidth non-hundred-percent-height-scrolling\" style=\"--awb-border-radius-top-left:0px;--awb-border-radius-top-right:0px;--awb-border-radius-bottom-right:0px;--awb-border-radius-bottom-left:0px;--awb-flex-wrap:wrap;\" ><div class=\"fusion-builder-row fusion-row fusion-flex-align-items-flex-start fusion-flex-content-wrap\" style=\"max-width:1144px;margin-left: calc(-4% \/ 2 );margin-right: calc(-4% \/ 2 );\"><div class=\"fusion-layout-column fusion_builder_column fusion-builder-column-11 fusion_builder_column_1_1 1_1 fusion-flex-column\" style=\"--awb-bg-size:cover;--awb-width-large:100%;--awb-margin-top-large:0px;--awb-spacing-right-large:1.92%;--awb-margin-bottom-large:20px;--awb-spacing-left-large:1.92%;--awb-width-medium:100%;--awb-order-medium:0;--awb-spacing-right-medium:1.92%;--awb-spacing-left-medium:1.92%;--awb-width-small:100%;--awb-order-small:0;--awb-spacing-right-small:1.92%;--awb-spacing-left-small:1.92%;\"><div class=\"fusion-column-wrapper fusion-column-has-shadow fusion-flex-justify-content-flex-start fusion-content-layout-column\"><div class=\"fusion-separator fusion-full-width-sep\" style=\"align-self: center;margin-left: auto;margin-right: auto;width:100%;\"><div class=\"fusion-separator-border sep-single sep-solid\" style=\"--awb-height:20px;--awb-amount:20px;border-color:#e0dede;border-top-width:1px;\"><\/div><\/div><div class=\"fusion-text fusion-text-22\"><h6>\u00b9 <span style=\"font-weight: 400\">Julian W. Tang (2009) <\/span><span style=\"font-weight: 400\">The effect of environmental parameters on the survival of airborne infectious agents<\/span><\/h6>\n<h6><span style=\"font-weight: 400\">\u00b2 Tyin \/ Anna Heringer (2010) Construire Ailleurs &#8211; Building Elsewhere, pp. 42-43, 88-89<\/span><\/h6>\n<\/div><\/div><\/div><\/div><\/div>\n","protected":false},"excerpt":{"rendered":"","protected":false},"author":566,"featured_media":12169,"comment_status":"closed","ping_status":"open","sticky":false,"template":"","format":"standard","meta":{"_monsterinsights_skip_tracking":false,"_monsterinsights_sitenote_active":false,"_monsterinsights_sitenote_note":"","_monsterinsights_sitenote_category":0,"footnotes":""},"categories":[167,1],"tags":[],"class_list":["post-12175","post","type-post","status-publish","format-standard","has-post-thumbnail","hentry","category-news-events","category-uncategorized"],"yoast_head":"<!-- This site is optimized with the Yoast SEO plugin v27.1.1 - https:\/\/yoast.com\/product\/yoast-seo-wordpress\/ -->\n<title>L\u2019architecture sous contr\u00f4le II : Monde mat\u00e9riel | Domaine de Boisbuchet<\/title>\n<meta name=\"description\" content=\"Domaine de Boisbuchet Dans le cadre de notre s\u00e9rie sur l&#039;architecture et la sant\u00e9, nous nous int\u00e9ressons aux avantages des m\u00e9thodes de construction vernaculaires.\" \/>\n<meta name=\"robots\" content=\"index, follow, max-snippet:-1, max-image-preview:large, max-video-preview:-1\" \/>\n<link rel=\"canonical\" href=\"https:\/\/www.boisbuchet.org\/fr\/larchitecture-sous-controle-monde-materiel\/\" \/>\n<meta property=\"og:locale\" content=\"fr_FR\" \/>\n<meta property=\"og:type\" content=\"article\" \/>\n<meta property=\"og:title\" content=\"L\u2019architecture sous contr\u00f4le II : Monde mat\u00e9riel | Domaine de Boisbuchet\" \/>\n<meta property=\"og:description\" content=\"Domaine de Boisbuchet Dans le cadre de notre s\u00e9rie sur l&#039;architecture et la sant\u00e9, nous nous int\u00e9ressons aux avantages des m\u00e9thodes de construction vernaculaires.\" \/>\n<meta property=\"og:url\" content=\"https:\/\/www.boisbuchet.org\/fr\/larchitecture-sous-controle-monde-materiel\/\" \/>\n<meta property=\"og:site_name\" content=\"Domaine de Boisbuchet\" \/>\n<meta property=\"article:publisher\" content=\"https:\/\/www.facebook.com\/boisbuchet\" \/>\n<meta property=\"article:published_time\" content=\"2021-03-31T14:55:34+00:00\" \/>\n<meta property=\"article:modified_time\" content=\"2021-03-31T15:56:29+00:00\" \/>\n<meta property=\"og:image\" content=\"https:\/\/www.boisbuchet.org\/wp-content\/uploads\/2021\/03\/Post_VernacularArchitecture_Velez.jpg\" \/>\n\t<meta property=\"og:image:width\" content=\"724\" \/>\n\t<meta property=\"og:image:height\" content=\"542\" \/>\n\t<meta property=\"og:image:type\" content=\"image\/jpeg\" \/>\n<meta name=\"author\" content=\"pablo.sevilla\" \/>\n<meta name=\"twitter:card\" content=\"summary_large_image\" \/>\n<meta name=\"twitter:creator\" content=\"@boisbuchet\" \/>\n<meta name=\"twitter:site\" content=\"@boisbuchet\" \/>\n<meta name=\"twitter:label1\" content=\"\u00c9crit par\" \/>\n\t<meta name=\"twitter:data1\" content=\"pablo.sevilla\" \/>\n\t<meta name=\"twitter:label2\" content=\"Dur\u00e9e de lecture estim\u00e9e\" \/>\n\t<meta name=\"twitter:data2\" content=\"47 minutes\" \/>\n<script type=\"application\/ld+json\" class=\"yoast-schema-graph\">{\"@context\":\"https:\/\/schema.org\",\"@graph\":[{\"@type\":\"Article\",\"@id\":\"https:\/\/www.boisbuchet.org\/fr\/larchitecture-sous-controle-monde-materiel\/#article\",\"isPartOf\":{\"@id\":\"https:\/\/www.boisbuchet.org\/fr\/larchitecture-sous-controle-monde-materiel\/\"},\"author\":{\"name\":\"pablo.sevilla\",\"@id\":\"https:\/\/www.boisbuchet.org\/#\/schema\/person\/37f6d78daf7b561c8175c85d605ef2f0\"},\"headline\":\"L\u2019architecture sous contr\u00f4le II : Monde mat\u00e9riel\",\"datePublished\":\"2021-03-31T14:55:34+00:00\",\"dateModified\":\"2021-03-31T15:56:29+00:00\",\"mainEntityOfPage\":{\"@id\":\"https:\/\/www.boisbuchet.org\/fr\/larchitecture-sous-controle-monde-materiel\/\"},\"wordCount\":9518,\"publisher\":{\"@id\":\"https:\/\/www.boisbuchet.org\/#organization\"},\"image\":{\"@id\":\"https:\/\/www.boisbuchet.org\/fr\/larchitecture-sous-controle-monde-materiel\/#primaryimage\"},\"thumbnailUrl\":\"https:\/\/www.boisbuchet.org\/wp-content\/uploads\/2021\/03\/Post_VernacularArchitecture_Velez.jpg\",\"articleSection\":[\"News &amp; Events\",\"Uncategorized\"],\"inLanguage\":\"fr-FR\"},{\"@type\":\"WebPage\",\"@id\":\"https:\/\/www.boisbuchet.org\/fr\/larchitecture-sous-controle-monde-materiel\/\",\"url\":\"https:\/\/www.boisbuchet.org\/fr\/larchitecture-sous-controle-monde-materiel\/\",\"name\":\"L\u2019architecture sous contr\u00f4le II : Monde mat\u00e9riel | Domaine de Boisbuchet\",\"isPartOf\":{\"@id\":\"https:\/\/www.boisbuchet.org\/#website\"},\"primaryImageOfPage\":{\"@id\":\"https:\/\/www.boisbuchet.org\/fr\/larchitecture-sous-controle-monde-materiel\/#primaryimage\"},\"image\":{\"@id\":\"https:\/\/www.boisbuchet.org\/fr\/larchitecture-sous-controle-monde-materiel\/#primaryimage\"},\"thumbnailUrl\":\"https:\/\/www.boisbuchet.org\/wp-content\/uploads\/2021\/03\/Post_VernacularArchitecture_Velez.jpg\",\"datePublished\":\"2021-03-31T14:55:34+00:00\",\"dateModified\":\"2021-03-31T15:56:29+00:00\",\"description\":\"Domaine de Boisbuchet Dans le cadre de notre s\u00e9rie sur l'architecture et la sant\u00e9, nous nous int\u00e9ressons aux avantages des m\u00e9thodes de construction vernaculaires.\",\"breadcrumb\":{\"@id\":\"https:\/\/www.boisbuchet.org\/fr\/larchitecture-sous-controle-monde-materiel\/#breadcrumb\"},\"inLanguage\":\"fr-FR\",\"potentialAction\":[{\"@type\":\"ReadAction\",\"target\":[\"https:\/\/www.boisbuchet.org\/fr\/larchitecture-sous-controle-monde-materiel\/\"]}]},{\"@type\":\"ImageObject\",\"inLanguage\":\"fr-FR\",\"@id\":\"https:\/\/www.boisbuchet.org\/fr\/larchitecture-sous-controle-monde-materiel\/#primaryimage\",\"url\":\"https:\/\/www.boisbuchet.org\/wp-content\/uploads\/2021\/03\/Post_VernacularArchitecture_Velez.jpg\",\"contentUrl\":\"https:\/\/www.boisbuchet.org\/wp-content\/uploads\/2021\/03\/Post_VernacularArchitecture_Velez.jpg\",\"width\":724,\"height\":542},{\"@type\":\"BreadcrumbList\",\"@id\":\"https:\/\/www.boisbuchet.org\/fr\/larchitecture-sous-controle-monde-materiel\/#breadcrumb\",\"itemListElement\":[{\"@type\":\"ListItem\",\"position\":1,\"name\":\"Home\",\"item\":\"https:\/\/www.boisbuchet.org\/fr\/\"},{\"@type\":\"ListItem\",\"position\":2,\"name\":\"L\u2019architecture sous contr\u00f4le II : Monde mat\u00e9riel\"}]},{\"@type\":\"WebSite\",\"@id\":\"https:\/\/www.boisbuchet.org\/#website\",\"url\":\"https:\/\/www.boisbuchet.org\/\",\"name\":\"Domaine de Boisbuchet\",\"description\":\"Summer Workshops | Park | Event\u00a0Location\",\"publisher\":{\"@id\":\"https:\/\/www.boisbuchet.org\/#organization\"},\"potentialAction\":[{\"@type\":\"SearchAction\",\"target\":{\"@type\":\"EntryPoint\",\"urlTemplate\":\"https:\/\/www.boisbuchet.org\/?s={search_term_string}\"},\"query-input\":{\"@type\":\"PropertyValueSpecification\",\"valueRequired\":true,\"valueName\":\"search_term_string\"}}],\"inLanguage\":\"fr-FR\"},{\"@type\":\"Organization\",\"@id\":\"https:\/\/www.boisbuchet.org\/#organization\",\"name\":\"Domine de Boisbuchet\",\"url\":\"https:\/\/www.boisbuchet.org\/\",\"logo\":{\"@type\":\"ImageObject\",\"inLanguage\":\"fr-FR\",\"@id\":\"https:\/\/www.boisbuchet.org\/#\/schema\/logo\/image\/\",\"url\":\"https:\/\/www.boisbuchet.org\/wp-content\/uploads\/2019\/01\/logo_boisbuchet_black.png\",\"contentUrl\":\"https:\/\/www.boisbuchet.org\/wp-content\/uploads\/2019\/01\/logo_boisbuchet_black.png\",\"width\":200,\"height\":73,\"caption\":\"Domine de Boisbuchet\"},\"image\":{\"@id\":\"https:\/\/www.boisbuchet.org\/#\/schema\/logo\/image\/\"},\"sameAs\":[\"https:\/\/www.facebook.com\/boisbuchet\",\"https:\/\/x.com\/boisbuchet\",\"https:\/\/www.instagram.com\/boisbuchet\",\"https:\/\/www.linkedin.com\/company\/domaine-de-boisbuchet\",\"https:\/\/www.pinterest.com\/boisbuchet\"]},{\"@type\":\"Person\",\"@id\":\"https:\/\/www.boisbuchet.org\/#\/schema\/person\/37f6d78daf7b561c8175c85d605ef2f0\",\"name\":\"pablo.sevilla\",\"url\":\"https:\/\/www.boisbuchet.org\/fr\/author\/pablo-sevilla\/\"}]}<\/script>\n<!-- \/ Yoast SEO plugin. -->","yoast_head_json":{"title":"L\u2019architecture sous contr\u00f4le II : Monde mat\u00e9riel | Domaine de Boisbuchet","description":"Domaine de Boisbuchet Dans le cadre de notre s\u00e9rie sur l'architecture et la sant\u00e9, nous nous int\u00e9ressons aux avantages des m\u00e9thodes de construction vernaculaires.","robots":{"index":"index","follow":"follow","max-snippet":"max-snippet:-1","max-image-preview":"max-image-preview:large","max-video-preview":"max-video-preview:-1"},"canonical":"https:\/\/www.boisbuchet.org\/fr\/larchitecture-sous-controle-monde-materiel\/","og_locale":"fr_FR","og_type":"article","og_title":"L\u2019architecture sous contr\u00f4le II : Monde mat\u00e9riel | Domaine de Boisbuchet","og_description":"Domaine de Boisbuchet Dans le cadre de notre s\u00e9rie sur l'architecture et la sant\u00e9, nous nous int\u00e9ressons aux avantages des m\u00e9thodes de construction vernaculaires.","og_url":"https:\/\/www.boisbuchet.org\/fr\/larchitecture-sous-controle-monde-materiel\/","og_site_name":"Domaine de Boisbuchet","article_publisher":"https:\/\/www.facebook.com\/boisbuchet","article_published_time":"2021-03-31T14:55:34+00:00","article_modified_time":"2021-03-31T15:56:29+00:00","og_image":[{"width":724,"height":542,"url":"https:\/\/www.boisbuchet.org\/wp-content\/uploads\/2021\/03\/Post_VernacularArchitecture_Velez.jpg","type":"image\/jpeg"}],"author":"pablo.sevilla","twitter_card":"summary_large_image","twitter_creator":"@boisbuchet","twitter_site":"@boisbuchet","twitter_misc":{"\u00c9crit par":"pablo.sevilla","Dur\u00e9e de lecture estim\u00e9e":"47 minutes"},"schema":{"@context":"https:\/\/schema.org","@graph":[{"@type":"Article","@id":"https:\/\/www.boisbuchet.org\/fr\/larchitecture-sous-controle-monde-materiel\/#article","isPartOf":{"@id":"https:\/\/www.boisbuchet.org\/fr\/larchitecture-sous-controle-monde-materiel\/"},"author":{"name":"pablo.sevilla","@id":"https:\/\/www.boisbuchet.org\/#\/schema\/person\/37f6d78daf7b561c8175c85d605ef2f0"},"headline":"L\u2019architecture sous contr\u00f4le II : Monde mat\u00e9riel","datePublished":"2021-03-31T14:55:34+00:00","dateModified":"2021-03-31T15:56:29+00:00","mainEntityOfPage":{"@id":"https:\/\/www.boisbuchet.org\/fr\/larchitecture-sous-controle-monde-materiel\/"},"wordCount":9518,"publisher":{"@id":"https:\/\/www.boisbuchet.org\/#organization"},"image":{"@id":"https:\/\/www.boisbuchet.org\/fr\/larchitecture-sous-controle-monde-materiel\/#primaryimage"},"thumbnailUrl":"https:\/\/www.boisbuchet.org\/wp-content\/uploads\/2021\/03\/Post_VernacularArchitecture_Velez.jpg","articleSection":["News &amp; Events","Uncategorized"],"inLanguage":"fr-FR"},{"@type":"WebPage","@id":"https:\/\/www.boisbuchet.org\/fr\/larchitecture-sous-controle-monde-materiel\/","url":"https:\/\/www.boisbuchet.org\/fr\/larchitecture-sous-controle-monde-materiel\/","name":"L\u2019architecture sous contr\u00f4le II : Monde mat\u00e9riel | Domaine de Boisbuchet","isPartOf":{"@id":"https:\/\/www.boisbuchet.org\/#website"},"primaryImageOfPage":{"@id":"https:\/\/www.boisbuchet.org\/fr\/larchitecture-sous-controle-monde-materiel\/#primaryimage"},"image":{"@id":"https:\/\/www.boisbuchet.org\/fr\/larchitecture-sous-controle-monde-materiel\/#primaryimage"},"thumbnailUrl":"https:\/\/www.boisbuchet.org\/wp-content\/uploads\/2021\/03\/Post_VernacularArchitecture_Velez.jpg","datePublished":"2021-03-31T14:55:34+00:00","dateModified":"2021-03-31T15:56:29+00:00","description":"Domaine de Boisbuchet Dans le cadre de notre s\u00e9rie sur l'architecture et la sant\u00e9, nous nous int\u00e9ressons aux avantages des m\u00e9thodes de construction vernaculaires.","breadcrumb":{"@id":"https:\/\/www.boisbuchet.org\/fr\/larchitecture-sous-controle-monde-materiel\/#breadcrumb"},"inLanguage":"fr-FR","potentialAction":[{"@type":"ReadAction","target":["https:\/\/www.boisbuchet.org\/fr\/larchitecture-sous-controle-monde-materiel\/"]}]},{"@type":"ImageObject","inLanguage":"fr-FR","@id":"https:\/\/www.boisbuchet.org\/fr\/larchitecture-sous-controle-monde-materiel\/#primaryimage","url":"https:\/\/www.boisbuchet.org\/wp-content\/uploads\/2021\/03\/Post_VernacularArchitecture_Velez.jpg","contentUrl":"https:\/\/www.boisbuchet.org\/wp-content\/uploads\/2021\/03\/Post_VernacularArchitecture_Velez.jpg","width":724,"height":542},{"@type":"BreadcrumbList","@id":"https:\/\/www.boisbuchet.org\/fr\/larchitecture-sous-controle-monde-materiel\/#breadcrumb","itemListElement":[{"@type":"ListItem","position":1,"name":"Home","item":"https:\/\/www.boisbuchet.org\/fr\/"},{"@type":"ListItem","position":2,"name":"L\u2019architecture sous contr\u00f4le II : Monde mat\u00e9riel"}]},{"@type":"WebSite","@id":"https:\/\/www.boisbuchet.org\/#website","url":"https:\/\/www.boisbuchet.org\/","name":"Domaine de Boisbuchet","description":"Summer Workshops | Park | Event\u00a0Location","publisher":{"@id":"https:\/\/www.boisbuchet.org\/#organization"},"potentialAction":[{"@type":"SearchAction","target":{"@type":"EntryPoint","urlTemplate":"https:\/\/www.boisbuchet.org\/?s={search_term_string}"},"query-input":{"@type":"PropertyValueSpecification","valueRequired":true,"valueName":"search_term_string"}}],"inLanguage":"fr-FR"},{"@type":"Organization","@id":"https:\/\/www.boisbuchet.org\/#organization","name":"Domine de Boisbuchet","url":"https:\/\/www.boisbuchet.org\/","logo":{"@type":"ImageObject","inLanguage":"fr-FR","@id":"https:\/\/www.boisbuchet.org\/#\/schema\/logo\/image\/","url":"https:\/\/www.boisbuchet.org\/wp-content\/uploads\/2019\/01\/logo_boisbuchet_black.png","contentUrl":"https:\/\/www.boisbuchet.org\/wp-content\/uploads\/2019\/01\/logo_boisbuchet_black.png","width":200,"height":73,"caption":"Domine de Boisbuchet"},"image":{"@id":"https:\/\/www.boisbuchet.org\/#\/schema\/logo\/image\/"},"sameAs":["https:\/\/www.facebook.com\/boisbuchet","https:\/\/x.com\/boisbuchet","https:\/\/www.instagram.com\/boisbuchet","https:\/\/www.linkedin.com\/company\/domaine-de-boisbuchet","https:\/\/www.pinterest.com\/boisbuchet"]},{"@type":"Person","@id":"https:\/\/www.boisbuchet.org\/#\/schema\/person\/37f6d78daf7b561c8175c85d605ef2f0","name":"pablo.sevilla","url":"https:\/\/www.boisbuchet.org\/fr\/author\/pablo-sevilla\/"}]}},"_links":{"self":[{"href":"https:\/\/www.boisbuchet.org\/fr\/wp-json\/wp\/v2\/posts\/12175","targetHints":{"allow":["GET"]}}],"collection":[{"href":"https:\/\/www.boisbuchet.org\/fr\/wp-json\/wp\/v2\/posts"}],"about":[{"href":"https:\/\/www.boisbuchet.org\/fr\/wp-json\/wp\/v2\/types\/post"}],"author":[{"embeddable":true,"href":"https:\/\/www.boisbuchet.org\/fr\/wp-json\/wp\/v2\/users\/566"}],"replies":[{"embeddable":true,"href":"https:\/\/www.boisbuchet.org\/fr\/wp-json\/wp\/v2\/comments?post=12175"}],"version-history":[{"count":8,"href":"https:\/\/www.boisbuchet.org\/fr\/wp-json\/wp\/v2\/posts\/12175\/revisions"}],"predecessor-version":[{"id":12184,"href":"https:\/\/www.boisbuchet.org\/fr\/wp-json\/wp\/v2\/posts\/12175\/revisions\/12184"}],"wp:featuredmedia":[{"embeddable":true,"href":"https:\/\/www.boisbuchet.org\/fr\/wp-json\/wp\/v2\/media\/12169"}],"wp:attachment":[{"href":"https:\/\/www.boisbuchet.org\/fr\/wp-json\/wp\/v2\/media?parent=12175"}],"wp:term":[{"taxonomy":"category","embeddable":true,"href":"https:\/\/www.boisbuchet.org\/fr\/wp-json\/wp\/v2\/categories?post=12175"},{"taxonomy":"post_tag","embeddable":true,"href":"https:\/\/www.boisbuchet.org\/fr\/wp-json\/wp\/v2\/tags?post=12175"}],"curies":[{"name":"wp","href":"https:\/\/api.w.org\/{rel}","templated":true}]}}