{"id":12784,"date":"2021-08-12T23:42:43","date_gmt":"2021-08-12T21:42:43","guid":{"rendered":"https:\/\/www.boisbuchet.org\/boisbuchet-residency-award-2021\/"},"modified":"2021-08-12T23:42:47","modified_gmt":"2021-08-12T21:42:47","slug":"boisbuchet-residency-award-2021","status":"publish","type":"post","link":"https:\/\/www.boisbuchet.org\/fr\/boisbuchet-residency-award-2021\/","title":{"rendered":"Boisbuchet Residency Award 2021"},"content":{"rendered":"<div class=\"fusion-fullwidth fullwidth-box fusion-builder-row-1 fusion-flex-container nonhundred-percent-fullwidth non-hundred-percent-height-scrolling\" style=\"--awb-border-radius-top-left:0px;--awb-border-radius-top-right:0px;--awb-border-radius-bottom-right:0px;--awb-border-radius-bottom-left:0px;--awb-flex-wrap:wrap;\" ><div class=\"fusion-builder-row fusion-row fusion-flex-align-items-flex-start fusion-flex-content-wrap\" style=\"max-width:1144px;margin-left: calc(-4% \/ 2 );margin-right: calc(-4% \/ 2 );\"><div class=\"fusion-layout-column fusion_builder_column fusion-builder-column-0 fusion_builder_column_1_1 1_1 fusion-flex-column\" style=\"--awb-bg-size:cover;--awb-width-large:100%;--awb-margin-top-large:0px;--awb-spacing-right-large:1.92%;--awb-margin-bottom-large:20px;--awb-spacing-left-large:1.92%;--awb-width-medium:100%;--awb-order-medium:0;--awb-spacing-right-medium:1.92%;--awb-spacing-left-medium:1.92%;--awb-width-small:100%;--awb-order-small:0;--awb-spacing-right-small:1.92%;--awb-spacing-left-small:1.92%;\"><div class=\"fusion-column-wrapper fusion-column-has-shadow fusion-flex-justify-content-flex-start fusion-content-layout-column\"><\/div><\/div><\/div><\/div><div class=\"fusion-fullwidth fullwidth-box fusion-builder-row-2 fusion-flex-container nonhundred-percent-fullwidth non-hundred-percent-height-scrolling\" style=\"--awb-border-radius-top-left:0px;--awb-border-radius-top-right:0px;--awb-border-radius-bottom-right:0px;--awb-border-radius-bottom-left:0px;--awb-flex-wrap:wrap;\" ><div class=\"fusion-builder-row fusion-row fusion-flex-align-items-flex-start fusion-flex-content-wrap\" style=\"max-width:1144px;margin-left: calc(-4% \/ 2 );margin-right: calc(-4% \/ 2 );\"><div class=\"fusion-layout-column fusion_builder_column fusion-builder-column-1 fusion_builder_column_1_1 1_1 fusion-flex-column\" style=\"--awb-bg-size:cover;--awb-width-large:100%;--awb-margin-top-large:0px;--awb-spacing-right-large:1.92%;--awb-margin-bottom-large:20px;--awb-spacing-left-large:1.92%;--awb-width-medium:100%;--awb-order-medium:0;--awb-spacing-right-medium:1.92%;--awb-spacing-left-medium:1.92%;--awb-width-small:100%;--awb-order-small:0;--awb-spacing-right-small:1.92%;--awb-spacing-left-small:1.92%;\"><div class=\"fusion-column-wrapper fusion-column-has-shadow fusion-flex-justify-content-flex-start fusion-content-layout-column\"><div class=\"fusion-image-element \" style=\"--awb-caption-title-font-family:var(--h2_typography-font-family);--awb-caption-title-font-weight:var(--h2_typography-font-weight);--awb-caption-title-font-style:var(--h2_typography-font-style);--awb-caption-title-size:var(--h2_typography-font-size);--awb-caption-title-transform:var(--h2_typography-text-transform);--awb-caption-title-line-height:var(--h2_typography-line-height);--awb-caption-title-letter-spacing:var(--h2_typography-letter-spacing);\"><span class=\" fusion-imageframe imageframe-none imageframe-1 hover-type-none\"><img decoding=\"async\" width=\"1920\" height=\"1080\" title=\"Boisbuchet-Design-Competition-2021\" src=\"https:\/\/www.boisbuchet.org\/wp-content\/uploads\/2021\/08\/Boisbuchet-Design-Competition-2021FR.jpg\" alt class=\"img-responsive wp-image-12774\"\/><\/span><\/div><div class=\"fusion-separator fusion-full-width-sep\" style=\"align-self: center;margin-left: auto;margin-right: auto;width:100%;\"><\/div><\/div><\/div><\/div><\/div><div class=\"fusion-fullwidth fullwidth-box fusion-builder-row-3 fusion-flex-container nonhundred-percent-fullwidth non-hundred-percent-height-scrolling\" style=\"--awb-border-radius-top-left:0px;--awb-border-radius-top-right:0px;--awb-border-radius-bottom-right:0px;--awb-border-radius-bottom-left:0px;--awb-flex-wrap:wrap;\" ><div class=\"fusion-builder-row fusion-row fusion-flex-align-items-flex-start fusion-flex-content-wrap\" style=\"max-width:1144px;margin-left: calc(-4% \/ 2 );margin-right: calc(-4% \/ 2 );\"><div class=\"fusion-layout-column fusion_builder_column fusion-builder-column-2 fusion_builder_column_1_1 1_1 fusion-flex-column\" style=\"--awb-bg-size:cover;--awb-width-large:100%;--awb-margin-top-large:0px;--awb-spacing-right-large:1.92%;--awb-margin-bottom-large:20px;--awb-spacing-left-large:1.92%;--awb-width-medium:100%;--awb-order-medium:0;--awb-spacing-right-medium:1.92%;--awb-spacing-left-medium:1.92%;--awb-width-small:100%;--awb-order-small:0;--awb-spacing-right-small:1.92%;--awb-spacing-left-small:1.92%;\"><div class=\"fusion-column-wrapper fusion-column-has-shadow fusion-flex-justify-content-flex-start fusion-content-layout-column\"><div class=\"fusion-text fusion-text-1\"><p><span style=\"color: #444444\"><span style=\"font-family: PT Sans\"><span style=\"font-size: medium\">Vous travaillez en bin\u00f4me en faisant le lien entre les disciplines et les cultures et en exp\u00e9rimentant sur le terrain de nouveaux mod\u00e8les qui inspireront l&#8217;avenir ? <b>Explorez l\u2019abondance des \u00e9nergies que la nature et les hommes cr\u00e9ent<\/b> : le soleil, le vent et l\u2019eau, les solutions efficaces des plantes et des animaux, les mains et les esprits qui apprennent les uns des autres, et le pouvoir de la coop\u00e9ration \u2013 pour mieux vivre ensemble.<\/span><\/span><\/span><\/p>\n<\/div><\/div><\/div><\/div><\/div><div class=\"fusion-fullwidth fullwidth-box fusion-builder-row-4 fusion-flex-container nonhundred-percent-fullwidth non-hundred-percent-height-scrolling\" style=\"--awb-border-radius-top-left:0px;--awb-border-radius-top-right:0px;--awb-border-radius-bottom-right:0px;--awb-border-radius-bottom-left:0px;--awb-flex-wrap:wrap;\" ><div class=\"fusion-builder-row fusion-row fusion-flex-align-items-flex-start fusion-flex-content-wrap\" style=\"max-width:1144px;margin-left: calc(-4% \/ 2 );margin-right: calc(-4% \/ 2 );\"><div class=\"fusion-layout-column fusion_builder_column fusion-builder-column-3 fusion_builder_column_1_3 1_3 fusion-flex-column\" style=\"--awb-bg-size:cover;--awb-width-large:33.333333333333%;--awb-margin-top-large:0px;--awb-spacing-right-large:5.76%;--awb-margin-bottom-large:20px;--awb-spacing-left-large:5.76%;--awb-width-medium:100%;--awb-order-medium:0;--awb-spacing-right-medium:1.92%;--awb-spacing-left-medium:1.92%;--awb-width-small:100%;--awb-order-small:0;--awb-spacing-right-small:1.92%;--awb-spacing-left-small:1.92%;\"><div class=\"fusion-column-wrapper fusion-column-has-shadow fusion-flex-justify-content-flex-start fusion-content-layout-column\"><div class=\"fusion-image-element \" style=\"--awb-caption-title-font-family:var(--h2_typography-font-family);--awb-caption-title-font-weight:var(--h2_typography-font-weight);--awb-caption-title-font-style:var(--h2_typography-font-style);--awb-caption-title-size:var(--h2_typography-font-size);--awb-caption-title-transform:var(--h2_typography-text-transform);--awb-caption-title-line-height:var(--h2_typography-line-height);--awb-caption-title-letter-spacing:var(--h2_typography-letter-spacing);\"><span class=\" fusion-imageframe imageframe-none imageframe-2 hover-type-none\"><img decoding=\"async\" width=\"1707\" height=\"2560\" title=\"DSC_0256\" src=\"https:\/\/www.boisbuchet.org\/wp-content\/uploads\/2021\/08\/DSC_0256-scaled.jpg\" alt class=\"img-responsive wp-image-12767\" srcset=\"https:\/\/www.boisbuchet.org\/wp-content\/uploads\/2021\/08\/DSC_0256-200x300.jpg 200w, https:\/\/www.boisbuchet.org\/wp-content\/uploads\/2021\/08\/DSC_0256-400x600.jpg 400w, https:\/\/www.boisbuchet.org\/wp-content\/uploads\/2021\/08\/DSC_0256-600x900.jpg 600w, https:\/\/www.boisbuchet.org\/wp-content\/uploads\/2021\/08\/DSC_0256-800x1200.jpg 800w, https:\/\/www.boisbuchet.org\/wp-content\/uploads\/2021\/08\/DSC_0256-1200x1800.jpg 1200w, https:\/\/www.boisbuchet.org\/wp-content\/uploads\/2021\/08\/DSC_0256-scaled.jpg 1707w\" sizes=\"(max-width: 1024px) 100vw, (max-width: 640px) 100vw, 400px\" \/><\/span><\/div><div class=\"fusion-text fusion-text-2\"><p>R\u00e9sultats de la r\u00e9sidence de Charlotte Goffete, l&#8217;une des laur\u00e9ates de l&#8217;\u00e9dition 2020 \u00a9 Charlotte Goffete<\/p>\n<\/div><\/div><\/div><div class=\"fusion-layout-column fusion_builder_column fusion-builder-column-4 fusion_builder_column_2_3 2_3 fusion-flex-column\" style=\"--awb-bg-size:cover;--awb-width-large:66.666666666667%;--awb-margin-top-large:0px;--awb-spacing-right-large:2.88%;--awb-margin-bottom-large:20px;--awb-spacing-left-large:2.88%;--awb-width-medium:100%;--awb-order-medium:0;--awb-spacing-right-medium:1.92%;--awb-spacing-left-medium:1.92%;--awb-width-small:100%;--awb-order-small:0;--awb-spacing-right-small:1.92%;--awb-spacing-left-small:1.92%;\"><div class=\"fusion-column-wrapper fusion-column-has-shadow fusion-flex-justify-content-flex-start fusion-content-layout-column\"><div class=\"fusion-text fusion-text-3\"><p class=\"p1\" style=\"text-align: left\"><strong><span class=\"s1\">Le projet<\/span><\/strong><\/p>\n<hr \/>\n<p><strong>Concevoir un projet qui explore l&#8217;abondance de l&#8217;\u00e9nergie cr\u00e9\u00e9e par la nature et les humains.<\/strong><\/p>\n<p><span style=\"color: #444444\"><span style=\"font-family: PT Sans\"><span style=\"font-size: medium\">Ce concours est d\u00e9di\u00e9 aux \u00e9tudiant\/e\/s de design et d\u2019architecture inscrit\/e\/s dans une universit\u00e9 de l\u2019Union Europ\u00e9enne.<\/span><\/span><\/span><\/p>\n<p><span style=\"color: #444444\"><span style=\"font-family: PT Sans\"><span style=\"font-size: medium\">Le projet peut-\u00eatre un objet, une intervention architecturale, un service, un rituel. Le projet ne doit pas avoir lieu dans le monde virtuel. Le projet peut-\u00eatre illustr\u00e9 par un dessin, une peinture, une description, un film ou des photos<\/span><\/span><\/span><\/p>\n<p class=\"p1\" style=\"text-align: left\"><strong><span class=\"s2\">Le prix<\/span><\/strong><\/p>\n<hr \/>\n<p>Les 3 bin\u00f4mes l<span style=\"color: #444444\"><span style=\"font-family: PT Sans\"><span style=\"font-size: medium\">aur\u00e9ats \u00ab Coup du C\u0153ur \u00bb du jury, seront accueillis une semaine au Domaine de Boisbuchet o\u00f9 ils\u00a0pourront travailler \u00e0 la r\u00e9alisation du projet propos\u00e9.<\/span><\/span><\/span><\/p>\n<p><span style=\"font-family: PT Sans, sans-serif\">.<\/span><\/p>\n<p class=\"p1\" style=\"text-align: left\"><strong><span class=\"s2\">Dates<\/span><\/strong><\/p>\n<hr \/>\n<p>Le concours sera lanc\u00e9 le 9 ao\u00fbt 2021. Le projet doit \u00eatre envoy\u00e9 \u00e0 <a href=\"mailto:info@boisbuchet.org\">info@boisbuchet.org<\/a> jusqu&#8217;au 29 ao\u00fbt 2021. Les laur\u00e9ats du concours seront s\u00e9lectionn\u00e9s le 1er septembre, notifi\u00e9s imm\u00e9diatement et annonc\u00e9s publiquement le 5 septembre.<\/p>\n<\/div><\/div><\/div><\/div><\/div><div class=\"fusion-fullwidth fullwidth-box fusion-builder-row-5 fusion-flex-container nonhundred-percent-fullwidth non-hundred-percent-height-scrolling\" style=\"--awb-border-radius-top-left:0px;--awb-border-radius-top-right:0px;--awb-border-radius-bottom-right:0px;--awb-border-radius-bottom-left:0px;--awb-flex-wrap:wrap;\" ><div class=\"fusion-builder-row fusion-row fusion-flex-align-items-flex-start fusion-flex-content-wrap\" style=\"max-width:1144px;margin-left: calc(-4% \/ 2 );margin-right: calc(-4% \/ 2 );\"><div class=\"fusion-layout-column fusion_builder_column fusion-builder-column-5 fusion_builder_column_1_1 1_1 fusion-flex-column\" style=\"--awb-bg-size:cover;--awb-width-large:100%;--awb-margin-top-large:0px;--awb-spacing-right-large:1.92%;--awb-margin-bottom-large:20px;--awb-spacing-left-large:1.92%;--awb-width-medium:100%;--awb-order-medium:0;--awb-spacing-right-medium:1.92%;--awb-spacing-left-medium:1.92%;--awb-width-small:100%;--awb-order-small:0;--awb-spacing-right-small:1.92%;--awb-spacing-left-small:1.92%;\"><div class=\"fusion-column-wrapper fusion-column-has-shadow fusion-flex-justify-content-flex-start fusion-content-layout-column\"><div class=\"fusion-text fusion-text-4\"><p><span style=\"color: #444444\">Conditions g\u00e9n\u00e9rales<\/span><\/p>\n<p><span style=\"color: #444444\">\u2022 <span style=\"font-family: PT Sans\"><span style=\"font-size: medium\">Les participant\/e\/s au concours doivent avoir au moins 18 ans et \u00eatre inscrit\/e\/s en 2021 comme\u00a0\u00e9tudiant\/e\/s dans une universit\u00e9 de l\u2019Union Europ\u00e9enne.<\/span><\/span><\/span><\/p>\n<p><span style=\"color: #444444\">\u2022 <\/span><span style=\"color: #444444\"><span style=\"font-family: PT Sans\"><span style=\"font-size: medium\">Les participant\/e\/s doivent envoyer avant la fin du 29 ao\u00fbt 2021 (avant minuit) un courriel \u00e0 <\/span><\/span><\/span><a href=\"mailto:info@boisbuchet.org\">info@boisbuchet.org<\/a> <span style=\"color: #444444\"><span style=\"font-family: PT Sans\"><span style=\"font-size: medium\">contenant jusqu\u2019\u00e0 4 pages en format pdf (en haute et en basse d\u00e9finition) pr\u00e9sentant leur projet inspir\u00e9 par le th\u00e8me, r\u00e9alis\u00e9 ou imagin\u00e9, sous-titr\u00e9e en fran\u00e7ais ou en anglais.<\/span><\/span><\/span><\/p>\n<p><span style=\"color: #444444\">\u2022 <span style=\"font-family: PT Sans\"><span style=\"font-size: medium\">Les 3 bin\u00f4mes laur\u00e9ats seront annonc\u00e9s sur le site du Domaine de Boisbuchet le 5 septembre 2021 et invit\u00e9s pour une r\u00e9sidence au Domaine de Boisbuchet du 12 au 19 septembre 2021. La p\u00e9riode de r\u00e9sidence comprend logement et acc\u00e8s \u00e0 l\u2019atelier et \u00e0 l\u2019archive du Domaine, une visite guid\u00e9e du parc architectural et de l\u2019exposition en cours. Les dates de s\u00e9jour seront d\u00e9cid\u00e9es ult\u00e9rieurement, avec chaque laur\u00e9at et le Domaine de Boisbuchet, et en fonction des derni\u00e8res dispositions gouvernementales.<\/span><\/span><\/span><\/p>\n<p><span style=\"color: #444444\">\u2022 <span style=\"font-family: PT Sans\"><span style=\"font-size: medium\">Une pr\u00e9sentation des projets laur\u00e9ats sera organis\u00e9e lors du s\u00e9jour du laur\u00e9at au Domaine de Boisbuchet. Les projets seront \u00e9galement affich\u00e9s dans la Newsletter du Domaine de Boisbuchet, sur son site web et ses r\u00e9seaux sociaux et ceux de ses partenaires.<\/span><\/span><\/span><\/p>\n<\/div><\/div><\/div><\/div><\/div>\n","protected":false},"excerpt":{"rendered":"","protected":false},"author":566,"featured_media":12778,"comment_status":"closed","ping_status":"open","sticky":false,"template":"","format":"standard","meta":{"_monsterinsights_skip_tracking":false,"_monsterinsights_sitenote_active":false,"_monsterinsights_sitenote_note":"","_monsterinsights_sitenote_category":0,"footnotes":""},"categories":[168,663],"tags":[],"class_list":["post-12784","post","type-post","status-publish","format-standard","has-post-thumbnail","hentry","category-competitions-contests","category-competitions-contests-fr"],"yoast_head":"<!-- This site is optimized with the Yoast SEO plugin v27.1.1 - https:\/\/yoast.com\/product\/yoast-seo-wordpress\/ -->\n<title>Boisbuchet Residency Award 2021 | Domaine de Boisbuchet<\/title>\n<meta name=\"robots\" content=\"index, follow, max-snippet:-1, max-image-preview:large, max-video-preview:-1\" \/>\n<link rel=\"canonical\" href=\"https:\/\/www.boisbuchet.org\/fr\/boisbuchet-residency-award-2021\/\" \/>\n<meta property=\"og:locale\" content=\"fr_FR\" \/>\n<meta property=\"og:type\" content=\"article\" \/>\n<meta property=\"og:title\" content=\"Boisbuchet Residency Award 2021 | Domaine de Boisbuchet\" \/>\n<meta property=\"og:url\" content=\"https:\/\/www.boisbuchet.org\/fr\/boisbuchet-residency-award-2021\/\" \/>\n<meta property=\"og:site_name\" content=\"Domaine de Boisbuchet\" \/>\n<meta property=\"article:publisher\" content=\"https:\/\/www.facebook.com\/boisbuchet\" \/>\n<meta property=\"article:published_time\" content=\"2021-08-12T21:42:43+00:00\" \/>\n<meta property=\"article:modified_time\" content=\"2021-08-12T21:42:47+00:00\" \/>\n<meta property=\"og:image\" content=\"https:\/\/www.boisbuchet.org\/wp-content\/uploads\/2021\/08\/Boisbuchet-Design-Competition-2021724x542-1.jpg\" \/>\n\t<meta property=\"og:image:width\" content=\"724\" \/>\n\t<meta property=\"og:image:height\" content=\"542\" \/>\n\t<meta property=\"og:image:type\" content=\"image\/jpeg\" \/>\n<meta name=\"author\" content=\"pablo.sevilla\" \/>\n<meta name=\"twitter:card\" content=\"summary_large_image\" \/>\n<meta name=\"twitter:creator\" content=\"@boisbuchet\" \/>\n<meta name=\"twitter:site\" content=\"@boisbuchet\" \/>\n<meta name=\"twitter:label1\" content=\"\u00c9crit par\" \/>\n\t<meta name=\"twitter:data1\" content=\"pablo.sevilla\" \/>\n\t<meta name=\"twitter:label2\" content=\"Dur\u00e9e de lecture estim\u00e9e\" \/>\n\t<meta name=\"twitter:data2\" content=\"19 minutes\" \/>\n<script type=\"application\/ld+json\" class=\"yoast-schema-graph\">{\"@context\":\"https:\/\/schema.org\",\"@graph\":[{\"@type\":\"Article\",\"@id\":\"https:\/\/www.boisbuchet.org\/fr\/boisbuchet-residency-award-2021\/#article\",\"isPartOf\":{\"@id\":\"https:\/\/www.boisbuchet.org\/fr\/boisbuchet-residency-award-2021\/\"},\"author\":{\"name\":\"pablo.sevilla\",\"@id\":\"https:\/\/www.boisbuchet.org\/#\/schema\/person\/37f6d78daf7b561c8175c85d605ef2f0\"},\"headline\":\"Boisbuchet Residency Award 2021\",\"datePublished\":\"2021-08-12T21:42:43+00:00\",\"dateModified\":\"2021-08-12T21:42:47+00:00\",\"mainEntityOfPage\":{\"@id\":\"https:\/\/www.boisbuchet.org\/fr\/boisbuchet-residency-award-2021\/\"},\"wordCount\":3872,\"publisher\":{\"@id\":\"https:\/\/www.boisbuchet.org\/#organization\"},\"image\":{\"@id\":\"https:\/\/www.boisbuchet.org\/fr\/boisbuchet-residency-award-2021\/#primaryimage\"},\"thumbnailUrl\":\"https:\/\/www.boisbuchet.org\/wp-content\/uploads\/2021\/08\/Boisbuchet-Design-Competition-2021724x542-1.jpg\",\"articleSection\":[\"Competitions &amp; Contests\",\"Competitions &amp; Contests\"],\"inLanguage\":\"fr-FR\"},{\"@type\":\"WebPage\",\"@id\":\"https:\/\/www.boisbuchet.org\/fr\/boisbuchet-residency-award-2021\/\",\"url\":\"https:\/\/www.boisbuchet.org\/fr\/boisbuchet-residency-award-2021\/\",\"name\":\"Boisbuchet Residency Award 2021 | Domaine de Boisbuchet\",\"isPartOf\":{\"@id\":\"https:\/\/www.boisbuchet.org\/#website\"},\"primaryImageOfPage\":{\"@id\":\"https:\/\/www.boisbuchet.org\/fr\/boisbuchet-residency-award-2021\/#primaryimage\"},\"image\":{\"@id\":\"https:\/\/www.boisbuchet.org\/fr\/boisbuchet-residency-award-2021\/#primaryimage\"},\"thumbnailUrl\":\"https:\/\/www.boisbuchet.org\/wp-content\/uploads\/2021\/08\/Boisbuchet-Design-Competition-2021724x542-1.jpg\",\"datePublished\":\"2021-08-12T21:42:43+00:00\",\"dateModified\":\"2021-08-12T21:42:47+00:00\",\"breadcrumb\":{\"@id\":\"https:\/\/www.boisbuchet.org\/fr\/boisbuchet-residency-award-2021\/#breadcrumb\"},\"inLanguage\":\"fr-FR\",\"potentialAction\":[{\"@type\":\"ReadAction\",\"target\":[\"https:\/\/www.boisbuchet.org\/fr\/boisbuchet-residency-award-2021\/\"]}]},{\"@type\":\"ImageObject\",\"inLanguage\":\"fr-FR\",\"@id\":\"https:\/\/www.boisbuchet.org\/fr\/boisbuchet-residency-award-2021\/#primaryimage\",\"url\":\"https:\/\/www.boisbuchet.org\/wp-content\/uploads\/2021\/08\/Boisbuchet-Design-Competition-2021724x542-1.jpg\",\"contentUrl\":\"https:\/\/www.boisbuchet.org\/wp-content\/uploads\/2021\/08\/Boisbuchet-Design-Competition-2021724x542-1.jpg\",\"width\":724,\"height\":542},{\"@type\":\"BreadcrumbList\",\"@id\":\"https:\/\/www.boisbuchet.org\/fr\/boisbuchet-residency-award-2021\/#breadcrumb\",\"itemListElement\":[{\"@type\":\"ListItem\",\"position\":1,\"name\":\"Home\",\"item\":\"https:\/\/www.boisbuchet.org\/fr\/\"},{\"@type\":\"ListItem\",\"position\":2,\"name\":\"Boisbuchet Residency Award 2021\"}]},{\"@type\":\"WebSite\",\"@id\":\"https:\/\/www.boisbuchet.org\/#website\",\"url\":\"https:\/\/www.boisbuchet.org\/\",\"name\":\"Domaine de Boisbuchet\",\"description\":\"Summer Workshops | Park | Event\u00a0Location\",\"publisher\":{\"@id\":\"https:\/\/www.boisbuchet.org\/#organization\"},\"potentialAction\":[{\"@type\":\"SearchAction\",\"target\":{\"@type\":\"EntryPoint\",\"urlTemplate\":\"https:\/\/www.boisbuchet.org\/?s={search_term_string}\"},\"query-input\":{\"@type\":\"PropertyValueSpecification\",\"valueRequired\":true,\"valueName\":\"search_term_string\"}}],\"inLanguage\":\"fr-FR\"},{\"@type\":\"Organization\",\"@id\":\"https:\/\/www.boisbuchet.org\/#organization\",\"name\":\"Domine de Boisbuchet\",\"url\":\"https:\/\/www.boisbuchet.org\/\",\"logo\":{\"@type\":\"ImageObject\",\"inLanguage\":\"fr-FR\",\"@id\":\"https:\/\/www.boisbuchet.org\/#\/schema\/logo\/image\/\",\"url\":\"https:\/\/www.boisbuchet.org\/wp-content\/uploads\/2019\/01\/logo_boisbuchet_black.png\",\"contentUrl\":\"https:\/\/www.boisbuchet.org\/wp-content\/uploads\/2019\/01\/logo_boisbuchet_black.png\",\"width\":200,\"height\":73,\"caption\":\"Domine de Boisbuchet\"},\"image\":{\"@id\":\"https:\/\/www.boisbuchet.org\/#\/schema\/logo\/image\/\"},\"sameAs\":[\"https:\/\/www.facebook.com\/boisbuchet\",\"https:\/\/x.com\/boisbuchet\",\"https:\/\/www.instagram.com\/boisbuchet\",\"https:\/\/www.linkedin.com\/company\/domaine-de-boisbuchet\",\"https:\/\/www.pinterest.com\/boisbuchet\"]},{\"@type\":\"Person\",\"@id\":\"https:\/\/www.boisbuchet.org\/#\/schema\/person\/37f6d78daf7b561c8175c85d605ef2f0\",\"name\":\"pablo.sevilla\",\"url\":\"https:\/\/www.boisbuchet.org\/fr\/author\/pablo-sevilla\/\"}]}<\/script>\n<!-- \/ Yoast SEO plugin. -->","yoast_head_json":{"title":"Boisbuchet Residency Award 2021 | Domaine de Boisbuchet","robots":{"index":"index","follow":"follow","max-snippet":"max-snippet:-1","max-image-preview":"max-image-preview:large","max-video-preview":"max-video-preview:-1"},"canonical":"https:\/\/www.boisbuchet.org\/fr\/boisbuchet-residency-award-2021\/","og_locale":"fr_FR","og_type":"article","og_title":"Boisbuchet Residency Award 2021 | Domaine de Boisbuchet","og_url":"https:\/\/www.boisbuchet.org\/fr\/boisbuchet-residency-award-2021\/","og_site_name":"Domaine de Boisbuchet","article_publisher":"https:\/\/www.facebook.com\/boisbuchet","article_published_time":"2021-08-12T21:42:43+00:00","article_modified_time":"2021-08-12T21:42:47+00:00","og_image":[{"width":724,"height":542,"url":"https:\/\/www.boisbuchet.org\/wp-content\/uploads\/2021\/08\/Boisbuchet-Design-Competition-2021724x542-1.jpg","type":"image\/jpeg"}],"author":"pablo.sevilla","twitter_card":"summary_large_image","twitter_creator":"@boisbuchet","twitter_site":"@boisbuchet","twitter_misc":{"\u00c9crit par":"pablo.sevilla","Dur\u00e9e de lecture estim\u00e9e":"19 minutes"},"schema":{"@context":"https:\/\/schema.org","@graph":[{"@type":"Article","@id":"https:\/\/www.boisbuchet.org\/fr\/boisbuchet-residency-award-2021\/#article","isPartOf":{"@id":"https:\/\/www.boisbuchet.org\/fr\/boisbuchet-residency-award-2021\/"},"author":{"name":"pablo.sevilla","@id":"https:\/\/www.boisbuchet.org\/#\/schema\/person\/37f6d78daf7b561c8175c85d605ef2f0"},"headline":"Boisbuchet Residency Award 2021","datePublished":"2021-08-12T21:42:43+00:00","dateModified":"2021-08-12T21:42:47+00:00","mainEntityOfPage":{"@id":"https:\/\/www.boisbuchet.org\/fr\/boisbuchet-residency-award-2021\/"},"wordCount":3872,"publisher":{"@id":"https:\/\/www.boisbuchet.org\/#organization"},"image":{"@id":"https:\/\/www.boisbuchet.org\/fr\/boisbuchet-residency-award-2021\/#primaryimage"},"thumbnailUrl":"https:\/\/www.boisbuchet.org\/wp-content\/uploads\/2021\/08\/Boisbuchet-Design-Competition-2021724x542-1.jpg","articleSection":["Competitions &amp; Contests","Competitions &amp; Contests"],"inLanguage":"fr-FR"},{"@type":"WebPage","@id":"https:\/\/www.boisbuchet.org\/fr\/boisbuchet-residency-award-2021\/","url":"https:\/\/www.boisbuchet.org\/fr\/boisbuchet-residency-award-2021\/","name":"Boisbuchet Residency Award 2021 | Domaine de Boisbuchet","isPartOf":{"@id":"https:\/\/www.boisbuchet.org\/#website"},"primaryImageOfPage":{"@id":"https:\/\/www.boisbuchet.org\/fr\/boisbuchet-residency-award-2021\/#primaryimage"},"image":{"@id":"https:\/\/www.boisbuchet.org\/fr\/boisbuchet-residency-award-2021\/#primaryimage"},"thumbnailUrl":"https:\/\/www.boisbuchet.org\/wp-content\/uploads\/2021\/08\/Boisbuchet-Design-Competition-2021724x542-1.jpg","datePublished":"2021-08-12T21:42:43+00:00","dateModified":"2021-08-12T21:42:47+00:00","breadcrumb":{"@id":"https:\/\/www.boisbuchet.org\/fr\/boisbuchet-residency-award-2021\/#breadcrumb"},"inLanguage":"fr-FR","potentialAction":[{"@type":"ReadAction","target":["https:\/\/www.boisbuchet.org\/fr\/boisbuchet-residency-award-2021\/"]}]},{"@type":"ImageObject","inLanguage":"fr-FR","@id":"https:\/\/www.boisbuchet.org\/fr\/boisbuchet-residency-award-2021\/#primaryimage","url":"https:\/\/www.boisbuchet.org\/wp-content\/uploads\/2021\/08\/Boisbuchet-Design-Competition-2021724x542-1.jpg","contentUrl":"https:\/\/www.boisbuchet.org\/wp-content\/uploads\/2021\/08\/Boisbuchet-Design-Competition-2021724x542-1.jpg","width":724,"height":542},{"@type":"BreadcrumbList","@id":"https:\/\/www.boisbuchet.org\/fr\/boisbuchet-residency-award-2021\/#breadcrumb","itemListElement":[{"@type":"ListItem","position":1,"name":"Home","item":"https:\/\/www.boisbuchet.org\/fr\/"},{"@type":"ListItem","position":2,"name":"Boisbuchet Residency Award 2021"}]},{"@type":"WebSite","@id":"https:\/\/www.boisbuchet.org\/#website","url":"https:\/\/www.boisbuchet.org\/","name":"Domaine de Boisbuchet","description":"Summer Workshops | Park | Event\u00a0Location","publisher":{"@id":"https:\/\/www.boisbuchet.org\/#organization"},"potentialAction":[{"@type":"SearchAction","target":{"@type":"EntryPoint","urlTemplate":"https:\/\/www.boisbuchet.org\/?s={search_term_string}"},"query-input":{"@type":"PropertyValueSpecification","valueRequired":true,"valueName":"search_term_string"}}],"inLanguage":"fr-FR"},{"@type":"Organization","@id":"https:\/\/www.boisbuchet.org\/#organization","name":"Domine de Boisbuchet","url":"https:\/\/www.boisbuchet.org\/","logo":{"@type":"ImageObject","inLanguage":"fr-FR","@id":"https:\/\/www.boisbuchet.org\/#\/schema\/logo\/image\/","url":"https:\/\/www.boisbuchet.org\/wp-content\/uploads\/2019\/01\/logo_boisbuchet_black.png","contentUrl":"https:\/\/www.boisbuchet.org\/wp-content\/uploads\/2019\/01\/logo_boisbuchet_black.png","width":200,"height":73,"caption":"Domine de Boisbuchet"},"image":{"@id":"https:\/\/www.boisbuchet.org\/#\/schema\/logo\/image\/"},"sameAs":["https:\/\/www.facebook.com\/boisbuchet","https:\/\/x.com\/boisbuchet","https:\/\/www.instagram.com\/boisbuchet","https:\/\/www.linkedin.com\/company\/domaine-de-boisbuchet","https:\/\/www.pinterest.com\/boisbuchet"]},{"@type":"Person","@id":"https:\/\/www.boisbuchet.org\/#\/schema\/person\/37f6d78daf7b561c8175c85d605ef2f0","name":"pablo.sevilla","url":"https:\/\/www.boisbuchet.org\/fr\/author\/pablo-sevilla\/"}]}},"_links":{"self":[{"href":"https:\/\/www.boisbuchet.org\/fr\/wp-json\/wp\/v2\/posts\/12784","targetHints":{"allow":["GET"]}}],"collection":[{"href":"https:\/\/www.boisbuchet.org\/fr\/wp-json\/wp\/v2\/posts"}],"about":[{"href":"https:\/\/www.boisbuchet.org\/fr\/wp-json\/wp\/v2\/types\/post"}],"author":[{"embeddable":true,"href":"https:\/\/www.boisbuchet.org\/fr\/wp-json\/wp\/v2\/users\/566"}],"replies":[{"embeddable":true,"href":"https:\/\/www.boisbuchet.org\/fr\/wp-json\/wp\/v2\/comments?post=12784"}],"version-history":[{"count":2,"href":"https:\/\/www.boisbuchet.org\/fr\/wp-json\/wp\/v2\/posts\/12784\/revisions"}],"predecessor-version":[{"id":12786,"href":"https:\/\/www.boisbuchet.org\/fr\/wp-json\/wp\/v2\/posts\/12784\/revisions\/12786"}],"wp:featuredmedia":[{"embeddable":true,"href":"https:\/\/www.boisbuchet.org\/fr\/wp-json\/wp\/v2\/media\/12778"}],"wp:attachment":[{"href":"https:\/\/www.boisbuchet.org\/fr\/wp-json\/wp\/v2\/media?parent=12784"}],"wp:term":[{"taxonomy":"category","embeddable":true,"href":"https:\/\/www.boisbuchet.org\/fr\/wp-json\/wp\/v2\/categories?post=12784"},{"taxonomy":"post_tag","embeddable":true,"href":"https:\/\/www.boisbuchet.org\/fr\/wp-json\/wp\/v2\/tags?post=12784"}],"curies":[{"name":"wp","href":"https:\/\/api.w.org\/{rel}","templated":true}]}}