{"id":14779,"date":"2022-07-08T01:10:40","date_gmt":"2022-07-07T23:10:40","guid":{"rendered":"https:\/\/www.boisbuchet.org\/?p=14779"},"modified":"2023-06-12T18:14:52","modified_gmt":"2023-06-12T16:14:52","slug":"le-parcours-arts-nature-patrimoine","status":"publish","type":"post","link":"https:\/\/www.boisbuchet.org\/fr\/le-parcours-arts-nature-patrimoine\/","title":{"rendered":"Le Parcours Arts, Nature &amp; Patrimoine"},"content":{"rendered":"<div class=\"fusion-fullwidth fullwidth-box fusion-builder-row-1 nonhundred-percent-fullwidth non-hundred-percent-height-scrolling\" style=\"--awb-border-radius-top-left:0px;--awb-border-radius-top-right:0px;--awb-border-radius-bottom-right:0px;--awb-border-radius-bottom-left:0px;--awb-flex-wrap:wrap;\" ><div class=\"fusion-builder-row fusion-row\"><div class=\"fusion-layout-column fusion_builder_column fusion-builder-column-0 fusion_builder_column_1_1 1_1 fusion-one-full fusion-column-first fusion-column-last\" style=\"--awb-bg-size:cover;\"><div class=\"fusion-column-wrapper fusion-flex-column-wrapper-legacy\"><div class=\"fusion-title title fusion-title-1 fusion-sep-none fusion-title-center fusion-title-text fusion-title-size-three\" style=\"--awb-text-color:#999999;--awb-margin-top-small:0px;--awb-margin-right-small:0px;--awb-margin-bottom-small:20px;--awb-margin-left-small:0px;\"><h3 class=\"fusion-title-heading title-heading-center\" style=\"margin:0;\">VISITER BOISBUCHET<\/h3><\/div><div class=\"fusion-title title fusion-title-2 fusion-title-center fusion-title-text fusion-title-size-one\" style=\"--awb-text-color:#333333;--awb-margin-top-small:0px;--awb-margin-right-small:0px;--awb-margin-bottom-small:20px;--awb-margin-left-small:0px;\"><div class=\"title-sep-container title-sep-container-left\"><div class=\"title-sep sep-single sep-solid\" style=\"border-color:#e0dede;\"><\/div><\/div><span class=\"awb-title-spacer\"><\/span><h1 class=\"fusion-title-heading title-heading-center\" style=\"margin:0;letter-spacing:5px;\">LE PARCOURS ARTS, NATURE &amp; PATRIMOINE<\/h1><span class=\"awb-title-spacer\"><\/span><div class=\"title-sep-container title-sep-container-right\"><div class=\"title-sep sep-single sep-solid\" style=\"border-color:#e0dede;\"><\/div><\/div><\/div><div class=\"fusion-title title fusion-title-3 fusion-sep-none fusion-title-center fusion-title-text fusion-title-size-six\" style=\"--awb-text-color:#999999;--awb-margin-top-small:0px;--awb-margin-right-small:0px;--awb-margin-bottom-small:20px;--awb-margin-left-small:0px;\"><h6 class=\"fusion-title-heading title-heading-center\" style=\"margin:0;\">DU 30 JUIN AU 17 SEPTEMBRE 2023<\/h6><\/div><div class=\"fusion-clearfix\"><\/div><\/div><\/div><\/div><\/div><div class=\"fusion-fullwidth fullwidth-box fusion-builder-row-2 fusion-flex-container nonhundred-percent-fullwidth non-hundred-percent-height-scrolling\" style=\"--awb-border-radius-top-left:0px;--awb-border-radius-top-right:0px;--awb-border-radius-bottom-right:0px;--awb-border-radius-bottom-left:0px;--awb-flex-wrap:wrap;\" ><div class=\"fusion-builder-row fusion-row fusion-flex-align-items-flex-start fusion-flex-content-wrap\" style=\"max-width:1144px;margin-left: calc(-4% \/ 2 );margin-right: calc(-4% \/ 2 );\"><div class=\"fusion-layout-column fusion_builder_column fusion-builder-column-1 fusion_builder_column_1_1 1_1 fusion-flex-column\" style=\"--awb-bg-size:cover;--awb-width-large:100%;--awb-margin-top-large:0px;--awb-spacing-right-large:1.92%;--awb-margin-bottom-large:20px;--awb-spacing-left-large:1.92%;--awb-width-medium:100%;--awb-order-medium:0;--awb-spacing-right-medium:1.92%;--awb-spacing-left-medium:1.92%;--awb-width-small:100%;--awb-order-small:0;--awb-spacing-right-small:1.92%;--awb-spacing-left-small:1.92%;\"><div class=\"fusion-column-wrapper fusion-column-has-shadow fusion-flex-justify-content-flex-start fusion-content-layout-column\"><div class=\"fusion-image-element \" style=\"--awb-caption-title-font-family:var(--h2_typography-font-family);--awb-caption-title-font-weight:var(--h2_typography-font-weight);--awb-caption-title-font-style:var(--h2_typography-font-style);--awb-caption-title-size:var(--h2_typography-font-size);--awb-caption-title-transform:var(--h2_typography-text-transform);--awb-caption-title-line-height:var(--h2_typography-line-height);--awb-caption-title-letter-spacing:var(--h2_typography-letter-spacing);\"><span class=\" fusion-imageframe imageframe-none imageframe-1 hover-type-none\"><img decoding=\"async\" width=\"1328\" height=\"951\" title=\"Screenshot (222)\" src=\"https:\/\/www.boisbuchet.org\/wp-content\/uploads\/2023\/06\/Screenshot-222.png\" alt class=\"img-responsive wp-image-18519\" srcset=\"https:\/\/www.boisbuchet.org\/wp-content\/uploads\/2023\/06\/Screenshot-222-200x143.png 200w, https:\/\/www.boisbuchet.org\/wp-content\/uploads\/2023\/06\/Screenshot-222-400x286.png 400w, https:\/\/www.boisbuchet.org\/wp-content\/uploads\/2023\/06\/Screenshot-222-600x430.png 600w, https:\/\/www.boisbuchet.org\/wp-content\/uploads\/2023\/06\/Screenshot-222-800x573.png 800w, https:\/\/www.boisbuchet.org\/wp-content\/uploads\/2023\/06\/Screenshot-222-1200x859.png 1200w, https:\/\/www.boisbuchet.org\/wp-content\/uploads\/2023\/06\/Screenshot-222.png 1328w\" sizes=\"(max-width: 1024px) 100vw, (max-width: 640px) 100vw, 1200px\" \/><\/span><\/div><\/div><\/div><\/div><\/div><div class=\"fusion-fullwidth fullwidth-box fusion-builder-row-3 fusion-flex-container nonhundred-percent-fullwidth non-hundred-percent-height-scrolling\" style=\"--awb-border-radius-top-left:0px;--awb-border-radius-top-right:0px;--awb-border-radius-bottom-right:0px;--awb-border-radius-bottom-left:0px;--awb-flex-wrap:wrap;\" ><div class=\"fusion-builder-row fusion-row fusion-flex-align-items-flex-start fusion-flex-content-wrap\" style=\"max-width:1144px;margin-left: calc(-4% \/ 2 );margin-right: calc(-4% \/ 2 );\"><div class=\"fusion-layout-column fusion_builder_column fusion-builder-column-2 fusion_builder_column_1_1 1_1 fusion-flex-column\" style=\"--awb-bg-size:cover;--awb-width-large:100%;--awb-margin-top-large:0px;--awb-spacing-right-large:1.92%;--awb-margin-bottom-large:20px;--awb-spacing-left-large:1.92%;--awb-width-medium:100%;--awb-order-medium:0;--awb-spacing-right-medium:1.92%;--awb-spacing-left-medium:1.92%;--awb-width-small:100%;--awb-order-small:0;--awb-spacing-right-small:1.92%;--awb-spacing-left-small:1.92%;\"><div class=\"fusion-column-wrapper fusion-column-has-shadow fusion-flex-justify-content-flex-start fusion-content-layout-column\"><div class=\"fusion-text fusion-text-1\"><h4><i>Le Parcours Arts, Nature &amp; Patrimoine<\/i>\u00a0est une<strong> nouvelle initiative collective de diffusion artistique et culturelle en Nouvelle-Aquitaine<\/strong> (sur les territoires du Limousin et de la Charente) qui r\u00e9unit <strong>cinq structures publiques et priv\u00e9es d\u00e9di\u00e9es aux pratiques contemporaines<\/strong> : le <a href=\"http:\/\/www.artlaborie.com\/\">Ch\u00e2teau de la Borie<\/a>, le <a href=\"https:\/\/www.boisbuchet.org\/\">Domaine de Boisbuchet<\/a>, le <a href=\"https:\/\/domainedesetangs.com\/fr\/art\/art.html\">Domaine des \u00c9tangs<\/a>, le <a href=\"https:\/\/www.musee-rochechouart.com\/index.php\/fr\/\">Mus\u00e9e d\u2018art contemporain de la Haute Vienne &#8211; Ch\u00e2teau de Rochechouart<\/a> et le <a href=\"https:\/\/ciapiledevassiviere.com\/home\">Centre International d\u2019Art et du Paysage \u2013 \u00cele de Vassivi\u00e8re<\/a>.\u00a0Chacune d\u2019elles pr\u00e9sente un programme r\u00e9gulier d&#8217;expositions, de workshops et de rencontres autour du vivant, du patrimoine rural et du contexte artistique international.<\/h4>\n<h2 class=\"fusion-responsive-typography-calculated\" data-fontsize=\"30\" data-lineheight=\"45px\">Le Parcours<\/h2>\n<p>Le Parcours propose <strong>un itin\u00e9raire de d\u00e9couverte d&#8217;art contemporain<\/strong> : une exposition \u00e9tendue sur plusieurs lieux \u00e0 l\u2019environnement paysager et architectural unique qui valorise des \u0153uvre majeures issues de collections publiques et priv\u00e9es. Contrairement aux foires et expositions d&#8217;art dans les villes, le Parcours permet une visite au ralenti sur deux \u00e0 trois jours, qui fusionne l&#8217;art, le design innovant et l&#8217;architecture remarquable du 13e au 21e si\u00e8cle dans des cadres naturels incomparables.<\/p>\n<p>Ce Parcours inaugural est \u00e9galement con\u00e7u comme une manifestation annuelle qui associera chaque ann\u00e9e des lieux suppl\u00e9mentaires autour d\u2019une th\u00e9matique repens\u00e9e.<\/p>\n<\/div><\/div><\/div><\/div><\/div><div class=\"fusion-fullwidth fullwidth-box fusion-builder-row-4 fusion-flex-container nonhundred-percent-fullwidth non-hundred-percent-height-scrolling\" style=\"--awb-border-radius-top-left:0px;--awb-border-radius-top-right:0px;--awb-border-radius-bottom-right:0px;--awb-border-radius-bottom-left:0px;--awb-flex-wrap:wrap;\" ><div class=\"fusion-builder-row fusion-row fusion-flex-align-items-flex-start fusion-flex-content-wrap\" style=\"max-width:1144px;margin-left: calc(-4% \/ 2 );margin-right: calc(-4% \/ 2 );\"><div class=\"fusion-layout-column fusion_builder_column fusion-builder-column-3 fusion_builder_column_1_3 1_3 fusion-flex-column\" style=\"--awb-bg-size:cover;--awb-width-large:33.333333333333%;--awb-margin-top-large:0px;--awb-spacing-right-large:5.76%;--awb-margin-bottom-large:20px;--awb-spacing-left-large:5.76%;--awb-width-medium:100%;--awb-order-medium:0;--awb-spacing-right-medium:1.92%;--awb-spacing-left-medium:1.92%;--awb-width-small:100%;--awb-order-small:0;--awb-spacing-right-small:1.92%;--awb-spacing-left-small:1.92%;\"><div class=\"fusion-column-wrapper fusion-column-has-shadow fusion-flex-justify-content-flex-start fusion-content-layout-column\"><\/div><\/div><div class=\"fusion-layout-column fusion_builder_column fusion-builder-column-4 fusion_builder_column_1_3 1_3 fusion-flex-column\" style=\"--awb-bg-size:cover;--awb-width-large:33.333333333333%;--awb-margin-top-large:0px;--awb-spacing-right-large:5.76%;--awb-margin-bottom-large:20px;--awb-spacing-left-large:5.76%;--awb-width-medium:100%;--awb-order-medium:0;--awb-spacing-right-medium:1.92%;--awb-spacing-left-medium:1.92%;--awb-width-small:100%;--awb-order-small:0;--awb-spacing-right-small:1.92%;--awb-spacing-left-small:1.92%;\"><div class=\"fusion-column-wrapper fusion-column-has-shadow fusion-flex-justify-content-flex-start fusion-content-layout-column\"><div ><a class=\"fusion-button button-flat fusion-button-default-size button-custom fusion-button-default button-1 fusion-button-default-span fusion-button-default-type\" style=\"--button_accent_color:#ffffff;--button_accent_hover_color:#ffffff;--button_border_hover_color:#ffffff;--button-border-radius-top-left:15px;--button-border-radius-top-right:15px;--button-border-radius-bottom-right:15px;--button-border-radius-bottom-left:15px;--button_gradient_top_color:#000000;--button_gradient_bottom_color:#000000;--button_gradient_top_color_hover:#000000;--button_gradient_bottom_color_hover:#000000;\" target=\"_self\" href=\"https:\/\/acrobat.adobe.com\/link\/track?uri=urn:aaid:scds:US:42b1c0fd-f1a0-4249-be2c-24e86bf5b959\"><i class=\"fa-arrow-down fas awb-button__icon awb-button__icon--default button-icon-left\" aria-hidden=\"true\"><\/i><span class=\"fusion-button-text awb-button__text awb-button__text--default\"> Parcours 2023 : le d\u00e9pliant<\/span><\/a><\/div><\/div><\/div><div class=\"fusion-layout-column fusion_builder_column fusion-builder-column-5 fusion_builder_column_1_3 1_3 fusion-flex-column\" style=\"--awb-bg-size:cover;--awb-width-large:33.333333333333%;--awb-margin-top-large:0px;--awb-spacing-right-large:5.76%;--awb-margin-bottom-large:20px;--awb-spacing-left-large:5.76%;--awb-width-medium:100%;--awb-order-medium:0;--awb-spacing-right-medium:1.92%;--awb-spacing-left-medium:1.92%;--awb-width-small:100%;--awb-order-small:0;--awb-spacing-right-small:1.92%;--awb-spacing-left-small:1.92%;\"><div class=\"fusion-column-wrapper fusion-column-has-shadow fusion-flex-justify-content-flex-start fusion-content-layout-column\"><\/div><\/div><\/div><\/div><div class=\"fusion-fullwidth fullwidth-box fusion-builder-row-5 fusion-flex-container nonhundred-percent-fullwidth non-hundred-percent-height-scrolling\" style=\"--awb-border-radius-top-left:0px;--awb-border-radius-top-right:0px;--awb-border-radius-bottom-right:0px;--awb-border-radius-bottom-left:0px;--awb-flex-wrap:wrap;\" ><div class=\"fusion-builder-row fusion-row fusion-flex-align-items-flex-start fusion-flex-content-wrap\" style=\"max-width:1144px;margin-left: calc(-4% \/ 2 );margin-right: calc(-4% \/ 2 );\"><div class=\"fusion-layout-column fusion_builder_column fusion-builder-column-6 fusion_builder_column_1_1 1_1 fusion-flex-column\" style=\"--awb-bg-size:cover;--awb-width-large:100%;--awb-margin-top-large:0px;--awb-spacing-right-large:1.92%;--awb-margin-bottom-large:20px;--awb-spacing-left-large:1.92%;--awb-width-medium:100%;--awb-order-medium:0;--awb-spacing-right-medium:1.92%;--awb-spacing-left-medium:1.92%;--awb-width-small:100%;--awb-order-small:0;--awb-spacing-right-small:1.92%;--awb-spacing-left-small:1.92%;\"><div class=\"fusion-column-wrapper fusion-column-has-shadow fusion-flex-justify-content-flex-start fusion-content-layout-column\"><div class=\"fusion-image-carousel fusion-image-carousel-auto fusion-image-carousel-1 fusion-carousel-border awb-image-carousel-top-below-caption\"><div class=\"awb-carousel awb-swiper awb-swiper-carousel awb-carousel--carousel awb-swiper-dots-position-bottom awb-imageframe-style awb-imageframe-style-below awb-imageframe-style-1\" data-layout=\"carousel\" data-autoplay=\"yes\" data-autoplayspeed=\"2500\" data-autoplaypause=\"no\" data-columns=\"1\" data-columnsmedium=\"1\" data-columnssmall=\"1\" data-itemmargin=\"13\" data-itemwidth=\"180\" data-touchscroll=\"no\" data-freemode=\"no\" data-imagesize=\"auto\" data-scrollitems=\"0\" data-centeredslides=\"no\" data-rotationangle=\"50\" data-depth=\"100\" data-speed=\"500\" data-shadow=\"no\" data-pagination=\"bullets\" style=\"--awb-columns:1;--awb-border-width:1px;--awb-border-color:#e9eaee;--awb-caption-title-font-family:&quot;Futura&quot;;--awb-caption-title-font-style:normal;--awb-caption-title-font-weight:400;\"><div class=\"swiper-wrapper awb-image-carousel-wrapper fusion-flex-align-items-center\"><div class=\"swiper-slide\"><div class=\"fusion-carousel-item-wrapper\"><div class=\"fusion-image-wrapper hover-type-none\"><img decoding=\"async\" width=\"1920\" height=\"1080\" src=\"https:\/\/www.boisbuchet.org\/wp-content\/uploads\/2022\/07\/Parcours_Deidi.jpg\" class=\"attachment-full size-full\" alt=\"\" srcset=\"https:\/\/www.boisbuchet.org\/wp-content\/uploads\/2022\/07\/Parcours_Deidi-200x113.jpg 200w, https:\/\/www.boisbuchet.org\/wp-content\/uploads\/2022\/07\/Parcours_Deidi-300x169.jpg 300w, https:\/\/www.boisbuchet.org\/wp-content\/uploads\/2022\/07\/Parcours_Deidi-400x225.jpg 400w, https:\/\/www.boisbuchet.org\/wp-content\/uploads\/2022\/07\/Parcours_Deidi-500x281.jpg 500w, https:\/\/www.boisbuchet.org\/wp-content\/uploads\/2022\/07\/Parcours_Deidi-600x338.jpg 600w, https:\/\/www.boisbuchet.org\/wp-content\/uploads\/2022\/07\/Parcours_Deidi-700x394.jpg 700w, https:\/\/www.boisbuchet.org\/wp-content\/uploads\/2022\/07\/Parcours_Deidi-768x432.jpg 768w, https:\/\/www.boisbuchet.org\/wp-content\/uploads\/2022\/07\/Parcours_Deidi-800x450.jpg 800w, https:\/\/www.boisbuchet.org\/wp-content\/uploads\/2022\/07\/Parcours_Deidi-1024x576.jpg 1024w, https:\/\/www.boisbuchet.org\/wp-content\/uploads\/2022\/07\/Parcours_Deidi-1200x675.jpg 1200w, https:\/\/www.boisbuchet.org\/wp-content\/uploads\/2022\/07\/Parcours_Deidi-1536x864.jpg 1536w, https:\/\/www.boisbuchet.org\/wp-content\/uploads\/2022\/07\/Parcours_Deidi.jpg 1920w\" sizes=\"(max-width: 1920px) 100vw, 1920px\" \/><\/div><div class=\"awb-imageframe-caption-container\" style=\"text-align:center;\"><div class=\"awb-imageframe-caption\"><h6 class=\"awb-imageframe-caption-title\">Deidi von Schaewen, Les arbres sacr\u00e9es de l'Inde, vue d\u2019exposition, ch\u00e2teau de Domaine de Boisbuchet, 2022 \/ Lessac. Photo : Pietro Migliorati<\/h6><\/div><\/div><\/div><\/div><div class=\"swiper-slide\"><div class=\"fusion-carousel-item-wrapper\"><div class=\"fusion-image-wrapper hover-type-none\"><img decoding=\"async\" width=\"1920\" height=\"1080\" src=\"https:\/\/www.boisbuchet.org\/wp-content\/uploads\/2022\/07\/Parcours_HelenMirra.jpg\" class=\"attachment-full size-full\" alt=\"\" srcset=\"https:\/\/www.boisbuchet.org\/wp-content\/uploads\/2022\/07\/Parcours_HelenMirra-200x113.jpg 200w, https:\/\/www.boisbuchet.org\/wp-content\/uploads\/2022\/07\/Parcours_HelenMirra-300x169.jpg 300w, https:\/\/www.boisbuchet.org\/wp-content\/uploads\/2022\/07\/Parcours_HelenMirra-400x225.jpg 400w, https:\/\/www.boisbuchet.org\/wp-content\/uploads\/2022\/07\/Parcours_HelenMirra-500x281.jpg 500w, https:\/\/www.boisbuchet.org\/wp-content\/uploads\/2022\/07\/Parcours_HelenMirra-600x338.jpg 600w, https:\/\/www.boisbuchet.org\/wp-content\/uploads\/2022\/07\/Parcours_HelenMirra-700x394.jpg 700w, https:\/\/www.boisbuchet.org\/wp-content\/uploads\/2022\/07\/Parcours_HelenMirra-768x432.jpg 768w, https:\/\/www.boisbuchet.org\/wp-content\/uploads\/2022\/07\/Parcours_HelenMirra-800x450.jpg 800w, https:\/\/www.boisbuchet.org\/wp-content\/uploads\/2022\/07\/Parcours_HelenMirra-1024x576.jpg 1024w, https:\/\/www.boisbuchet.org\/wp-content\/uploads\/2022\/07\/Parcours_HelenMirra-1200x675.jpg 1200w, https:\/\/www.boisbuchet.org\/wp-content\/uploads\/2022\/07\/Parcours_HelenMirra-1536x864.jpg 1536w, https:\/\/www.boisbuchet.org\/wp-content\/uploads\/2022\/07\/Parcours_HelenMirra.jpg 1920w\" sizes=\"(max-width: 1920px) 100vw, 1920px\" \/><\/div><div class=\"awb-imageframe-caption-container\" style=\"text-align:center;\"><div class=\"awb-imageframe-caption\"><h6 class=\"awb-imageframe-caption-title\">Helen Mirra, Sky-wreck 1\/22, 2001, vue d\u2019exposition, ch\u00e2teau de Rochechouart, 2022. Courtesy : Helen Mirra et la galerie Meyer Riegger Karlsruhe \/ Berlin. Photo : \u00a9 Aur\u00e9lien Mole<\/h6><\/div><\/div><\/div><\/div><div class=\"swiper-slide\"><div class=\"fusion-carousel-item-wrapper\"><div class=\"fusion-image-wrapper hover-type-none\"><img decoding=\"async\" width=\"1920\" height=\"1080\" src=\"https:\/\/www.boisbuchet.org\/wp-content\/uploads\/2022\/07\/Parcours_Abregement.jpg\" class=\"attachment-full size-full\" alt=\"\" srcset=\"https:\/\/www.boisbuchet.org\/wp-content\/uploads\/2022\/07\/Parcours_Abregement-200x113.jpg 200w, https:\/\/www.boisbuchet.org\/wp-content\/uploads\/2022\/07\/Parcours_Abregement-300x169.jpg 300w, https:\/\/www.boisbuchet.org\/wp-content\/uploads\/2022\/07\/Parcours_Abregement-400x225.jpg 400w, https:\/\/www.boisbuchet.org\/wp-content\/uploads\/2022\/07\/Parcours_Abregement-500x281.jpg 500w, https:\/\/www.boisbuchet.org\/wp-content\/uploads\/2022\/07\/Parcours_Abregement-600x338.jpg 600w, https:\/\/www.boisbuchet.org\/wp-content\/uploads\/2022\/07\/Parcours_Abregement-700x394.jpg 700w, https:\/\/www.boisbuchet.org\/wp-content\/uploads\/2022\/07\/Parcours_Abregement-768x432.jpg 768w, https:\/\/www.boisbuchet.org\/wp-content\/uploads\/2022\/07\/Parcours_Abregement-800x450.jpg 800w, https:\/\/www.boisbuchet.org\/wp-content\/uploads\/2022\/07\/Parcours_Abregement-1024x576.jpg 1024w, https:\/\/www.boisbuchet.org\/wp-content\/uploads\/2022\/07\/Parcours_Abregement-1200x675.jpg 1200w, https:\/\/www.boisbuchet.org\/wp-content\/uploads\/2022\/07\/Parcours_Abregement-1536x864.jpg 1536w, https:\/\/www.boisbuchet.org\/wp-content\/uploads\/2022\/07\/Parcours_Abregement.jpg 1920w\" sizes=\"(max-width: 1920px) 100vw, 1920px\" \/><\/div><div class=\"awb-imageframe-caption-container\" style=\"text-align:center;\"><div class=\"awb-imageframe-caption\"><h6 class=\"awb-imageframe-caption-title\">Andy Goldsworthy: Pool of Light, 2003, et Antony Gormley: Le gu\u00e9teur, 2001<\/h6><\/div><\/div><\/div><\/div><div class=\"swiper-slide\"><div class=\"fusion-carousel-item-wrapper\"><div class=\"fusion-image-wrapper hover-type-none\"><img decoding=\"async\" width=\"1920\" height=\"1080\" src=\"https:\/\/www.boisbuchet.org\/wp-content\/uploads\/2022\/07\/Parcours_LaBorie.jpg\" class=\"attachment-full size-full\" alt=\"\" srcset=\"https:\/\/www.boisbuchet.org\/wp-content\/uploads\/2022\/07\/Parcours_LaBorie-200x113.jpg 200w, https:\/\/www.boisbuchet.org\/wp-content\/uploads\/2022\/07\/Parcours_LaBorie-300x169.jpg 300w, https:\/\/www.boisbuchet.org\/wp-content\/uploads\/2022\/07\/Parcours_LaBorie-400x225.jpg 400w, https:\/\/www.boisbuchet.org\/wp-content\/uploads\/2022\/07\/Parcours_LaBorie-500x281.jpg 500w, https:\/\/www.boisbuchet.org\/wp-content\/uploads\/2022\/07\/Parcours_LaBorie-600x338.jpg 600w, https:\/\/www.boisbuchet.org\/wp-content\/uploads\/2022\/07\/Parcours_LaBorie-700x394.jpg 700w, https:\/\/www.boisbuchet.org\/wp-content\/uploads\/2022\/07\/Parcours_LaBorie-768x432.jpg 768w, https:\/\/www.boisbuchet.org\/wp-content\/uploads\/2022\/07\/Parcours_LaBorie-800x450.jpg 800w, https:\/\/www.boisbuchet.org\/wp-content\/uploads\/2022\/07\/Parcours_LaBorie-1024x576.jpg 1024w, https:\/\/www.boisbuchet.org\/wp-content\/uploads\/2022\/07\/Parcours_LaBorie-1200x675.jpg 1200w, https:\/\/www.boisbuchet.org\/wp-content\/uploads\/2022\/07\/Parcours_LaBorie-1536x864.jpg 1536w, https:\/\/www.boisbuchet.org\/wp-content\/uploads\/2022\/07\/Parcours_LaBorie.jpg 1920w\" sizes=\"(max-width: 1920px) 100vw, 1920px\" \/><\/div><div class=\"awb-imageframe-caption-container\" style=\"text-align:center;\"><div class=\"awb-imageframe-caption\"><h6 class=\"awb-imageframe-caption-title\">Vue d\u2019installation\/ Installation view \u00c9CRIT SUR LE VENT\/ WRITTEN ON THE WIND, Ch\u00e2teau de la Borie, 2022. Photo: Nicolas Gaillard<\/h6><\/div><\/div><\/div><\/div><div class=\"swiper-slide\"><div class=\"fusion-carousel-item-wrapper\"><div class=\"fusion-image-wrapper hover-type-none\"><img decoding=\"async\" width=\"1920\" height=\"1080\" src=\"https:\/\/www.boisbuchet.org\/wp-content\/uploads\/2022\/07\/Parcours_Domainedesetangs-1.jpg\" class=\"attachment-full size-full\" alt=\"\" srcset=\"https:\/\/www.boisbuchet.org\/wp-content\/uploads\/2022\/07\/Parcours_Domainedesetangs-1-200x113.jpg 200w, https:\/\/www.boisbuchet.org\/wp-content\/uploads\/2022\/07\/Parcours_Domainedesetangs-1-300x169.jpg 300w, https:\/\/www.boisbuchet.org\/wp-content\/uploads\/2022\/07\/Parcours_Domainedesetangs-1-400x225.jpg 400w, https:\/\/www.boisbuchet.org\/wp-content\/uploads\/2022\/07\/Parcours_Domainedesetangs-1-500x281.jpg 500w, https:\/\/www.boisbuchet.org\/wp-content\/uploads\/2022\/07\/Parcours_Domainedesetangs-1-600x338.jpg 600w, https:\/\/www.boisbuchet.org\/wp-content\/uploads\/2022\/07\/Parcours_Domainedesetangs-1-700x394.jpg 700w, https:\/\/www.boisbuchet.org\/wp-content\/uploads\/2022\/07\/Parcours_Domainedesetangs-1-768x432.jpg 768w, https:\/\/www.boisbuchet.org\/wp-content\/uploads\/2022\/07\/Parcours_Domainedesetangs-1-800x450.jpg 800w, https:\/\/www.boisbuchet.org\/wp-content\/uploads\/2022\/07\/Parcours_Domainedesetangs-1-1024x576.jpg 1024w, https:\/\/www.boisbuchet.org\/wp-content\/uploads\/2022\/07\/Parcours_Domainedesetangs-1-1200x675.jpg 1200w, https:\/\/www.boisbuchet.org\/wp-content\/uploads\/2022\/07\/Parcours_Domainedesetangs-1-1536x864.jpg 1536w, https:\/\/www.boisbuchet.org\/wp-content\/uploads\/2022\/07\/Parcours_Domainedesetangs-1.jpg 1920w\" sizes=\"(max-width: 1920px) 100vw, 1920px\" \/><\/div><div class=\"awb-imageframe-caption-container\" style=\"text-align:center;\"><div class=\"awb-imageframe-caption\"><h6 class=\"awb-imageframe-caption-title\">Rondinone, The Sun, Domaine des Etangs 2017, Photo: Arthur Pequin<\/h6><\/div><\/div><\/div><\/div><\/div><div class=\"awb-swiper-button awb-swiper-button-prev\"><i class=\"awb-icon-angle-left\" aria-hidden=\"true\"><\/i><\/div><div class=\"awb-swiper-button awb-swiper-button-next\"><i class=\"awb-icon-angle-right\" aria-hidden=\"true\"><\/i><\/div><\/div><\/div><\/div><\/div><\/div><\/div><div class=\"fusion-fullwidth fullwidth-box fusion-builder-row-6 fusion-flex-container nonhundred-percent-fullwidth non-hundred-percent-height-scrolling\" style=\"--awb-border-radius-top-left:0px;--awb-border-radius-top-right:0px;--awb-border-radius-bottom-right:0px;--awb-border-radius-bottom-left:0px;--awb-flex-wrap:wrap;\" ><div class=\"fusion-builder-row fusion-row fusion-flex-align-items-flex-start fusion-flex-content-wrap\" style=\"max-width:1144px;margin-left: calc(-4% \/ 2 );margin-right: calc(-4% \/ 2 );\"><div class=\"fusion-layout-column fusion_builder_column fusion-builder-column-7 fusion_builder_column_1_1 1_1 fusion-flex-column\" style=\"--awb-bg-size:cover;--awb-width-large:100%;--awb-margin-top-large:0px;--awb-spacing-right-large:1.92%;--awb-margin-bottom-large:20px;--awb-spacing-left-large:1.92%;--awb-width-medium:100%;--awb-order-medium:0;--awb-spacing-right-medium:1.92%;--awb-spacing-left-medium:1.92%;--awb-width-small:100%;--awb-order-small:0;--awb-spacing-right-small:1.92%;--awb-spacing-left-small:1.92%;\"><div class=\"fusion-column-wrapper fusion-column-has-shadow fusion-flex-justify-content-flex-start fusion-content-layout-column\"><div class=\"fusion-text fusion-text-2\"><h2>Les Partenaires<\/h2>\n<p>Un manoir du 19\u00e8me si\u00e8cle et un parc paysager, situ\u00e9s au bord de la Vienne, construisent le c\u0153ur des 150 hectares de for\u00eats, de prairies et d&#8217;eaux du\u00a0<a href=\"https:\/\/www.boisbuchet.org\/fr\/\">Domaine de Boisbuchet<\/a>. Alexander von Vegesack, directeur gramme d&#8217;ateliers et d&#8217;expositions changeant chaque ann\u00e9e, ces derni\u00e8res \u00e9tant souvent bas\u00e9es sur la collection unique de design de Boisbuchet. R\u00e9partis sur le site, une vingtaine de b\u00e2timents offrent des exemples remarquables d\u2018architecture innovante.<\/p>\n<p>Le\u00a0<a href=\"http:\/\/www.artlaborie.com\/\">Ch\u00e2teau de La Borie<\/a>\u00a0est situ\u00e9 au milieu des collines du Limousin, dans le village m\u00e9di\u00e9val de Solignac, \u00e0 5 kilom\u00e8tres au sud de Limoges. Le ch\u00e2teau abrite la galerie La Borie qui pr\u00e9sente des artistes contemporains internationaux, en mettant l&#8217;accent sur la jeune g\u00e9n\u00e9ration. Autour du ch\u00e2teau se trouvent plusieurs jardins \u00e9cologiques : le jardin contemporain, le jardin en mouvement\u00a0inspir\u00e9 des id\u00e9es du paysagiste fran\u00e7ais Gilles Cl\u00e9ment, un potager en permaculture et un jardin \u00e0 la fran\u00e7aise.<\/p>\n<p>Inaugur\u00e9 en 1985 par le d\u00e9partement de la Haute-Vienne, au sein du prestigieux ch\u00e2teau de Rochechouart, le\u00a0<a href=\"https:\/\/www.musee-rochechouart.com\/index.php\/fr\/\">Mus\u00e9e d&#8217;art contemporain de la Haute-Vienne<\/a>\u00a0a constitu\u00e9 en 30 ans une collection remarquable qui compte aujourd\u2018hui plus de 800 oeuvres d&#8217;artistes internationaux depuis les mouvements du Land Art et de l&#8217;Arte Povera \u00e0 la sc\u00e8ne la plus actuelle ainsi qu\u2018un ensemble de commandes dialoguant avec le lieu patrimonial. Le Mus\u00e9e poss\u00e8de par ailleurs le plus important fonds, en France, de l\u2018artiste dada\u00efste Raoul Hausmann (1886 &#8211; 1971). Le Ch\u00e2teau de Rochechouart est un service du d\u00e9partement de la Haute-Vienne. Il est labellis\u00e9 Mus\u00e9e de France.<\/p>\n<p>Le\u00a0<a href=\"https:\/\/domainedesetangs.com\/fr\/art\/art.html\">Domaine des \u00c9tangs<\/a> s\u2019\u00e9tend sur 1 000 hectares de nature pr\u00e9serv\u00e9e, partag\u00e9e entre for\u00eats, p\u00e2turages et \u00e9tangs. Depuis 2014, la Collection Garance Primat s\u2019\u00e9panouit dans cet espace o\u00f9 l\u2019art est partout : dans le ch\u00e2teau du XIIIe si\u00e8cle et ses maisons de m\u00e9tayer, dans le parc de sculptures qui se d\u00e9veloppe en plein coeur de la Nature, ainsi que dans une ancienne laiterie devenue espace d\u2019art. La collection y organise chaque ann\u00e9e une exposition qui illustre le lien \u00e9troit qui existe entre la nature, l\u2019art et la science. Le Domaine des Etangs abrite \u00e9galement une ferme, un potager en permaculture, un h\u00f4tel 5 \u00e9toiles, un restaurant et un espace de bien-\u00eatre.<\/p>\n<\/div><div class=\"fusion-text fusion-text-3\"><h4><em>Un projet con\u00e7u par le Ch\u00e2teau de la Borie, le Domaine de Boisbuchet, le Domaine des \u00c9tangs, le Mus\u00e9e d\u2018art contemporain de la Haute Vienne &#8211; ch\u00e2teau de Rochechouart et le CIAPV.<\/em><\/h4>\n<\/div><\/div><\/div><\/div><\/div><div class=\"fusion-fullwidth fullwidth-box fusion-builder-row-7 fusion-flex-container nonhundred-percent-fullwidth non-hundred-percent-height-scrolling\" style=\"--awb-border-radius-top-left:0px;--awb-border-radius-top-right:0px;--awb-border-radius-bottom-right:0px;--awb-border-radius-bottom-left:0px;--awb-flex-wrap:wrap;\" ><div class=\"fusion-builder-row fusion-row fusion-flex-align-items-flex-start fusion-flex-content-wrap\" style=\"max-width:1144px;margin-left: calc(-4% \/ 2 );margin-right: calc(-4% \/ 2 );\"><div class=\"fusion-layout-column fusion_builder_column fusion-builder-column-8 fusion_builder_column_1_1 1_1 fusion-flex-column\" style=\"--awb-bg-size:cover;--awb-width-large:100%;--awb-margin-top-large:0px;--awb-spacing-right-large:1.92%;--awb-margin-bottom-large:20px;--awb-spacing-left-large:1.92%;--awb-width-medium:100%;--awb-order-medium:0;--awb-spacing-right-medium:1.92%;--awb-spacing-left-medium:1.92%;--awb-width-small:100%;--awb-order-small:0;--awb-spacing-right-small:1.92%;--awb-spacing-left-small:1.92%;\"><div class=\"fusion-column-wrapper fusion-column-has-shadow fusion-flex-justify-content-flex-start fusion-content-layout-column\"><\/div><\/div><\/div><\/div>\n","protected":false},"excerpt":{"rendered":"","protected":false},"author":566,"featured_media":14837,"comment_status":"closed","ping_status":"open","sticky":false,"template":"","format":"standard","meta":{"_monsterinsights_skip_tracking":false,"_monsterinsights_sitenote_active":false,"_monsterinsights_sitenote_note":"","_monsterinsights_sitenote_category":0,"footnotes":""},"categories":[2],"tags":[],"class_list":["post-14779","post","type-post","status-publish","format-standard","has-post-thumbnail","hentry","category-non-classifiee"],"yoast_head":"<!-- This site is optimized with the Yoast SEO plugin v27.1.1 - https:\/\/yoast.com\/product\/yoast-seo-wordpress\/ -->\n<title>Le Parcours Arts, Nature &amp; Patrimoine | Domaine de Boisbuchet<\/title>\n<meta name=\"description\" content=\"Le Parcours Arts, Nature &amp; Patrimoine\u00a0est une nouvelle initiative collective de diffusion artistique et culturelle en Nouvelle-Aquitaine\" \/>\n<meta name=\"robots\" content=\"index, follow, max-snippet:-1, max-image-preview:large, max-video-preview:-1\" \/>\n<link rel=\"canonical\" href=\"https:\/\/www.boisbuchet.org\/fr\/le-parcours-arts-nature-patrimoine\/\" \/>\n<meta property=\"og:locale\" content=\"fr_FR\" \/>\n<meta property=\"og:type\" content=\"article\" \/>\n<meta property=\"og:title\" content=\"Le Parcours Arts, Nature &amp; Patrimoine | Domaine de Boisbuchet\" \/>\n<meta property=\"og:description\" content=\"Le Parcours Arts, Nature &amp; Patrimoine\u00a0est une nouvelle initiative collective de diffusion artistique et culturelle en Nouvelle-Aquitaine\" \/>\n<meta property=\"og:url\" content=\"https:\/\/www.boisbuchet.org\/fr\/le-parcours-arts-nature-patrimoine\/\" \/>\n<meta property=\"og:site_name\" content=\"Domaine de Boisbuchet\" \/>\n<meta property=\"article:publisher\" content=\"https:\/\/www.facebook.com\/boisbuchet\" \/>\n<meta property=\"article:published_time\" content=\"2022-07-07T23:10:40+00:00\" \/>\n<meta property=\"article:modified_time\" content=\"2023-06-12T16:14:52+00:00\" \/>\n<meta property=\"og:image\" content=\"https:\/\/www.boisbuchet.org\/wp-content\/uploads\/2022\/07\/Tile-Parcours-Arts.jpg\" \/>\n\t<meta property=\"og:image:width\" content=\"2052\" \/>\n\t<meta property=\"og:image:height\" content=\"1536\" \/>\n\t<meta property=\"og:image:type\" content=\"image\/jpeg\" \/>\n<meta name=\"author\" content=\"pablo.sevilla\" \/>\n<meta name=\"twitter:card\" content=\"summary_large_image\" \/>\n<meta name=\"twitter:creator\" content=\"@boisbuchet\" \/>\n<meta name=\"twitter:site\" content=\"@boisbuchet\" \/>\n<meta name=\"twitter:label1\" content=\"\u00c9crit par\" \/>\n\t<meta name=\"twitter:data1\" content=\"pablo.sevilla\" \/>\n\t<meta name=\"twitter:label2\" content=\"Dur\u00e9e de lecture estim\u00e9e\" \/>\n\t<meta name=\"twitter:data2\" content=\"13 minutes\" \/>\n<script type=\"application\/ld+json\" class=\"yoast-schema-graph\">{\"@context\":\"https:\/\/schema.org\",\"@graph\":[{\"@type\":\"Article\",\"@id\":\"https:\/\/www.boisbuchet.org\/fr\/le-parcours-arts-nature-patrimoine\/#article\",\"isPartOf\":{\"@id\":\"https:\/\/www.boisbuchet.org\/fr\/le-parcours-arts-nature-patrimoine\/\"},\"author\":{\"name\":\"pablo.sevilla\",\"@id\":\"https:\/\/www.boisbuchet.org\/#\/schema\/person\/37f6d78daf7b561c8175c85d605ef2f0\"},\"headline\":\"Le Parcours Arts, Nature &amp; Patrimoine\",\"datePublished\":\"2022-07-07T23:10:40+00:00\",\"dateModified\":\"2023-06-12T16:14:52+00:00\",\"mainEntityOfPage\":{\"@id\":\"https:\/\/www.boisbuchet.org\/fr\/le-parcours-arts-nature-patrimoine\/\"},\"wordCount\":6268,\"publisher\":{\"@id\":\"https:\/\/www.boisbuchet.org\/#organization\"},\"image\":{\"@id\":\"https:\/\/www.boisbuchet.org\/fr\/le-parcours-arts-nature-patrimoine\/#primaryimage\"},\"thumbnailUrl\":\"https:\/\/www.boisbuchet.org\/wp-content\/uploads\/2022\/07\/Tile-Parcours-Arts.jpg\",\"articleSection\":[\"Non classifi\u00e9(e)\"],\"inLanguage\":\"fr-FR\"},{\"@type\":\"WebPage\",\"@id\":\"https:\/\/www.boisbuchet.org\/fr\/le-parcours-arts-nature-patrimoine\/\",\"url\":\"https:\/\/www.boisbuchet.org\/fr\/le-parcours-arts-nature-patrimoine\/\",\"name\":\"Le Parcours Arts, Nature &amp; Patrimoine | Domaine de Boisbuchet\",\"isPartOf\":{\"@id\":\"https:\/\/www.boisbuchet.org\/#website\"},\"primaryImageOfPage\":{\"@id\":\"https:\/\/www.boisbuchet.org\/fr\/le-parcours-arts-nature-patrimoine\/#primaryimage\"},\"image\":{\"@id\":\"https:\/\/www.boisbuchet.org\/fr\/le-parcours-arts-nature-patrimoine\/#primaryimage\"},\"thumbnailUrl\":\"https:\/\/www.boisbuchet.org\/wp-content\/uploads\/2022\/07\/Tile-Parcours-Arts.jpg\",\"datePublished\":\"2022-07-07T23:10:40+00:00\",\"dateModified\":\"2023-06-12T16:14:52+00:00\",\"description\":\"Le Parcours Arts, Nature & Patrimoine\u00a0est une nouvelle initiative collective de diffusion artistique et culturelle en Nouvelle-Aquitaine\",\"breadcrumb\":{\"@id\":\"https:\/\/www.boisbuchet.org\/fr\/le-parcours-arts-nature-patrimoine\/#breadcrumb\"},\"inLanguage\":\"fr-FR\",\"potentialAction\":[{\"@type\":\"ReadAction\",\"target\":[\"https:\/\/www.boisbuchet.org\/fr\/le-parcours-arts-nature-patrimoine\/\"]}]},{\"@type\":\"ImageObject\",\"inLanguage\":\"fr-FR\",\"@id\":\"https:\/\/www.boisbuchet.org\/fr\/le-parcours-arts-nature-patrimoine\/#primaryimage\",\"url\":\"https:\/\/www.boisbuchet.org\/wp-content\/uploads\/2022\/07\/Tile-Parcours-Arts.jpg\",\"contentUrl\":\"https:\/\/www.boisbuchet.org\/wp-content\/uploads\/2022\/07\/Tile-Parcours-Arts.jpg\",\"width\":2052,\"height\":1536},{\"@type\":\"BreadcrumbList\",\"@id\":\"https:\/\/www.boisbuchet.org\/fr\/le-parcours-arts-nature-patrimoine\/#breadcrumb\",\"itemListElement\":[{\"@type\":\"ListItem\",\"position\":1,\"name\":\"Home\",\"item\":\"https:\/\/www.boisbuchet.org\/fr\/\"},{\"@type\":\"ListItem\",\"position\":2,\"name\":\"Le Parcours Arts, Nature &amp; Patrimoine\"}]},{\"@type\":\"WebSite\",\"@id\":\"https:\/\/www.boisbuchet.org\/#website\",\"url\":\"https:\/\/www.boisbuchet.org\/\",\"name\":\"Domaine de Boisbuchet\",\"description\":\"Summer Workshops | Park | Event\u00a0Location\",\"publisher\":{\"@id\":\"https:\/\/www.boisbuchet.org\/#organization\"},\"potentialAction\":[{\"@type\":\"SearchAction\",\"target\":{\"@type\":\"EntryPoint\",\"urlTemplate\":\"https:\/\/www.boisbuchet.org\/?s={search_term_string}\"},\"query-input\":{\"@type\":\"PropertyValueSpecification\",\"valueRequired\":true,\"valueName\":\"search_term_string\"}}],\"inLanguage\":\"fr-FR\"},{\"@type\":\"Organization\",\"@id\":\"https:\/\/www.boisbuchet.org\/#organization\",\"name\":\"Domine de Boisbuchet\",\"url\":\"https:\/\/www.boisbuchet.org\/\",\"logo\":{\"@type\":\"ImageObject\",\"inLanguage\":\"fr-FR\",\"@id\":\"https:\/\/www.boisbuchet.org\/#\/schema\/logo\/image\/\",\"url\":\"https:\/\/www.boisbuchet.org\/wp-content\/uploads\/2019\/01\/logo_boisbuchet_black.png\",\"contentUrl\":\"https:\/\/www.boisbuchet.org\/wp-content\/uploads\/2019\/01\/logo_boisbuchet_black.png\",\"width\":200,\"height\":73,\"caption\":\"Domine de Boisbuchet\"},\"image\":{\"@id\":\"https:\/\/www.boisbuchet.org\/#\/schema\/logo\/image\/\"},\"sameAs\":[\"https:\/\/www.facebook.com\/boisbuchet\",\"https:\/\/x.com\/boisbuchet\",\"https:\/\/www.instagram.com\/boisbuchet\",\"https:\/\/www.linkedin.com\/company\/domaine-de-boisbuchet\",\"https:\/\/www.pinterest.com\/boisbuchet\"]},{\"@type\":\"Person\",\"@id\":\"https:\/\/www.boisbuchet.org\/#\/schema\/person\/37f6d78daf7b561c8175c85d605ef2f0\",\"name\":\"pablo.sevilla\",\"url\":\"https:\/\/www.boisbuchet.org\/fr\/author\/pablo-sevilla\/\"}]}<\/script>\n<!-- \/ Yoast SEO plugin. -->","yoast_head_json":{"title":"Le Parcours Arts, Nature &amp; Patrimoine | Domaine de Boisbuchet","description":"Le Parcours Arts, Nature & Patrimoine\u00a0est une nouvelle initiative collective de diffusion artistique et culturelle en Nouvelle-Aquitaine","robots":{"index":"index","follow":"follow","max-snippet":"max-snippet:-1","max-image-preview":"max-image-preview:large","max-video-preview":"max-video-preview:-1"},"canonical":"https:\/\/www.boisbuchet.org\/fr\/le-parcours-arts-nature-patrimoine\/","og_locale":"fr_FR","og_type":"article","og_title":"Le Parcours Arts, Nature &amp; Patrimoine | Domaine de Boisbuchet","og_description":"Le Parcours Arts, Nature & Patrimoine\u00a0est une nouvelle initiative collective de diffusion artistique et culturelle en Nouvelle-Aquitaine","og_url":"https:\/\/www.boisbuchet.org\/fr\/le-parcours-arts-nature-patrimoine\/","og_site_name":"Domaine de Boisbuchet","article_publisher":"https:\/\/www.facebook.com\/boisbuchet","article_published_time":"2022-07-07T23:10:40+00:00","article_modified_time":"2023-06-12T16:14:52+00:00","og_image":[{"width":2052,"height":1536,"url":"https:\/\/www.boisbuchet.org\/wp-content\/uploads\/2022\/07\/Tile-Parcours-Arts.jpg","type":"image\/jpeg"}],"author":"pablo.sevilla","twitter_card":"summary_large_image","twitter_creator":"@boisbuchet","twitter_site":"@boisbuchet","twitter_misc":{"\u00c9crit par":"pablo.sevilla","Dur\u00e9e de lecture estim\u00e9e":"13 minutes"},"schema":{"@context":"https:\/\/schema.org","@graph":[{"@type":"Article","@id":"https:\/\/www.boisbuchet.org\/fr\/le-parcours-arts-nature-patrimoine\/#article","isPartOf":{"@id":"https:\/\/www.boisbuchet.org\/fr\/le-parcours-arts-nature-patrimoine\/"},"author":{"name":"pablo.sevilla","@id":"https:\/\/www.boisbuchet.org\/#\/schema\/person\/37f6d78daf7b561c8175c85d605ef2f0"},"headline":"Le Parcours Arts, Nature &amp; Patrimoine","datePublished":"2022-07-07T23:10:40+00:00","dateModified":"2023-06-12T16:14:52+00:00","mainEntityOfPage":{"@id":"https:\/\/www.boisbuchet.org\/fr\/le-parcours-arts-nature-patrimoine\/"},"wordCount":6268,"publisher":{"@id":"https:\/\/www.boisbuchet.org\/#organization"},"image":{"@id":"https:\/\/www.boisbuchet.org\/fr\/le-parcours-arts-nature-patrimoine\/#primaryimage"},"thumbnailUrl":"https:\/\/www.boisbuchet.org\/wp-content\/uploads\/2022\/07\/Tile-Parcours-Arts.jpg","articleSection":["Non classifi\u00e9(e)"],"inLanguage":"fr-FR"},{"@type":"WebPage","@id":"https:\/\/www.boisbuchet.org\/fr\/le-parcours-arts-nature-patrimoine\/","url":"https:\/\/www.boisbuchet.org\/fr\/le-parcours-arts-nature-patrimoine\/","name":"Le Parcours Arts, Nature &amp; Patrimoine | Domaine de Boisbuchet","isPartOf":{"@id":"https:\/\/www.boisbuchet.org\/#website"},"primaryImageOfPage":{"@id":"https:\/\/www.boisbuchet.org\/fr\/le-parcours-arts-nature-patrimoine\/#primaryimage"},"image":{"@id":"https:\/\/www.boisbuchet.org\/fr\/le-parcours-arts-nature-patrimoine\/#primaryimage"},"thumbnailUrl":"https:\/\/www.boisbuchet.org\/wp-content\/uploads\/2022\/07\/Tile-Parcours-Arts.jpg","datePublished":"2022-07-07T23:10:40+00:00","dateModified":"2023-06-12T16:14:52+00:00","description":"Le Parcours Arts, Nature & Patrimoine\u00a0est une nouvelle initiative collective de diffusion artistique et culturelle en Nouvelle-Aquitaine","breadcrumb":{"@id":"https:\/\/www.boisbuchet.org\/fr\/le-parcours-arts-nature-patrimoine\/#breadcrumb"},"inLanguage":"fr-FR","potentialAction":[{"@type":"ReadAction","target":["https:\/\/www.boisbuchet.org\/fr\/le-parcours-arts-nature-patrimoine\/"]}]},{"@type":"ImageObject","inLanguage":"fr-FR","@id":"https:\/\/www.boisbuchet.org\/fr\/le-parcours-arts-nature-patrimoine\/#primaryimage","url":"https:\/\/www.boisbuchet.org\/wp-content\/uploads\/2022\/07\/Tile-Parcours-Arts.jpg","contentUrl":"https:\/\/www.boisbuchet.org\/wp-content\/uploads\/2022\/07\/Tile-Parcours-Arts.jpg","width":2052,"height":1536},{"@type":"BreadcrumbList","@id":"https:\/\/www.boisbuchet.org\/fr\/le-parcours-arts-nature-patrimoine\/#breadcrumb","itemListElement":[{"@type":"ListItem","position":1,"name":"Home","item":"https:\/\/www.boisbuchet.org\/fr\/"},{"@type":"ListItem","position":2,"name":"Le Parcours Arts, Nature &amp; Patrimoine"}]},{"@type":"WebSite","@id":"https:\/\/www.boisbuchet.org\/#website","url":"https:\/\/www.boisbuchet.org\/","name":"Domaine de Boisbuchet","description":"Summer Workshops | Park | Event\u00a0Location","publisher":{"@id":"https:\/\/www.boisbuchet.org\/#organization"},"potentialAction":[{"@type":"SearchAction","target":{"@type":"EntryPoint","urlTemplate":"https:\/\/www.boisbuchet.org\/?s={search_term_string}"},"query-input":{"@type":"PropertyValueSpecification","valueRequired":true,"valueName":"search_term_string"}}],"inLanguage":"fr-FR"},{"@type":"Organization","@id":"https:\/\/www.boisbuchet.org\/#organization","name":"Domine de Boisbuchet","url":"https:\/\/www.boisbuchet.org\/","logo":{"@type":"ImageObject","inLanguage":"fr-FR","@id":"https:\/\/www.boisbuchet.org\/#\/schema\/logo\/image\/","url":"https:\/\/www.boisbuchet.org\/wp-content\/uploads\/2019\/01\/logo_boisbuchet_black.png","contentUrl":"https:\/\/www.boisbuchet.org\/wp-content\/uploads\/2019\/01\/logo_boisbuchet_black.png","width":200,"height":73,"caption":"Domine de Boisbuchet"},"image":{"@id":"https:\/\/www.boisbuchet.org\/#\/schema\/logo\/image\/"},"sameAs":["https:\/\/www.facebook.com\/boisbuchet","https:\/\/x.com\/boisbuchet","https:\/\/www.instagram.com\/boisbuchet","https:\/\/www.linkedin.com\/company\/domaine-de-boisbuchet","https:\/\/www.pinterest.com\/boisbuchet"]},{"@type":"Person","@id":"https:\/\/www.boisbuchet.org\/#\/schema\/person\/37f6d78daf7b561c8175c85d605ef2f0","name":"pablo.sevilla","url":"https:\/\/www.boisbuchet.org\/fr\/author\/pablo-sevilla\/"}]}},"_links":{"self":[{"href":"https:\/\/www.boisbuchet.org\/fr\/wp-json\/wp\/v2\/posts\/14779","targetHints":{"allow":["GET"]}}],"collection":[{"href":"https:\/\/www.boisbuchet.org\/fr\/wp-json\/wp\/v2\/posts"}],"about":[{"href":"https:\/\/www.boisbuchet.org\/fr\/wp-json\/wp\/v2\/types\/post"}],"author":[{"embeddable":true,"href":"https:\/\/www.boisbuchet.org\/fr\/wp-json\/wp\/v2\/users\/566"}],"replies":[{"embeddable":true,"href":"https:\/\/www.boisbuchet.org\/fr\/wp-json\/wp\/v2\/comments?post=14779"}],"version-history":[{"count":27,"href":"https:\/\/www.boisbuchet.org\/fr\/wp-json\/wp\/v2\/posts\/14779\/revisions"}],"predecessor-version":[{"id":18523,"href":"https:\/\/www.boisbuchet.org\/fr\/wp-json\/wp\/v2\/posts\/14779\/revisions\/18523"}],"wp:featuredmedia":[{"embeddable":true,"href":"https:\/\/www.boisbuchet.org\/fr\/wp-json\/wp\/v2\/media\/14837"}],"wp:attachment":[{"href":"https:\/\/www.boisbuchet.org\/fr\/wp-json\/wp\/v2\/media?parent=14779"}],"wp:term":[{"taxonomy":"category","embeddable":true,"href":"https:\/\/www.boisbuchet.org\/fr\/wp-json\/wp\/v2\/categories?post=14779"},{"taxonomy":"post_tag","embeddable":true,"href":"https:\/\/www.boisbuchet.org\/fr\/wp-json\/wp\/v2\/tags?post=14779"}],"curies":[{"name":"wp","href":"https:\/\/api.w.org\/{rel}","templated":true}]}}