{"id":16074,"date":"2022-11-17T16:03:17","date_gmt":"2022-11-17T15:03:17","guid":{"rendered":"https:\/\/www.boisbuchet.org\/au-revoir-fernando-fernando-campana-19-05-1961-16-11-2022\/"},"modified":"2022-11-17T16:03:19","modified_gmt":"2022-11-17T15:03:19","slug":"au-revoir-fernando-fernando-campana-19-05-1961-16-11-2022","status":"publish","type":"post","link":"https:\/\/www.boisbuchet.org\/fr\/au-revoir-fernando-fernando-campana-19-05-1961-16-11-2022\/","title":{"rendered":"Au revoir Fernando. Fernando Campana, 19.05.1961 &#8211; 16.11.2022"},"content":{"rendered":"<div class=\"fusion-fullwidth fullwidth-box fusion-builder-row-1 nonhundred-percent-fullwidth non-hundred-percent-height-scrolling\" style=\"--awb-border-radius-top-left:0px;--awb-border-radius-top-right:0px;--awb-border-radius-bottom-right:0px;--awb-border-radius-bottom-left:0px;--awb-flex-wrap:wrap;\" ><div class=\"fusion-builder-row fusion-row\"><div class=\"fusion-layout-column fusion_builder_column fusion-builder-column-0 fusion_builder_column_1_1 1_1 fusion-one-full fusion-column-first fusion-column-last\" style=\"--awb-bg-size:cover;\"><div class=\"fusion-column-wrapper fusion-flex-column-wrapper-legacy\"><div class=\"fusion-title title fusion-title-1 fusion-title-center fusion-title-text fusion-title-size-one\" style=\"--awb-text-color:#333333;--awb-margin-top-small:0px;--awb-margin-right-small:0px;--awb-margin-bottom-small:20px;--awb-margin-left-small:0px;\"><div class=\"title-sep-container title-sep-container-left\"><div class=\"title-sep sep-single sep-solid\" style=\"border-color:#e0dede;\"><\/div><\/div><span class=\"awb-title-spacer\"><\/span><h1 class=\"fusion-title-heading title-heading-center\" style=\"margin:0;letter-spacing:5px;\">Au revoir Fernando<\/h1><span class=\"awb-title-spacer\"><\/span><div class=\"title-sep-container title-sep-container-right\"><div class=\"title-sep sep-single sep-solid\" style=\"border-color:#e0dede;\"><\/div><\/div><\/div><div class=\"fusion-text fusion-text-1\"><h3 style=\"text-align: center\">Fernando Campana, 19.05.1961 &#8211; 16.11.2022<\/h3>\n<\/div><div class=\"fusion-title title fusion-title-2 fusion-sep-none fusion-title-center fusion-title-text fusion-title-size-four\" style=\"--awb-text-color:#999999;--awb-margin-top-small:0px;--awb-margin-right-small:0px;--awb-margin-bottom-small:20px;--awb-margin-left-small:0px;\"><h4 class=\"fusion-title-heading title-heading-center\" style=\"margin:0;letter-spacing:5px;\">novembre 17, 2022<\/h4><\/div><div class=\"fusion-clearfix\"><\/div><\/div><\/div><\/div><\/div><div class=\"fusion-fullwidth fullwidth-box fusion-builder-row-2 fusion-flex-container has-pattern-background has-mask-background nonhundred-percent-fullwidth non-hundred-percent-height-scrolling\" style=\"--awb-border-radius-top-left:0px;--awb-border-radius-top-right:0px;--awb-border-radius-bottom-right:0px;--awb-border-radius-bottom-left:0px;--awb-flex-wrap:wrap;\" ><div class=\"fusion-builder-row fusion-row fusion-flex-align-items-flex-start fusion-flex-content-wrap\" style=\"max-width:1144px;margin-left: calc(-4% \/ 2 );margin-right: calc(-4% \/ 2 );\"><div class=\"fusion-layout-column fusion_builder_column fusion-builder-column-1 fusion_builder_column_1_1 1_1 fusion-flex-column\" style=\"--awb-bg-size:cover;--awb-width-large:100%;--awb-margin-top-large:0px;--awb-spacing-right-large:1.92%;--awb-margin-bottom-large:20px;--awb-spacing-left-large:1.92%;--awb-width-medium:100%;--awb-order-medium:0;--awb-spacing-right-medium:1.92%;--awb-spacing-left-medium:1.92%;--awb-width-small:100%;--awb-order-small:0;--awb-spacing-right-small:1.92%;--awb-spacing-left-small:1.92%;\"><div class=\"fusion-column-wrapper fusion-column-has-shadow fusion-flex-justify-content-flex-start fusion-content-layout-column\"><div class=\"fusion-image-element \" style=\"--awb-caption-title-font-family:var(--h2_typography-font-family);--awb-caption-title-font-weight:var(--h2_typography-font-weight);--awb-caption-title-font-style:var(--h2_typography-font-style);--awb-caption-title-size:var(--h2_typography-font-size);--awb-caption-title-transform:var(--h2_typography-text-transform);--awb-caption-title-line-height:var(--h2_typography-line-height);--awb-caption-title-letter-spacing:var(--h2_typography-letter-spacing);\"><span class=\" fusion-imageframe imageframe-none imageframe-1 hover-type-none\"><img decoding=\"async\" width=\"1600\" height=\"1200\" title=\"DSC00763\" src=\"https:\/\/www.boisbuchet.org\/wp-content\/uploads\/2022\/11\/DSC00763.jpg\" alt class=\"img-responsive wp-image-16032\" srcset=\"https:\/\/www.boisbuchet.org\/wp-content\/uploads\/2022\/11\/DSC00763-200x150.jpg 200w, https:\/\/www.boisbuchet.org\/wp-content\/uploads\/2022\/11\/DSC00763-400x300.jpg 400w, https:\/\/www.boisbuchet.org\/wp-content\/uploads\/2022\/11\/DSC00763-600x450.jpg 600w, https:\/\/www.boisbuchet.org\/wp-content\/uploads\/2022\/11\/DSC00763-800x600.jpg 800w, https:\/\/www.boisbuchet.org\/wp-content\/uploads\/2022\/11\/DSC00763-1200x900.jpg 1200w, https:\/\/www.boisbuchet.org\/wp-content\/uploads\/2022\/11\/DSC00763.jpg 1600w\" sizes=\"(max-width: 1024px) 100vw, (max-width: 640px) 100vw, 1200px\" \/><\/span><\/div><\/div><\/div><\/div><\/div><div class=\"fusion-fullwidth fullwidth-box fusion-builder-row-3 fusion-flex-container has-pattern-background has-mask-background nonhundred-percent-fullwidth non-hundred-percent-height-scrolling\" style=\"--awb-border-radius-top-left:0px;--awb-border-radius-top-right:0px;--awb-border-radius-bottom-right:0px;--awb-border-radius-bottom-left:0px;--awb-flex-wrap:wrap;\" ><div class=\"fusion-builder-row fusion-row fusion-flex-align-items-flex-start fusion-flex-content-wrap\" style=\"max-width:1144px;margin-left: calc(-4% \/ 2 );margin-right: calc(-4% \/ 2 );\"><div class=\"fusion-layout-column fusion_builder_column fusion-builder-column-2 fusion_builder_column_1_1 1_1 fusion-flex-column\" style=\"--awb-bg-size:cover;--awb-width-large:100%;--awb-margin-top-large:0px;--awb-spacing-right-large:1.92%;--awb-margin-bottom-large:20px;--awb-spacing-left-large:1.92%;--awb-width-medium:100%;--awb-order-medium:0;--awb-spacing-right-medium:1.92%;--awb-spacing-left-medium:1.92%;--awb-width-small:100%;--awb-order-small:0;--awb-spacing-right-small:1.92%;--awb-spacing-left-small:1.92%;\"><div class=\"fusion-column-wrapper fusion-column-has-shadow fusion-flex-justify-content-flex-start fusion-content-layout-column\"><div class=\"fusion-text fusion-text-2\"><p>Au revoir Fernando<\/p>\n<p>Tu nous quittes avec beaucoup de tristesse, mais en nous remerciant pour de grandes \u0153uvres pleines d&#8217;\u00e9nergie d\u00e9bordante, pour ton engagement responsable envers la nature et les gens, en particulier les moins fortun\u00e9s, pour de nombreux ateliers qui nous ont inspir\u00e9s et qui ont fa\u00e7onn\u00e9 Boisbuchet, pour une merveilleuse exposition que nous avons pu cr\u00e9er ensemble, pour l&#8217;hospitalit\u00e9 g\u00e9n\u00e9reuse avec laquelle tu nous as re\u00e7us au Br\u00e9sil, pour ton ouverture, ta sinc\u00e9rit\u00e9 et ta confiance, pour de grands succ\u00e8s ensemble, pour des aventures tr\u00e8s amusantes et pour ton amiti\u00e9. Vous resterez avec nous !<\/p>\n<p>Mathias Schwartz-Clauss<br \/>\nAlexander von Vegesack<br \/>\nL&#8217;ancienne et l&#8217;actuelle \u00e9quipe du Domaine de Boisbuchet<\/p>\n<p>&nbsp;<\/p>\n<\/div><\/div><\/div><\/div><\/div><div class=\"fusion-fullwidth fullwidth-box fusion-builder-row-4 fusion-flex-container has-pattern-background has-mask-background nonhundred-percent-fullwidth non-hundred-percent-height-scrolling\" style=\"--awb-border-radius-top-left:0px;--awb-border-radius-top-right:0px;--awb-border-radius-bottom-right:0px;--awb-border-radius-bottom-left:0px;--awb-flex-wrap:wrap;\" ><div class=\"fusion-builder-row fusion-row fusion-flex-align-items-flex-start fusion-flex-content-wrap\" style=\"max-width:1144px;margin-left: calc(-4% \/ 2 );margin-right: calc(-4% \/ 2 );\"><div class=\"fusion-layout-column fusion_builder_column fusion-builder-column-3 fusion_builder_column_1_1 1_1 fusion-flex-column\" style=\"--awb-bg-size:cover;--awb-width-large:100%;--awb-margin-top-large:0px;--awb-spacing-right-large:1.92%;--awb-margin-bottom-large:20px;--awb-spacing-left-large:1.92%;--awb-width-medium:100%;--awb-order-medium:0;--awb-spacing-right-medium:1.92%;--awb-spacing-left-medium:1.92%;--awb-width-small:100%;--awb-order-small:0;--awb-spacing-right-small:1.92%;--awb-spacing-left-small:1.92%;\"><div class=\"fusion-column-wrapper fusion-column-has-shadow fusion-flex-justify-content-flex-start fusion-content-layout-column\"><div class=\"fusion-image-carousel fusion-image-carousel-auto fusion-image-carousel-1 fusion-carousel-border\"><div class=\"awb-carousel awb-swiper awb-swiper-carousel awb-carousel--carousel awb-swiper-dots-position-bottom\" data-layout=\"carousel\" data-autoplay=\"yes\" data-autoplayspeed=\"2500\" data-autoplaypause=\"no\" data-columns=\"1\" data-columnsmedium=\"1\" data-columnssmall=\"1\" data-itemmargin=\"13\" data-itemwidth=\"180\" data-touchscroll=\"no\" data-freemode=\"no\" data-imagesize=\"auto\" data-scrollitems=\"0\" data-centeredslides=\"no\" data-rotationangle=\"50\" data-depth=\"100\" data-speed=\"500\" data-shadow=\"no\" data-pagination=\"bullets\" style=\"--awb-columns:1;--awb-border-width:1px;--awb-border-color:#e9eaee;\"><div class=\"swiper-wrapper awb-image-carousel-wrapper fusion-flex-align-items-center\"><div class=\"swiper-slide\"><div class=\"fusion-carousel-item-wrapper\"><div class=\"fusion-image-wrapper hover-type-none\"><img decoding=\"async\" width=\"1920\" height=\"1200\" src=\"https:\/\/www.boisbuchet.org\/wp-content\/uploads\/2022\/11\/Fernando-Campana-1.jpg\" class=\"attachment-full size-full\" alt=\"Fernando Campana at Domaine de Boisbuchet\" srcset=\"https:\/\/www.boisbuchet.org\/wp-content\/uploads\/2022\/11\/Fernando-Campana-1-200x125.jpg 200w, https:\/\/www.boisbuchet.org\/wp-content\/uploads\/2022\/11\/Fernando-Campana-1-300x188.jpg 300w, https:\/\/www.boisbuchet.org\/wp-content\/uploads\/2022\/11\/Fernando-Campana-1-400x250.jpg 400w, https:\/\/www.boisbuchet.org\/wp-content\/uploads\/2022\/11\/Fernando-Campana-1-500x313.jpg 500w, https:\/\/www.boisbuchet.org\/wp-content\/uploads\/2022\/11\/Fernando-Campana-1-600x375.jpg 600w, https:\/\/www.boisbuchet.org\/wp-content\/uploads\/2022\/11\/Fernando-Campana-1-700x438.jpg 700w, https:\/\/www.boisbuchet.org\/wp-content\/uploads\/2022\/11\/Fernando-Campana-1-768x480.jpg 768w, https:\/\/www.boisbuchet.org\/wp-content\/uploads\/2022\/11\/Fernando-Campana-1-800x500.jpg 800w, https:\/\/www.boisbuchet.org\/wp-content\/uploads\/2022\/11\/Fernando-Campana-1-1024x640.jpg 1024w, https:\/\/www.boisbuchet.org\/wp-content\/uploads\/2022\/11\/Fernando-Campana-1-1200x750.jpg 1200w, https:\/\/www.boisbuchet.org\/wp-content\/uploads\/2022\/11\/Fernando-Campana-1-1536x960.jpg 1536w, https:\/\/www.boisbuchet.org\/wp-content\/uploads\/2022\/11\/Fernando-Campana-1.jpg 1920w\" sizes=\"(max-width: 1920px) 100vw, 1920px\" \/><\/div><\/div><\/div><div class=\"swiper-slide\"><div class=\"fusion-carousel-item-wrapper\"><div class=\"fusion-image-wrapper hover-type-none\"><img decoding=\"async\" width=\"1920\" height=\"1200\" src=\"https:\/\/www.boisbuchet.org\/wp-content\/uploads\/2022\/11\/Fernando-y-Humberto-Campana-4.jpg\" class=\"attachment-full size-full\" alt=\"Fernando Campana at Domaine de Boisbuchet\" srcset=\"https:\/\/www.boisbuchet.org\/wp-content\/uploads\/2022\/11\/Fernando-y-Humberto-Campana-4-200x125.jpg 200w, https:\/\/www.boisbuchet.org\/wp-content\/uploads\/2022\/11\/Fernando-y-Humberto-Campana-4-300x188.jpg 300w, https:\/\/www.boisbuchet.org\/wp-content\/uploads\/2022\/11\/Fernando-y-Humberto-Campana-4-400x250.jpg 400w, https:\/\/www.boisbuchet.org\/wp-content\/uploads\/2022\/11\/Fernando-y-Humberto-Campana-4-500x313.jpg 500w, https:\/\/www.boisbuchet.org\/wp-content\/uploads\/2022\/11\/Fernando-y-Humberto-Campana-4-600x375.jpg 600w, https:\/\/www.boisbuchet.org\/wp-content\/uploads\/2022\/11\/Fernando-y-Humberto-Campana-4-700x438.jpg 700w, https:\/\/www.boisbuchet.org\/wp-content\/uploads\/2022\/11\/Fernando-y-Humberto-Campana-4-768x480.jpg 768w, https:\/\/www.boisbuchet.org\/wp-content\/uploads\/2022\/11\/Fernando-y-Humberto-Campana-4-800x500.jpg 800w, https:\/\/www.boisbuchet.org\/wp-content\/uploads\/2022\/11\/Fernando-y-Humberto-Campana-4-1024x640.jpg 1024w, https:\/\/www.boisbuchet.org\/wp-content\/uploads\/2022\/11\/Fernando-y-Humberto-Campana-4-1200x750.jpg 1200w, https:\/\/www.boisbuchet.org\/wp-content\/uploads\/2022\/11\/Fernando-y-Humberto-Campana-4-1536x960.jpg 1536w, https:\/\/www.boisbuchet.org\/wp-content\/uploads\/2022\/11\/Fernando-y-Humberto-Campana-4.jpg 1920w\" sizes=\"(max-width: 1920px) 100vw, 1920px\" \/><\/div><\/div><\/div><div class=\"swiper-slide\"><div class=\"fusion-carousel-item-wrapper\"><div class=\"fusion-image-wrapper hover-type-none\"><img decoding=\"async\" width=\"1920\" height=\"1200\" src=\"https:\/\/www.boisbuchet.org\/wp-content\/uploads\/2022\/11\/Fernando-y-Humberto-Campana-2.jpg\" class=\"attachment-full size-full\" alt=\"Fernando and Humberto Campana at Domaine de Boisbuchet. Photo Deidi von Schaewen\" srcset=\"https:\/\/www.boisbuchet.org\/wp-content\/uploads\/2022\/11\/Fernando-y-Humberto-Campana-2-200x125.jpg 200w, https:\/\/www.boisbuchet.org\/wp-content\/uploads\/2022\/11\/Fernando-y-Humberto-Campana-2-300x188.jpg 300w, https:\/\/www.boisbuchet.org\/wp-content\/uploads\/2022\/11\/Fernando-y-Humberto-Campana-2-400x250.jpg 400w, https:\/\/www.boisbuchet.org\/wp-content\/uploads\/2022\/11\/Fernando-y-Humberto-Campana-2-500x313.jpg 500w, https:\/\/www.boisbuchet.org\/wp-content\/uploads\/2022\/11\/Fernando-y-Humberto-Campana-2-600x375.jpg 600w, https:\/\/www.boisbuchet.org\/wp-content\/uploads\/2022\/11\/Fernando-y-Humberto-Campana-2-700x438.jpg 700w, https:\/\/www.boisbuchet.org\/wp-content\/uploads\/2022\/11\/Fernando-y-Humberto-Campana-2-768x480.jpg 768w, https:\/\/www.boisbuchet.org\/wp-content\/uploads\/2022\/11\/Fernando-y-Humberto-Campana-2-800x500.jpg 800w, https:\/\/www.boisbuchet.org\/wp-content\/uploads\/2022\/11\/Fernando-y-Humberto-Campana-2-1024x640.jpg 1024w, https:\/\/www.boisbuchet.org\/wp-content\/uploads\/2022\/11\/Fernando-y-Humberto-Campana-2-1200x750.jpg 1200w, https:\/\/www.boisbuchet.org\/wp-content\/uploads\/2022\/11\/Fernando-y-Humberto-Campana-2-1536x960.jpg 1536w, https:\/\/www.boisbuchet.org\/wp-content\/uploads\/2022\/11\/Fernando-y-Humberto-Campana-2.jpg 1920w\" sizes=\"(max-width: 1920px) 100vw, 1920px\" \/><\/div><\/div><\/div><div class=\"swiper-slide\"><div class=\"fusion-carousel-item-wrapper\"><div class=\"fusion-image-wrapper hover-type-none\"><img decoding=\"async\" width=\"1920\" height=\"1200\" src=\"https:\/\/www.boisbuchet.org\/wp-content\/uploads\/2022\/11\/Fernando-y-Humberto-Campana-3-1.jpg\" class=\"attachment-full size-full\" alt=\"Fernando Campana with a group of participants at Domaine de Boisbuchet\" srcset=\"https:\/\/www.boisbuchet.org\/wp-content\/uploads\/2022\/11\/Fernando-y-Humberto-Campana-3-1-200x125.jpg 200w, https:\/\/www.boisbuchet.org\/wp-content\/uploads\/2022\/11\/Fernando-y-Humberto-Campana-3-1-300x188.jpg 300w, https:\/\/www.boisbuchet.org\/wp-content\/uploads\/2022\/11\/Fernando-y-Humberto-Campana-3-1-400x250.jpg 400w, https:\/\/www.boisbuchet.org\/wp-content\/uploads\/2022\/11\/Fernando-y-Humberto-Campana-3-1-500x313.jpg 500w, https:\/\/www.boisbuchet.org\/wp-content\/uploads\/2022\/11\/Fernando-y-Humberto-Campana-3-1-600x375.jpg 600w, https:\/\/www.boisbuchet.org\/wp-content\/uploads\/2022\/11\/Fernando-y-Humberto-Campana-3-1-700x438.jpg 700w, https:\/\/www.boisbuchet.org\/wp-content\/uploads\/2022\/11\/Fernando-y-Humberto-Campana-3-1-768x480.jpg 768w, https:\/\/www.boisbuchet.org\/wp-content\/uploads\/2022\/11\/Fernando-y-Humberto-Campana-3-1-800x500.jpg 800w, https:\/\/www.boisbuchet.org\/wp-content\/uploads\/2022\/11\/Fernando-y-Humberto-Campana-3-1-1024x640.jpg 1024w, https:\/\/www.boisbuchet.org\/wp-content\/uploads\/2022\/11\/Fernando-y-Humberto-Campana-3-1-1200x750.jpg 1200w, https:\/\/www.boisbuchet.org\/wp-content\/uploads\/2022\/11\/Fernando-y-Humberto-Campana-3-1-1536x960.jpg 1536w, https:\/\/www.boisbuchet.org\/wp-content\/uploads\/2022\/11\/Fernando-y-Humberto-Campana-3-1.jpg 1920w\" sizes=\"(max-width: 1920px) 100vw, 1920px\" \/><\/div><\/div><\/div><div class=\"swiper-slide\"><div class=\"fusion-carousel-item-wrapper\"><div class=\"fusion-image-wrapper hover-type-none\"><img decoding=\"async\" width=\"1920\" height=\"1200\" src=\"https:\/\/www.boisbuchet.org\/wp-content\/uploads\/2022\/11\/Fernando-y-Humberto-Campana-5.jpg\" class=\"attachment-full size-full\" alt=\"Fernando and Humberto Campana at Domaine de Boisbuchet\" srcset=\"https:\/\/www.boisbuchet.org\/wp-content\/uploads\/2022\/11\/Fernando-y-Humberto-Campana-5-200x125.jpg 200w, https:\/\/www.boisbuchet.org\/wp-content\/uploads\/2022\/11\/Fernando-y-Humberto-Campana-5-300x188.jpg 300w, https:\/\/www.boisbuchet.org\/wp-content\/uploads\/2022\/11\/Fernando-y-Humberto-Campana-5-400x250.jpg 400w, https:\/\/www.boisbuchet.org\/wp-content\/uploads\/2022\/11\/Fernando-y-Humberto-Campana-5-500x313.jpg 500w, https:\/\/www.boisbuchet.org\/wp-content\/uploads\/2022\/11\/Fernando-y-Humberto-Campana-5-600x375.jpg 600w, https:\/\/www.boisbuchet.org\/wp-content\/uploads\/2022\/11\/Fernando-y-Humberto-Campana-5-700x438.jpg 700w, https:\/\/www.boisbuchet.org\/wp-content\/uploads\/2022\/11\/Fernando-y-Humberto-Campana-5-768x480.jpg 768w, https:\/\/www.boisbuchet.org\/wp-content\/uploads\/2022\/11\/Fernando-y-Humberto-Campana-5-800x500.jpg 800w, https:\/\/www.boisbuchet.org\/wp-content\/uploads\/2022\/11\/Fernando-y-Humberto-Campana-5-1024x640.jpg 1024w, https:\/\/www.boisbuchet.org\/wp-content\/uploads\/2022\/11\/Fernando-y-Humberto-Campana-5-1200x750.jpg 1200w, https:\/\/www.boisbuchet.org\/wp-content\/uploads\/2022\/11\/Fernando-y-Humberto-Campana-5-1536x960.jpg 1536w, https:\/\/www.boisbuchet.org\/wp-content\/uploads\/2022\/11\/Fernando-y-Humberto-Campana-5.jpg 1920w\" sizes=\"(max-width: 1920px) 100vw, 1920px\" \/><\/div><\/div><\/div><div class=\"swiper-slide\"><div class=\"fusion-carousel-item-wrapper\"><div class=\"fusion-image-wrapper hover-type-none\"><img decoding=\"async\" width=\"1920\" height=\"1200\" src=\"https:\/\/www.boisbuchet.org\/wp-content\/uploads\/2022\/11\/Fernando-y-Humberto-Campana-6.jpg\" class=\"attachment-full size-full\" alt=\"\" srcset=\"https:\/\/www.boisbuchet.org\/wp-content\/uploads\/2022\/11\/Fernando-y-Humberto-Campana-6-200x125.jpg 200w, https:\/\/www.boisbuchet.org\/wp-content\/uploads\/2022\/11\/Fernando-y-Humberto-Campana-6-300x188.jpg 300w, https:\/\/www.boisbuchet.org\/wp-content\/uploads\/2022\/11\/Fernando-y-Humberto-Campana-6-400x250.jpg 400w, https:\/\/www.boisbuchet.org\/wp-content\/uploads\/2022\/11\/Fernando-y-Humberto-Campana-6-500x313.jpg 500w, https:\/\/www.boisbuchet.org\/wp-content\/uploads\/2022\/11\/Fernando-y-Humberto-Campana-6-600x375.jpg 600w, https:\/\/www.boisbuchet.org\/wp-content\/uploads\/2022\/11\/Fernando-y-Humberto-Campana-6-700x438.jpg 700w, https:\/\/www.boisbuchet.org\/wp-content\/uploads\/2022\/11\/Fernando-y-Humberto-Campana-6-768x480.jpg 768w, https:\/\/www.boisbuchet.org\/wp-content\/uploads\/2022\/11\/Fernando-y-Humberto-Campana-6-800x500.jpg 800w, https:\/\/www.boisbuchet.org\/wp-content\/uploads\/2022\/11\/Fernando-y-Humberto-Campana-6-1024x640.jpg 1024w, https:\/\/www.boisbuchet.org\/wp-content\/uploads\/2022\/11\/Fernando-y-Humberto-Campana-6-1200x750.jpg 1200w, https:\/\/www.boisbuchet.org\/wp-content\/uploads\/2022\/11\/Fernando-y-Humberto-Campana-6-1536x960.jpg 1536w, https:\/\/www.boisbuchet.org\/wp-content\/uploads\/2022\/11\/Fernando-y-Humberto-Campana-6.jpg 1920w\" sizes=\"(max-width: 1920px) 100vw, 1920px\" \/><\/div><\/div><\/div><\/div><div class=\"awb-swiper-button awb-swiper-button-prev\"><i class=\"awb-icon-angle-left\" aria-hidden=\"true\"><\/i><\/div><div class=\"awb-swiper-button awb-swiper-button-next\"><i class=\"awb-icon-angle-right\" aria-hidden=\"true\"><\/i><\/div><\/div><\/div><\/div><\/div><\/div><\/div>\n","protected":false},"excerpt":{"rendered":"","protected":false},"author":566,"featured_media":16044,"comment_status":"closed","ping_status":"open","sticky":false,"template":"","format":"standard","meta":{"_monsterinsights_skip_tracking":false,"_monsterinsights_sitenote_active":false,"_monsterinsights_sitenote_note":"","_monsterinsights_sitenote_category":0,"footnotes":""},"categories":[1],"tags":[],"class_list":["post-16074","post","type-post","status-publish","format-standard","has-post-thumbnail","hentry","category-uncategorized"],"yoast_head":"<!-- This site is optimized with the Yoast SEO plugin v27.1.1 - https:\/\/yoast.com\/product\/yoast-seo-wordpress\/ -->\n<title>Au revoir Fernando. Fernando Campana, 19.05.1961 - 16.11.2022 | Domaine de Boisbuchet<\/title>\n<meta name=\"description\" content=\"Condol\u00e9ances du Domaine de Boisbuchet pour la perte de Fernando Campana. Fernando Campana, 19.05.61 - 16.11.22\" \/>\n<meta name=\"robots\" content=\"index, follow, max-snippet:-1, max-image-preview:large, max-video-preview:-1\" \/>\n<link rel=\"canonical\" href=\"https:\/\/www.boisbuchet.org\/goodbye-fernando-fernando-campana\/\" \/>\n<meta property=\"og:locale\" content=\"fr_FR\" \/>\n<meta property=\"og:type\" content=\"article\" \/>\n<meta property=\"og:title\" content=\"Au revoir Fernando. Fernando Campana, 19.05.1961 - 16.11.2022 | Domaine de Boisbuchet\" \/>\n<meta property=\"og:description\" content=\"Condol\u00e9ances du Domaine de Boisbuchet pour la perte de Fernando Campana. Fernando Campana, 19.05.61 - 16.11.22\" \/>\n<meta property=\"og:url\" content=\"https:\/\/www.boisbuchet.org\/goodbye-fernando-fernando-campana\/\" \/>\n<meta property=\"og:site_name\" content=\"Domaine de Boisbuchet\" \/>\n<meta property=\"article:publisher\" content=\"https:\/\/www.facebook.com\/boisbuchet\" \/>\n<meta property=\"article:published_time\" content=\"2022-11-17T15:03:17+00:00\" \/>\n<meta property=\"article:modified_time\" content=\"2022-11-17T15:03:19+00:00\" \/>\n<meta property=\"og:image\" content=\"https:\/\/www.boisbuchet.org\/wp-content\/uploads\/2022\/11\/CaptionFernandoCampana.jpg\" \/>\n\t<meta property=\"og:image:width\" content=\"724\" \/>\n\t<meta property=\"og:image:height\" content=\"542\" \/>\n\t<meta property=\"og:image:type\" content=\"image\/jpeg\" \/>\n<meta name=\"author\" content=\"pablo.sevilla\" \/>\n<meta name=\"twitter:card\" content=\"summary_large_image\" \/>\n<meta name=\"twitter:creator\" content=\"@boisbuchet\" \/>\n<meta name=\"twitter:site\" content=\"@boisbuchet\" \/>\n<meta name=\"twitter:label1\" content=\"\u00c9crit par\" \/>\n\t<meta name=\"twitter:data1\" content=\"pablo.sevilla\" \/>\n\t<meta name=\"twitter:label2\" content=\"Dur\u00e9e de lecture estim\u00e9e\" \/>\n\t<meta name=\"twitter:data2\" content=\"17 minutes\" \/>\n<script type=\"application\/ld+json\" class=\"yoast-schema-graph\">{\"@context\":\"https:\/\/schema.org\",\"@graph\":[{\"@type\":\"Article\",\"@id\":\"https:\/\/www.boisbuchet.org\/goodbye-fernando-fernando-campana\/#article\",\"isPartOf\":{\"@id\":\"https:\/\/www.boisbuchet.org\/goodbye-fernando-fernando-campana\/\"},\"author\":{\"name\":\"pablo.sevilla\",\"@id\":\"https:\/\/www.boisbuchet.org\/#\/schema\/person\/37f6d78daf7b561c8175c85d605ef2f0\"},\"headline\":\"Au revoir Fernando. Fernando Campana, 19.05.1961 &#8211; 16.11.2022\",\"datePublished\":\"2022-11-17T15:03:17+00:00\",\"dateModified\":\"2022-11-17T15:03:19+00:00\",\"mainEntityOfPage\":{\"@id\":\"https:\/\/www.boisbuchet.org\/goodbye-fernando-fernando-campana\/\"},\"wordCount\":3350,\"publisher\":{\"@id\":\"https:\/\/www.boisbuchet.org\/#organization\"},\"image\":{\"@id\":\"https:\/\/www.boisbuchet.org\/goodbye-fernando-fernando-campana\/#primaryimage\"},\"thumbnailUrl\":\"https:\/\/www.boisbuchet.org\/wp-content\/uploads\/2022\/11\/CaptionFernandoCampana.jpg\",\"articleSection\":[\"Uncategorized\"],\"inLanguage\":\"fr-FR\"},{\"@type\":\"WebPage\",\"@id\":\"https:\/\/www.boisbuchet.org\/goodbye-fernando-fernando-campana\/\",\"url\":\"https:\/\/www.boisbuchet.org\/goodbye-fernando-fernando-campana\/\",\"name\":\"Au revoir Fernando. Fernando Campana, 19.05.1961 - 16.11.2022 | Domaine de Boisbuchet\",\"isPartOf\":{\"@id\":\"https:\/\/www.boisbuchet.org\/#website\"},\"primaryImageOfPage\":{\"@id\":\"https:\/\/www.boisbuchet.org\/goodbye-fernando-fernando-campana\/#primaryimage\"},\"image\":{\"@id\":\"https:\/\/www.boisbuchet.org\/goodbye-fernando-fernando-campana\/#primaryimage\"},\"thumbnailUrl\":\"https:\/\/www.boisbuchet.org\/wp-content\/uploads\/2022\/11\/CaptionFernandoCampana.jpg\",\"datePublished\":\"2022-11-17T15:03:17+00:00\",\"dateModified\":\"2022-11-17T15:03:19+00:00\",\"description\":\"Condol\u00e9ances du Domaine de Boisbuchet pour la perte de Fernando Campana. Fernando Campana, 19.05.61 - 16.11.22\",\"breadcrumb\":{\"@id\":\"https:\/\/www.boisbuchet.org\/goodbye-fernando-fernando-campana\/#breadcrumb\"},\"inLanguage\":\"fr-FR\",\"potentialAction\":[{\"@type\":\"ReadAction\",\"target\":[\"https:\/\/www.boisbuchet.org\/goodbye-fernando-fernando-campana\/\"]}]},{\"@type\":\"ImageObject\",\"inLanguage\":\"fr-FR\",\"@id\":\"https:\/\/www.boisbuchet.org\/goodbye-fernando-fernando-campana\/#primaryimage\",\"url\":\"https:\/\/www.boisbuchet.org\/wp-content\/uploads\/2022\/11\/CaptionFernandoCampana.jpg\",\"contentUrl\":\"https:\/\/www.boisbuchet.org\/wp-content\/uploads\/2022\/11\/CaptionFernandoCampana.jpg\",\"width\":724,\"height\":542,\"caption\":\"Fernando Campana at Domaine de Boisbuchet\"},{\"@type\":\"BreadcrumbList\",\"@id\":\"https:\/\/www.boisbuchet.org\/goodbye-fernando-fernando-campana\/#breadcrumb\",\"itemListElement\":[{\"@type\":\"ListItem\",\"position\":1,\"name\":\"Home\",\"item\":\"https:\/\/www.boisbuchet.org\/fr\/\"},{\"@type\":\"ListItem\",\"position\":2,\"name\":\"Au revoir Fernando. Fernando Campana, 19.05.1961 &#8211; 16.11.2022\"}]},{\"@type\":\"WebSite\",\"@id\":\"https:\/\/www.boisbuchet.org\/#website\",\"url\":\"https:\/\/www.boisbuchet.org\/\",\"name\":\"Domaine de Boisbuchet\",\"description\":\"Summer Workshops | Park | Event\u00a0Location\",\"publisher\":{\"@id\":\"https:\/\/www.boisbuchet.org\/#organization\"},\"potentialAction\":[{\"@type\":\"SearchAction\",\"target\":{\"@type\":\"EntryPoint\",\"urlTemplate\":\"https:\/\/www.boisbuchet.org\/?s={search_term_string}\"},\"query-input\":{\"@type\":\"PropertyValueSpecification\",\"valueRequired\":true,\"valueName\":\"search_term_string\"}}],\"inLanguage\":\"fr-FR\"},{\"@type\":\"Organization\",\"@id\":\"https:\/\/www.boisbuchet.org\/#organization\",\"name\":\"Domine de Boisbuchet\",\"url\":\"https:\/\/www.boisbuchet.org\/\",\"logo\":{\"@type\":\"ImageObject\",\"inLanguage\":\"fr-FR\",\"@id\":\"https:\/\/www.boisbuchet.org\/#\/schema\/logo\/image\/\",\"url\":\"https:\/\/www.boisbuchet.org\/wp-content\/uploads\/2019\/01\/logo_boisbuchet_black.png\",\"contentUrl\":\"https:\/\/www.boisbuchet.org\/wp-content\/uploads\/2019\/01\/logo_boisbuchet_black.png\",\"width\":200,\"height\":73,\"caption\":\"Domine de Boisbuchet\"},\"image\":{\"@id\":\"https:\/\/www.boisbuchet.org\/#\/schema\/logo\/image\/\"},\"sameAs\":[\"https:\/\/www.facebook.com\/boisbuchet\",\"https:\/\/x.com\/boisbuchet\",\"https:\/\/www.instagram.com\/boisbuchet\",\"https:\/\/www.linkedin.com\/company\/domaine-de-boisbuchet\",\"https:\/\/www.pinterest.com\/boisbuchet\"]},{\"@type\":\"Person\",\"@id\":\"https:\/\/www.boisbuchet.org\/#\/schema\/person\/37f6d78daf7b561c8175c85d605ef2f0\",\"name\":\"pablo.sevilla\",\"url\":\"https:\/\/www.boisbuchet.org\/fr\/author\/pablo-sevilla\/\"}]}<\/script>\n<!-- \/ Yoast SEO plugin. -->","yoast_head_json":{"title":"Au revoir Fernando. Fernando Campana, 19.05.1961 - 16.11.2022 | Domaine de Boisbuchet","description":"Condol\u00e9ances du Domaine de Boisbuchet pour la perte de Fernando Campana. Fernando Campana, 19.05.61 - 16.11.22","robots":{"index":"index","follow":"follow","max-snippet":"max-snippet:-1","max-image-preview":"max-image-preview:large","max-video-preview":"max-video-preview:-1"},"canonical":"https:\/\/www.boisbuchet.org\/goodbye-fernando-fernando-campana\/","og_locale":"fr_FR","og_type":"article","og_title":"Au revoir Fernando. Fernando Campana, 19.05.1961 - 16.11.2022 | Domaine de Boisbuchet","og_description":"Condol\u00e9ances du Domaine de Boisbuchet pour la perte de Fernando Campana. Fernando Campana, 19.05.61 - 16.11.22","og_url":"https:\/\/www.boisbuchet.org\/goodbye-fernando-fernando-campana\/","og_site_name":"Domaine de Boisbuchet","article_publisher":"https:\/\/www.facebook.com\/boisbuchet","article_published_time":"2022-11-17T15:03:17+00:00","article_modified_time":"2022-11-17T15:03:19+00:00","og_image":[{"width":724,"height":542,"url":"https:\/\/www.boisbuchet.org\/wp-content\/uploads\/2022\/11\/CaptionFernandoCampana.jpg","type":"image\/jpeg"}],"author":"pablo.sevilla","twitter_card":"summary_large_image","twitter_creator":"@boisbuchet","twitter_site":"@boisbuchet","twitter_misc":{"\u00c9crit par":"pablo.sevilla","Dur\u00e9e de lecture estim\u00e9e":"17 minutes"},"schema":{"@context":"https:\/\/schema.org","@graph":[{"@type":"Article","@id":"https:\/\/www.boisbuchet.org\/goodbye-fernando-fernando-campana\/#article","isPartOf":{"@id":"https:\/\/www.boisbuchet.org\/goodbye-fernando-fernando-campana\/"},"author":{"name":"pablo.sevilla","@id":"https:\/\/www.boisbuchet.org\/#\/schema\/person\/37f6d78daf7b561c8175c85d605ef2f0"},"headline":"Au revoir Fernando. Fernando Campana, 19.05.1961 &#8211; 16.11.2022","datePublished":"2022-11-17T15:03:17+00:00","dateModified":"2022-11-17T15:03:19+00:00","mainEntityOfPage":{"@id":"https:\/\/www.boisbuchet.org\/goodbye-fernando-fernando-campana\/"},"wordCount":3350,"publisher":{"@id":"https:\/\/www.boisbuchet.org\/#organization"},"image":{"@id":"https:\/\/www.boisbuchet.org\/goodbye-fernando-fernando-campana\/#primaryimage"},"thumbnailUrl":"https:\/\/www.boisbuchet.org\/wp-content\/uploads\/2022\/11\/CaptionFernandoCampana.jpg","articleSection":["Uncategorized"],"inLanguage":"fr-FR"},{"@type":"WebPage","@id":"https:\/\/www.boisbuchet.org\/goodbye-fernando-fernando-campana\/","url":"https:\/\/www.boisbuchet.org\/goodbye-fernando-fernando-campana\/","name":"Au revoir Fernando. Fernando Campana, 19.05.1961 - 16.11.2022 | Domaine de Boisbuchet","isPartOf":{"@id":"https:\/\/www.boisbuchet.org\/#website"},"primaryImageOfPage":{"@id":"https:\/\/www.boisbuchet.org\/goodbye-fernando-fernando-campana\/#primaryimage"},"image":{"@id":"https:\/\/www.boisbuchet.org\/goodbye-fernando-fernando-campana\/#primaryimage"},"thumbnailUrl":"https:\/\/www.boisbuchet.org\/wp-content\/uploads\/2022\/11\/CaptionFernandoCampana.jpg","datePublished":"2022-11-17T15:03:17+00:00","dateModified":"2022-11-17T15:03:19+00:00","description":"Condol\u00e9ances du Domaine de Boisbuchet pour la perte de Fernando Campana. Fernando Campana, 19.05.61 - 16.11.22","breadcrumb":{"@id":"https:\/\/www.boisbuchet.org\/goodbye-fernando-fernando-campana\/#breadcrumb"},"inLanguage":"fr-FR","potentialAction":[{"@type":"ReadAction","target":["https:\/\/www.boisbuchet.org\/goodbye-fernando-fernando-campana\/"]}]},{"@type":"ImageObject","inLanguage":"fr-FR","@id":"https:\/\/www.boisbuchet.org\/goodbye-fernando-fernando-campana\/#primaryimage","url":"https:\/\/www.boisbuchet.org\/wp-content\/uploads\/2022\/11\/CaptionFernandoCampana.jpg","contentUrl":"https:\/\/www.boisbuchet.org\/wp-content\/uploads\/2022\/11\/CaptionFernandoCampana.jpg","width":724,"height":542,"caption":"Fernando Campana at Domaine de Boisbuchet"},{"@type":"BreadcrumbList","@id":"https:\/\/www.boisbuchet.org\/goodbye-fernando-fernando-campana\/#breadcrumb","itemListElement":[{"@type":"ListItem","position":1,"name":"Home","item":"https:\/\/www.boisbuchet.org\/fr\/"},{"@type":"ListItem","position":2,"name":"Au revoir Fernando. Fernando Campana, 19.05.1961 &#8211; 16.11.2022"}]},{"@type":"WebSite","@id":"https:\/\/www.boisbuchet.org\/#website","url":"https:\/\/www.boisbuchet.org\/","name":"Domaine de Boisbuchet","description":"Summer Workshops | Park | Event\u00a0Location","publisher":{"@id":"https:\/\/www.boisbuchet.org\/#organization"},"potentialAction":[{"@type":"SearchAction","target":{"@type":"EntryPoint","urlTemplate":"https:\/\/www.boisbuchet.org\/?s={search_term_string}"},"query-input":{"@type":"PropertyValueSpecification","valueRequired":true,"valueName":"search_term_string"}}],"inLanguage":"fr-FR"},{"@type":"Organization","@id":"https:\/\/www.boisbuchet.org\/#organization","name":"Domine de Boisbuchet","url":"https:\/\/www.boisbuchet.org\/","logo":{"@type":"ImageObject","inLanguage":"fr-FR","@id":"https:\/\/www.boisbuchet.org\/#\/schema\/logo\/image\/","url":"https:\/\/www.boisbuchet.org\/wp-content\/uploads\/2019\/01\/logo_boisbuchet_black.png","contentUrl":"https:\/\/www.boisbuchet.org\/wp-content\/uploads\/2019\/01\/logo_boisbuchet_black.png","width":200,"height":73,"caption":"Domine de Boisbuchet"},"image":{"@id":"https:\/\/www.boisbuchet.org\/#\/schema\/logo\/image\/"},"sameAs":["https:\/\/www.facebook.com\/boisbuchet","https:\/\/x.com\/boisbuchet","https:\/\/www.instagram.com\/boisbuchet","https:\/\/www.linkedin.com\/company\/domaine-de-boisbuchet","https:\/\/www.pinterest.com\/boisbuchet"]},{"@type":"Person","@id":"https:\/\/www.boisbuchet.org\/#\/schema\/person\/37f6d78daf7b561c8175c85d605ef2f0","name":"pablo.sevilla","url":"https:\/\/www.boisbuchet.org\/fr\/author\/pablo-sevilla\/"}]}},"_links":{"self":[{"href":"https:\/\/www.boisbuchet.org\/fr\/wp-json\/wp\/v2\/posts\/16074","targetHints":{"allow":["GET"]}}],"collection":[{"href":"https:\/\/www.boisbuchet.org\/fr\/wp-json\/wp\/v2\/posts"}],"about":[{"href":"https:\/\/www.boisbuchet.org\/fr\/wp-json\/wp\/v2\/types\/post"}],"author":[{"embeddable":true,"href":"https:\/\/www.boisbuchet.org\/fr\/wp-json\/wp\/v2\/users\/566"}],"replies":[{"embeddable":true,"href":"https:\/\/www.boisbuchet.org\/fr\/wp-json\/wp\/v2\/comments?post=16074"}],"version-history":[{"count":2,"href":"https:\/\/www.boisbuchet.org\/fr\/wp-json\/wp\/v2\/posts\/16074\/revisions"}],"predecessor-version":[{"id":16076,"href":"https:\/\/www.boisbuchet.org\/fr\/wp-json\/wp\/v2\/posts\/16074\/revisions\/16076"}],"wp:featuredmedia":[{"embeddable":true,"href":"https:\/\/www.boisbuchet.org\/fr\/wp-json\/wp\/v2\/media\/16044"}],"wp:attachment":[{"href":"https:\/\/www.boisbuchet.org\/fr\/wp-json\/wp\/v2\/media?parent=16074"}],"wp:term":[{"taxonomy":"category","embeddable":true,"href":"https:\/\/www.boisbuchet.org\/fr\/wp-json\/wp\/v2\/categories?post=16074"},{"taxonomy":"post_tag","embeddable":true,"href":"https:\/\/www.boisbuchet.org\/fr\/wp-json\/wp\/v2\/tags?post=16074"}],"curies":[{"name":"wp","href":"https:\/\/api.w.org\/{rel}","templated":true}]}}