{"id":18937,"date":"2023-09-13T14:20:59","date_gmt":"2023-09-13T12:20:59","guid":{"rendered":"https:\/\/www.boisbuchet.org\/journees-europeennes-du-patrimoine-2023-au-domaine-de-boisbuchet-15-17-septembre\/"},"modified":"2025-03-24T11:35:47","modified_gmt":"2025-03-24T10:35:47","slug":"journees-europeennes-du-patrimoine-2023-au-domaine-de-boisbuchet-15-17-septembre","status":"publish","type":"post","link":"https:\/\/www.boisbuchet.org\/fr\/journees-europeennes-du-patrimoine-2023-au-domaine-de-boisbuchet-15-17-septembre\/","title":{"rendered":"Journ\u00e9es europ\u00e9ennes du patrimoine 2023 au Domaine de Boisbuchet (15-17 septembre)"},"content":{"rendered":"<div class=\"fusion-fullwidth fullwidth-box fusion-builder-row-1 nonhundred-percent-fullwidth non-hundred-percent-height-scrolling\" style=\"--awb-border-radius-top-left:0px;--awb-border-radius-top-right:0px;--awb-border-radius-bottom-right:0px;--awb-border-radius-bottom-left:0px;--awb-flex-wrap:wrap;\" ><div class=\"fusion-builder-row fusion-row\"><div class=\"fusion-layout-column fusion_builder_column fusion-builder-column-0 fusion_builder_column_1_1 1_1 fusion-one-full fusion-column-first fusion-column-last\" style=\"--awb-bg-size:cover;\"><div class=\"fusion-column-wrapper fusion-flex-column-wrapper-legacy\"><div class=\"fusion-title title fusion-title-1 fusion-sep-none fusion-title-center fusion-title-text fusion-title-size-three\" style=\"--awb-text-color:#999999;--awb-margin-top-small:0px;--awb-margin-right-small:0px;--awb-margin-bottom-small:20px;--awb-margin-left-small:0px;\"><h3 class=\"fusion-title-heading title-heading-center\" style=\"margin:0;\">JEP 2023<\/h3><\/div><div class=\"fusion-title title fusion-title-2 fusion-title-center fusion-title-text fusion-title-size-one\" style=\"--awb-text-color:#333333;--awb-margin-top-small:0px;--awb-margin-right-small:0px;--awb-margin-bottom-small:20px;--awb-margin-left-small:0px;\"><div class=\"title-sep-container title-sep-container-left\"><div class=\"title-sep sep-single sep-solid\" style=\"border-color:#e0dede;\"><\/div><\/div><span class=\"awb-title-spacer\"><\/span><h1 class=\"fusion-title-heading title-heading-center\" style=\"margin:0;letter-spacing:5px;\">JOURN\u00c9ES EUROP\u00c9ENES DU PATRIMOINE<\/h1><span class=\"awb-title-spacer\"><\/span><div class=\"title-sep-container title-sep-container-right\"><div class=\"title-sep sep-single sep-solid\" style=\"border-color:#e0dede;\"><\/div><\/div><\/div><div class=\"fusion-title title fusion-title-3 fusion-sep-none fusion-title-center fusion-title-text fusion-title-size-six\" style=\"--awb-text-color:#999999;--awb-margin-top-small:0px;--awb-margin-right-small:0px;--awb-margin-bottom-small:20px;--awb-margin-left-small:0px;\"><h6 class=\"fusion-title-heading title-heading-center\" style=\"margin:0;\">DU 15 AU 17 SEPTEMBRE<\/h6><\/div><div class=\"fusion-clearfix\"><\/div><\/div><\/div><\/div><\/div><div class=\"fusion-fullwidth fullwidth-box fusion-builder-row-2 fusion-flex-container has-pattern-background has-mask-background nonhundred-percent-fullwidth non-hundred-percent-height-scrolling\" style=\"--awb-border-radius-top-left:0px;--awb-border-radius-top-right:0px;--awb-border-radius-bottom-right:0px;--awb-border-radius-bottom-left:0px;--awb-flex-wrap:wrap;\" ><div class=\"fusion-builder-row fusion-row fusion-flex-align-items-flex-start fusion-flex-content-wrap\" style=\"max-width:1144px;margin-left: calc(-4% \/ 2 );margin-right: calc(-4% \/ 2 );\"><div class=\"fusion-layout-column fusion_builder_column fusion-builder-column-1 fusion_builder_column_1_1 1_1 fusion-flex-column\" style=\"--awb-bg-size:cover;--awb-width-large:100%;--awb-margin-top-large:0px;--awb-spacing-right-large:1.92%;--awb-margin-bottom-large:20px;--awb-spacing-left-large:1.92%;--awb-width-medium:100%;--awb-order-medium:0;--awb-spacing-right-medium:1.92%;--awb-spacing-left-medium:1.92%;--awb-width-small:100%;--awb-order-small:0;--awb-spacing-right-small:1.92%;--awb-spacing-left-small:1.92%;\"><div class=\"fusion-column-wrapper fusion-column-has-shadow fusion-flex-justify-content-flex-start fusion-content-layout-column\"><div class=\"fusion-image-element \" style=\"text-align:center;--awb-caption-title-font-family:var(--h2_typography-font-family);--awb-caption-title-font-weight:var(--h2_typography-font-weight);--awb-caption-title-font-style:var(--h2_typography-font-style);--awb-caption-title-size:var(--h2_typography-font-size);--awb-caption-title-transform:var(--h2_typography-text-transform);--awb-caption-title-line-height:var(--h2_typography-line-height);--awb-caption-title-letter-spacing:var(--h2_typography-letter-spacing);\"><span class=\" fusion-imageframe imageframe-none imageframe-1 hover-type-none\"><img decoding=\"async\" width=\"718\" height=\"291\" title=\"journees-europeennes-du-patrimoine-2023\" src=\"https:\/\/www.boisbuchet.org\/wp-content\/uploads\/2023\/09\/journees-europeennes-du-patrimoine-2023.png\" alt class=\"img-responsive wp-image-18894\" srcset=\"https:\/\/www.boisbuchet.org\/wp-content\/uploads\/2023\/09\/journees-europeennes-du-patrimoine-2023-200x81.png 200w, https:\/\/www.boisbuchet.org\/wp-content\/uploads\/2023\/09\/journees-europeennes-du-patrimoine-2023-400x162.png 400w, https:\/\/www.boisbuchet.org\/wp-content\/uploads\/2023\/09\/journees-europeennes-du-patrimoine-2023-600x243.png 600w, https:\/\/www.boisbuchet.org\/wp-content\/uploads\/2023\/09\/journees-europeennes-du-patrimoine-2023.png 718w\" sizes=\"(max-width: 1024px) 100vw, (max-width: 640px) 100vw, 718px\" \/><\/span><\/div><\/div><\/div><\/div><\/div><div class=\"fusion-fullwidth fullwidth-box fusion-builder-row-3 fusion-flex-container has-pattern-background has-mask-background nonhundred-percent-fullwidth non-hundred-percent-height-scrolling\" style=\"--awb-border-radius-top-left:0px;--awb-border-radius-top-right:0px;--awb-border-radius-bottom-right:0px;--awb-border-radius-bottom-left:0px;--awb-flex-wrap:wrap;\" ><div class=\"fusion-builder-row fusion-row fusion-flex-align-items-flex-start fusion-flex-content-wrap\" style=\"max-width:1144px;margin-left: calc(-4% \/ 2 );margin-right: calc(-4% \/ 2 );\"><div class=\"fusion-layout-column fusion_builder_column fusion-builder-column-2 fusion_builder_column_1_1 1_1 fusion-flex-column\" style=\"--awb-bg-size:cover;--awb-width-large:100%;--awb-margin-top-large:0px;--awb-spacing-right-large:1.92%;--awb-margin-bottom-large:20px;--awb-spacing-left-large:1.92%;--awb-width-medium:100%;--awb-order-medium:0;--awb-spacing-right-medium:1.92%;--awb-spacing-left-medium:1.92%;--awb-width-small:100%;--awb-order-small:0;--awb-spacing-right-small:1.92%;--awb-spacing-left-small:1.92%;\"><div class=\"fusion-column-wrapper fusion-column-has-shadow fusion-flex-justify-content-flex-start fusion-content-layout-column\"><div class=\"fusion-text fusion-text-1\"><h3><strong>D\u00e9couvrez le programme organis\u00e9 par le Domaine de Boisbuchet, \u00e0 l&#8217;occasion des <a href=\"https:\/\/journeesdupatrimoine.culture.gouv.fr\/#\">JEP 2023 (Journ\u00e9es europ\u00e9ennes du patrimoine)<\/a>. Le Domaine de Boisbuchet f\u00eatera la fin de la saison estivale avec quatre visites guid\u00e9es du domaine, incluant la visite du parc architectural et de l&#8217;exposition estivale &#8220;Arboretum &#8211; Notre monde cr\u00e9\u00e9 en bois&#8221;, ainsi qu&#8217;une pr\u00e9sentation du projet \u00e9ditorial &#8220;Campo&#8221; de l&#8217;artiste italien Alberonero. Au cours de la visite, les visiteurs pourront d\u00e9guster le jus de pomme r\u00e9colt\u00e9 \u00e0 Boisbuchet.<\/strong><\/h3>\n<\/div><div class=\"fusion-separator fusion-full-width-sep\" style=\"align-self: center;margin-left: auto;margin-right: auto;width:100%;\"><div class=\"fusion-separator-border sep-single sep-solid\" style=\"--awb-height:20px;--awb-amount:20px;border-color:#e0dede;border-top-width:1px;\"><\/div><\/div><\/div><\/div><div class=\"fusion-layout-column fusion_builder_column fusion-builder-column-3 fusion_builder_column_1_1 1_1 fusion-flex-column\" style=\"--awb-bg-size:cover;--awb-width-large:100%;--awb-margin-top-large:0px;--awb-spacing-right-large:1.92%;--awb-margin-bottom-large:20px;--awb-spacing-left-large:1.92%;--awb-width-medium:100%;--awb-order-medium:0;--awb-spacing-right-medium:1.92%;--awb-spacing-left-medium:1.92%;--awb-width-small:100%;--awb-order-small:0;--awb-spacing-right-small:1.92%;--awb-spacing-left-small:1.92%;\"><div class=\"fusion-column-wrapper fusion-column-has-shadow fusion-flex-justify-content-flex-start fusion-content-layout-column\"><div class=\"fusion-text fusion-text-2\"><h2 style=\"text-align: center;\">Vendredi 15<\/h2>\n<\/div><\/div><\/div><div class=\"fusion-layout-column fusion_builder_column fusion-builder-column-4 fusion_builder_column_1_3 1_3 fusion-flex-column\" style=\"--awb-bg-size:cover;--awb-width-large:33.333333333333%;--awb-margin-top-large:0px;--awb-spacing-right-large:5.76%;--awb-margin-bottom-large:20px;--awb-spacing-left-large:5.76%;--awb-width-medium:100%;--awb-order-medium:0;--awb-spacing-right-medium:1.92%;--awb-spacing-left-medium:1.92%;--awb-width-small:100%;--awb-order-small:0;--awb-spacing-right-small:1.92%;--awb-spacing-left-small:1.92%;\"><div class=\"fusion-column-wrapper fusion-column-has-shadow fusion-flex-justify-content-flex-start fusion-content-layout-column\"><div class=\"fusion-text fusion-text-3\" style=\"--awb-content-alignment:justify;\"><p><strong>10h30 \/ 14h30 LES ENFANTS DU PATRIMOINE<\/strong><\/p>\n<p>\u00c0 l&#8217;occasion d&#8217;une journ\u00e9e exceptionnelle, organis\u00e9e chaque ann\u00e9e la veille des journ\u00e9es europ\u00e9ennes du Patrimoine, les <a href=\"https:\/\/www.caue16.fr\/\">CAUE<\/a> et leurs nombreux partenaires se mobilisent pour\u00a0que<strong> les \u00e9l\u00e8ves des \u00e9coles, coll\u00e8ges et lyc\u00e9es\u00a0b\u00e9n\u00e9ficient d&#8217;un programme d&#8217;activit\u00e9s culturelles<\/strong> adapt\u00e9es et gratuites.<\/p>\n<\/div><div ><a class=\"fusion-button button-flat fusion-button-default-size button-custom fusion-button-default button-1 fusion-button-default-span fusion-button-default-type\" style=\"--button_accent_color:#ffffff;--button_accent_hover_color:#ffffff;--button_border_hover_color:#ffffff;--button-border-radius-top-left:50px;--button-border-radius-top-right:50px;--button-border-radius-bottom-right:50px;--button-border-radius-bottom-left:50px;--button_gradient_top_color:#000000;--button_gradient_bottom_color:#000000;--button_gradient_top_color_hover:#000000;--button_gradient_bottom_color_hover:#000000;\" target=\"_self\" href=\"https:\/\/www.les-enfants-du-patrimoine.fr\/visites\/construire-l-avenir-design-et-architecture-au-domaine-de-boisbuchet-2264\"><span class=\"fusion-button-text awb-button__text awb-button__text--default\">Plus d&#8217;informations<\/span><\/a><\/div><\/div><\/div><div class=\"fusion-layout-column fusion_builder_column fusion-builder-column-5 fusion_builder_column_2_3 2_3 fusion-flex-column\" style=\"--awb-bg-size:cover;--awb-width-large:66.666666666667%;--awb-margin-top-large:0px;--awb-spacing-right-large:2.88%;--awb-margin-bottom-large:20px;--awb-spacing-left-large:2.88%;--awb-width-medium:100%;--awb-order-medium:0;--awb-spacing-right-medium:1.92%;--awb-spacing-left-medium:1.92%;--awb-width-small:100%;--awb-order-small:0;--awb-spacing-right-small:1.92%;--awb-spacing-left-small:1.92%;\"><div class=\"fusion-column-wrapper fusion-column-has-shadow fusion-flex-justify-content-flex-start fusion-content-layout-column\"><div class=\"fusion-image-element \" style=\"text-align:center;--awb-caption-title-font-family:var(--h2_typography-font-family);--awb-caption-title-font-weight:var(--h2_typography-font-weight);--awb-caption-title-font-style:var(--h2_typography-font-style);--awb-caption-title-size:var(--h2_typography-font-size);--awb-caption-title-transform:var(--h2_typography-text-transform);--awb-caption-title-line-height:var(--h2_typography-line-height);--awb-caption-title-letter-spacing:var(--h2_typography-letter-spacing);\"><span class=\" fusion-imageframe imageframe-none imageframe-2 hover-type-none\"><a class=\"fusion-no-lightbox\" href=\"https:\/\/www.les-enfants-du-patrimoine.fr\/visites\/construire-l-avenir-design-et-architecture-au-domaine-de-boisbuchet-2264\" target=\"_self\" aria-label=\"Screen Shot 2023-09-13 at 10.39.41\"><img decoding=\"async\" width=\"597\" height=\"272\" src=\"https:\/\/www.boisbuchet.org\/wp-content\/uploads\/2023\/09\/Screen-Shot-2023-09-13-at-10.39.41.png\" alt class=\"img-responsive wp-image-18897\" srcset=\"https:\/\/www.boisbuchet.org\/wp-content\/uploads\/2023\/09\/Screen-Shot-2023-09-13-at-10.39.41-200x91.png 200w, https:\/\/www.boisbuchet.org\/wp-content\/uploads\/2023\/09\/Screen-Shot-2023-09-13-at-10.39.41-400x182.png 400w, https:\/\/www.boisbuchet.org\/wp-content\/uploads\/2023\/09\/Screen-Shot-2023-09-13-at-10.39.41.png 597w\" sizes=\"(max-width: 1024px) 100vw, (max-width: 640px) 100vw, 597px\" \/><\/a><\/span><\/div><\/div><\/div><div class=\"fusion-layout-column fusion_builder_column fusion-builder-column-6 fusion_builder_column_1_1 1_1 fusion-flex-column\" style=\"--awb-bg-size:cover;--awb-width-large:100%;--awb-margin-top-large:0px;--awb-spacing-right-large:1.92%;--awb-margin-bottom-large:20px;--awb-spacing-left-large:1.92%;--awb-width-medium:100%;--awb-order-medium:0;--awb-spacing-right-medium:1.92%;--awb-spacing-left-medium:1.92%;--awb-width-small:100%;--awb-order-small:0;--awb-spacing-right-small:1.92%;--awb-spacing-left-small:1.92%;\"><div class=\"fusion-column-wrapper fusion-column-has-shadow fusion-flex-justify-content-flex-start fusion-content-layout-column\"><div class=\"fusion-separator fusion-full-width-sep\" style=\"align-self: center;margin-left: auto;margin-right: auto;width:100%;\"><div class=\"fusion-separator-border sep-single sep-solid\" style=\"--awb-height:20px;--awb-amount:20px;border-color:#e0dede;border-top-width:1px;\"><\/div><\/div><div class=\"fusion-separator fusion-full-width-sep\" style=\"align-self: center;margin-left: auto;margin-right: auto;margin-top:30px;width:100%;\"><\/div><div class=\"fusion-separator fusion-full-width-sep\" style=\"align-self: center;margin-left: auto;margin-right: auto;width:100%;\"><\/div><div class=\"fusion-separator fusion-full-width-sep\" style=\"align-self: center;margin-left: auto;margin-right: auto;width:100%;\"><\/div><div class=\"fusion-text fusion-text-4\"><h2 style=\"text-align: center;\">Samedi 16<\/h2>\n<\/div><div class=\"fusion-separator fusion-full-width-sep\" style=\"align-self: center;margin-left: auto;margin-right: auto;width:100%;\"><\/div><div class=\"fusion-separator fusion-full-width-sep\" style=\"align-self: center;margin-left: auto;margin-right: auto;width:100%;\"><\/div><\/div><\/div><div class=\"fusion-layout-column fusion_builder_column fusion-builder-column-7 fusion_builder_column_1_3 1_3 fusion-flex-column\" style=\"--awb-bg-size:cover;--awb-width-large:33.333333333333%;--awb-margin-top-large:0px;--awb-spacing-right-large:5.76%;--awb-margin-bottom-large:20px;--awb-spacing-left-large:5.76%;--awb-width-medium:100%;--awb-order-medium:0;--awb-spacing-right-medium:1.92%;--awb-spacing-left-medium:1.92%;--awb-width-small:100%;--awb-order-small:0;--awb-spacing-right-small:1.92%;--awb-spacing-left-small:1.92%;\"><div class=\"fusion-column-wrapper fusion-column-has-shadow fusion-flex-justify-content-flex-start fusion-content-layout-column\"><div class=\"fusion-text fusion-text-5\" style=\"--awb-content-alignment:justify;\"><p><strong>10h.PR\u00c9SENTATION PROJET <span data-slate-fragment=\"JTdCJTIyb2JqZWN0JTIyJTNBJTIyZG9jdW1lbnQlMjIlMkMlMjJkYXRhJTIyJTNBJTdCJTdEJTJDJTIybm9kZXMlMjIlM0ElNUIlN0IlMjJvYmplY3QlMjIlM0ElMjJibG9jayUyMiUyQyUyMnR5cGUlMjIlM0ElMjJwYXJhZ3JhcGglMjIlMkMlMjJpc1ZvaWQlMjIlM0FmYWxzZSUyQyUyMmRhdGElMjIlM0ElN0IlN0QlMkMlMjJub2RlcyUyMiUzQSU1QiU3QiUyMm9iamVjdCUyMiUzQSUyMnRleHQlMjIlMkMlMjJsZWF2ZXMlMjIlM0ElNUIlN0IlMjJvYmplY3QlMjIlM0ElMjJsZWFmJTIyJTJDJTIydGV4dCUyMiUzQSUyMiVDMiVBQiUyMENhcm8lMjBDYW1wby4lMjBXb3JrYm9vayUyMCVDMiVCQiUyMiUyQyUyMm1hcmtzJTIyJTNBJTVCJTVEJTdEJTVEJTdEJTVEJTdEJTVEJTdE\">\u00ab CARO CAMPO. WORKBOOK \u00bb<\/span> PAR ALBERONERO (Entr\u00e9e libre)<\/strong><\/p>\n<p><strong><a href=\"https:\/\/goo.gl\/maps\/1kMZ4bQZULmDEmjA6\">\ud83d\udccd LIEU DE RENCONTRE<\/a><\/strong><\/p>\n<p>Le samedi 16\/09 \u00e0 10h, les r\u00e9sultats du projet \u00e9ditorial \u00ab Caro Campo. Workbook \u00bb de l&#8217;artiste italien <a href=\"https:\/\/www.lucaboffi.land\/\">Luca Boffi<\/a> (Alberonero) seront pr\u00e9sent\u00e9s lors d&#8217;une conversation avec Vittorio Parisi, responsable des \u00e9tudes et de la recherche \u00e0 la <a href=\"https:\/\/villa-arson.fr\/\">Villa Arson<\/a> \u00e0 Nice, et Mathias Schwartz-Clauss, directeur du Domaine de Boisbuchet.<\/p>\n<p>Alberonero retrace la m\u00e9moire de la campagne \u00e0 travers un processus intense d&#8217;auto-information, m\u00e9diatis\u00e9 par la lente construction d&#8217;\u0153uvres. <strong>Projet soutenu par le Conseil Italien (2022) Direction G\u00e9n\u00e9rale de la Cr\u00e9ativit\u00e9 Contemporaine, Minist\u00e8re Italien de la Culture.<\/strong><\/p>\n<\/div><\/div><\/div><div class=\"fusion-layout-column fusion_builder_column fusion-builder-column-8 fusion_builder_column_2_3 2_3 fusion-flex-column\" style=\"--awb-bg-size:cover;--awb-width-large:66.666666666667%;--awb-margin-top-large:0px;--awb-spacing-right-large:2.88%;--awb-margin-bottom-large:20px;--awb-spacing-left-large:2.88%;--awb-width-medium:100%;--awb-order-medium:0;--awb-spacing-right-medium:1.92%;--awb-spacing-left-medium:1.92%;--awb-width-small:100%;--awb-order-small:0;--awb-spacing-right-small:1.92%;--awb-spacing-left-small:1.92%;\"><div class=\"fusion-column-wrapper fusion-column-has-shadow fusion-flex-justify-content-flex-start fusion-content-layout-column\"><div class=\"fusion-image-element \" style=\"--awb-caption-title-font-family:var(--h2_typography-font-family);--awb-caption-title-font-weight:var(--h2_typography-font-weight);--awb-caption-title-font-style:var(--h2_typography-font-style);--awb-caption-title-size:var(--h2_typography-font-size);--awb-caption-title-transform:var(--h2_typography-text-transform);--awb-caption-title-line-height:var(--h2_typography-line-height);--awb-caption-title-letter-spacing:var(--h2_typography-letter-spacing);\"><span class=\" fusion-imageframe imageframe-none imageframe-3 hover-type-none\"><a class=\"fusion-no-lightbox\" href=\"https:\/\/www.les-enfants-du-patrimoine.fr\/visites\/construire-l-avenir-design-et-architecture-au-domaine-de-boisbuchet-2264\" target=\"_self\" aria-label=\"JEP Caro Campo &#8211; Alberonero 2\"><img decoding=\"async\" width=\"1080\" height=\"667\" src=\"https:\/\/www.boisbuchet.org\/wp-content\/uploads\/2023\/09\/JEP-Caro-Campo-Alberonero-2.jpg\" alt class=\"img-responsive wp-image-18932\" srcset=\"https:\/\/www.boisbuchet.org\/wp-content\/uploads\/2023\/09\/JEP-Caro-Campo-Alberonero-2-200x124.jpg 200w, https:\/\/www.boisbuchet.org\/wp-content\/uploads\/2023\/09\/JEP-Caro-Campo-Alberonero-2-400x247.jpg 400w, https:\/\/www.boisbuchet.org\/wp-content\/uploads\/2023\/09\/JEP-Caro-Campo-Alberonero-2-600x371.jpg 600w, https:\/\/www.boisbuchet.org\/wp-content\/uploads\/2023\/09\/JEP-Caro-Campo-Alberonero-2-800x494.jpg 800w, https:\/\/www.boisbuchet.org\/wp-content\/uploads\/2023\/09\/JEP-Caro-Campo-Alberonero-2.jpg 1080w\" sizes=\"(max-width: 1024px) 100vw, (max-width: 640px) 100vw, 800px\" \/><\/a><\/span><\/div><\/div><\/div><div class=\"fusion-layout-column fusion_builder_column fusion-builder-column-9 fusion_builder_column_1_1 1_1 fusion-flex-column\" style=\"--awb-bg-size:cover;--awb-width-large:100%;--awb-margin-top-large:0px;--awb-spacing-right-large:1.92%;--awb-margin-bottom-large:20px;--awb-spacing-left-large:1.92%;--awb-width-medium:100%;--awb-order-medium:0;--awb-spacing-right-medium:1.92%;--awb-spacing-left-medium:1.92%;--awb-width-small:100%;--awb-order-small:0;--awb-spacing-right-small:1.92%;--awb-spacing-left-small:1.92%;\"><div class=\"fusion-column-wrapper fusion-column-has-shadow fusion-flex-justify-content-flex-start fusion-content-layout-column\"><div class=\"fusion-separator fusion-full-width-sep\" style=\"align-self: center;margin-left: auto;margin-right: auto;width:100%;\"><\/div><div class=\"fusion-separator fusion-full-width-sep\" style=\"align-self: center;margin-left: auto;margin-right: auto;width:100%;\"><\/div><\/div><\/div><div class=\"fusion-layout-column fusion_builder_column fusion-builder-column-10 fusion_builder_column_1_1 1_1 fusion-flex-column\" style=\"--awb-bg-size:cover;--awb-width-large:100%;--awb-margin-top-large:0px;--awb-spacing-right-large:1.92%;--awb-margin-bottom-large:20px;--awb-spacing-left-large:1.92%;--awb-width-medium:100%;--awb-order-medium:0;--awb-spacing-right-medium:1.92%;--awb-spacing-left-medium:1.92%;--awb-width-small:100%;--awb-order-small:0;--awb-spacing-right-small:1.92%;--awb-spacing-left-small:1.92%;\"><div class=\"fusion-column-wrapper fusion-column-has-shadow fusion-flex-justify-content-flex-start fusion-content-layout-column\"><div class=\"fusion-separator fusion-full-width-sep\" style=\"align-self: center;margin-left: auto;margin-right: auto;width:100%;\"><\/div><div class=\"fusion-separator fusion-full-width-sep\" style=\"align-self: center;margin-left: auto;margin-right: auto;width:100%;\"><\/div><\/div><\/div><div class=\"fusion-layout-column fusion_builder_column fusion-builder-column-11 fusion_builder_column_1_3 1_3 fusion-flex-column\" style=\"--awb-bg-size:cover;--awb-width-large:33.333333333333%;--awb-margin-top-large:0px;--awb-spacing-right-large:5.76%;--awb-margin-bottom-large:20px;--awb-spacing-left-large:5.76%;--awb-width-medium:100%;--awb-order-medium:0;--awb-spacing-right-medium:1.92%;--awb-spacing-left-medium:1.92%;--awb-width-small:100%;--awb-order-small:0;--awb-spacing-right-small:1.92%;--awb-spacing-left-small:1.92%;\"><div class=\"fusion-column-wrapper fusion-column-has-shadow fusion-flex-justify-content-flex-start fusion-content-layout-column\"><div class=\"fusion-text fusion-text-6\" style=\"--awb-content-alignment:justify;\"><p><strong>11h30. VISITE DE L&#8217;EXPOSITION &#8220;ARBORETUM&#8221; AVEC MATHIAS SCHWARTZ-CLAUSS (Entr\u00e9e libre)<\/strong><\/p>\n<p><strong><a href=\"https:\/\/goo.gl\/maps\/o2y8K27WrUtCmGSWA\">\ud83d\udccd LIEU DE RENCONTRE<\/a><\/strong><\/p>\n<p>Mathias Schwartz-Clauss, directeur du Domaine de Boisbuchet et commissaire de l&#8217;exposition, nous guide \u00e0 travers l&#8217;exposition de cette ann\u00e9e. L&#8217;exposition \u00ab Arboretum &#8211; Notre monde cr\u00e9\u00e9 en bois \u00bb met en lumi\u00e8re les possibilit\u00e9s uniques du bois en tant que mat\u00e9riau, avec des exemples tir\u00e9s de l&#8217;architecture et de l&#8217;am\u00e9nagement paysager, de la science et de la technologie, de l&#8217;industrie, de l&#8217;artisanat et de l&#8217;art.<\/p>\n<\/div><\/div><\/div><div class=\"fusion-layout-column fusion_builder_column fusion-builder-column-12 fusion_builder_column_2_3 2_3 fusion-flex-column\" style=\"--awb-bg-size:cover;--awb-width-large:66.666666666667%;--awb-margin-top-large:0px;--awb-spacing-right-large:2.88%;--awb-margin-bottom-large:20px;--awb-spacing-left-large:2.88%;--awb-width-medium:100%;--awb-order-medium:0;--awb-spacing-right-medium:1.92%;--awb-spacing-left-medium:1.92%;--awb-width-small:100%;--awb-order-small:0;--awb-spacing-right-small:1.92%;--awb-spacing-left-small:1.92%;\"><div class=\"fusion-column-wrapper fusion-column-has-shadow fusion-flex-justify-content-flex-start fusion-content-layout-column\"><div class=\"fusion-image-element \" style=\"--awb-caption-title-font-family:var(--h2_typography-font-family);--awb-caption-title-font-weight:var(--h2_typography-font-weight);--awb-caption-title-font-style:var(--h2_typography-font-style);--awb-caption-title-size:var(--h2_typography-font-size);--awb-caption-title-transform:var(--h2_typography-text-transform);--awb-caption-title-line-height:var(--h2_typography-line-height);--awb-caption-title-letter-spacing:var(--h2_typography-letter-spacing);\"><span class=\" fusion-imageframe imageframe-none imageframe-4 hover-type-none\"><a class=\"fusion-no-lightbox\" href=\"https:\/\/www.les-enfants-du-patrimoine.fr\/visites\/construire-l-avenir-design-et-architecture-au-domaine-de-boisbuchet-2264\" target=\"_self\" aria-label=\"20230717_MSC_201006\"><img decoding=\"async\" width=\"2560\" height=\"1194\" src=\"https:\/\/www.boisbuchet.org\/wp-content\/uploads\/2023\/09\/20230717_MSC_201006-scaled-e1694619412381.jpg\" alt class=\"img-responsive wp-image-18965\"\/><\/a><\/span><\/div><div class=\"fusion-text fusion-text-7\"><p style=\"text-align: right;\">Photo: CIRECA<\/p>\n<\/div><\/div><\/div><div class=\"fusion-layout-column fusion_builder_column fusion-builder-column-13 fusion_builder_column_1_3 1_3 fusion-flex-column\" style=\"--awb-bg-size:cover;--awb-width-large:33.333333333333%;--awb-margin-top-large:0px;--awb-spacing-right-large:5.76%;--awb-margin-bottom-large:20px;--awb-spacing-left-large:5.76%;--awb-width-medium:100%;--awb-order-medium:0;--awb-spacing-right-medium:1.92%;--awb-spacing-left-medium:1.92%;--awb-width-small:100%;--awb-order-small:0;--awb-spacing-right-small:1.92%;--awb-spacing-left-small:1.92%;\"><div class=\"fusion-column-wrapper fusion-column-has-shadow fusion-flex-justify-content-flex-start fusion-content-layout-column\"><div class=\"fusion-text fusion-text-8\" style=\"--awb-content-alignment:justify;\"><p><strong>14h30. VISITE GUID\u00c9E PARC ARCHITECTURAL + EXPOSITION (Sur r\u00e9servation)<\/strong><\/p>\n<p><strong><a href=\"https:\/\/goo.gl\/maps\/t6Q6jjDm9JCYPQodA\">\ud83d\udccd LIEU DE RENCONTRE<\/a><\/strong><\/p>\n<p>La visite guid\u00e9e pr\u00e9sente le parc architectural du Domaine de Boisbuchet et une exposition pr\u00e9sent\u00e9e au ch\u00e2teau. Le parc architectural pr\u00e9sente des b\u00e2timents des architectes Sim\u00f3n V\u00e9lez (Colombie), Shigeru Ban et Go Hasegawa (Japon), Markus Heinsdorff, J\u00f6rg Schlaich et Br\u00fcckner &amp; Br\u00fcckner (Allemagne), la Techstyle-Haus, des installations d\u2019Alvaro Siza (Portugal), Alexander Brodsky (Russie), Timur Ersen (France\/Turquie), et Lina Ghotmeh (Liban), une maison d\u2019h\u00f4tes traditionnelle japonaise de 1864, et nos derniers ajouts, le pigeonnier traditionnel et la Polycare House, r\u00e9alis\u00e9e en collaboration avec Polycare et le studio d\u2019architecture belge dmvA.<\/p>\n<\/div><\/div><\/div><div class=\"fusion-layout-column fusion_builder_column fusion-builder-column-14 fusion_builder_column_2_3 2_3 fusion-flex-column\" style=\"--awb-bg-size:cover;--awb-width-large:66.666666666667%;--awb-margin-top-large:0px;--awb-spacing-right-large:2.88%;--awb-margin-bottom-large:20px;--awb-spacing-left-large:2.88%;--awb-width-medium:100%;--awb-order-medium:0;--awb-spacing-right-medium:1.92%;--awb-spacing-left-medium:1.92%;--awb-width-small:100%;--awb-order-small:0;--awb-spacing-right-small:1.92%;--awb-spacing-left-small:1.92%;\"><div class=\"fusion-column-wrapper fusion-column-has-shadow fusion-flex-justify-content-flex-start fusion-content-layout-column\"><div class=\"fusion-image-element \" style=\"--awb-caption-title-font-family:var(--h2_typography-font-family);--awb-caption-title-font-weight:var(--h2_typography-font-weight);--awb-caption-title-font-style:var(--h2_typography-font-style);--awb-caption-title-size:var(--h2_typography-font-size);--awb-caption-title-transform:var(--h2_typography-text-transform);--awb-caption-title-line-height:var(--h2_typography-line-height);--awb-caption-title-letter-spacing:var(--h2_typography-letter-spacing);\"><span class=\" fusion-imageframe imageframe-none imageframe-5 hover-type-none\"><a class=\"fusion-no-lightbox\" href=\"https:\/\/www.les-enfants-du-patrimoine.fr\/visites\/construire-l-avenir-design-et-architecture-au-domaine-de-boisbuchet-2264\" target=\"_self\" aria-label=\"BANNER-WEB-1920x1080px3\"><img decoding=\"async\" width=\"1200\" height=\"675\" src=\"https:\/\/www.boisbuchet.org\/wp-content\/uploads\/2023\/03\/BANNER-WEB-1920x1080px3-1200x675.jpg\" alt class=\"img-responsive wp-image-17649\" srcset=\"https:\/\/www.boisbuchet.org\/wp-content\/uploads\/2023\/03\/BANNER-WEB-1920x1080px3-200x113.jpg 200w, https:\/\/www.boisbuchet.org\/wp-content\/uploads\/2023\/03\/BANNER-WEB-1920x1080px3-400x225.jpg 400w, https:\/\/www.boisbuchet.org\/wp-content\/uploads\/2023\/03\/BANNER-WEB-1920x1080px3-600x338.jpg 600w, https:\/\/www.boisbuchet.org\/wp-content\/uploads\/2023\/03\/BANNER-WEB-1920x1080px3-800x450.jpg 800w, https:\/\/www.boisbuchet.org\/wp-content\/uploads\/2023\/03\/BANNER-WEB-1920x1080px3-1200x675.jpg 1200w, https:\/\/www.boisbuchet.org\/wp-content\/uploads\/2023\/03\/BANNER-WEB-1920x1080px3.jpg 1920w\" sizes=\"(max-width: 1024px) 100vw, (max-width: 640px) 100vw, 800px\" \/><\/a><\/span><\/div><div class=\"fusion-text fusion-text-9\"><p style=\"text-align: right;\">Photo: Bensu Karamustafa<\/p>\n<\/div><\/div><\/div><div class=\"fusion-layout-column fusion_builder_column fusion-builder-column-15 fusion_builder_column_1_2 1_2 fusion-flex-column\" style=\"--awb-bg-size:cover;--awb-width-large:50%;--awb-margin-top-large:0px;--awb-spacing-right-large:3.84%;--awb-margin-bottom-large:20px;--awb-spacing-left-large:3.84%;--awb-width-medium:100%;--awb-order-medium:0;--awb-spacing-right-medium:1.92%;--awb-spacing-left-medium:1.92%;--awb-width-small:100%;--awb-order-small:0;--awb-spacing-right-small:1.92%;--awb-spacing-left-small:1.92%;\"><div class=\"fusion-column-wrapper fusion-column-has-shadow fusion-flex-justify-content-flex-start fusion-content-layout-column\"><div ><a class=\"fusion-button button-flat fusion-button-default-size button-custom fusion-button-default button-2 fusion-button-default-span fusion-button-default-type\" style=\"--button_accent_color:#ffffff;--button_accent_hover_color:#ffffff;--button_border_hover_color:#ffffff;--button-border-radius-top-left:50px;--button-border-radius-top-right:50px;--button-border-radius-bottom-right:50px;--button-border-radius-bottom-left:50px;--button_gradient_top_color:#000000;--button_gradient_bottom_color:#000000;--button_gradient_top_color_hover:#000000;--button_gradient_bottom_color_hover:#000000;\" target=\"_self\" href=\"https:\/\/www.boisbuchet.org\/fr\/produit\/visite-guidee-de-lexposition-environ-45-min\/\"><span class=\"fusion-button-text awb-button__text awb-button__text--default\">Billet pour l&#8217;exposition<\/span><\/a><\/div><div class=\"fusion-separator fusion-full-width-sep\" style=\"align-self: center;margin-left: auto;margin-right: auto;margin-top:10px;margin-bottom:10px;width:100%;\"><\/div><div ><a class=\"fusion-button button-flat fusion-button-default-size button-custom fusion-button-default button-3 fusion-button-default-span fusion-button-default-type\" style=\"--button_accent_color:#ffffff;--button_accent_hover_color:#ffffff;--button_border_hover_color:#ffffff;--button-border-radius-top-left:50px;--button-border-radius-top-right:50px;--button-border-radius-bottom-right:50px;--button-border-radius-bottom-left:50px;--button_gradient_top_color:#000000;--button_gradient_bottom_color:#000000;--button_gradient_top_color_hover:#000000;--button_gradient_bottom_color_hover:#000000;\" target=\"_self\" href=\"https:\/\/www.boisbuchet.org\/fr\/produit\/visites-guidees-du-parc-architectural-et-de-lexposition-duration-3-h\/\"><span class=\"fusion-button-text awb-button__text awb-button__text--default\">Billet pour la visite guid\u00e9e (expo + parc d&#8217;architecture)<\/span><\/a><\/div><\/div><\/div><div class=\"fusion-layout-column fusion_builder_column fusion-builder-column-16 fusion_builder_column_1_2 1_2 fusion-flex-column\" style=\"--awb-bg-size:cover;--awb-width-large:50%;--awb-margin-top-large:0px;--awb-spacing-right-large:3.84%;--awb-margin-bottom-large:20px;--awb-spacing-left-large:3.84%;--awb-width-medium:100%;--awb-order-medium:0;--awb-spacing-right-medium:1.92%;--awb-spacing-left-medium:1.92%;--awb-width-small:100%;--awb-order-small:0;--awb-spacing-right-small:1.92%;--awb-spacing-left-small:1.92%;\"><div class=\"fusion-column-wrapper fusion-column-has-shadow fusion-flex-justify-content-flex-start fusion-content-layout-column\"><\/div><\/div><div class=\"fusion-layout-column fusion_builder_column fusion-builder-column-17 fusion_builder_column_1_1 1_1 fusion-flex-column\" style=\"--awb-bg-size:cover;--awb-width-large:100%;--awb-margin-top-large:0px;--awb-spacing-right-large:1.92%;--awb-margin-bottom-large:20px;--awb-spacing-left-large:1.92%;--awb-width-medium:100%;--awb-order-medium:0;--awb-spacing-right-medium:1.92%;--awb-spacing-left-medium:1.92%;--awb-width-small:100%;--awb-order-small:0;--awb-spacing-right-small:1.92%;--awb-spacing-left-small:1.92%;\"><div class=\"fusion-column-wrapper fusion-column-has-shadow fusion-flex-justify-content-flex-start fusion-content-layout-column\"><div class=\"fusion-separator fusion-full-width-sep\" style=\"align-self: center;margin-left: auto;margin-right: auto;width:100%;\"><div class=\"fusion-separator-border sep-single sep-solid\" style=\"--awb-height:20px;--awb-amount:20px;border-color:#e0dede;border-top-width:1px;\"><\/div><\/div><div class=\"fusion-separator fusion-full-width-sep\" style=\"align-self: center;margin-left: auto;margin-right: auto;margin-top:30px;width:100%;\"><\/div><div class=\"fusion-separator fusion-full-width-sep\" style=\"align-self: center;margin-left: auto;margin-right: auto;width:100%;\"><\/div><div class=\"fusion-separator fusion-full-width-sep\" style=\"align-self: center;margin-left: auto;margin-right: auto;width:100%;\"><\/div><div class=\"fusion-text fusion-text-10\"><h2 style=\"text-align: center;\">Dimanche 17<\/h2>\n<\/div><div class=\"fusion-separator fusion-full-width-sep\" style=\"align-self: center;margin-left: auto;margin-right: auto;width:100%;\"><\/div><div class=\"fusion-separator fusion-full-width-sep\" style=\"align-self: center;margin-left: auto;margin-right: auto;width:100%;\"><\/div><\/div><\/div><div class=\"fusion-layout-column fusion_builder_column fusion-builder-column-18 fusion_builder_column_1_3 1_3 fusion-flex-column\" style=\"--awb-bg-size:cover;--awb-width-large:33.333333333333%;--awb-margin-top-large:0px;--awb-spacing-right-large:5.76%;--awb-margin-bottom-large:20px;--awb-spacing-left-large:5.76%;--awb-width-medium:100%;--awb-order-medium:0;--awb-spacing-right-medium:1.92%;--awb-spacing-left-medium:1.92%;--awb-width-small:100%;--awb-order-small:0;--awb-spacing-right-small:1.92%;--awb-spacing-left-small:1.92%;\"><div class=\"fusion-column-wrapper fusion-column-has-shadow fusion-flex-justify-content-flex-start fusion-content-layout-column\"><div class=\"fusion-text fusion-text-11\" style=\"--awb-content-alignment:justify;\"><p><strong>10h00 \/ 14h30 VISITE GUID\u00c9E PARC ARCHITECTURAL + EXPOSITION (Sur r\u00e9servation)<\/strong><\/p>\n<p><strong><a href=\"https:\/\/goo.gl\/maps\/t6Q6jjDm9JCYPQodA\">\ud83d\udccd LIEU DE RENCONTRE<\/a><\/strong><\/p>\n<p>La visite guid\u00e9e pr\u00e9sente le parc architectural du Domaine de Boisbuchet et une exposition pr\u00e9sent\u00e9e au ch\u00e2teau. Le parc architectural pr\u00e9sente des b\u00e2timents des architectes Sim\u00f3n V\u00e9lez (Colombie), Shigeru Ban et Go Hasegawa (Japon), Markus Heinsdorff, J\u00f6rg Schlaich et Br\u00fcckner &amp; Br\u00fcckner (Allemagne), la Techstyle-Haus, des installations d\u2019Alvaro Siza (Portugal), Alexander Brodsky (Russie), Timur Ersen (France\/Turquie), et Lina Ghotmeh (Liban), une maison d\u2019h\u00f4tes traditionnelle japonaise de 1864, et nos derniers ajouts, le pigeonnier traditionnel et la Polycare House, r\u00e9alis\u00e9e en collaboration avec Polycare et le studio d\u2019architecture belge dmvA.<\/p>\n<\/div><\/div><\/div><div class=\"fusion-layout-column fusion_builder_column fusion-builder-column-19 fusion_builder_column_2_3 2_3 fusion-flex-column\" style=\"--awb-bg-size:cover;--awb-width-large:66.666666666667%;--awb-margin-top-large:0px;--awb-spacing-right-large:2.88%;--awb-margin-bottom-large:20px;--awb-spacing-left-large:2.88%;--awb-width-medium:100%;--awb-order-medium:0;--awb-spacing-right-medium:1.92%;--awb-spacing-left-medium:1.92%;--awb-width-small:100%;--awb-order-small:0;--awb-spacing-right-small:1.92%;--awb-spacing-left-small:1.92%;\"><div class=\"fusion-column-wrapper fusion-column-has-shadow fusion-flex-justify-content-flex-start fusion-content-layout-column\"><div class=\"fusion-image-element \" style=\"--awb-caption-title-font-family:var(--h2_typography-font-family);--awb-caption-title-font-weight:var(--h2_typography-font-weight);--awb-caption-title-font-style:var(--h2_typography-font-style);--awb-caption-title-size:var(--h2_typography-font-size);--awb-caption-title-transform:var(--h2_typography-text-transform);--awb-caption-title-line-height:var(--h2_typography-line-height);--awb-caption-title-letter-spacing:var(--h2_typography-letter-spacing);\"><span class=\" fusion-imageframe imageframe-none imageframe-6 hover-type-none\"><a class=\"fusion-no-lightbox\" href=\"https:\/\/www.les-enfants-du-patrimoine.fr\/visites\/construire-l-avenir-design-et-architecture-au-domaine-de-boisbuchet-2264\" target=\"_self\" aria-label=\"BANNER-WEB-1920x1080px3\"><img decoding=\"async\" width=\"1200\" height=\"675\" src=\"https:\/\/www.boisbuchet.org\/wp-content\/uploads\/2023\/03\/BANNER-WEB-1920x1080px3-1200x675.jpg\" alt class=\"img-responsive wp-image-17649\" srcset=\"https:\/\/www.boisbuchet.org\/wp-content\/uploads\/2023\/03\/BANNER-WEB-1920x1080px3-200x113.jpg 200w, https:\/\/www.boisbuchet.org\/wp-content\/uploads\/2023\/03\/BANNER-WEB-1920x1080px3-400x225.jpg 400w, https:\/\/www.boisbuchet.org\/wp-content\/uploads\/2023\/03\/BANNER-WEB-1920x1080px3-600x338.jpg 600w, https:\/\/www.boisbuchet.org\/wp-content\/uploads\/2023\/03\/BANNER-WEB-1920x1080px3-800x450.jpg 800w, https:\/\/www.boisbuchet.org\/wp-content\/uploads\/2023\/03\/BANNER-WEB-1920x1080px3-1200x675.jpg 1200w, https:\/\/www.boisbuchet.org\/wp-content\/uploads\/2023\/03\/BANNER-WEB-1920x1080px3.jpg 1920w\" sizes=\"(max-width: 1024px) 100vw, (max-width: 640px) 100vw, 800px\" \/><\/a><\/span><\/div><div class=\"fusion-text fusion-text-12\"><p style=\"text-align: right;\">Photo: Samael Covarrubias<\/p>\n<\/div><\/div><\/div><div class=\"fusion-layout-column fusion_builder_column fusion-builder-column-20 fusion_builder_column_1_2 1_2 fusion-flex-column\" style=\"--awb-bg-size:cover;--awb-width-large:50%;--awb-margin-top-large:0px;--awb-spacing-right-large:3.84%;--awb-margin-bottom-large:20px;--awb-spacing-left-large:3.84%;--awb-width-medium:100%;--awb-order-medium:0;--awb-spacing-right-medium:1.92%;--awb-spacing-left-medium:1.92%;--awb-width-small:100%;--awb-order-small:0;--awb-spacing-right-small:1.92%;--awb-spacing-left-small:1.92%;\"><div class=\"fusion-column-wrapper fusion-column-has-shadow fusion-flex-justify-content-flex-start fusion-content-layout-column\"><div ><a class=\"fusion-button button-flat fusion-button-default-size button-custom fusion-button-default button-4 fusion-button-default-span fusion-button-default-type\" style=\"--button_accent_color:#ffffff;--button_accent_hover_color:#ffffff;--button_border_hover_color:#ffffff;--button-border-radius-top-left:50px;--button-border-radius-top-right:50px;--button-border-radius-bottom-right:50px;--button-border-radius-bottom-left:50px;--button_gradient_top_color:#000000;--button_gradient_bottom_color:#000000;--button_gradient_top_color_hover:#000000;--button_gradient_bottom_color_hover:#000000;\" target=\"_self\" href=\"https:\/\/www.boisbuchet.org\/fr\/produit\/visite-guidee-de-lexposition-environ-45-min\/\"><span class=\"fusion-button-text awb-button__text awb-button__text--default\">Billet pour l&#8217;exposition<\/span><\/a><\/div><div class=\"fusion-separator fusion-full-width-sep\" style=\"align-self: center;margin-left: auto;margin-right: auto;margin-top:10px;margin-bottom:10px;width:100%;\"><\/div><div ><a class=\"fusion-button button-flat fusion-button-default-size button-custom fusion-button-default button-5 fusion-button-default-span fusion-button-default-type\" style=\"--button_accent_color:#ffffff;--button_accent_hover_color:#ffffff;--button_border_hover_color:#ffffff;--button-border-radius-top-left:50px;--button-border-radius-top-right:50px;--button-border-radius-bottom-right:50px;--button-border-radius-bottom-left:50px;--button_gradient_top_color:#000000;--button_gradient_bottom_color:#000000;--button_gradient_top_color_hover:#000000;--button_gradient_bottom_color_hover:#000000;\" target=\"_self\" href=\"https:\/\/www.boisbuchet.org\/fr\/produit\/visites-guidees-du-parc-architectural-et-de-lexposition-duration-3-h\/\"><span class=\"fusion-button-text awb-button__text awb-button__text--default\">Billet pour la visite guid\u00e9e (expo + parc d&#8217;architecture)<\/span><\/a><\/div><\/div><\/div><div class=\"fusion-layout-column fusion_builder_column fusion-builder-column-21 fusion_builder_column_1_2 1_2 fusion-flex-column\" style=\"--awb-bg-size:cover;--awb-width-large:50%;--awb-margin-top-large:0px;--awb-spacing-right-large:3.84%;--awb-margin-bottom-large:20px;--awb-spacing-left-large:3.84%;--awb-width-medium:100%;--awb-order-medium:0;--awb-spacing-right-medium:1.92%;--awb-spacing-left-medium:1.92%;--awb-width-small:100%;--awb-order-small:0;--awb-spacing-right-small:1.92%;--awb-spacing-left-small:1.92%;\"><div class=\"fusion-column-wrapper fusion-column-has-shadow fusion-flex-justify-content-flex-start fusion-content-layout-column\"><\/div><\/div><div class=\"fusion-layout-column fusion_builder_column fusion-builder-column-22 fusion_builder_column_1_1 1_1 fusion-flex-column\" style=\"--awb-bg-size:cover;--awb-width-large:100%;--awb-margin-top-large:0px;--awb-spacing-right-large:1.92%;--awb-margin-bottom-large:20px;--awb-spacing-left-large:1.92%;--awb-width-medium:100%;--awb-order-medium:0;--awb-spacing-right-medium:1.92%;--awb-spacing-left-medium:1.92%;--awb-width-small:100%;--awb-order-small:0;--awb-spacing-right-small:1.92%;--awb-spacing-left-small:1.92%;\"><div class=\"fusion-column-wrapper fusion-column-has-shadow fusion-flex-justify-content-flex-start fusion-content-layout-column\"><div class=\"fusion-separator fusion-full-width-sep\" style=\"align-self: center;margin-left: auto;margin-right: auto;margin-top:30px;width:100%;\"><\/div><div class=\"fusion-separator fusion-full-width-sep\" style=\"align-self: center;margin-left: auto;margin-right: auto;width:100%;\"><\/div><div class=\"fusion-separator fusion-full-width-sep\" style=\"align-self: center;margin-left: auto;margin-right: auto;width:100%;\"><div class=\"fusion-separator-border sep-single sep-solid\" style=\"--awb-height:20px;--awb-amount:20px;border-color:#e0dede;border-top-width:1px;\"><\/div><\/div><div class=\"fusion-separator fusion-full-width-sep\" style=\"align-self: center;margin-left: auto;margin-right: auto;margin-top:30px;width:100%;\"><\/div><div class=\"fusion-separator fusion-full-width-sep\" style=\"align-self: center;margin-left: auto;margin-right: auto;width:100%;\"><\/div><div class=\"fusion-text fusion-text-13\"><p><strong>CONDITIONS DE PARTICIPATION<\/strong><br \/>\nSamedi 16 (10h00) Entr\u00e9e libre pour la pr\u00e9sentation du projet \u00e9ditorial (10h00) et la visite de l&#8217;exposition (11h30).<br \/>\nSamedi 16 (14h30) et dimanche 17 (10h et 14h30) Sur r\u00e9servation, places limit\u00e9es.<br \/>\nVisite guid\u00e9e du parc + exposition &#8211; 15 \u20ac adultes &#8211; 8 \u20ac r\u00e9duit (\u00e9tudiants, \u00e9l\u00e8ves, retrait\u00e9s et ch\u00f4meurs)<br \/>\nVisite guid\u00e9e de l&#8217;exposition seule &#8211; 8 \u20ac adultes &#8211; 4 \u20ac r\u00e9duit (\u00e9tudiants, \u00e9l\u00e8ves, retrait\u00e9s et ch\u00f4meurs)<br \/>\n<strong>POINT DE D\u00c9PART VISITES GUID\u00c9ES<\/strong> \ud83d\udccd <a href=\"https:\/\/goo.gl\/maps\/t6Q6jjDm9JCYPQodA\">Moulin.<\/a> Dur\u00e9e de la visite : approx. 3 hours.<br \/>\n<strong>SUR R\u00c9SERVATION<\/strong> <a href=\"https:\/\/www.boisbuchet.org\/fr\/produit\/visites-guidees-du-parc-architectural-et-de-lexposition-duration-3-h\/\">R\u00e9servation en ligne<\/a> \/ info@boisbuchet.org \/ 0545896700 \/0768564230<\/p>\n<\/div><\/div><\/div><\/div><\/div><div class=\"fusion-fullwidth fullwidth-box fusion-builder-row-4 fusion-flex-container has-pattern-background has-mask-background nonhundred-percent-fullwidth non-hundred-percent-height-scrolling\" style=\"--awb-border-radius-top-left:0px;--awb-border-radius-top-right:0px;--awb-border-radius-bottom-right:0px;--awb-border-radius-bottom-left:0px;--awb-flex-wrap:wrap;\" ><div class=\"fusion-builder-row fusion-row fusion-flex-align-items-flex-start fusion-flex-content-wrap\" style=\"max-width:1144px;margin-left: calc(-4% \/ 2 );margin-right: calc(-4% \/ 2 );\"><\/div><\/div>\n","protected":false},"excerpt":{"rendered":"","protected":false},"author":566,"featured_media":18935,"comment_status":"closed","ping_status":"open","sticky":false,"template":"","format":"standard","meta":{"_monsterinsights_skip_tracking":false,"_monsterinsights_sitenote_active":false,"_monsterinsights_sitenote_note":"","_monsterinsights_sitenote_category":0,"footnotes":""},"categories":[167,1],"tags":[],"class_list":["post-18937","post","type-post","status-publish","format-standard","has-post-thumbnail","hentry","category-news-events","category-uncategorized"],"yoast_head":"<!-- This site is optimized with the Yoast SEO plugin v27.1.1 - https:\/\/yoast.com\/product\/yoast-seo-wordpress\/ -->\n<title>Journ\u00e9es europ\u00e9ennes du patrimoine 2023 au Domaine de Boisbuchet (15-17 septembre) | Domaine de Boisbuchet<\/title>\n<meta name=\"description\" content=\"Le Domaine de Boisbuchet f\u00eatera la fin de sa saison estivale avec des visites guid\u00e9es du domaine, incluant la visite du parc architectural et de l&#039;exposition d&#039;\u00e9t\u00e9.\" \/>\n<meta name=\"robots\" content=\"index, follow, max-snippet:-1, max-image-preview:large, max-video-preview:-1\" \/>\n<link rel=\"canonical\" href=\"https:\/\/www.boisbuchet.org\/jep-2023-european-heritage-days-2023-at-domaine-de-boisbuchet\/\" \/>\n<meta property=\"og:locale\" content=\"fr_FR\" \/>\n<meta property=\"og:type\" content=\"article\" \/>\n<meta property=\"og:title\" content=\"Journ\u00e9es europ\u00e9ennes du patrimoine 2023 au Domaine de Boisbuchet (15-17 septembre) | Domaine de Boisbuchet\" \/>\n<meta property=\"og:description\" content=\"Le Domaine de Boisbuchet f\u00eatera la fin de sa saison estivale avec des visites guid\u00e9es du domaine, incluant la visite du parc architectural et de l&#039;exposition d&#039;\u00e9t\u00e9.\" \/>\n<meta property=\"og:url\" content=\"https:\/\/www.boisbuchet.org\/jep-2023-european-heritage-days-2023-at-domaine-de-boisbuchet\/\" \/>\n<meta property=\"og:site_name\" content=\"Domaine de Boisbuchet\" \/>\n<meta property=\"article:publisher\" content=\"https:\/\/www.facebook.com\/boisbuchet\" \/>\n<meta property=\"article:published_time\" content=\"2023-09-13T12:20:59+00:00\" \/>\n<meta property=\"article:modified_time\" content=\"2025-03-24T10:35:47+00:00\" \/>\n<meta property=\"og:image\" content=\"https:\/\/www.boisbuchet.org\/wp-content\/uploads\/2023\/09\/JEP-Boisbuchet-2023.jpg\" \/>\n\t<meta property=\"og:image:width\" content=\"724\" \/>\n\t<meta property=\"og:image:height\" content=\"542\" \/>\n\t<meta property=\"og:image:type\" content=\"image\/jpeg\" \/>\n<meta name=\"author\" content=\"pablo.sevilla\" \/>\n<meta name=\"twitter:card\" content=\"summary_large_image\" \/>\n<meta name=\"twitter:creator\" content=\"@boisbuchet\" \/>\n<meta name=\"twitter:site\" content=\"@boisbuchet\" \/>\n<meta name=\"twitter:label1\" content=\"\u00c9crit par\" \/>\n\t<meta name=\"twitter:data1\" content=\"pablo.sevilla\" \/>\n\t<meta name=\"twitter:label2\" content=\"Dur\u00e9e de lecture estim\u00e9e\" \/>\n\t<meta name=\"twitter:data2\" content=\"67 minutes\" \/>\n<script type=\"application\/ld+json\" class=\"yoast-schema-graph\">{\"@context\":\"https:\/\/schema.org\",\"@graph\":[{\"@type\":\"Article\",\"@id\":\"https:\/\/www.boisbuchet.org\/jep-2023-european-heritage-days-2023-at-domaine-de-boisbuchet\/#article\",\"isPartOf\":{\"@id\":\"https:\/\/www.boisbuchet.org\/jep-2023-european-heritage-days-2023-at-domaine-de-boisbuchet\/\"},\"author\":{\"name\":\"pablo.sevilla\",\"@id\":\"https:\/\/www.boisbuchet.org\/#\/schema\/person\/37f6d78daf7b561c8175c85d605ef2f0\"},\"headline\":\"Journ\u00e9es europ\u00e9ennes du patrimoine 2023 au Domaine de Boisbuchet (15-17 septembre)\",\"datePublished\":\"2023-09-13T12:20:59+00:00\",\"dateModified\":\"2025-03-24T10:35:47+00:00\",\"mainEntityOfPage\":{\"@id\":\"https:\/\/www.boisbuchet.org\/jep-2023-european-heritage-days-2023-at-domaine-de-boisbuchet\/\"},\"wordCount\":13478,\"publisher\":{\"@id\":\"https:\/\/www.boisbuchet.org\/#organization\"},\"image\":{\"@id\":\"https:\/\/www.boisbuchet.org\/jep-2023-european-heritage-days-2023-at-domaine-de-boisbuchet\/#primaryimage\"},\"thumbnailUrl\":\"https:\/\/www.boisbuchet.org\/wp-content\/uploads\/2023\/09\/JEP-Boisbuchet-2023.jpg\",\"articleSection\":[\"News &amp; Events\",\"Uncategorized\"],\"inLanguage\":\"fr-FR\"},{\"@type\":\"WebPage\",\"@id\":\"https:\/\/www.boisbuchet.org\/jep-2023-european-heritage-days-2023-at-domaine-de-boisbuchet\/\",\"url\":\"https:\/\/www.boisbuchet.org\/jep-2023-european-heritage-days-2023-at-domaine-de-boisbuchet\/\",\"name\":\"Journ\u00e9es europ\u00e9ennes du patrimoine 2023 au Domaine de Boisbuchet (15-17 septembre) | Domaine de Boisbuchet\",\"isPartOf\":{\"@id\":\"https:\/\/www.boisbuchet.org\/#website\"},\"primaryImageOfPage\":{\"@id\":\"https:\/\/www.boisbuchet.org\/jep-2023-european-heritage-days-2023-at-domaine-de-boisbuchet\/#primaryimage\"},\"image\":{\"@id\":\"https:\/\/www.boisbuchet.org\/jep-2023-european-heritage-days-2023-at-domaine-de-boisbuchet\/#primaryimage\"},\"thumbnailUrl\":\"https:\/\/www.boisbuchet.org\/wp-content\/uploads\/2023\/09\/JEP-Boisbuchet-2023.jpg\",\"datePublished\":\"2023-09-13T12:20:59+00:00\",\"dateModified\":\"2025-03-24T10:35:47+00:00\",\"description\":\"Le Domaine de Boisbuchet f\u00eatera la fin de sa saison estivale avec des visites guid\u00e9es du domaine, incluant la visite du parc architectural et de l'exposition d'\u00e9t\u00e9.\",\"breadcrumb\":{\"@id\":\"https:\/\/www.boisbuchet.org\/jep-2023-european-heritage-days-2023-at-domaine-de-boisbuchet\/#breadcrumb\"},\"inLanguage\":\"fr-FR\",\"potentialAction\":[{\"@type\":\"ReadAction\",\"target\":[\"https:\/\/www.boisbuchet.org\/jep-2023-european-heritage-days-2023-at-domaine-de-boisbuchet\/\"]}]},{\"@type\":\"ImageObject\",\"inLanguage\":\"fr-FR\",\"@id\":\"https:\/\/www.boisbuchet.org\/jep-2023-european-heritage-days-2023-at-domaine-de-boisbuchet\/#primaryimage\",\"url\":\"https:\/\/www.boisbuchet.org\/wp-content\/uploads\/2023\/09\/JEP-Boisbuchet-2023.jpg\",\"contentUrl\":\"https:\/\/www.boisbuchet.org\/wp-content\/uploads\/2023\/09\/JEP-Boisbuchet-2023.jpg\",\"width\":724,\"height\":542},{\"@type\":\"BreadcrumbList\",\"@id\":\"https:\/\/www.boisbuchet.org\/jep-2023-european-heritage-days-2023-at-domaine-de-boisbuchet\/#breadcrumb\",\"itemListElement\":[{\"@type\":\"ListItem\",\"position\":1,\"name\":\"Home\",\"item\":\"https:\/\/www.boisbuchet.org\/fr\/\"},{\"@type\":\"ListItem\",\"position\":2,\"name\":\"Journ\u00e9es europ\u00e9ennes du patrimoine 2023 au Domaine de Boisbuchet (15-17 septembre)\"}]},{\"@type\":\"WebSite\",\"@id\":\"https:\/\/www.boisbuchet.org\/#website\",\"url\":\"https:\/\/www.boisbuchet.org\/\",\"name\":\"Domaine de Boisbuchet\",\"description\":\"Summer Workshops | Park | Event\u00a0Location\",\"publisher\":{\"@id\":\"https:\/\/www.boisbuchet.org\/#organization\"},\"potentialAction\":[{\"@type\":\"SearchAction\",\"target\":{\"@type\":\"EntryPoint\",\"urlTemplate\":\"https:\/\/www.boisbuchet.org\/?s={search_term_string}\"},\"query-input\":{\"@type\":\"PropertyValueSpecification\",\"valueRequired\":true,\"valueName\":\"search_term_string\"}}],\"inLanguage\":\"fr-FR\"},{\"@type\":\"Organization\",\"@id\":\"https:\/\/www.boisbuchet.org\/#organization\",\"name\":\"Domine de Boisbuchet\",\"url\":\"https:\/\/www.boisbuchet.org\/\",\"logo\":{\"@type\":\"ImageObject\",\"inLanguage\":\"fr-FR\",\"@id\":\"https:\/\/www.boisbuchet.org\/#\/schema\/logo\/image\/\",\"url\":\"https:\/\/www.boisbuchet.org\/wp-content\/uploads\/2019\/01\/logo_boisbuchet_black.png\",\"contentUrl\":\"https:\/\/www.boisbuchet.org\/wp-content\/uploads\/2019\/01\/logo_boisbuchet_black.png\",\"width\":200,\"height\":73,\"caption\":\"Domine de Boisbuchet\"},\"image\":{\"@id\":\"https:\/\/www.boisbuchet.org\/#\/schema\/logo\/image\/\"},\"sameAs\":[\"https:\/\/www.facebook.com\/boisbuchet\",\"https:\/\/x.com\/boisbuchet\",\"https:\/\/www.instagram.com\/boisbuchet\",\"https:\/\/www.linkedin.com\/company\/domaine-de-boisbuchet\",\"https:\/\/www.pinterest.com\/boisbuchet\"]},{\"@type\":\"Person\",\"@id\":\"https:\/\/www.boisbuchet.org\/#\/schema\/person\/37f6d78daf7b561c8175c85d605ef2f0\",\"name\":\"pablo.sevilla\",\"url\":\"https:\/\/www.boisbuchet.org\/fr\/author\/pablo-sevilla\/\"}]}<\/script>\n<!-- \/ Yoast SEO plugin. -->","yoast_head_json":{"title":"Journ\u00e9es europ\u00e9ennes du patrimoine 2023 au Domaine de Boisbuchet (15-17 septembre) | Domaine de Boisbuchet","description":"Le Domaine de Boisbuchet f\u00eatera la fin de sa saison estivale avec des visites guid\u00e9es du domaine, incluant la visite du parc architectural et de l'exposition d'\u00e9t\u00e9.","robots":{"index":"index","follow":"follow","max-snippet":"max-snippet:-1","max-image-preview":"max-image-preview:large","max-video-preview":"max-video-preview:-1"},"canonical":"https:\/\/www.boisbuchet.org\/jep-2023-european-heritage-days-2023-at-domaine-de-boisbuchet\/","og_locale":"fr_FR","og_type":"article","og_title":"Journ\u00e9es europ\u00e9ennes du patrimoine 2023 au Domaine de Boisbuchet (15-17 septembre) | Domaine de Boisbuchet","og_description":"Le Domaine de Boisbuchet f\u00eatera la fin de sa saison estivale avec des visites guid\u00e9es du domaine, incluant la visite du parc architectural et de l'exposition d'\u00e9t\u00e9.","og_url":"https:\/\/www.boisbuchet.org\/jep-2023-european-heritage-days-2023-at-domaine-de-boisbuchet\/","og_site_name":"Domaine de Boisbuchet","article_publisher":"https:\/\/www.facebook.com\/boisbuchet","article_published_time":"2023-09-13T12:20:59+00:00","article_modified_time":"2025-03-24T10:35:47+00:00","og_image":[{"width":724,"height":542,"url":"https:\/\/www.boisbuchet.org\/wp-content\/uploads\/2023\/09\/JEP-Boisbuchet-2023.jpg","type":"image\/jpeg"}],"author":"pablo.sevilla","twitter_card":"summary_large_image","twitter_creator":"@boisbuchet","twitter_site":"@boisbuchet","twitter_misc":{"\u00c9crit par":"pablo.sevilla","Dur\u00e9e de lecture estim\u00e9e":"67 minutes"},"schema":{"@context":"https:\/\/schema.org","@graph":[{"@type":"Article","@id":"https:\/\/www.boisbuchet.org\/jep-2023-european-heritage-days-2023-at-domaine-de-boisbuchet\/#article","isPartOf":{"@id":"https:\/\/www.boisbuchet.org\/jep-2023-european-heritage-days-2023-at-domaine-de-boisbuchet\/"},"author":{"name":"pablo.sevilla","@id":"https:\/\/www.boisbuchet.org\/#\/schema\/person\/37f6d78daf7b561c8175c85d605ef2f0"},"headline":"Journ\u00e9es europ\u00e9ennes du patrimoine 2023 au Domaine de Boisbuchet (15-17 septembre)","datePublished":"2023-09-13T12:20:59+00:00","dateModified":"2025-03-24T10:35:47+00:00","mainEntityOfPage":{"@id":"https:\/\/www.boisbuchet.org\/jep-2023-european-heritage-days-2023-at-domaine-de-boisbuchet\/"},"wordCount":13478,"publisher":{"@id":"https:\/\/www.boisbuchet.org\/#organization"},"image":{"@id":"https:\/\/www.boisbuchet.org\/jep-2023-european-heritage-days-2023-at-domaine-de-boisbuchet\/#primaryimage"},"thumbnailUrl":"https:\/\/www.boisbuchet.org\/wp-content\/uploads\/2023\/09\/JEP-Boisbuchet-2023.jpg","articleSection":["News &amp; Events","Uncategorized"],"inLanguage":"fr-FR"},{"@type":"WebPage","@id":"https:\/\/www.boisbuchet.org\/jep-2023-european-heritage-days-2023-at-domaine-de-boisbuchet\/","url":"https:\/\/www.boisbuchet.org\/jep-2023-european-heritage-days-2023-at-domaine-de-boisbuchet\/","name":"Journ\u00e9es europ\u00e9ennes du patrimoine 2023 au Domaine de Boisbuchet (15-17 septembre) | Domaine de Boisbuchet","isPartOf":{"@id":"https:\/\/www.boisbuchet.org\/#website"},"primaryImageOfPage":{"@id":"https:\/\/www.boisbuchet.org\/jep-2023-european-heritage-days-2023-at-domaine-de-boisbuchet\/#primaryimage"},"image":{"@id":"https:\/\/www.boisbuchet.org\/jep-2023-european-heritage-days-2023-at-domaine-de-boisbuchet\/#primaryimage"},"thumbnailUrl":"https:\/\/www.boisbuchet.org\/wp-content\/uploads\/2023\/09\/JEP-Boisbuchet-2023.jpg","datePublished":"2023-09-13T12:20:59+00:00","dateModified":"2025-03-24T10:35:47+00:00","description":"Le Domaine de Boisbuchet f\u00eatera la fin de sa saison estivale avec des visites guid\u00e9es du domaine, incluant la visite du parc architectural et de l'exposition d'\u00e9t\u00e9.","breadcrumb":{"@id":"https:\/\/www.boisbuchet.org\/jep-2023-european-heritage-days-2023-at-domaine-de-boisbuchet\/#breadcrumb"},"inLanguage":"fr-FR","potentialAction":[{"@type":"ReadAction","target":["https:\/\/www.boisbuchet.org\/jep-2023-european-heritage-days-2023-at-domaine-de-boisbuchet\/"]}]},{"@type":"ImageObject","inLanguage":"fr-FR","@id":"https:\/\/www.boisbuchet.org\/jep-2023-european-heritage-days-2023-at-domaine-de-boisbuchet\/#primaryimage","url":"https:\/\/www.boisbuchet.org\/wp-content\/uploads\/2023\/09\/JEP-Boisbuchet-2023.jpg","contentUrl":"https:\/\/www.boisbuchet.org\/wp-content\/uploads\/2023\/09\/JEP-Boisbuchet-2023.jpg","width":724,"height":542},{"@type":"BreadcrumbList","@id":"https:\/\/www.boisbuchet.org\/jep-2023-european-heritage-days-2023-at-domaine-de-boisbuchet\/#breadcrumb","itemListElement":[{"@type":"ListItem","position":1,"name":"Home","item":"https:\/\/www.boisbuchet.org\/fr\/"},{"@type":"ListItem","position":2,"name":"Journ\u00e9es europ\u00e9ennes du patrimoine 2023 au Domaine de Boisbuchet (15-17 septembre)"}]},{"@type":"WebSite","@id":"https:\/\/www.boisbuchet.org\/#website","url":"https:\/\/www.boisbuchet.org\/","name":"Domaine de Boisbuchet","description":"Summer Workshops | Park | Event\u00a0Location","publisher":{"@id":"https:\/\/www.boisbuchet.org\/#organization"},"potentialAction":[{"@type":"SearchAction","target":{"@type":"EntryPoint","urlTemplate":"https:\/\/www.boisbuchet.org\/?s={search_term_string}"},"query-input":{"@type":"PropertyValueSpecification","valueRequired":true,"valueName":"search_term_string"}}],"inLanguage":"fr-FR"},{"@type":"Organization","@id":"https:\/\/www.boisbuchet.org\/#organization","name":"Domine de Boisbuchet","url":"https:\/\/www.boisbuchet.org\/","logo":{"@type":"ImageObject","inLanguage":"fr-FR","@id":"https:\/\/www.boisbuchet.org\/#\/schema\/logo\/image\/","url":"https:\/\/www.boisbuchet.org\/wp-content\/uploads\/2019\/01\/logo_boisbuchet_black.png","contentUrl":"https:\/\/www.boisbuchet.org\/wp-content\/uploads\/2019\/01\/logo_boisbuchet_black.png","width":200,"height":73,"caption":"Domine de Boisbuchet"},"image":{"@id":"https:\/\/www.boisbuchet.org\/#\/schema\/logo\/image\/"},"sameAs":["https:\/\/www.facebook.com\/boisbuchet","https:\/\/x.com\/boisbuchet","https:\/\/www.instagram.com\/boisbuchet","https:\/\/www.linkedin.com\/company\/domaine-de-boisbuchet","https:\/\/www.pinterest.com\/boisbuchet"]},{"@type":"Person","@id":"https:\/\/www.boisbuchet.org\/#\/schema\/person\/37f6d78daf7b561c8175c85d605ef2f0","name":"pablo.sevilla","url":"https:\/\/www.boisbuchet.org\/fr\/author\/pablo-sevilla\/"}]}},"_links":{"self":[{"href":"https:\/\/www.boisbuchet.org\/fr\/wp-json\/wp\/v2\/posts\/18937","targetHints":{"allow":["GET"]}}],"collection":[{"href":"https:\/\/www.boisbuchet.org\/fr\/wp-json\/wp\/v2\/posts"}],"about":[{"href":"https:\/\/www.boisbuchet.org\/fr\/wp-json\/wp\/v2\/types\/post"}],"author":[{"embeddable":true,"href":"https:\/\/www.boisbuchet.org\/fr\/wp-json\/wp\/v2\/users\/566"}],"replies":[{"embeddable":true,"href":"https:\/\/www.boisbuchet.org\/fr\/wp-json\/wp\/v2\/comments?post=18937"}],"version-history":[{"count":12,"href":"https:\/\/www.boisbuchet.org\/fr\/wp-json\/wp\/v2\/posts\/18937\/revisions"}],"predecessor-version":[{"id":22021,"href":"https:\/\/www.boisbuchet.org\/fr\/wp-json\/wp\/v2\/posts\/18937\/revisions\/22021"}],"wp:featuredmedia":[{"embeddable":true,"href":"https:\/\/www.boisbuchet.org\/fr\/wp-json\/wp\/v2\/media\/18935"}],"wp:attachment":[{"href":"https:\/\/www.boisbuchet.org\/fr\/wp-json\/wp\/v2\/media?parent=18937"}],"wp:term":[{"taxonomy":"category","embeddable":true,"href":"https:\/\/www.boisbuchet.org\/fr\/wp-json\/wp\/v2\/categories?post=18937"},{"taxonomy":"post_tag","embeddable":true,"href":"https:\/\/www.boisbuchet.org\/fr\/wp-json\/wp\/v2\/tags?post=18937"}],"curies":[{"name":"wp","href":"https:\/\/api.w.org\/{rel}","templated":true}]}}