{"id":22159,"date":"2025-04-07T09:52:13","date_gmt":"2025-04-07T07:52:13","guid":{"rendered":"https:\/\/www.boisbuchet.org\/la-mission-du-design-aujourdhui-selon-six-directeurs-de-musees-internationaux-du-design\/"},"modified":"2025-04-07T15:50:56","modified_gmt":"2025-04-07T13:50:56","slug":"la-mission-du-design-aujourdhui-selon-six-directeurs-de-musees-internationaux-du-design","status":"publish","type":"post","link":"https:\/\/www.boisbuchet.org\/fr\/la-mission-du-design-aujourdhui-selon-six-directeurs-de-musees-internationaux-du-design\/","title":{"rendered":"La mission du design aujourd\u2019hui selon six directeurs de mus\u00e9es internationaux du design"},"content":{"rendered":"<div class=\"fusion-fullwidth fullwidth-box fusion-builder-row-1 nonhundred-percent-fullwidth non-hundred-percent-height-scrolling\" style=\"--awb-border-radius-top-left:0px;--awb-border-radius-top-right:0px;--awb-border-radius-bottom-right:0px;--awb-border-radius-bottom-left:0px;--awb-flex-wrap:wrap;\" ><div class=\"fusion-builder-row fusion-row\"><div class=\"fusion-layout-column fusion_builder_column fusion-builder-column-0 fusion_builder_column_1_1 1_1 fusion-one-full fusion-column-first fusion-column-last\" style=\"--awb-bg-size:cover;\"><div class=\"fusion-column-wrapper fusion-flex-column-wrapper-legacy\"><div class=\"fusion-title title fusion-title-1 fusion-sep-none fusion-title-center fusion-title-text fusion-title-size-three\" style=\"--awb-text-color:#999999;--awb-margin-top-small:0px;--awb-margin-right-small:0px;--awb-margin-bottom-small:20px;--awb-margin-left-small:0px;\"><h3 class=\"fusion-title-heading title-heading-center\" style=\"margin:0;\">EXPOSITION EUROPE DESIGN EXPRESS<\/h3><\/div><div class=\"fusion-title title fusion-title-2 fusion-title-center fusion-title-text fusion-title-size-one\" style=\"--awb-text-color:#333333;--awb-margin-top-small:0px;--awb-margin-right-small:0px;--awb-margin-bottom-small:20px;--awb-margin-left-small:0px;\"><div class=\"title-sep-container title-sep-container-left\"><div class=\"title-sep sep-single sep-solid\" style=\"border-color:#e0dede;\"><\/div><\/div><span class=\"awb-title-spacer\"><\/span><h1 class=\"fusion-title-heading title-heading-center\" style=\"margin:0;letter-spacing:5px;\">La mission du design aujourd\u2019hui<\/h1><span class=\"awb-title-spacer\"><\/span><div class=\"title-sep-container title-sep-container-right\"><div class=\"title-sep sep-single sep-solid\" style=\"border-color:#e0dede;\"><\/div><\/div><\/div><div class=\"fusion-title title fusion-title-3 fusion-sep-none fusion-title-center fusion-title-text fusion-title-size-six\" style=\"--awb-text-color:#999999;--awb-margin-top-small:0px;--awb-margin-right-small:0px;--awb-margin-bottom-small:20px;--awb-margin-left-small:0px;\"><h6 class=\"fusion-title-heading title-heading-center\" style=\"margin:0;\">22 F\u00c9VRIER \u2013 25 MAI<\/h6><\/div><div class=\"fusion-clearfix\"><\/div><\/div><\/div><\/div><\/div><div class=\"fusion-fullwidth fullwidth-box fusion-builder-row-2 fusion-flex-container has-pattern-background has-mask-background nonhundred-percent-fullwidth non-hundred-percent-height-scrolling\" style=\"--awb-border-radius-top-left:0px;--awb-border-radius-top-right:0px;--awb-border-radius-bottom-right:0px;--awb-border-radius-bottom-left:0px;--awb-flex-wrap:wrap;\" ><div class=\"fusion-builder-row fusion-row fusion-flex-align-items-flex-start fusion-flex-content-wrap\" style=\"max-width:1144px;margin-left: calc(-4% \/ 2 );margin-right: calc(-4% \/ 2 );\"><div class=\"fusion-layout-column fusion_builder_column fusion-builder-column-1 fusion_builder_column_1_1 1_1 fusion-flex-column\" style=\"--awb-bg-size:cover;--awb-width-large:100%;--awb-margin-top-large:0px;--awb-spacing-right-large:1.92%;--awb-margin-bottom-large:20px;--awb-spacing-left-large:1.92%;--awb-width-medium:100%;--awb-order-medium:0;--awb-spacing-right-medium:1.92%;--awb-spacing-left-medium:1.92%;--awb-width-small:100%;--awb-order-small:0;--awb-spacing-right-small:1.92%;--awb-spacing-left-small:1.92%;\"><div class=\"fusion-column-wrapper fusion-column-has-shadow fusion-flex-justify-content-flex-start fusion-content-layout-column\"><div class=\"fusion-image-element \" style=\"--awb-caption-title-font-family:var(--h2_typography-font-family);--awb-caption-title-font-weight:var(--h2_typography-font-weight);--awb-caption-title-font-style:var(--h2_typography-font-style);--awb-caption-title-size:var(--h2_typography-font-size);--awb-caption-title-transform:var(--h2_typography-text-transform);--awb-caption-title-line-height:var(--h2_typography-line-height);--awb-caption-title-letter-spacing:var(--h2_typography-letter-spacing);\"><span class=\" fusion-imageframe imageframe-none imageframe-1 hover-type-none\"><img decoding=\"async\" width=\"1200\" height=\"798\" title=\"Trans-Europa-Design-Express-opening-Pics-by-Ben-Nienhuis-94.jpg\" src=\"https:\/\/www.boisbuchet.org\/wp-content\/uploads\/2025\/04\/Trans-Europa-Design-Express-opening-Pics-by-Ben-Nienhuis-94.jpg.webp\" alt class=\"img-responsive wp-image-22150\" srcset=\"https:\/\/www.boisbuchet.org\/wp-content\/uploads\/2025\/04\/Trans-Europa-Design-Express-opening-Pics-by-Ben-Nienhuis-94.jpg-200x133.webp 200w, https:\/\/www.boisbuchet.org\/wp-content\/uploads\/2025\/04\/Trans-Europa-Design-Express-opening-Pics-by-Ben-Nienhuis-94.jpg-400x266.webp 400w, https:\/\/www.boisbuchet.org\/wp-content\/uploads\/2025\/04\/Trans-Europa-Design-Express-opening-Pics-by-Ben-Nienhuis-94.jpg-600x399.webp 600w, https:\/\/www.boisbuchet.org\/wp-content\/uploads\/2025\/04\/Trans-Europa-Design-Express-opening-Pics-by-Ben-Nienhuis-94.jpg-800x532.webp 800w, https:\/\/www.boisbuchet.org\/wp-content\/uploads\/2025\/04\/Trans-Europa-Design-Express-opening-Pics-by-Ben-Nienhuis-94.jpg.webp 1200w\" sizes=\"(max-width: 1024px) 100vw, (max-width: 640px) 100vw, 1200px\" \/><\/span><\/div><\/div><\/div><\/div><\/div><div class=\"fusion-fullwidth fullwidth-box fusion-builder-row-3 fusion-flex-container has-pattern-background has-mask-background nonhundred-percent-fullwidth non-hundred-percent-height-scrolling\" style=\"--awb-border-radius-top-left:0px;--awb-border-radius-top-right:0px;--awb-border-radius-bottom-right:0px;--awb-border-radius-bottom-left:0px;--awb-flex-wrap:wrap;\" ><div class=\"fusion-builder-row fusion-row fusion-flex-align-items-flex-start fusion-flex-content-wrap\" style=\"max-width:1144px;margin-left: calc(-4% \/ 2 );margin-right: calc(-4% \/ 2 );\"><div class=\"fusion-layout-column fusion_builder_column fusion-builder-column-2 fusion_builder_column_1_1 1_1 fusion-flex-column\" style=\"--awb-bg-size:cover;--awb-width-large:100%;--awb-margin-top-large:0px;--awb-spacing-right-large:1.92%;--awb-margin-bottom-large:20px;--awb-spacing-left-large:1.92%;--awb-width-medium:100%;--awb-order-medium:0;--awb-spacing-right-medium:1.92%;--awb-spacing-left-medium:1.92%;--awb-width-small:100%;--awb-order-small:0;--awb-spacing-right-small:1.92%;--awb-spacing-left-small:1.92%;\"><div class=\"fusion-column-wrapper fusion-column-has-shadow fusion-flex-justify-content-flex-start fusion-content-layout-column\"><div class=\"fusion-text fusion-text-1\"><p><strong>Du 22 f\u00e9vrier au 25 mai, le Design Museum Den Bosch, situ\u00e9 \u00e0 \u2018s-Hertogenbosch aux Pays-Bas, pr\u00e9sente l\u2019exposition Trans Europe Design Express \u2013 un voyage \u00e0 travers cinq collections de design. L\u2019invitation lanc\u00e9e par le directeur du mus\u00e9e, Timo de Rijk, \u00e0 organiser conjointement une exposition de design \u00e0 l\u2019\u00e9chelle europ\u00e9enne, a \u00e9t\u00e9 accept\u00e9e par le Domaine de Boisbuchet, la Triennale de Milan (Italie), le mus\u00e9e cantonal de design et d\u2019arts appliqu\u00e9s contemporains (Suisse), le Design Museum Danmark (Danemark) et le Brussels Design Museum (Belgique). Chacune de ces institutions contribue \u00e0 l\u2019exposition avec 25 pi\u00e8ces repr\u00e9sentatives issues de ses collections, afin d\u2019initier un dialogue europ\u00e9en sur leurs missions respectives et sur le r\u00f4le du design \u00e0 notre \u00e9poque.<\/strong><\/p>\n<\/div><div class=\"fusion-text fusion-text-2\"><p>L\u2019unicit\u00e9 de cette initiative \u2013 cinq mus\u00e9es de design accueillis par un sixi\u00e8me \u2013 rev\u00eat une port\u00e9e historique dans notre champ d\u2019expertise. Ensemble, ils s\u2019engagent dans bien plus qu\u2019une simple exposition ou qu\u2019un \u00e9change autour des pratiques et des collections : ils tracent une voie vers une r\u00e9flexion \u00e9largie sur la relation entre cohabitation, action et dialogue \u2013 des th\u00e9matiques cruciales pour la survie et l\u2019\u00e9volution des mus\u00e9es, en particulier ceux consacr\u00e9s au design. Cette r\u00e9flexion englobe les rapports entre sph\u00e8res publique et priv\u00e9e, les notions d\u2019(in)d\u00e9pendance, la fraternit\u00e9 institutionnelle dans la diversit\u00e9, ainsi que la r\u00e9\u00e9mergence d\u2019un \u201cnous\u201d collectif, en opposition \u00e0 un \u201cje\u201d solitaire et autoritaire.<\/p>\n<\/div><\/div><\/div><\/div><\/div><div class=\"fusion-fullwidth fullwidth-box fusion-builder-row-4 fusion-flex-container has-pattern-background has-mask-background nonhundred-percent-fullwidth non-hundred-percent-height-scrolling\" style=\"--awb-border-radius-top-left:0px;--awb-border-radius-top-right:0px;--awb-border-radius-bottom-right:0px;--awb-border-radius-bottom-left:0px;--awb-flex-wrap:wrap;\" ><div class=\"fusion-builder-row fusion-row fusion-flex-align-items-flex-start fusion-flex-content-wrap\" style=\"max-width:1144px;margin-left: calc(-4% \/ 2 );margin-right: calc(-4% \/ 2 );\"><div class=\"fusion-layout-column fusion_builder_column fusion-builder-column-3 fusion_builder_column_1_2 1_2 fusion-flex-column\" style=\"--awb-bg-size:cover;--awb-width-large:50%;--awb-margin-top-large:0px;--awb-spacing-right-large:3.84%;--awb-margin-bottom-large:20px;--awb-spacing-left-large:3.84%;--awb-width-medium:100%;--awb-order-medium:0;--awb-spacing-right-medium:1.92%;--awb-spacing-left-medium:1.92%;--awb-width-small:100%;--awb-order-small:0;--awb-spacing-right-small:1.92%;--awb-spacing-left-small:1.92%;\"><div class=\"fusion-column-wrapper fusion-column-has-shadow fusion-flex-justify-content-flex-start fusion-content-layout-column\"><div class=\"fusion-image-element \" style=\"--awb-caption-title-font-family:var(--h2_typography-font-family);--awb-caption-title-font-weight:var(--h2_typography-font-weight);--awb-caption-title-font-style:var(--h2_typography-font-style);--awb-caption-title-size:var(--h2_typography-font-size);--awb-caption-title-transform:var(--h2_typography-text-transform);--awb-caption-title-line-height:var(--h2_typography-line-height);--awb-caption-title-letter-spacing:var(--h2_typography-letter-spacing);\"><span class=\" fusion-imageframe imageframe-none imageframe-2 hover-type-none\"><img decoding=\"async\" width=\"1200\" height=\"798\" title=\"Trans-Europa-Design-Express-opening-Pics-by-Ben-Nienhuis-128.jpg\" src=\"https:\/\/www.boisbuchet.org\/wp-content\/uploads\/2025\/04\/Trans-Europa-Design-Express-opening-Pics-by-Ben-Nienhuis-128.jpg.webp\" alt class=\"img-responsive wp-image-22144\" srcset=\"https:\/\/www.boisbuchet.org\/wp-content\/uploads\/2025\/04\/Trans-Europa-Design-Express-opening-Pics-by-Ben-Nienhuis-128.jpg-200x133.webp 200w, https:\/\/www.boisbuchet.org\/wp-content\/uploads\/2025\/04\/Trans-Europa-Design-Express-opening-Pics-by-Ben-Nienhuis-128.jpg-400x266.webp 400w, https:\/\/www.boisbuchet.org\/wp-content\/uploads\/2025\/04\/Trans-Europa-Design-Express-opening-Pics-by-Ben-Nienhuis-128.jpg-600x399.webp 600w, https:\/\/www.boisbuchet.org\/wp-content\/uploads\/2025\/04\/Trans-Europa-Design-Express-opening-Pics-by-Ben-Nienhuis-128.jpg-800x532.webp 800w, https:\/\/www.boisbuchet.org\/wp-content\/uploads\/2025\/04\/Trans-Europa-Design-Express-opening-Pics-by-Ben-Nienhuis-128.jpg.webp 1200w\" sizes=\"(max-width: 1024px) 100vw, (max-width: 640px) 100vw, 600px\" \/><\/span><\/div><\/div><\/div><div class=\"fusion-layout-column fusion_builder_column fusion-builder-column-4 fusion_builder_column_1_2 1_2 fusion-flex-column\" style=\"--awb-bg-size:cover;--awb-width-large:50%;--awb-margin-top-large:0px;--awb-spacing-right-large:3.84%;--awb-margin-bottom-large:20px;--awb-spacing-left-large:3.84%;--awb-width-medium:100%;--awb-order-medium:0;--awb-spacing-right-medium:1.92%;--awb-spacing-left-medium:1.92%;--awb-width-small:100%;--awb-order-small:0;--awb-spacing-right-small:1.92%;--awb-spacing-left-small:1.92%;\"><div class=\"fusion-column-wrapper fusion-column-has-shadow fusion-flex-justify-content-flex-start fusion-content-layout-column\"><div class=\"fusion-image-element \" style=\"--awb-caption-title-font-family:var(--h2_typography-font-family);--awb-caption-title-font-weight:var(--h2_typography-font-weight);--awb-caption-title-font-style:var(--h2_typography-font-style);--awb-caption-title-size:var(--h2_typography-font-size);--awb-caption-title-transform:var(--h2_typography-text-transform);--awb-caption-title-line-height:var(--h2_typography-line-height);--awb-caption-title-letter-spacing:var(--h2_typography-letter-spacing);\"><span class=\" fusion-imageframe imageframe-none imageframe-3 hover-type-none\"><img decoding=\"async\" width=\"1200\" height=\"798\" title=\"Trans-Europa-Design-Express-opening-Pics-by-Ben-Nienhuis-95.jpg\" src=\"https:\/\/www.boisbuchet.org\/wp-content\/uploads\/2025\/04\/Trans-Europa-Design-Express-opening-Pics-by-Ben-Nienhuis-95.jpg.webp\" alt class=\"img-responsive wp-image-22148\" srcset=\"https:\/\/www.boisbuchet.org\/wp-content\/uploads\/2025\/04\/Trans-Europa-Design-Express-opening-Pics-by-Ben-Nienhuis-95.jpg-200x133.webp 200w, https:\/\/www.boisbuchet.org\/wp-content\/uploads\/2025\/04\/Trans-Europa-Design-Express-opening-Pics-by-Ben-Nienhuis-95.jpg-400x266.webp 400w, https:\/\/www.boisbuchet.org\/wp-content\/uploads\/2025\/04\/Trans-Europa-Design-Express-opening-Pics-by-Ben-Nienhuis-95.jpg-600x399.webp 600w, https:\/\/www.boisbuchet.org\/wp-content\/uploads\/2025\/04\/Trans-Europa-Design-Express-opening-Pics-by-Ben-Nienhuis-95.jpg-800x532.webp 800w, https:\/\/www.boisbuchet.org\/wp-content\/uploads\/2025\/04\/Trans-Europa-Design-Express-opening-Pics-by-Ben-Nienhuis-95.jpg.webp 1200w\" sizes=\"(max-width: 1024px) 100vw, (max-width: 640px) 100vw, 600px\" \/><\/span><\/div><\/div><\/div><\/div><\/div><div class=\"fusion-fullwidth fullwidth-box fusion-builder-row-5 fusion-flex-container has-pattern-background has-mask-background nonhundred-percent-fullwidth non-hundred-percent-height-scrolling\" style=\"--awb-border-radius-top-left:0px;--awb-border-radius-top-right:0px;--awb-border-radius-bottom-right:0px;--awb-border-radius-bottom-left:0px;--awb-flex-wrap:wrap;\" ><div class=\"fusion-builder-row fusion-row fusion-flex-align-items-flex-start fusion-flex-content-wrap\" style=\"max-width:1144px;margin-left: calc(-4% \/ 2 );margin-right: calc(-4% \/ 2 );\"><div class=\"fusion-layout-column fusion_builder_column fusion-builder-column-5 fusion_builder_column_1_1 1_1 fusion-flex-column\" style=\"--awb-bg-size:cover;--awb-width-large:100%;--awb-margin-top-large:0px;--awb-spacing-right-large:1.92%;--awb-margin-bottom-large:20px;--awb-spacing-left-large:1.92%;--awb-width-medium:100%;--awb-order-medium:0;--awb-spacing-right-medium:1.92%;--awb-spacing-left-medium:1.92%;--awb-width-small:100%;--awb-order-small:0;--awb-spacing-right-small:1.92%;--awb-spacing-left-small:1.92%;\"><div class=\"fusion-column-wrapper fusion-column-has-shadow fusion-flex-justify-content-flex-start fusion-content-layout-column\"><div class=\"fusion-text fusion-text-3\"><p><strong>Mus\u00e9e, d\u00e9finition de l\u2019ICOM \u2013 Prague, 2022<\/strong> : Un mus\u00e9e est une institution permanente, sans but lucratif, au service de la soci\u00e9t\u00e9. Il m\u00e8ne des activit\u00e9s de recherche, de collecte, de conservation, d\u2019interpr\u00e9tation et d\u2019exposition du patrimoine culturel mat\u00e9riel et immat\u00e9riel. Les mus\u00e9es sont ouverts au public, accessibles et inclusifs, et promeuvent la diversit\u00e9 ainsi que la durabilit\u00e9. Ils fonctionnent et communiquent de mani\u00e8re \u00e9thique et professionnelle, tout en impliquant les communaut\u00e9s et en offrant des exp\u00e9riences vari\u00e9es d\u2019apprentissage, de plaisir, de r\u00e9flexion et de partage des connaissances.<\/p>\n<p>Un mus\u00e9e de design, \u00e0 travers ses collections et ses programmes, a red\u00e9fini ses finalit\u00e9s par rapport \u00e0 un pass\u00e9 r\u00e9cent : il sert de plateforme de communication et d\u2019\u00e9ducation, t\u00e9moigne de la diversit\u00e9 des savoir-faire humains, propose une hypoth\u00e8se de coexistence int\u00e9grant m\u00e9moire et innovation, et l\u00e9gitime une certaine id\u00e9e de civilisation \u00e0 travers ce que l\u2019on pourrait appeler des objets ou projets civiques. Par ailleurs, les dimensions de la recherche par le design et \u00e0 travers le design prennent une importance croissante, car cette discipline est aujourd\u2019hui reconnue non seulement pour sa port\u00e9e culturelle, mais aussi \u2014 et peut-\u00eatre surtout \u2014 pour son r\u00f4le social et politique.<\/p>\n<p>Les objets civiques englobent des projets qui rel\u00e8vent souvent d\u2019une logique collective et d\u2019un esprit communautaire (par exemple : signal\u00e9tique routi\u00e8re, communication publique, mobilier urbain, \u00e9quipements pour personnes en situation de handicap, installations et mat\u00e9riels sportifs \u2014 pour ne citer que les exemples les plus \u00e9vidents). Ces objets sont omnipr\u00e9sents dans l\u2019administration publique, les \u00e9v\u00e9nements sportifs, les services de sant\u00e9, l\u2019\u00e9ducation et les transports.<\/p>\n<p>Le mus\u00e9e peut \u00eatre repens\u00e9 comme un m\u00e9canisme de r\u00e9duction des in\u00e9galit\u00e9s, un amplificateur de m\u00e9moires, un r\u00e9servoir de donn\u00e9es et d\u2019\u00e9tudes de cas, et un laboratoire de possibles. Il doit aussi devenir le d\u00e9p\u00f4t des droits et devoirs li\u00e9s au vivre-ensemble, \u00e0 travers toutes les formes que le design peut proposer dans la gestion de notre quotidien. Le design, en tant que forme dynamique et souple, s\u2019incarne dans des artefacts, des id\u00e9es et des lignes de pens\u00e9e, et constitue la preuve ultime du courage d\u2019assumer et de d\u00e9finir notre destin\u00e9e.<\/p>\n<p>Par la nature m\u00eame de ses collections et de ses programmes \u2014 profond\u00e9ment ancr\u00e9s dans la vie humaine et les exp\u00e9riences quotidiennes \u2014, un mus\u00e9e de design devrait \u00eatre un lieu id\u00e9al de dialogue entre des mondes d\u00e9sormais moins polaris\u00e9s mais toujours contigus : naturel\/artificiel, r\u00e9el\/virtuel, collectif\/individuel, auteur\/communaut\u00e9, tendance\/comportement. Un mus\u00e9e de design doit \u00eatre pour nous une agora, dont les seules fronti\u00e8res sont les murs physiques de l\u2019\u00e9difice qui l\u2019abrite \u2014 et pourtant, il faut reconna\u00eetre que les nations elles-m\u00eames sont aussi des constructions humaines.<\/p>\n<p>Pour que l\u2019h\u00e9ritage des ph\u00e9nom\u00e8nes socioculturels puisse devenir un rem\u00e8de pour la soci\u00e9t\u00e9, il faut un pouvoir institutionnel organis\u00e9 et horizontal. Quelles institutions ? Les mus\u00e9es, les universit\u00e9s, les th\u00e9\u00e2tres, les acad\u00e9mies, les centres de recherche et les lieux culturels sont autant de catalyseurs d\u2019\u00e9nergie et d\u2019espaces concrets pour la pr\u00e9sence et l\u2019expression collectives. Il est particuli\u00e8rement essentiel d\u2019impliquer les communaut\u00e9s migrantes, de plus en plus tiraill\u00e9es entre honte et fiert\u00e9, non pas simplement comme ressources ou r\u00e9servoirs de savoirs, mais comme acteurs \u00e0 part enti\u00e8re du discours culturel de nos soci\u00e9t\u00e9s.<\/p>\n<p>Un mus\u00e9e dot\u00e9 de collections et de programmes est un instrument agile de politique culturelle \u00e0 rayonnement mondial, car il fonctionne \u00e0 la fois comme sismographe des ph\u00e9nom\u00e8nes, thermom\u00e8tre des contextes locaux, et m\u00e9diateur de l\u2019\u201cessence singuli\u00e8re\u201d d\u2019un territoire, tout en favorisant les relations internationales.<\/p>\n<\/div><\/div><\/div><\/div><\/div><div class=\"fusion-fullwidth fullwidth-box fusion-builder-row-6 fusion-flex-container has-pattern-background has-mask-background nonhundred-percent-fullwidth non-hundred-percent-height-scrolling\" style=\"--awb-border-radius-top-left:0px;--awb-border-radius-top-right:0px;--awb-border-radius-bottom-right:0px;--awb-border-radius-bottom-left:0px;--awb-flex-wrap:wrap;\" ><div class=\"fusion-builder-row fusion-row fusion-flex-align-items-flex-start fusion-flex-content-wrap\" style=\"max-width:1144px;margin-left: calc(-4% \/ 2 );margin-right: calc(-4% \/ 2 );\"><div class=\"fusion-layout-column fusion_builder_column fusion-builder-column-6 fusion_builder_column_1_1 1_1 fusion-flex-column\" style=\"--awb-bg-size:cover;--awb-width-large:100%;--awb-margin-top-large:0px;--awb-spacing-right-large:1.92%;--awb-margin-bottom-large:20px;--awb-spacing-left-large:1.92%;--awb-width-medium:100%;--awb-order-medium:0;--awb-spacing-right-medium:1.92%;--awb-spacing-left-medium:1.92%;--awb-width-small:100%;--awb-order-small:0;--awb-spacing-right-small:1.92%;--awb-spacing-left-small:1.92%;\"><div class=\"fusion-column-wrapper fusion-column-has-shadow fusion-flex-justify-content-flex-start fusion-content-layout-column\"><div class=\"fusion-image-element \" style=\"--awb-caption-title-font-family:var(--h2_typography-font-family);--awb-caption-title-font-weight:var(--h2_typography-font-weight);--awb-caption-title-font-style:var(--h2_typography-font-style);--awb-caption-title-size:var(--h2_typography-font-size);--awb-caption-title-transform:var(--h2_typography-text-transform);--awb-caption-title-line-height:var(--h2_typography-line-height);--awb-caption-title-letter-spacing:var(--h2_typography-letter-spacing);\"><span class=\" fusion-imageframe imageframe-none imageframe-4 hover-type-none\"><img decoding=\"async\" width=\"1200\" height=\"798\" title=\"Trans-Europa-Design-Express-opening-Pics-by-Ben-Nienhuis-102.jpg\" src=\"https:\/\/www.boisbuchet.org\/wp-content\/uploads\/2025\/04\/Trans-Europa-Design-Express-opening-Pics-by-Ben-Nienhuis-102.jpg-1.webp\" alt class=\"img-responsive wp-image-22152\" srcset=\"https:\/\/www.boisbuchet.org\/wp-content\/uploads\/2025\/04\/Trans-Europa-Design-Express-opening-Pics-by-Ben-Nienhuis-102.jpg-1-200x133.webp 200w, https:\/\/www.boisbuchet.org\/wp-content\/uploads\/2025\/04\/Trans-Europa-Design-Express-opening-Pics-by-Ben-Nienhuis-102.jpg-1-400x266.webp 400w, https:\/\/www.boisbuchet.org\/wp-content\/uploads\/2025\/04\/Trans-Europa-Design-Express-opening-Pics-by-Ben-Nienhuis-102.jpg-1-600x399.webp 600w, https:\/\/www.boisbuchet.org\/wp-content\/uploads\/2025\/04\/Trans-Europa-Design-Express-opening-Pics-by-Ben-Nienhuis-102.jpg-1-800x532.webp 800w, https:\/\/www.boisbuchet.org\/wp-content\/uploads\/2025\/04\/Trans-Europa-Design-Express-opening-Pics-by-Ben-Nienhuis-102.jpg-1.webp 1200w\" sizes=\"(max-width: 1024px) 100vw, (max-width: 640px) 100vw, 1200px\" \/><\/span><\/div><\/div><\/div><\/div><\/div><div class=\"fusion-fullwidth fullwidth-box fusion-builder-row-7 fusion-flex-container has-pattern-background has-mask-background nonhundred-percent-fullwidth non-hundred-percent-height-scrolling\" style=\"--awb-border-radius-top-left:0px;--awb-border-radius-top-right:0px;--awb-border-radius-bottom-right:0px;--awb-border-radius-bottom-left:0px;--awb-flex-wrap:wrap;\" ><div class=\"fusion-builder-row fusion-row fusion-flex-align-items-flex-start fusion-flex-content-wrap\" style=\"max-width:1144px;margin-left: calc(-4% \/ 2 );margin-right: calc(-4% \/ 2 );\"><div class=\"fusion-layout-column fusion_builder_column fusion-builder-column-7 fusion_builder_column_1_1 1_1 fusion-flex-column\" style=\"--awb-bg-size:cover;--awb-width-large:100%;--awb-margin-top-large:0px;--awb-spacing-right-large:1.92%;--awb-margin-bottom-large:20px;--awb-spacing-left-large:1.92%;--awb-width-medium:100%;--awb-order-medium:0;--awb-spacing-right-medium:1.92%;--awb-spacing-left-medium:1.92%;--awb-width-small:100%;--awb-order-small:0;--awb-spacing-right-small:1.92%;--awb-spacing-left-small:1.92%;\"><div class=\"fusion-column-wrapper fusion-column-has-shadow fusion-flex-justify-content-flex-start fusion-content-layout-column\"><div class=\"fusion-text fusion-text-4\"><p>L\u2019historien Alessandro Barbero a d\u00e9clar\u00e9 : \u00ab Si je devais \u00e9tudier les vingt-cinq premi\u00e8res ann\u00e9es de ce si\u00e8cle, je me concentrerais sur les raisons pour lesquelles les d\u00e9mocraties ont cess\u00e9 de fonctionner efficacement. La d\u00e9mocratie existe pour que les individus puissent s\u2019exprimer, mais en Occident, cela est de moins en moins ressenti. \u00bb<\/p>\n<p>Un mus\u00e9e de design est aussi une synth\u00e8se de savoirs et un m\u00e9diateur socio-\u00e9conomique \u00e0 l\u2019\u00e9chelle d\u2019un vaste territoire. Ce type d\u2019institution ne devrait-il pas \u00eatre id\u00e9alement plac\u00e9 pour accueillir des pratiques relevant de la diplomatie culturelle, en assumant une fonction publique renouvel\u00e9e par l\u2019exercice d\u2019un soft power \u00e0 l\u2019\u00e9gard des institutions politiques et administratives ? Cela se concr\u00e9tise notamment par l\u2019exposition d\u2019objets existants ou nouveaux, de processus cr\u00e9atifs et productifs, de cultures mat\u00e9rielles et d\u2019innovations. Nos cinq institutions activent ainsi une large communaut\u00e9 d\u2019individus, unis par des valeurs communes : \u00e9thique du travail, transmission de standards minimaux favorisant la dignit\u00e9, la s\u00e9curit\u00e9 et l\u2019accessibilit\u00e9 dans les domaines du logement, des transports, des soins et de l\u2019\u00e9ducation. Ce champ de la diplomatie culturelle pourrait \u00eatre d\u00e9sign\u00e9 sous le nom de Design Museum Diplomacy.<\/p>\n<p>L\u2019Europe doit r\u00e9affirmer son r\u00f4le de gardienne de la d\u00e9mocratie et du vivre-ensemble. Elle doit le faire, entre autres, \u00e0 travers le design, en proposant de nouvelles images, contenus et id\u00e9es capables d\u2019accompagner le processus de r\u00e9\u00e9quilibrage social. De nouveaux r\u00e9cits doivent \u00e9merger pour affirmer que nos futurs sont encore possibles. Comme l\u2019a rappel\u00e9 Sergio Mattarella \u00e0 Marseille, le 5 f\u00e9vrier 2025 : \u00ab Ce ne sont pas d\u2019anciennes recettes adapt\u00e9es \u00e0 de nouveaux int\u00e9r\u00eats qu\u2019il nous faut, mais des id\u00e9es neuves. Il faut servir les personnes, car l\u2019histoire s\u2019inscrit dans le comportement humain. Et ce sont les universit\u00e9s et les mus\u00e9es qui sont les mieux plac\u00e9s pour faire \u00e9merger ces id\u00e9es. \u00bb<\/p>\n<p>Parmi les leviers essentiels figurent l\u2019\u00e9ducation et la compr\u00e9hension mutuelle, fondements du vivre-ensemble, ainsi que la libre circulation de l\u2019information. Il est imp\u00e9ratif de r\u00e9affirmer les principes fondateurs de la pens\u00e9e europ\u00e9enne, y compris les aspirations de ceux qui se sentent mis \u00e0 l\u2019\u00e9cart.<\/p>\n<p>Aujourd\u2019hui, il est donc plus que jamais n\u00e9cessaire de repenser la notion d\u2019influence que peut exercer un groupe ou un r\u00e9seau, en r\u00e9ponse \u00e0 ceux qui aspirent \u00e0 g\u00e9rer les biens communs \u00e0 travers des fonctions publiques. Ces nouveaux oligarques s\u2019appuient sur des outils issus de secteurs directement li\u00e9s au design : communication, innovation num\u00e9rique, logistique, mobilit\u00e9, services.<\/p>\n<p>Mais les mus\u00e9es ont un potentiel immense, et cela, l\u2019histoire nous l\u2019a montr\u00e9. Lorsque le premier mus\u00e9e de design au monde a \u00e9t\u00e9 fond\u00e9 \u00e0 Londres en 1851, \u00e0 la suite de la premi\u00e8re exposition universelle, ce fut avec l\u2019ambition de contribuer \u00e0 un monde meilleur. Apr\u00e8s le Victoria &amp; Albert Museum, une longue s\u00e9rie de mus\u00e9es europ\u00e9ens des arts d\u00e9coratifs et appliqu\u00e9s a vu le jour, port\u00e9s par le m\u00eame id\u00e9al. Ce r\u00eave \u00e9tait celui d\u2019une civilisation moderne qui aurait d\u00e9pass\u00e9 la guerre, pour faire de la comp\u00e9tence, du soin et de la qualit\u00e9 les nouvelles formes de comp\u00e9tition. Le design, \u00e0 toutes les \u00e9chelles, devait poser les fondations d\u2019une soci\u00e9t\u00e9 o\u00f9 les ressources b\u00e9n\u00e9ficient au plus grand nombre.<\/p>\n<p>Si les 175 derni\u00e8res ann\u00e9es n\u2019ont certainement pas mis fin aux conflits, il est manifeste que le design a aujourd\u2019hui plus que jamais le potentiel d\u2019agir comme un agent de transformation. Et de relever les d\u00e9fis mondiaux. Les mus\u00e9es de design portent ce savoir au quotidien, dans leur interaction constante avec les publics.<\/p>\n<p>Le design ne changera peut-\u00eatre pas le monde. Mais le monde, dans son ensemble, a \u00e9t\u00e9 fa\u00e7onn\u00e9 par le design. Et nous d\u00e9finissons notre soci\u00e9t\u00e9 \u00e0 travers ses manifestations mat\u00e9rielles. Les mus\u00e9es de design sont, de mani\u00e8re exemplaire, des lieux capables de s\u00e9duire de nouveaux groupes sociaux. Une nouvelle culture (visuelle) est en train d\u2019\u00e9merger avec clart\u00e9, notamment chez les jeunes g\u00e9n\u00e9rations \u2014 et elle trouve ses racines bien plus dans le design que dans les arts plastiques traditionnels. Le mus\u00e9e de design est sans doute la plateforme id\u00e9ale pour inventer une nouvelle forme de communication et un nouvel appel \u00e0 l\u2019action. Bien s\u00fbr, un mus\u00e9e de design continue de susciter, chez beaucoup, l\u2019attente de voir une parade d\u2019objets beaux et parfois historiques. Il n\u2019y a rien de mal \u00e0 cela. Mais les grands enjeux contemporains \u2014 qui concernent chacun d\u2019entre nous \u2014 peuvent aujourd\u2019hui \u00eatre abord\u00e9s avec une force singuli\u00e8re par un nouveau type de mus\u00e9e de design.<\/p>\n<\/div><\/div><\/div><\/div><\/div>\n","protected":false},"excerpt":{"rendered":"","protected":false},"author":707,"featured_media":22163,"comment_status":"closed","ping_status":"open","sticky":false,"template":"","format":"standard","meta":{"_monsterinsights_skip_tracking":false,"_monsterinsights_sitenote_active":false,"_monsterinsights_sitenote_note":"","_monsterinsights_sitenote_category":0,"footnotes":""},"categories":[167,1],"tags":[],"class_list":["post-22159","post","type-post","status-publish","format-standard","has-post-thumbnail","hentry","category-news-events","category-uncategorized"],"yoast_head":"<!-- This site is optimized with the Yoast SEO plugin v27.1.1 - https:\/\/yoast.com\/product\/yoast-seo-wordpress\/ -->\n<title>La mission du design aujourd\u2019hui selon six directeurs de mus\u00e9es internationaux du design | Domaine de Boisbuchet<\/title>\n<meta name=\"robots\" content=\"index, follow, max-snippet:-1, max-image-preview:large, max-video-preview:-1\" \/>\n<link rel=\"canonical\" href=\"https:\/\/www.boisbuchet.org\/the-mission-of-design-today-according-to-six-international-design-museum-directors\/\" \/>\n<meta property=\"og:locale\" content=\"fr_FR\" \/>\n<meta property=\"og:type\" content=\"article\" \/>\n<meta property=\"og:title\" content=\"La mission du design aujourd\u2019hui selon six directeurs de mus\u00e9es internationaux du design | Domaine de Boisbuchet\" \/>\n<meta property=\"og:url\" content=\"https:\/\/www.boisbuchet.org\/the-mission-of-design-today-according-to-six-international-design-museum-directors\/\" \/>\n<meta property=\"og:site_name\" content=\"Domaine de Boisbuchet\" \/>\n<meta property=\"article:publisher\" content=\"https:\/\/www.facebook.com\/boisbuchet\" \/>\n<meta property=\"article:published_time\" content=\"2025-04-07T07:52:13+00:00\" \/>\n<meta property=\"article:modified_time\" content=\"2025-04-07T13:50:56+00:00\" \/>\n<meta property=\"og:image\" content=\"https:\/\/www.boisbuchet.org\/wp-content\/uploads\/2025\/04\/DesignExpress.jpg\" \/>\n\t<meta property=\"og:image:width\" content=\"724\" \/>\n\t<meta property=\"og:image:height\" content=\"542\" \/>\n\t<meta property=\"og:image:type\" content=\"image\/jpeg\" \/>\n<meta name=\"author\" content=\"Guillermo Gil\" \/>\n<meta name=\"twitter:card\" content=\"summary_large_image\" \/>\n<meta name=\"twitter:creator\" content=\"@boisbuchet\" \/>\n<meta name=\"twitter:site\" content=\"@boisbuchet\" \/>\n<meta name=\"twitter:label1\" content=\"\u00c9crit par\" \/>\n\t<meta name=\"twitter:data1\" content=\"Guillermo Gil\" \/>\n\t<meta name=\"twitter:label2\" content=\"Dur\u00e9e de lecture estim\u00e9e\" \/>\n\t<meta name=\"twitter:data2\" content=\"42 minutes\" \/>\n<script type=\"application\/ld+json\" class=\"yoast-schema-graph\">{\"@context\":\"https:\/\/schema.org\",\"@graph\":[{\"@type\":\"Article\",\"@id\":\"https:\/\/www.boisbuchet.org\/the-mission-of-design-today-according-to-six-international-design-museum-directors\/#article\",\"isPartOf\":{\"@id\":\"https:\/\/www.boisbuchet.org\/the-mission-of-design-today-according-to-six-international-design-museum-directors\/\"},\"author\":{\"name\":\"Guillermo Gil\",\"@id\":\"https:\/\/www.boisbuchet.org\/#\/schema\/person\/bf36436f4f3a9964d184d22cbfecf9a3\"},\"headline\":\"La mission du design aujourd\u2019hui selon six directeurs de mus\u00e9es internationaux du design\",\"datePublished\":\"2025-04-07T07:52:13+00:00\",\"dateModified\":\"2025-04-07T13:50:56+00:00\",\"mainEntityOfPage\":{\"@id\":\"https:\/\/www.boisbuchet.org\/the-mission-of-design-today-according-to-six-international-design-museum-directors\/\"},\"wordCount\":8321,\"publisher\":{\"@id\":\"https:\/\/www.boisbuchet.org\/#organization\"},\"image\":{\"@id\":\"https:\/\/www.boisbuchet.org\/the-mission-of-design-today-according-to-six-international-design-museum-directors\/#primaryimage\"},\"thumbnailUrl\":\"https:\/\/www.boisbuchet.org\/wp-content\/uploads\/2025\/04\/DesignExpress.jpg\",\"articleSection\":[\"News &amp; Events\",\"Uncategorized\"],\"inLanguage\":\"fr-FR\"},{\"@type\":\"WebPage\",\"@id\":\"https:\/\/www.boisbuchet.org\/the-mission-of-design-today-according-to-six-international-design-museum-directors\/\",\"url\":\"https:\/\/www.boisbuchet.org\/the-mission-of-design-today-according-to-six-international-design-museum-directors\/\",\"name\":\"La mission du design aujourd\u2019hui selon six directeurs de mus\u00e9es internationaux du design | Domaine de Boisbuchet\",\"isPartOf\":{\"@id\":\"https:\/\/www.boisbuchet.org\/#website\"},\"primaryImageOfPage\":{\"@id\":\"https:\/\/www.boisbuchet.org\/the-mission-of-design-today-according-to-six-international-design-museum-directors\/#primaryimage\"},\"image\":{\"@id\":\"https:\/\/www.boisbuchet.org\/the-mission-of-design-today-according-to-six-international-design-museum-directors\/#primaryimage\"},\"thumbnailUrl\":\"https:\/\/www.boisbuchet.org\/wp-content\/uploads\/2025\/04\/DesignExpress.jpg\",\"datePublished\":\"2025-04-07T07:52:13+00:00\",\"dateModified\":\"2025-04-07T13:50:56+00:00\",\"breadcrumb\":{\"@id\":\"https:\/\/www.boisbuchet.org\/the-mission-of-design-today-according-to-six-international-design-museum-directors\/#breadcrumb\"},\"inLanguage\":\"fr-FR\",\"potentialAction\":[{\"@type\":\"ReadAction\",\"target\":[\"https:\/\/www.boisbuchet.org\/the-mission-of-design-today-according-to-six-international-design-museum-directors\/\"]}]},{\"@type\":\"ImageObject\",\"inLanguage\":\"fr-FR\",\"@id\":\"https:\/\/www.boisbuchet.org\/the-mission-of-design-today-according-to-six-international-design-museum-directors\/#primaryimage\",\"url\":\"https:\/\/www.boisbuchet.org\/wp-content\/uploads\/2025\/04\/DesignExpress.jpg\",\"contentUrl\":\"https:\/\/www.boisbuchet.org\/wp-content\/uploads\/2025\/04\/DesignExpress.jpg\",\"width\":724,\"height\":542},{\"@type\":\"BreadcrumbList\",\"@id\":\"https:\/\/www.boisbuchet.org\/the-mission-of-design-today-according-to-six-international-design-museum-directors\/#breadcrumb\",\"itemListElement\":[{\"@type\":\"ListItem\",\"position\":1,\"name\":\"Home\",\"item\":\"https:\/\/www.boisbuchet.org\/fr\/\"},{\"@type\":\"ListItem\",\"position\":2,\"name\":\"La mission du design aujourd\u2019hui selon six directeurs de mus\u00e9es internationaux du design\"}]},{\"@type\":\"WebSite\",\"@id\":\"https:\/\/www.boisbuchet.org\/#website\",\"url\":\"https:\/\/www.boisbuchet.org\/\",\"name\":\"Domaine de Boisbuchet\",\"description\":\"Summer Workshops | Park | Event\u00a0Location\",\"publisher\":{\"@id\":\"https:\/\/www.boisbuchet.org\/#organization\"},\"potentialAction\":[{\"@type\":\"SearchAction\",\"target\":{\"@type\":\"EntryPoint\",\"urlTemplate\":\"https:\/\/www.boisbuchet.org\/?s={search_term_string}\"},\"query-input\":{\"@type\":\"PropertyValueSpecification\",\"valueRequired\":true,\"valueName\":\"search_term_string\"}}],\"inLanguage\":\"fr-FR\"},{\"@type\":\"Organization\",\"@id\":\"https:\/\/www.boisbuchet.org\/#organization\",\"name\":\"Domine de Boisbuchet\",\"url\":\"https:\/\/www.boisbuchet.org\/\",\"logo\":{\"@type\":\"ImageObject\",\"inLanguage\":\"fr-FR\",\"@id\":\"https:\/\/www.boisbuchet.org\/#\/schema\/logo\/image\/\",\"url\":\"https:\/\/www.boisbuchet.org\/wp-content\/uploads\/2019\/01\/logo_boisbuchet_black.png\",\"contentUrl\":\"https:\/\/www.boisbuchet.org\/wp-content\/uploads\/2019\/01\/logo_boisbuchet_black.png\",\"width\":200,\"height\":73,\"caption\":\"Domine de Boisbuchet\"},\"image\":{\"@id\":\"https:\/\/www.boisbuchet.org\/#\/schema\/logo\/image\/\"},\"sameAs\":[\"https:\/\/www.facebook.com\/boisbuchet\",\"https:\/\/x.com\/boisbuchet\",\"https:\/\/www.instagram.com\/boisbuchet\",\"https:\/\/www.linkedin.com\/company\/domaine-de-boisbuchet\",\"https:\/\/www.pinterest.com\/boisbuchet\"]},{\"@type\":\"Person\",\"@id\":\"https:\/\/www.boisbuchet.org\/#\/schema\/person\/bf36436f4f3a9964d184d22cbfecf9a3\",\"name\":\"Guillermo Gil\",\"url\":\"https:\/\/www.boisbuchet.org\/fr\/author\/guillermo\/\"}]}<\/script>\n<!-- \/ Yoast SEO plugin. -->","yoast_head_json":{"title":"La mission du design aujourd\u2019hui selon six directeurs de mus\u00e9es internationaux du design | Domaine de Boisbuchet","robots":{"index":"index","follow":"follow","max-snippet":"max-snippet:-1","max-image-preview":"max-image-preview:large","max-video-preview":"max-video-preview:-1"},"canonical":"https:\/\/www.boisbuchet.org\/the-mission-of-design-today-according-to-six-international-design-museum-directors\/","og_locale":"fr_FR","og_type":"article","og_title":"La mission du design aujourd\u2019hui selon six directeurs de mus\u00e9es internationaux du design | Domaine de Boisbuchet","og_url":"https:\/\/www.boisbuchet.org\/the-mission-of-design-today-according-to-six-international-design-museum-directors\/","og_site_name":"Domaine de Boisbuchet","article_publisher":"https:\/\/www.facebook.com\/boisbuchet","article_published_time":"2025-04-07T07:52:13+00:00","article_modified_time":"2025-04-07T13:50:56+00:00","og_image":[{"width":724,"height":542,"url":"https:\/\/www.boisbuchet.org\/wp-content\/uploads\/2025\/04\/DesignExpress.jpg","type":"image\/jpeg"}],"author":"Guillermo Gil","twitter_card":"summary_large_image","twitter_creator":"@boisbuchet","twitter_site":"@boisbuchet","twitter_misc":{"\u00c9crit par":"Guillermo Gil","Dur\u00e9e de lecture estim\u00e9e":"42 minutes"},"schema":{"@context":"https:\/\/schema.org","@graph":[{"@type":"Article","@id":"https:\/\/www.boisbuchet.org\/the-mission-of-design-today-according-to-six-international-design-museum-directors\/#article","isPartOf":{"@id":"https:\/\/www.boisbuchet.org\/the-mission-of-design-today-according-to-six-international-design-museum-directors\/"},"author":{"name":"Guillermo Gil","@id":"https:\/\/www.boisbuchet.org\/#\/schema\/person\/bf36436f4f3a9964d184d22cbfecf9a3"},"headline":"La mission du design aujourd\u2019hui selon six directeurs de mus\u00e9es internationaux du design","datePublished":"2025-04-07T07:52:13+00:00","dateModified":"2025-04-07T13:50:56+00:00","mainEntityOfPage":{"@id":"https:\/\/www.boisbuchet.org\/the-mission-of-design-today-according-to-six-international-design-museum-directors\/"},"wordCount":8321,"publisher":{"@id":"https:\/\/www.boisbuchet.org\/#organization"},"image":{"@id":"https:\/\/www.boisbuchet.org\/the-mission-of-design-today-according-to-six-international-design-museum-directors\/#primaryimage"},"thumbnailUrl":"https:\/\/www.boisbuchet.org\/wp-content\/uploads\/2025\/04\/DesignExpress.jpg","articleSection":["News &amp; Events","Uncategorized"],"inLanguage":"fr-FR"},{"@type":"WebPage","@id":"https:\/\/www.boisbuchet.org\/the-mission-of-design-today-according-to-six-international-design-museum-directors\/","url":"https:\/\/www.boisbuchet.org\/the-mission-of-design-today-according-to-six-international-design-museum-directors\/","name":"La mission du design aujourd\u2019hui selon six directeurs de mus\u00e9es internationaux du design | Domaine de Boisbuchet","isPartOf":{"@id":"https:\/\/www.boisbuchet.org\/#website"},"primaryImageOfPage":{"@id":"https:\/\/www.boisbuchet.org\/the-mission-of-design-today-according-to-six-international-design-museum-directors\/#primaryimage"},"image":{"@id":"https:\/\/www.boisbuchet.org\/the-mission-of-design-today-according-to-six-international-design-museum-directors\/#primaryimage"},"thumbnailUrl":"https:\/\/www.boisbuchet.org\/wp-content\/uploads\/2025\/04\/DesignExpress.jpg","datePublished":"2025-04-07T07:52:13+00:00","dateModified":"2025-04-07T13:50:56+00:00","breadcrumb":{"@id":"https:\/\/www.boisbuchet.org\/the-mission-of-design-today-according-to-six-international-design-museum-directors\/#breadcrumb"},"inLanguage":"fr-FR","potentialAction":[{"@type":"ReadAction","target":["https:\/\/www.boisbuchet.org\/the-mission-of-design-today-according-to-six-international-design-museum-directors\/"]}]},{"@type":"ImageObject","inLanguage":"fr-FR","@id":"https:\/\/www.boisbuchet.org\/the-mission-of-design-today-according-to-six-international-design-museum-directors\/#primaryimage","url":"https:\/\/www.boisbuchet.org\/wp-content\/uploads\/2025\/04\/DesignExpress.jpg","contentUrl":"https:\/\/www.boisbuchet.org\/wp-content\/uploads\/2025\/04\/DesignExpress.jpg","width":724,"height":542},{"@type":"BreadcrumbList","@id":"https:\/\/www.boisbuchet.org\/the-mission-of-design-today-according-to-six-international-design-museum-directors\/#breadcrumb","itemListElement":[{"@type":"ListItem","position":1,"name":"Home","item":"https:\/\/www.boisbuchet.org\/fr\/"},{"@type":"ListItem","position":2,"name":"La mission du design aujourd\u2019hui selon six directeurs de mus\u00e9es internationaux du design"}]},{"@type":"WebSite","@id":"https:\/\/www.boisbuchet.org\/#website","url":"https:\/\/www.boisbuchet.org\/","name":"Domaine de Boisbuchet","description":"Summer Workshops | Park | Event\u00a0Location","publisher":{"@id":"https:\/\/www.boisbuchet.org\/#organization"},"potentialAction":[{"@type":"SearchAction","target":{"@type":"EntryPoint","urlTemplate":"https:\/\/www.boisbuchet.org\/?s={search_term_string}"},"query-input":{"@type":"PropertyValueSpecification","valueRequired":true,"valueName":"search_term_string"}}],"inLanguage":"fr-FR"},{"@type":"Organization","@id":"https:\/\/www.boisbuchet.org\/#organization","name":"Domine de Boisbuchet","url":"https:\/\/www.boisbuchet.org\/","logo":{"@type":"ImageObject","inLanguage":"fr-FR","@id":"https:\/\/www.boisbuchet.org\/#\/schema\/logo\/image\/","url":"https:\/\/www.boisbuchet.org\/wp-content\/uploads\/2019\/01\/logo_boisbuchet_black.png","contentUrl":"https:\/\/www.boisbuchet.org\/wp-content\/uploads\/2019\/01\/logo_boisbuchet_black.png","width":200,"height":73,"caption":"Domine de Boisbuchet"},"image":{"@id":"https:\/\/www.boisbuchet.org\/#\/schema\/logo\/image\/"},"sameAs":["https:\/\/www.facebook.com\/boisbuchet","https:\/\/x.com\/boisbuchet","https:\/\/www.instagram.com\/boisbuchet","https:\/\/www.linkedin.com\/company\/domaine-de-boisbuchet","https:\/\/www.pinterest.com\/boisbuchet"]},{"@type":"Person","@id":"https:\/\/www.boisbuchet.org\/#\/schema\/person\/bf36436f4f3a9964d184d22cbfecf9a3","name":"Guillermo Gil","url":"https:\/\/www.boisbuchet.org\/fr\/author\/guillermo\/"}]}},"_links":{"self":[{"href":"https:\/\/www.boisbuchet.org\/fr\/wp-json\/wp\/v2\/posts\/22159","targetHints":{"allow":["GET"]}}],"collection":[{"href":"https:\/\/www.boisbuchet.org\/fr\/wp-json\/wp\/v2\/posts"}],"about":[{"href":"https:\/\/www.boisbuchet.org\/fr\/wp-json\/wp\/v2\/types\/post"}],"author":[{"embeddable":true,"href":"https:\/\/www.boisbuchet.org\/fr\/wp-json\/wp\/v2\/users\/707"}],"replies":[{"embeddable":true,"href":"https:\/\/www.boisbuchet.org\/fr\/wp-json\/wp\/v2\/comments?post=22159"}],"version-history":[{"count":4,"href":"https:\/\/www.boisbuchet.org\/fr\/wp-json\/wp\/v2\/posts\/22159\/revisions"}],"predecessor-version":[{"id":22165,"href":"https:\/\/www.boisbuchet.org\/fr\/wp-json\/wp\/v2\/posts\/22159\/revisions\/22165"}],"wp:featuredmedia":[{"embeddable":true,"href":"https:\/\/www.boisbuchet.org\/fr\/wp-json\/wp\/v2\/media\/22163"}],"wp:attachment":[{"href":"https:\/\/www.boisbuchet.org\/fr\/wp-json\/wp\/v2\/media?parent=22159"}],"wp:term":[{"taxonomy":"category","embeddable":true,"href":"https:\/\/www.boisbuchet.org\/fr\/wp-json\/wp\/v2\/categories?post=22159"},{"taxonomy":"post_tag","embeddable":true,"href":"https:\/\/www.boisbuchet.org\/fr\/wp-json\/wp\/v2\/tags?post=22159"}],"curies":[{"name":"wp","href":"https:\/\/api.w.org\/{rel}","templated":true}]}}