{"id":22182,"date":"2025-04-07T16:47:14","date_gmt":"2025-04-07T14:47:14","guid":{"rendered":"https:\/\/www.boisbuchet.org\/domaine-de-boisbuchet-et-alea-presentent-un-projet-commun-a-la-milan-design-week-2025\/"},"modified":"2025-04-08T18:38:58","modified_gmt":"2025-04-08T16:38:58","slug":"domaine-de-boisbuchet-et-alea-presentent-un-projet-commun-a-la-milan-design-week-2025","status":"publish","type":"post","link":"https:\/\/www.boisbuchet.org\/fr\/domaine-de-boisbuchet-et-alea-presentent-un-projet-commun-a-la-milan-design-week-2025\/","title":{"rendered":"Domaine de Boisbuchet et Al\u00e9a pr\u00e9sentent un projet commun \u00e0 la Milan Design Week 2025"},"content":{"rendered":"<div class=\"fusion-fullwidth fullwidth-box fusion-builder-row-1 nonhundred-percent-fullwidth non-hundred-percent-height-scrolling\" style=\"--awb-border-radius-top-left:0px;--awb-border-radius-top-right:0px;--awb-border-radius-bottom-right:0px;--awb-border-radius-bottom-left:0px;--awb-flex-wrap:wrap;\" ><div class=\"fusion-builder-row fusion-row\"><div class=\"fusion-layout-column fusion_builder_column fusion-builder-column-0 fusion_builder_column_1_1 1_1 fusion-one-full fusion-column-first fusion-column-last\" style=\"--awb-bg-size:cover;\"><div class=\"fusion-column-wrapper fusion-flex-column-wrapper-legacy\"><div class=\"fusion-title title fusion-title-1 fusion-sep-none fusion-title-center fusion-title-text fusion-title-size-three\" style=\"--awb-text-color:#999999;--awb-margin-top-small:0px;--awb-margin-right-small:0px;--awb-margin-bottom-small:20px;--awb-margin-left-small:0px;\"><h3 class=\"fusion-title-heading title-heading-center\" style=\"margin:0;\">2025 Milano Design Week<\/h3><\/div><div class=\"fusion-title title fusion-title-2 fusion-title-center fusion-title-text fusion-title-size-one\" style=\"--awb-text-color:#333333;--awb-margin-top-small:0px;--awb-margin-right-small:0px;--awb-margin-bottom-small:20px;--awb-margin-left-small:0px;\"><div class=\"title-sep-container title-sep-container-left\"><div class=\"title-sep sep-single sep-solid\" style=\"border-color:#e0dede;\"><\/div><\/div><span class=\"awb-title-spacer\"><\/span><h1 class=\"fusion-title-heading title-heading-center\" style=\"margin:0;letter-spacing:5px;\">PROCESSO E FUNGHI &#8211; THE GARDEN LAB<\/h1><span class=\"awb-title-spacer\"><\/span><div class=\"title-sep-container title-sep-container-right\"><div class=\"title-sep sep-single sep-solid\" style=\"border-color:#e0dede;\"><\/div><\/div><\/div><div class=\"fusion-title title fusion-title-3 fusion-sep-none fusion-title-center fusion-title-text fusion-title-size-six\" style=\"--awb-text-color:#999999;--awb-margin-top-small:0px;--awb-margin-right-small:0px;--awb-margin-bottom-small:20px;--awb-margin-left-small:0px;\"><h6 class=\"fusion-title-heading title-heading-center\" style=\"margin:0;\">7 avril \u2013 13 avril<\/h6><\/div><div class=\"fusion-clearfix\"><\/div><\/div><\/div><\/div><\/div><div class=\"fusion-fullwidth fullwidth-box fusion-builder-row-2 fusion-flex-container has-pattern-background has-mask-background nonhundred-percent-fullwidth non-hundred-percent-height-scrolling\" style=\"--awb-border-radius-top-left:0px;--awb-border-radius-top-right:0px;--awb-border-radius-bottom-right:0px;--awb-border-radius-bottom-left:0px;--awb-flex-wrap:wrap;\" ><div class=\"fusion-builder-row fusion-row fusion-flex-align-items-flex-start fusion-flex-content-wrap\" style=\"max-width:1144px;margin-left: calc(-4% \/ 2 );margin-right: calc(-4% \/ 2 );\"><div class=\"fusion-layout-column fusion_builder_column fusion-builder-column-1 fusion_builder_column_1_1 1_1 fusion-flex-column\" style=\"--awb-bg-size:cover;--awb-width-large:100%;--awb-margin-top-large:0px;--awb-spacing-right-large:1.92%;--awb-margin-bottom-large:20px;--awb-spacing-left-large:1.92%;--awb-width-medium:100%;--awb-order-medium:0;--awb-spacing-right-medium:1.92%;--awb-spacing-left-medium:1.92%;--awb-width-small:100%;--awb-order-small:0;--awb-spacing-right-small:1.92%;--awb-spacing-left-small:1.92%;\"><div class=\"fusion-column-wrapper fusion-column-has-shadow fusion-flex-justify-content-flex-start fusion-content-layout-column\"><div class=\"fusion-image-element \" style=\"--awb-caption-title-font-family:var(--h2_typography-font-family);--awb-caption-title-font-weight:var(--h2_typography-font-weight);--awb-caption-title-font-style:var(--h2_typography-font-style);--awb-caption-title-size:var(--h2_typography-font-size);--awb-caption-title-transform:var(--h2_typography-text-transform);--awb-caption-title-line-height:var(--h2_typography-line-height);--awb-caption-title-letter-spacing:var(--h2_typography-letter-spacing);\"><span class=\" fusion-imageframe imageframe-none imageframe-1 hover-type-none\"><img decoding=\"async\" width=\"1080\" height=\"1350\" title=\"Milan_Design_Week_Alea6\" src=\"https:\/\/www.boisbuchet.org\/wp-content\/uploads\/2025\/04\/Milan_Design_Week_Alea6.jpeg\" alt class=\"img-responsive wp-image-22178\" srcset=\"https:\/\/www.boisbuchet.org\/wp-content\/uploads\/2025\/04\/Milan_Design_Week_Alea6-200x250.jpeg 200w, https:\/\/www.boisbuchet.org\/wp-content\/uploads\/2025\/04\/Milan_Design_Week_Alea6-400x500.jpeg 400w, https:\/\/www.boisbuchet.org\/wp-content\/uploads\/2025\/04\/Milan_Design_Week_Alea6-600x750.jpeg 600w, https:\/\/www.boisbuchet.org\/wp-content\/uploads\/2025\/04\/Milan_Design_Week_Alea6-800x1000.jpeg 800w, https:\/\/www.boisbuchet.org\/wp-content\/uploads\/2025\/04\/Milan_Design_Week_Alea6.jpeg 1080w\" sizes=\"(max-width: 1024px) 100vw, (max-width: 640px) 100vw, 1080px\" \/><\/span><\/div><\/div><\/div><\/div><\/div><div class=\"fusion-fullwidth fullwidth-box fusion-builder-row-3 fusion-flex-container has-pattern-background has-mask-background nonhundred-percent-fullwidth non-hundred-percent-height-scrolling\" style=\"--awb-border-radius-top-left:0px;--awb-border-radius-top-right:0px;--awb-border-radius-bottom-right:0px;--awb-border-radius-bottom-left:0px;--awb-flex-wrap:wrap;\" ><div class=\"fusion-builder-row fusion-row fusion-flex-align-items-flex-start fusion-flex-content-wrap\" style=\"max-width:1144px;margin-left: calc(-4% \/ 2 );margin-right: calc(-4% \/ 2 );\"><div class=\"fusion-layout-column fusion_builder_column fusion-builder-column-2 fusion_builder_column_1_1 1_1 fusion-flex-column\" style=\"--awb-bg-size:cover;--awb-width-large:100%;--awb-margin-top-large:0px;--awb-spacing-right-large:1.92%;--awb-margin-bottom-large:20px;--awb-spacing-left-large:1.92%;--awb-width-medium:100%;--awb-order-medium:0;--awb-spacing-right-medium:1.92%;--awb-spacing-left-medium:1.92%;--awb-width-small:100%;--awb-order-small:0;--awb-spacing-right-small:1.92%;--awb-spacing-left-small:1.92%;\"><div class=\"fusion-column-wrapper fusion-column-has-shadow fusion-flex-justify-content-flex-start fusion-content-layout-column\"><div class=\"fusion-text fusion-text-1\"><p><strong>Processo e Funghi \u2013 The Garden Lab<\/strong><\/p>\n<p>7 \u2013 13 avril 2025<br \/>\u00c0 BASE Milano \u2013 Via Bergognone 34<\/p>\n<p>Une installation du studio parisien <strong>Al\u00e9a Work<\/strong>, en collaboration avec le <strong>Domaine de Boisbuchet<\/strong> et <strong>BASE Milano<\/strong>, avec le soutien de l\u2019<strong>Institut Fran\u00e7ais<\/strong>.<\/p>\n<p>The Garden Lab, con\u00e7u par Domaine de Boisbuchet et Al\u00e9a Work, est une initiative de recherche d\u00e9di\u00e9e \u00e0 l\u2019exp\u00e9rimentation et \u00e0 la collaboration en design bio-inclusif. La myco-fabrication \u2013 un proc\u00e9d\u00e9 utilisant le myc\u00e9lium pour lier des d\u00e9chets et en faire des mat\u00e9riaux \u2013 repose habituellement sur des environnements st\u00e9riles et contr\u00f4l\u00e9s. La m\u00e9thode <em>Back to Dirt<\/em> d\u00e9velopp\u00e9e par Al\u00e9a remet en question cette norme en cultivant le myc\u00e9lium directement dans la terre, sans st\u00e9rilisation, sans consommation \u00e9nerg\u00e9tique, sans moules synth\u00e9tiques, tout en exploitant sa capacit\u00e9 \u00e0 r\u00e9g\u00e9n\u00e9rer les \u00e9cosyst\u00e8mes.<\/p>\n<\/div><\/div><\/div><\/div><\/div><div class=\"fusion-fullwidth fullwidth-box fusion-builder-row-4 fusion-flex-container has-pattern-background has-mask-background nonhundred-percent-fullwidth non-hundred-percent-height-scrolling\" style=\"--awb-border-radius-top-left:0px;--awb-border-radius-top-right:0px;--awb-border-radius-bottom-right:0px;--awb-border-radius-bottom-left:0px;--awb-flex-wrap:wrap;\" ><div class=\"fusion-builder-row fusion-row fusion-flex-align-items-flex-start fusion-flex-content-wrap\" style=\"max-width:1144px;margin-left: calc(-4% \/ 2 );margin-right: calc(-4% \/ 2 );\"><div class=\"fusion-layout-column fusion_builder_column fusion-builder-column-3 fusion_builder_column_1_2 1_2 fusion-flex-column\" style=\"--awb-bg-size:cover;--awb-width-large:50%;--awb-margin-top-large:0px;--awb-spacing-right-large:3.84%;--awb-margin-bottom-large:20px;--awb-spacing-left-large:3.84%;--awb-width-medium:100%;--awb-order-medium:0;--awb-spacing-right-medium:1.92%;--awb-spacing-left-medium:1.92%;--awb-width-small:100%;--awb-order-small:0;--awb-spacing-right-small:1.92%;--awb-spacing-left-small:1.92%;\"><div class=\"fusion-column-wrapper fusion-column-has-shadow fusion-flex-justify-content-flex-start fusion-content-layout-column\"><div class=\"fusion-image-element \" style=\"--awb-caption-title-font-family:var(--h2_typography-font-family);--awb-caption-title-font-weight:var(--h2_typography-font-weight);--awb-caption-title-font-style:var(--h2_typography-font-style);--awb-caption-title-size:var(--h2_typography-font-size);--awb-caption-title-transform:var(--h2_typography-text-transform);--awb-caption-title-line-height:var(--h2_typography-line-height);--awb-caption-title-letter-spacing:var(--h2_typography-letter-spacing);\"><span class=\" fusion-imageframe imageframe-none imageframe-2 hover-type-none\"><img decoding=\"async\" width=\"1080\" height=\"1350\" title=\"Milan_Design_Week_Alea4\" src=\"https:\/\/www.boisbuchet.org\/wp-content\/uploads\/2025\/04\/Milan_Design_Week_Alea4.jpeg\" alt class=\"img-responsive wp-image-22174\" srcset=\"https:\/\/www.boisbuchet.org\/wp-content\/uploads\/2025\/04\/Milan_Design_Week_Alea4-200x250.jpeg 200w, https:\/\/www.boisbuchet.org\/wp-content\/uploads\/2025\/04\/Milan_Design_Week_Alea4-400x500.jpeg 400w, https:\/\/www.boisbuchet.org\/wp-content\/uploads\/2025\/04\/Milan_Design_Week_Alea4-600x750.jpeg 600w, https:\/\/www.boisbuchet.org\/wp-content\/uploads\/2025\/04\/Milan_Design_Week_Alea4-800x1000.jpeg 800w, https:\/\/www.boisbuchet.org\/wp-content\/uploads\/2025\/04\/Milan_Design_Week_Alea4.jpeg 1080w\" sizes=\"(max-width: 1024px) 100vw, (max-width: 640px) 100vw, 600px\" \/><\/span><\/div><\/div><\/div><div class=\"fusion-layout-column fusion_builder_column fusion-builder-column-4 fusion_builder_column_1_2 1_2 fusion-flex-column\" style=\"--awb-bg-size:cover;--awb-width-large:50%;--awb-margin-top-large:0px;--awb-spacing-right-large:3.84%;--awb-margin-bottom-large:20px;--awb-spacing-left-large:3.84%;--awb-width-medium:100%;--awb-order-medium:0;--awb-spacing-right-medium:1.92%;--awb-spacing-left-medium:1.92%;--awb-width-small:100%;--awb-order-small:0;--awb-spacing-right-small:1.92%;--awb-spacing-left-small:1.92%;\"><div class=\"fusion-column-wrapper fusion-column-has-shadow fusion-flex-justify-content-flex-start fusion-content-layout-column\"><div class=\"fusion-image-element \" style=\"--awb-caption-title-font-family:var(--h2_typography-font-family);--awb-caption-title-font-weight:var(--h2_typography-font-weight);--awb-caption-title-font-style:var(--h2_typography-font-style);--awb-caption-title-size:var(--h2_typography-font-size);--awb-caption-title-transform:var(--h2_typography-text-transform);--awb-caption-title-line-height:var(--h2_typography-line-height);--awb-caption-title-letter-spacing:var(--h2_typography-letter-spacing);\"><span class=\" fusion-imageframe imageframe-none imageframe-3 hover-type-none\"><img decoding=\"async\" width=\"1080\" height=\"1350\" title=\"Milan_Design_Week_Alea5\" src=\"https:\/\/www.boisbuchet.org\/wp-content\/uploads\/2025\/04\/Milan_Design_Week_Alea5-1.jpeg\" alt class=\"img-responsive wp-image-22180\" srcset=\"https:\/\/www.boisbuchet.org\/wp-content\/uploads\/2025\/04\/Milan_Design_Week_Alea5-1-200x250.jpeg 200w, https:\/\/www.boisbuchet.org\/wp-content\/uploads\/2025\/04\/Milan_Design_Week_Alea5-1-400x500.jpeg 400w, https:\/\/www.boisbuchet.org\/wp-content\/uploads\/2025\/04\/Milan_Design_Week_Alea5-1-600x750.jpeg 600w, https:\/\/www.boisbuchet.org\/wp-content\/uploads\/2025\/04\/Milan_Design_Week_Alea5-1-800x1000.jpeg 800w, https:\/\/www.boisbuchet.org\/wp-content\/uploads\/2025\/04\/Milan_Design_Week_Alea5-1.jpeg 1080w\" sizes=\"(max-width: 1024px) 100vw, (max-width: 640px) 100vw, 600px\" \/><\/span><\/div><\/div><\/div><\/div><\/div><div class=\"fusion-fullwidth fullwidth-box fusion-builder-row-5 fusion-flex-container has-pattern-background has-mask-background nonhundred-percent-fullwidth non-hundred-percent-height-scrolling\" style=\"--awb-border-radius-top-left:0px;--awb-border-radius-top-right:0px;--awb-border-radius-bottom-right:0px;--awb-border-radius-bottom-left:0px;--awb-flex-wrap:wrap;\" ><div class=\"fusion-builder-row fusion-row fusion-flex-align-items-flex-start fusion-flex-content-wrap\" style=\"max-width:1144px;margin-left: calc(-4% \/ 2 );margin-right: calc(-4% \/ 2 );\"><div class=\"fusion-layout-column fusion_builder_column fusion-builder-column-5 fusion_builder_column_1_1 1_1 fusion-flex-column\" style=\"--awb-bg-size:cover;--awb-width-large:100%;--awb-margin-top-large:0px;--awb-spacing-right-large:1.92%;--awb-margin-bottom-large:20px;--awb-spacing-left-large:1.92%;--awb-width-medium:100%;--awb-order-medium:0;--awb-spacing-right-medium:1.92%;--awb-spacing-left-medium:1.92%;--awb-width-small:100%;--awb-order-small:0;--awb-spacing-right-small:1.92%;--awb-spacing-left-small:1.92%;\"><div class=\"fusion-column-wrapper fusion-column-has-shadow fusion-flex-justify-content-flex-start fusion-content-layout-column\"><div class=\"fusion-text fusion-text-2\"><p>En acceptant l\u2019impr\u00e9visibilit\u00e9 des environnements non st\u00e9riles, cette approche d\u00e9place le design d\u2019un registre de contr\u00f4le vers une co-cr\u00e9ation avec les syst\u00e8mes vivants. \u00c0 BASE Milano, The Garden Lab invite les visiteurs \u00e0 contribuer avec leurs d\u00e9chets et leurs r\u00e9flexions \u2013 questions, id\u00e9es et mat\u00e9riaux \u2013 qui seront \u201cnourris\u201d au myc\u00e9lium comme substrat, pour donner naissance \u00e0 une \u0153uvre collective en croissance.<\/p>\n<\/div><\/div><\/div><\/div><\/div><div class=\"fusion-fullwidth fullwidth-box fusion-builder-row-6 fusion-flex-container has-pattern-background has-mask-background nonhundred-percent-fullwidth non-hundred-percent-height-scrolling\" style=\"--awb-border-radius-top-left:0px;--awb-border-radius-top-right:0px;--awb-border-radius-bottom-right:0px;--awb-border-radius-bottom-left:0px;--awb-flex-wrap:wrap;\" ><div class=\"fusion-builder-row fusion-row fusion-flex-align-items-flex-start fusion-flex-content-wrap\" style=\"max-width:1144px;margin-left: calc(-4% \/ 2 );margin-right: calc(-4% \/ 2 );\"><div class=\"fusion-layout-column fusion_builder_column fusion-builder-column-6 fusion_builder_column_1_2 1_2 fusion-flex-column\" style=\"--awb-bg-size:cover;--awb-width-large:50%;--awb-margin-top-large:0px;--awb-spacing-right-large:3.84%;--awb-margin-bottom-large:20px;--awb-spacing-left-large:3.84%;--awb-width-medium:100%;--awb-order-medium:0;--awb-spacing-right-medium:1.92%;--awb-spacing-left-medium:1.92%;--awb-width-small:100%;--awb-order-small:0;--awb-spacing-right-small:1.92%;--awb-spacing-left-small:1.92%;\"><div class=\"fusion-column-wrapper fusion-column-has-shadow fusion-flex-justify-content-flex-start fusion-content-layout-column\"><div class=\"fusion-image-element \" style=\"--awb-caption-title-font-family:var(--h2_typography-font-family);--awb-caption-title-font-weight:var(--h2_typography-font-weight);--awb-caption-title-font-style:var(--h2_typography-font-style);--awb-caption-title-size:var(--h2_typography-font-size);--awb-caption-title-transform:var(--h2_typography-text-transform);--awb-caption-title-line-height:var(--h2_typography-line-height);--awb-caption-title-letter-spacing:var(--h2_typography-letter-spacing);\"><span class=\" fusion-imageframe imageframe-none imageframe-4 hover-type-none\"><img decoding=\"async\" width=\"1600\" height=\"1200\" title=\"Milan_Design_Week_Alea2\" src=\"https:\/\/www.boisbuchet.org\/wp-content\/uploads\/2025\/04\/Milan_Design_Week_Alea2.jpeg\" alt class=\"img-responsive wp-image-22172\" srcset=\"https:\/\/www.boisbuchet.org\/wp-content\/uploads\/2025\/04\/Milan_Design_Week_Alea2-200x150.jpeg 200w, https:\/\/www.boisbuchet.org\/wp-content\/uploads\/2025\/04\/Milan_Design_Week_Alea2-400x300.jpeg 400w, https:\/\/www.boisbuchet.org\/wp-content\/uploads\/2025\/04\/Milan_Design_Week_Alea2-600x450.jpeg 600w, https:\/\/www.boisbuchet.org\/wp-content\/uploads\/2025\/04\/Milan_Design_Week_Alea2-800x600.jpeg 800w, https:\/\/www.boisbuchet.org\/wp-content\/uploads\/2025\/04\/Milan_Design_Week_Alea2-1200x900.jpeg 1200w, https:\/\/www.boisbuchet.org\/wp-content\/uploads\/2025\/04\/Milan_Design_Week_Alea2.jpeg 1600w\" sizes=\"(max-width: 1024px) 100vw, (max-width: 640px) 100vw, 600px\" \/><\/span><\/div><\/div><\/div><div class=\"fusion-layout-column fusion_builder_column fusion-builder-column-7 fusion_builder_column_1_2 1_2 fusion-flex-column\" style=\"--awb-bg-size:cover;--awb-width-large:50%;--awb-margin-top-large:0px;--awb-spacing-right-large:3.84%;--awb-margin-bottom-large:20px;--awb-spacing-left-large:3.84%;--awb-width-medium:100%;--awb-order-medium:0;--awb-spacing-right-medium:1.92%;--awb-spacing-left-medium:1.92%;--awb-width-small:100%;--awb-order-small:0;--awb-spacing-right-small:1.92%;--awb-spacing-left-small:1.92%;\"><div class=\"fusion-column-wrapper fusion-column-has-shadow fusion-flex-justify-content-flex-start fusion-content-layout-column\"><div class=\"fusion-image-element \" style=\"--awb-caption-title-font-family:var(--h2_typography-font-family);--awb-caption-title-font-weight:var(--h2_typography-font-weight);--awb-caption-title-font-style:var(--h2_typography-font-style);--awb-caption-title-size:var(--h2_typography-font-size);--awb-caption-title-transform:var(--h2_typography-text-transform);--awb-caption-title-line-height:var(--h2_typography-line-height);--awb-caption-title-letter-spacing:var(--h2_typography-letter-spacing);\"><span class=\" fusion-imageframe imageframe-none imageframe-5 hover-type-none\"><img decoding=\"async\" width=\"1600\" height=\"1200\" title=\"Milan_Design_Week_Alea3\" src=\"https:\/\/www.boisbuchet.org\/wp-content\/uploads\/2025\/04\/Milan_Design_Week_Alea3.jpeg\" alt class=\"img-responsive wp-image-22170\" srcset=\"https:\/\/www.boisbuchet.org\/wp-content\/uploads\/2025\/04\/Milan_Design_Week_Alea3-200x150.jpeg 200w, https:\/\/www.boisbuchet.org\/wp-content\/uploads\/2025\/04\/Milan_Design_Week_Alea3-400x300.jpeg 400w, https:\/\/www.boisbuchet.org\/wp-content\/uploads\/2025\/04\/Milan_Design_Week_Alea3-600x450.jpeg 600w, https:\/\/www.boisbuchet.org\/wp-content\/uploads\/2025\/04\/Milan_Design_Week_Alea3-800x600.jpeg 800w, https:\/\/www.boisbuchet.org\/wp-content\/uploads\/2025\/04\/Milan_Design_Week_Alea3-1200x900.jpeg 1200w, https:\/\/www.boisbuchet.org\/wp-content\/uploads\/2025\/04\/Milan_Design_Week_Alea3.jpeg 1600w\" sizes=\"(max-width: 1024px) 100vw, (max-width: 640px) 100vw, 600px\" \/><\/span><\/div><\/div><\/div><\/div><\/div><div class=\"fusion-fullwidth fullwidth-box fusion-builder-row-7 fusion-flex-container has-pattern-background has-mask-background nonhundred-percent-fullwidth non-hundred-percent-height-scrolling\" style=\"--awb-border-radius-top-left:0px;--awb-border-radius-top-right:0px;--awb-border-radius-bottom-right:0px;--awb-border-radius-bottom-left:0px;--awb-flex-wrap:wrap;\" ><div class=\"fusion-builder-row fusion-row fusion-flex-align-items-flex-start fusion-flex-content-wrap\" style=\"max-width:1144px;margin-left: calc(-4% \/ 2 );margin-right: calc(-4% \/ 2 );\"><div class=\"fusion-layout-column fusion_builder_column fusion-builder-column-8 fusion_builder_column_1_1 1_1 fusion-flex-column\" style=\"--awb-bg-size:cover;--awb-width-large:100%;--awb-margin-top-large:0px;--awb-spacing-right-large:1.92%;--awb-margin-bottom-large:20px;--awb-spacing-left-large:1.92%;--awb-width-medium:100%;--awb-order-medium:0;--awb-spacing-right-medium:1.92%;--awb-spacing-left-medium:1.92%;--awb-width-small:100%;--awb-order-small:0;--awb-spacing-right-small:1.92%;--awb-spacing-left-small:1.92%;\"><div class=\"fusion-column-wrapper fusion-column-has-shadow fusion-flex-justify-content-flex-start fusion-content-layout-column\"><div class=\"fusion-text fusion-text-3\"><p><strong>Domaine de Boisbuchet<br \/><\/strong><br \/>Fond\u00e9 en 1986, le Domaine de Boisbuchet est un centre international de recherche en design et en architecture. Situ\u00e9 au c\u0153ur de 150 hectares de nature prot\u00e9g\u00e9e dans le sud-ouest de la France, le campus comprend un parc architectural m\u00ealant b\u00e2timents historiques et contemporains. Les ateliers, expositions, \u00e9v\u00e9nements, ainsi qu\u2019une collection de design et une biblioth\u00e8que sp\u00e9cialis\u00e9e accueillent des professionnels, des \u00e9tudiants et des visiteurs venus du monde entier comme des environs.<\/p>\n<p><strong>Al\u00e9a Work<br \/><\/strong><br \/>Al\u00e9a Work est un studio parisien de recherche en design exp\u00e9rimental et en mat\u00e9riaux, cofond\u00e9 en 2021 par Stella Lee Prowse et Miriam Josi.<br \/>Leur travail explore les cycles de croissance, de d\u00e9composition et de d\u00e9chet, avec pour objectif le d\u00e9veloppement de m\u00e9thodes de fabrication r\u00e9g\u00e9n\u00e9ratives, tout en valorisant la beaut\u00e9 du processus. Situ\u00e9e \u00e0 la crois\u00e9e du design, de l\u2019art, de la biologie et de l\u2019agriculture, leur pratique efface les fronti\u00e8res entre disciplines.<\/p>\n<p>Anciens participants ou amis de Boisbuchet \u00e0 Milan ? Retrouvons-nous ! Rejoignez-nous le mercredi 9 avril \u00e0 18h00 \u00e0 BASE Milano (Via Bergognone 34), puis rendez-vous au cocktail organis\u00e9 par l&#8217;Institut Fran\u00e7ais de Milan (Corso Magenta 63, 19h00-21h00).<\/p>\n<p><a data-mce-href=\"https:\/\/forms.gle\/1jy7sKBToQv7hDYE8\" href=\"https:\/\/forms.gle\/1jy7sKBToQv7hDYE8\">RSVP pour le cocktail organis\u00e9 par l&#8217;Institut Fran\u00e7ais ici<\/a><\/p>\n<\/div><\/div><\/div><\/div><\/div>\n","protected":false},"excerpt":{"rendered":"","protected":false},"author":707,"featured_media":22168,"comment_status":"closed","ping_status":"open","sticky":false,"template":"","format":"standard","meta":{"_monsterinsights_skip_tracking":false,"_monsterinsights_sitenote_active":false,"_monsterinsights_sitenote_note":"","_monsterinsights_sitenote_category":0,"footnotes":""},"categories":[167,1],"tags":[],"class_list":["post-22182","post","type-post","status-publish","format-standard","has-post-thumbnail","hentry","category-news-events","category-uncategorized"],"yoast_head":"<!-- This site is optimized with the Yoast SEO plugin v27.1.1 - https:\/\/yoast.com\/product\/yoast-seo-wordpress\/ -->\n<title>Domaine de Boisbuchet et Al\u00e9a pr\u00e9sentent un projet commun \u00e0 la Milan Design Week 2025 | Domaine de Boisbuchet<\/title>\n<meta name=\"robots\" content=\"index, follow, max-snippet:-1, max-image-preview:large, max-video-preview:-1\" \/>\n<link rel=\"canonical\" href=\"https:\/\/www.boisbuchet.org\/domaine-de-boisbuchet-and-alea-present-a-joint-project-at-2025-milano-design-week\/\" \/>\n<meta property=\"og:locale\" content=\"fr_FR\" \/>\n<meta property=\"og:type\" content=\"article\" \/>\n<meta property=\"og:title\" content=\"Domaine de Boisbuchet et Al\u00e9a pr\u00e9sentent un projet commun \u00e0 la Milan Design Week 2025 | Domaine de Boisbuchet\" \/>\n<meta property=\"og:url\" content=\"https:\/\/www.boisbuchet.org\/domaine-de-boisbuchet-and-alea-present-a-joint-project-at-2025-milano-design-week\/\" \/>\n<meta property=\"og:site_name\" content=\"Domaine de Boisbuchet\" \/>\n<meta property=\"article:publisher\" content=\"https:\/\/www.facebook.com\/boisbuchet\" \/>\n<meta property=\"article:published_time\" content=\"2025-04-07T14:47:14+00:00\" \/>\n<meta property=\"article:modified_time\" content=\"2025-04-08T16:38:58+00:00\" \/>\n<meta property=\"og:image\" content=\"https:\/\/www.boisbuchet.org\/wp-content\/uploads\/2025\/04\/Milan_Design_Week_Alea.jpg\" \/>\n\t<meta property=\"og:image:width\" content=\"724\" \/>\n\t<meta property=\"og:image:height\" content=\"542\" \/>\n\t<meta property=\"og:image:type\" content=\"image\/jpeg\" \/>\n<meta name=\"author\" content=\"Guillermo Gil\" \/>\n<meta name=\"twitter:card\" content=\"summary_large_image\" \/>\n<meta name=\"twitter:creator\" content=\"@boisbuchet\" \/>\n<meta name=\"twitter:site\" content=\"@boisbuchet\" \/>\n<meta name=\"twitter:label1\" content=\"\u00c9crit par\" \/>\n\t<meta name=\"twitter:data1\" content=\"Guillermo Gil\" \/>\n\t<meta name=\"twitter:label2\" content=\"Dur\u00e9e de lecture estim\u00e9e\" \/>\n\t<meta name=\"twitter:data2\" content=\"38 minutes\" \/>\n<script type=\"application\/ld+json\" class=\"yoast-schema-graph\">{\"@context\":\"https:\/\/schema.org\",\"@graph\":[{\"@type\":\"Article\",\"@id\":\"https:\/\/www.boisbuchet.org\/domaine-de-boisbuchet-and-alea-present-a-joint-project-at-2025-milano-design-week\/#article\",\"isPartOf\":{\"@id\":\"https:\/\/www.boisbuchet.org\/domaine-de-boisbuchet-and-alea-present-a-joint-project-at-2025-milano-design-week\/\"},\"author\":{\"name\":\"Guillermo Gil\",\"@id\":\"https:\/\/www.boisbuchet.org\/#\/schema\/person\/bf36436f4f3a9964d184d22cbfecf9a3\"},\"headline\":\"Domaine de Boisbuchet et Al\u00e9a pr\u00e9sentent un projet commun \u00e0 la Milan Design Week 2025\",\"datePublished\":\"2025-04-07T14:47:14+00:00\",\"dateModified\":\"2025-04-08T16:38:58+00:00\",\"mainEntityOfPage\":{\"@id\":\"https:\/\/www.boisbuchet.org\/domaine-de-boisbuchet-and-alea-present-a-joint-project-at-2025-milano-design-week\/\"},\"wordCount\":7521,\"publisher\":{\"@id\":\"https:\/\/www.boisbuchet.org\/#organization\"},\"image\":{\"@id\":\"https:\/\/www.boisbuchet.org\/domaine-de-boisbuchet-and-alea-present-a-joint-project-at-2025-milano-design-week\/#primaryimage\"},\"thumbnailUrl\":\"https:\/\/www.boisbuchet.org\/wp-content\/uploads\/2025\/04\/Milan_Design_Week_Alea.jpg\",\"articleSection\":[\"News &amp; Events\",\"Uncategorized\"],\"inLanguage\":\"fr-FR\"},{\"@type\":\"WebPage\",\"@id\":\"https:\/\/www.boisbuchet.org\/domaine-de-boisbuchet-and-alea-present-a-joint-project-at-2025-milano-design-week\/\",\"url\":\"https:\/\/www.boisbuchet.org\/domaine-de-boisbuchet-and-alea-present-a-joint-project-at-2025-milano-design-week\/\",\"name\":\"Domaine de Boisbuchet et Al\u00e9a pr\u00e9sentent un projet commun \u00e0 la Milan Design Week 2025 | Domaine de Boisbuchet\",\"isPartOf\":{\"@id\":\"https:\/\/www.boisbuchet.org\/#website\"},\"primaryImageOfPage\":{\"@id\":\"https:\/\/www.boisbuchet.org\/domaine-de-boisbuchet-and-alea-present-a-joint-project-at-2025-milano-design-week\/#primaryimage\"},\"image\":{\"@id\":\"https:\/\/www.boisbuchet.org\/domaine-de-boisbuchet-and-alea-present-a-joint-project-at-2025-milano-design-week\/#primaryimage\"},\"thumbnailUrl\":\"https:\/\/www.boisbuchet.org\/wp-content\/uploads\/2025\/04\/Milan_Design_Week_Alea.jpg\",\"datePublished\":\"2025-04-07T14:47:14+00:00\",\"dateModified\":\"2025-04-08T16:38:58+00:00\",\"breadcrumb\":{\"@id\":\"https:\/\/www.boisbuchet.org\/domaine-de-boisbuchet-and-alea-present-a-joint-project-at-2025-milano-design-week\/#breadcrumb\"},\"inLanguage\":\"fr-FR\",\"potentialAction\":[{\"@type\":\"ReadAction\",\"target\":[\"https:\/\/www.boisbuchet.org\/domaine-de-boisbuchet-and-alea-present-a-joint-project-at-2025-milano-design-week\/\"]}]},{\"@type\":\"ImageObject\",\"inLanguage\":\"fr-FR\",\"@id\":\"https:\/\/www.boisbuchet.org\/domaine-de-boisbuchet-and-alea-present-a-joint-project-at-2025-milano-design-week\/#primaryimage\",\"url\":\"https:\/\/www.boisbuchet.org\/wp-content\/uploads\/2025\/04\/Milan_Design_Week_Alea.jpg\",\"contentUrl\":\"https:\/\/www.boisbuchet.org\/wp-content\/uploads\/2025\/04\/Milan_Design_Week_Alea.jpg\",\"width\":724,\"height\":542},{\"@type\":\"BreadcrumbList\",\"@id\":\"https:\/\/www.boisbuchet.org\/domaine-de-boisbuchet-and-alea-present-a-joint-project-at-2025-milano-design-week\/#breadcrumb\",\"itemListElement\":[{\"@type\":\"ListItem\",\"position\":1,\"name\":\"Home\",\"item\":\"https:\/\/www.boisbuchet.org\/fr\/\"},{\"@type\":\"ListItem\",\"position\":2,\"name\":\"Domaine de Boisbuchet et Al\u00e9a pr\u00e9sentent un projet commun \u00e0 la Milan Design Week 2025\"}]},{\"@type\":\"WebSite\",\"@id\":\"https:\/\/www.boisbuchet.org\/#website\",\"url\":\"https:\/\/www.boisbuchet.org\/\",\"name\":\"Domaine de Boisbuchet\",\"description\":\"Summer Workshops | Park | Event\u00a0Location\",\"publisher\":{\"@id\":\"https:\/\/www.boisbuchet.org\/#organization\"},\"potentialAction\":[{\"@type\":\"SearchAction\",\"target\":{\"@type\":\"EntryPoint\",\"urlTemplate\":\"https:\/\/www.boisbuchet.org\/?s={search_term_string}\"},\"query-input\":{\"@type\":\"PropertyValueSpecification\",\"valueRequired\":true,\"valueName\":\"search_term_string\"}}],\"inLanguage\":\"fr-FR\"},{\"@type\":\"Organization\",\"@id\":\"https:\/\/www.boisbuchet.org\/#organization\",\"name\":\"Domine de Boisbuchet\",\"url\":\"https:\/\/www.boisbuchet.org\/\",\"logo\":{\"@type\":\"ImageObject\",\"inLanguage\":\"fr-FR\",\"@id\":\"https:\/\/www.boisbuchet.org\/#\/schema\/logo\/image\/\",\"url\":\"https:\/\/www.boisbuchet.org\/wp-content\/uploads\/2019\/01\/logo_boisbuchet_black.png\",\"contentUrl\":\"https:\/\/www.boisbuchet.org\/wp-content\/uploads\/2019\/01\/logo_boisbuchet_black.png\",\"width\":200,\"height\":73,\"caption\":\"Domine de Boisbuchet\"},\"image\":{\"@id\":\"https:\/\/www.boisbuchet.org\/#\/schema\/logo\/image\/\"},\"sameAs\":[\"https:\/\/www.facebook.com\/boisbuchet\",\"https:\/\/x.com\/boisbuchet\",\"https:\/\/www.instagram.com\/boisbuchet\",\"https:\/\/www.linkedin.com\/company\/domaine-de-boisbuchet\",\"https:\/\/www.pinterest.com\/boisbuchet\"]},{\"@type\":\"Person\",\"@id\":\"https:\/\/www.boisbuchet.org\/#\/schema\/person\/bf36436f4f3a9964d184d22cbfecf9a3\",\"name\":\"Guillermo Gil\",\"url\":\"https:\/\/www.boisbuchet.org\/fr\/author\/guillermo\/\"}]}<\/script>\n<!-- \/ Yoast SEO plugin. -->","yoast_head_json":{"title":"Domaine de Boisbuchet et Al\u00e9a pr\u00e9sentent un projet commun \u00e0 la Milan Design Week 2025 | Domaine de Boisbuchet","robots":{"index":"index","follow":"follow","max-snippet":"max-snippet:-1","max-image-preview":"max-image-preview:large","max-video-preview":"max-video-preview:-1"},"canonical":"https:\/\/www.boisbuchet.org\/domaine-de-boisbuchet-and-alea-present-a-joint-project-at-2025-milano-design-week\/","og_locale":"fr_FR","og_type":"article","og_title":"Domaine de Boisbuchet et Al\u00e9a pr\u00e9sentent un projet commun \u00e0 la Milan Design Week 2025 | Domaine de Boisbuchet","og_url":"https:\/\/www.boisbuchet.org\/domaine-de-boisbuchet-and-alea-present-a-joint-project-at-2025-milano-design-week\/","og_site_name":"Domaine de Boisbuchet","article_publisher":"https:\/\/www.facebook.com\/boisbuchet","article_published_time":"2025-04-07T14:47:14+00:00","article_modified_time":"2025-04-08T16:38:58+00:00","og_image":[{"width":724,"height":542,"url":"https:\/\/www.boisbuchet.org\/wp-content\/uploads\/2025\/04\/Milan_Design_Week_Alea.jpg","type":"image\/jpeg"}],"author":"Guillermo Gil","twitter_card":"summary_large_image","twitter_creator":"@boisbuchet","twitter_site":"@boisbuchet","twitter_misc":{"\u00c9crit par":"Guillermo Gil","Dur\u00e9e de lecture estim\u00e9e":"38 minutes"},"schema":{"@context":"https:\/\/schema.org","@graph":[{"@type":"Article","@id":"https:\/\/www.boisbuchet.org\/domaine-de-boisbuchet-and-alea-present-a-joint-project-at-2025-milano-design-week\/#article","isPartOf":{"@id":"https:\/\/www.boisbuchet.org\/domaine-de-boisbuchet-and-alea-present-a-joint-project-at-2025-milano-design-week\/"},"author":{"name":"Guillermo Gil","@id":"https:\/\/www.boisbuchet.org\/#\/schema\/person\/bf36436f4f3a9964d184d22cbfecf9a3"},"headline":"Domaine de Boisbuchet et Al\u00e9a pr\u00e9sentent un projet commun \u00e0 la Milan Design Week 2025","datePublished":"2025-04-07T14:47:14+00:00","dateModified":"2025-04-08T16:38:58+00:00","mainEntityOfPage":{"@id":"https:\/\/www.boisbuchet.org\/domaine-de-boisbuchet-and-alea-present-a-joint-project-at-2025-milano-design-week\/"},"wordCount":7521,"publisher":{"@id":"https:\/\/www.boisbuchet.org\/#organization"},"image":{"@id":"https:\/\/www.boisbuchet.org\/domaine-de-boisbuchet-and-alea-present-a-joint-project-at-2025-milano-design-week\/#primaryimage"},"thumbnailUrl":"https:\/\/www.boisbuchet.org\/wp-content\/uploads\/2025\/04\/Milan_Design_Week_Alea.jpg","articleSection":["News &amp; Events","Uncategorized"],"inLanguage":"fr-FR"},{"@type":"WebPage","@id":"https:\/\/www.boisbuchet.org\/domaine-de-boisbuchet-and-alea-present-a-joint-project-at-2025-milano-design-week\/","url":"https:\/\/www.boisbuchet.org\/domaine-de-boisbuchet-and-alea-present-a-joint-project-at-2025-milano-design-week\/","name":"Domaine de Boisbuchet et Al\u00e9a pr\u00e9sentent un projet commun \u00e0 la Milan Design Week 2025 | Domaine de Boisbuchet","isPartOf":{"@id":"https:\/\/www.boisbuchet.org\/#website"},"primaryImageOfPage":{"@id":"https:\/\/www.boisbuchet.org\/domaine-de-boisbuchet-and-alea-present-a-joint-project-at-2025-milano-design-week\/#primaryimage"},"image":{"@id":"https:\/\/www.boisbuchet.org\/domaine-de-boisbuchet-and-alea-present-a-joint-project-at-2025-milano-design-week\/#primaryimage"},"thumbnailUrl":"https:\/\/www.boisbuchet.org\/wp-content\/uploads\/2025\/04\/Milan_Design_Week_Alea.jpg","datePublished":"2025-04-07T14:47:14+00:00","dateModified":"2025-04-08T16:38:58+00:00","breadcrumb":{"@id":"https:\/\/www.boisbuchet.org\/domaine-de-boisbuchet-and-alea-present-a-joint-project-at-2025-milano-design-week\/#breadcrumb"},"inLanguage":"fr-FR","potentialAction":[{"@type":"ReadAction","target":["https:\/\/www.boisbuchet.org\/domaine-de-boisbuchet-and-alea-present-a-joint-project-at-2025-milano-design-week\/"]}]},{"@type":"ImageObject","inLanguage":"fr-FR","@id":"https:\/\/www.boisbuchet.org\/domaine-de-boisbuchet-and-alea-present-a-joint-project-at-2025-milano-design-week\/#primaryimage","url":"https:\/\/www.boisbuchet.org\/wp-content\/uploads\/2025\/04\/Milan_Design_Week_Alea.jpg","contentUrl":"https:\/\/www.boisbuchet.org\/wp-content\/uploads\/2025\/04\/Milan_Design_Week_Alea.jpg","width":724,"height":542},{"@type":"BreadcrumbList","@id":"https:\/\/www.boisbuchet.org\/domaine-de-boisbuchet-and-alea-present-a-joint-project-at-2025-milano-design-week\/#breadcrumb","itemListElement":[{"@type":"ListItem","position":1,"name":"Home","item":"https:\/\/www.boisbuchet.org\/fr\/"},{"@type":"ListItem","position":2,"name":"Domaine de Boisbuchet et Al\u00e9a pr\u00e9sentent un projet commun \u00e0 la Milan Design Week 2025"}]},{"@type":"WebSite","@id":"https:\/\/www.boisbuchet.org\/#website","url":"https:\/\/www.boisbuchet.org\/","name":"Domaine de Boisbuchet","description":"Summer Workshops | Park | Event\u00a0Location","publisher":{"@id":"https:\/\/www.boisbuchet.org\/#organization"},"potentialAction":[{"@type":"SearchAction","target":{"@type":"EntryPoint","urlTemplate":"https:\/\/www.boisbuchet.org\/?s={search_term_string}"},"query-input":{"@type":"PropertyValueSpecification","valueRequired":true,"valueName":"search_term_string"}}],"inLanguage":"fr-FR"},{"@type":"Organization","@id":"https:\/\/www.boisbuchet.org\/#organization","name":"Domine de Boisbuchet","url":"https:\/\/www.boisbuchet.org\/","logo":{"@type":"ImageObject","inLanguage":"fr-FR","@id":"https:\/\/www.boisbuchet.org\/#\/schema\/logo\/image\/","url":"https:\/\/www.boisbuchet.org\/wp-content\/uploads\/2019\/01\/logo_boisbuchet_black.png","contentUrl":"https:\/\/www.boisbuchet.org\/wp-content\/uploads\/2019\/01\/logo_boisbuchet_black.png","width":200,"height":73,"caption":"Domine de Boisbuchet"},"image":{"@id":"https:\/\/www.boisbuchet.org\/#\/schema\/logo\/image\/"},"sameAs":["https:\/\/www.facebook.com\/boisbuchet","https:\/\/x.com\/boisbuchet","https:\/\/www.instagram.com\/boisbuchet","https:\/\/www.linkedin.com\/company\/domaine-de-boisbuchet","https:\/\/www.pinterest.com\/boisbuchet"]},{"@type":"Person","@id":"https:\/\/www.boisbuchet.org\/#\/schema\/person\/bf36436f4f3a9964d184d22cbfecf9a3","name":"Guillermo Gil","url":"https:\/\/www.boisbuchet.org\/fr\/author\/guillermo\/"}]}},"_links":{"self":[{"href":"https:\/\/www.boisbuchet.org\/fr\/wp-json\/wp\/v2\/posts\/22182","targetHints":{"allow":["GET"]}}],"collection":[{"href":"https:\/\/www.boisbuchet.org\/fr\/wp-json\/wp\/v2\/posts"}],"about":[{"href":"https:\/\/www.boisbuchet.org\/fr\/wp-json\/wp\/v2\/types\/post"}],"author":[{"embeddable":true,"href":"https:\/\/www.boisbuchet.org\/fr\/wp-json\/wp\/v2\/users\/707"}],"replies":[{"embeddable":true,"href":"https:\/\/www.boisbuchet.org\/fr\/wp-json\/wp\/v2\/comments?post=22182"}],"version-history":[{"count":9,"href":"https:\/\/www.boisbuchet.org\/fr\/wp-json\/wp\/v2\/posts\/22182\/revisions"}],"predecessor-version":[{"id":22212,"href":"https:\/\/www.boisbuchet.org\/fr\/wp-json\/wp\/v2\/posts\/22182\/revisions\/22212"}],"wp:featuredmedia":[{"embeddable":true,"href":"https:\/\/www.boisbuchet.org\/fr\/wp-json\/wp\/v2\/media\/22168"}],"wp:attachment":[{"href":"https:\/\/www.boisbuchet.org\/fr\/wp-json\/wp\/v2\/media?parent=22182"}],"wp:term":[{"taxonomy":"category","embeddable":true,"href":"https:\/\/www.boisbuchet.org\/fr\/wp-json\/wp\/v2\/categories?post=22182"},{"taxonomy":"post_tag","embeddable":true,"href":"https:\/\/www.boisbuchet.org\/fr\/wp-json\/wp\/v2\/tags?post=22182"}],"curies":[{"name":"wp","href":"https:\/\/api.w.org\/{rel}","templated":true}]}}