{"id":22366,"date":"2025-05-08T18:41:20","date_gmt":"2025-05-08T16:41:20","guid":{"rendered":"https:\/\/www.boisbuchet.org\/le-domaine-de-boisbuchet-propose-un-poste-de-directeur-general\/"},"modified":"2025-05-28T18:47:22","modified_gmt":"2025-05-28T16:47:22","slug":"le-domaine-de-boisbuchet-propose-un-poste-de-directeur-general","status":"publish","type":"post","link":"https:\/\/www.boisbuchet.org\/fr\/le-domaine-de-boisbuchet-propose-un-poste-de-directeur-general\/","title":{"rendered":"Le Domaine de Boisbuchet propose un poste de Directeur G\u00e9n\u00e9ral"},"content":{"rendered":"<div class=\"fusion-fullwidth fullwidth-box fusion-builder-row-1 nonhundred-percent-fullwidth non-hundred-percent-height-scrolling\" style=\"--awb-border-radius-top-left:0px;--awb-border-radius-top-right:0px;--awb-border-radius-bottom-right:0px;--awb-border-radius-bottom-left:0px;--awb-flex-wrap:wrap;\" ><div class=\"fusion-builder-row fusion-row\"><div class=\"fusion-layout-column fusion_builder_column fusion-builder-column-0 fusion_builder_column_1_1 1_1 fusion-one-full fusion-column-first fusion-column-last\" style=\"--awb-bg-size:cover;\"><div class=\"fusion-column-wrapper fusion-flex-column-wrapper-legacy\"><div class=\"fusion-title title fusion-title-1 fusion-sep-none fusion-title-center fusion-title-text fusion-title-size-three\" style=\"--awb-text-color:#999999;--awb-margin-top-small:0px;--awb-margin-right-small:0px;--awb-margin-bottom-small:20px;--awb-margin-left-small:0px;\"><h3 class=\"fusion-title-heading title-heading-center\" style=\"margin:0;\">DIRECTEUR\u00b7RICE G\u00c9N\u00c9RAL\u00b7E<\/h3><\/div><div class=\"fusion-title title fusion-title-2 fusion-title-center fusion-title-text fusion-title-size-one\" style=\"--awb-text-color:#333333;--awb-margin-top-small:0px;--awb-margin-right-small:0px;--awb-margin-bottom-small:20px;--awb-margin-left-small:0px;\"><div class=\"title-sep-container title-sep-container-left\"><div class=\"title-sep sep-single sep-solid\" style=\"border-color:#e0dede;\"><\/div><\/div><span class=\"awb-title-spacer\"><\/span><h1 class=\"fusion-title-heading title-heading-center\" style=\"margin:0;letter-spacing:5px;\">OFFRE D\u2019EMPLOI<\/h1><span class=\"awb-title-spacer\"><\/span><div class=\"title-sep-container title-sep-container-right\"><div class=\"title-sep sep-single sep-solid\" style=\"border-color:#e0dede;\"><\/div><\/div><\/div><div class=\"fusion-clearfix\"><\/div><\/div><\/div><\/div><\/div><div class=\"fusion-fullwidth fullwidth-box fusion-builder-row-2 fusion-flex-container has-pattern-background has-mask-background nonhundred-percent-fullwidth non-hundred-percent-height-scrolling\" style=\"--awb-border-radius-top-left:0px;--awb-border-radius-top-right:0px;--awb-border-radius-bottom-right:0px;--awb-border-radius-bottom-left:0px;--awb-flex-wrap:wrap;\" ><div class=\"fusion-builder-row fusion-row fusion-flex-align-items-flex-start fusion-flex-content-wrap\" style=\"max-width:1144px;margin-left: calc(-4% \/ 2 );margin-right: calc(-4% \/ 2 );\"><div class=\"fusion-layout-column fusion_builder_column fusion-builder-column-1 fusion_builder_column_1_1 1_1 fusion-flex-column\" style=\"--awb-bg-size:cover;--awb-width-large:100%;--awb-margin-top-large:0px;--awb-spacing-right-large:1.92%;--awb-margin-bottom-large:20px;--awb-spacing-left-large:1.92%;--awb-width-medium:100%;--awb-order-medium:0;--awb-spacing-right-medium:1.92%;--awb-spacing-left-medium:1.92%;--awb-width-small:100%;--awb-order-small:0;--awb-spacing-right-small:1.92%;--awb-spacing-left-small:1.92%;\"><div class=\"fusion-column-wrapper fusion-column-has-shadow fusion-flex-justify-content-flex-start fusion-content-layout-column\"><div class=\"fusion-image-element \" style=\"text-align:center;--awb-caption-title-font-family:var(--h2_typography-font-family);--awb-caption-title-font-weight:var(--h2_typography-font-weight);--awb-caption-title-font-style:var(--h2_typography-font-style);--awb-caption-title-size:var(--h2_typography-font-size);--awb-caption-title-transform:var(--h2_typography-text-transform);--awb-caption-title-line-height:var(--h2_typography-line-height);--awb-caption-title-letter-spacing:var(--h2_typography-letter-spacing);\"><span class=\" fusion-imageframe imageframe-none imageframe-1 hover-type-none\"><img decoding=\"async\" width=\"1920\" height=\"1080\" title=\"Boisbuchet_Job1\" src=\"https:\/\/www.boisbuchet.org\/wp-content\/uploads\/2025\/05\/Boisbuchet_Job1.jpg\" alt class=\"img-responsive wp-image-22333\" srcset=\"https:\/\/www.boisbuchet.org\/wp-content\/uploads\/2025\/05\/Boisbuchet_Job1-200x113.jpg 200w, https:\/\/www.boisbuchet.org\/wp-content\/uploads\/2025\/05\/Boisbuchet_Job1-400x225.jpg 400w, https:\/\/www.boisbuchet.org\/wp-content\/uploads\/2025\/05\/Boisbuchet_Job1-600x338.jpg 600w, https:\/\/www.boisbuchet.org\/wp-content\/uploads\/2025\/05\/Boisbuchet_Job1-800x450.jpg 800w, https:\/\/www.boisbuchet.org\/wp-content\/uploads\/2025\/05\/Boisbuchet_Job1-1200x675.jpg 1200w, https:\/\/www.boisbuchet.org\/wp-content\/uploads\/2025\/05\/Boisbuchet_Job1.jpg 1920w\" sizes=\"(max-width: 1024px) 100vw, (max-width: 640px) 100vw, 1200px\" \/><\/span><\/div><\/div><\/div><\/div><\/div><div class=\"fusion-fullwidth fullwidth-box fusion-builder-row-3 fusion-flex-container has-pattern-background has-mask-background nonhundred-percent-fullwidth non-hundred-percent-height-scrolling\" style=\"--awb-border-radius-top-left:0px;--awb-border-radius-top-right:0px;--awb-border-radius-bottom-right:0px;--awb-border-radius-bottom-left:0px;--awb-flex-wrap:wrap;\" ><div class=\"fusion-builder-row fusion-row fusion-flex-align-items-flex-start fusion-flex-content-wrap\" style=\"max-width:1144px;margin-left: calc(-4% \/ 2 );margin-right: calc(-4% \/ 2 );\"><div class=\"fusion-layout-column fusion_builder_column fusion-builder-column-2 fusion_builder_column_1_1 1_1 fusion-flex-column\" style=\"--awb-bg-size:cover;--awb-width-large:100%;--awb-margin-top-large:0px;--awb-spacing-right-large:1.92%;--awb-margin-bottom-large:20px;--awb-spacing-left-large:1.92%;--awb-width-medium:100%;--awb-order-medium:0;--awb-spacing-right-medium:1.92%;--awb-spacing-left-medium:1.92%;--awb-width-small:100%;--awb-order-small:0;--awb-spacing-right-small:1.92%;--awb-spacing-left-small:1.92%;\"><div class=\"fusion-column-wrapper fusion-column-has-shadow fusion-flex-justify-content-flex-start fusion-content-layout-column\"><div class=\"fusion-text fusion-text-1\"><p><strong>CE POSTE N\u2019EST PLUS DISPONIBLE<\/strong><\/p>\n<p><strong>Le Domaine de Boisbuchet recrute un\u00b7e Directeur\u00b7rice G\u00e9n\u00e9ral\u00b7e<\/strong><\/p>\n<p>Centre international de stages, de recherche et de r\u00e9sidences artistiques \u00e0 l\u2019intersection du design, de l\u2019architecture, de la nature et de la soci\u00e9t\u00e9 depuis plus de 35 ans, le Domaine de Boisbuchet recherche un\u00b7e responsable passionn\u00e9\u00b7e pour assurer la gestion \u00e9conomique, administrative et le d\u00e9veloppement strat\u00e9gique du projet.<\/p>\n<p>Cr\u00e9\u00e9 par le co-fondateur et ancien directeur du Vitra Design Museum en Allemagne, le Domaine de Boisbuchet organise principalement des ateliers qui attirent chaque ann\u00e9e des participants du monde entier. \u00c0 cela s\u2019ajoutent des workshops pour des entreprises et des universit\u00e9s, des r\u00e9sidences pour des cr\u00e9ateurs individuels, des expositions destin\u00e9es \u00e0 notre public comme \u00e0 d\u2019autres institutions, ainsi que divers \u00e9v\u00e9nements ouverts \u00e0 tous.<\/p>\n<p>Situ\u00e9 dans un cadre rural, entre Limoges, Poitiers et Angoul\u00eame, le domaine s\u2019\u00e9tend sur 150 hectares et comprend des b\u00e2timents historiques au sein d\u2019un parc paysager, enrichi r\u00e9guli\u00e8rement par de nouvelles architectures innovantes. Boisbuchet dispose \u00e9galement d\u2019une collection reconnue par les experts internationaux, d\u2019une biblioth\u00e8que sp\u00e9cialis\u00e9e et d\u2019un large r\u00e9seau mondial de partenaires dans les domaines du design, de l\u2019architecture, de l\u2019art, de l\u2019enseignement sup\u00e9rieur et de la culture.<\/p>\n<p>Dans la continuit\u00e9 de l\u2019histoire de ce lieu et de ses activit\u00e9s, nous recherchons un d\u00e9veloppement p\u00e9renne fond\u00e9 sur la solidit\u00e9 financi\u00e8re, qui constituera le c\u0153ur des missions de la future direction.<\/p>\n<p><strong>Les missions incluent :<br \/><\/strong>&#8211; recherche et gestion de financements<br \/>&#8211; d\u00e9veloppement et supervision du marketing<br \/>&#8211; organisation et supervision de l\u2019administration<br \/>&#8211; organisation et supervision des ressources humaines<br \/>&#8211; contribution au d\u00e9veloppement de nouvelles opportunit\u00e9s \u00e9conomiques<\/p>\n<p><strong>Profil recherch\u00e9 :<br \/><\/strong>&#8211; exp\u00e9rience confirm\u00e9e en gestion \u00e9conomique et partenariats professionnels<br \/>&#8211; excellente ma\u00eetrise du fran\u00e7ais et de l\u2019anglais<br \/>&#8211; bonne connaissance du secteur institutionnel et de l\u2019innovation<br \/>&#8211; exp\u00e9rience dans la mobilisation de financements publics et priv\u00e9s<br \/>&#8211; comp\u00e9tences relationnelles, force de conviction et capacit\u00e9 de n\u00e9gociation<br \/>&#8211; autonomie dans le travail<br \/>&#8211; vif int\u00e9r\u00eat pour le design et l\u2019architecture<\/p>\n<p><strong>Conditions :<br \/><\/strong>&#8211; engagement \u00e0 long terme (minimum 3 ans)<br \/>&#8211; p\u00e9riode d\u2019essai de 6 mois<br \/>&#8211; poste \u00e0 pourvoir imm\u00e9diatement<\/p>\n<p>La r\u00e9mun\u00e9ration, les conditions de travail et le lieu d\u2019exercice seront adapt\u00e9s au profil du candidat, \u00e0 son exp\u00e9rience et aux responsabilit\u00e9s associ\u00e9es au poste. Un logement est disponible sur le Domaine de Boisbuchet, \u00e0 quelques minutes de la ville de Confolens (sous-pr\u00e9fecture de la Charente) et \u00e0 une heure de Limoges, Angoul\u00eame et Poitiers.<\/p>\n<p>Adresse : Domaine de Boisbuchet, 16500 Lessac, France<br \/>Site web : <a href=\"http:\/\/www.boisbuchet.org\/\" data-mce-href=\"http:\/\/www.boisbuchet.org\/\">www.boisbuchet.org<\/a><br \/>Facebook : \/boisbuchet<br \/>Instagram : \/boisbuchet<br \/>Vimeo : \/boisbuchet<\/p>\n<p><strong>Contact :<\/strong><br \/>Mathias Schwartz-Clauss<br \/>mathias.schwartz-clauss@boisbuchet.org<\/p>\n<\/div><\/div><\/div><\/div><\/div>\n","protected":false},"excerpt":{"rendered":"","protected":false},"author":707,"featured_media":22346,"comment_status":"closed","ping_status":"open","sticky":false,"template":"","format":"standard","meta":{"_monsterinsights_skip_tracking":false,"_monsterinsights_sitenote_active":false,"_monsterinsights_sitenote_note":"","_monsterinsights_sitenote_category":0,"footnotes":""},"categories":[1],"tags":[],"class_list":["post-22366","post","type-post","status-publish","format-standard","has-post-thumbnail","hentry","category-uncategorized"],"yoast_head":"<!-- This site is optimized with the Yoast SEO plugin v27.1.1 - https:\/\/yoast.com\/product\/yoast-seo-wordpress\/ -->\n<title>Le Domaine de Boisbuchet propose un poste de Directeur G\u00e9n\u00e9ral | Domaine de Boisbuchet<\/title>\n<meta name=\"robots\" content=\"index, follow, max-snippet:-1, max-image-preview:large, max-video-preview:-1\" \/>\n<link rel=\"canonical\" href=\"https:\/\/www.boisbuchet.org\/domaine-de-boisbuchet-offers-position-as-general-manager\/\" \/>\n<meta property=\"og:locale\" content=\"fr_FR\" \/>\n<meta property=\"og:type\" content=\"article\" \/>\n<meta property=\"og:title\" content=\"Le Domaine de Boisbuchet propose un poste de Directeur G\u00e9n\u00e9ral | Domaine de Boisbuchet\" \/>\n<meta property=\"og:url\" content=\"https:\/\/www.boisbuchet.org\/domaine-de-boisbuchet-offers-position-as-general-manager\/\" \/>\n<meta property=\"og:site_name\" content=\"Domaine de Boisbuchet\" \/>\n<meta property=\"article:publisher\" content=\"https:\/\/www.facebook.com\/boisbuchet\" \/>\n<meta property=\"article:published_time\" content=\"2025-05-08T16:41:20+00:00\" \/>\n<meta property=\"article:modified_time\" content=\"2025-05-28T16:47:22+00:00\" \/>\n<meta property=\"og:image\" content=\"https:\/\/www.boisbuchet.org\/wp-content\/uploads\/2025\/05\/Boisbuchet_Job1_miniature.jpg\" \/>\n\t<meta property=\"og:image:width\" content=\"724\" \/>\n\t<meta property=\"og:image:height\" content=\"542\" \/>\n\t<meta property=\"og:image:type\" content=\"image\/jpeg\" \/>\n<meta name=\"author\" content=\"Guillermo Gil\" \/>\n<meta name=\"twitter:card\" content=\"summary_large_image\" \/>\n<meta name=\"twitter:creator\" content=\"@boisbuchet\" \/>\n<meta name=\"twitter:site\" content=\"@boisbuchet\" \/>\n<meta name=\"twitter:label1\" content=\"\u00c9crit par\" \/>\n\t<meta name=\"twitter:data1\" content=\"Guillermo Gil\" \/>\n\t<meta name=\"twitter:label2\" content=\"Dur\u00e9e de lecture estim\u00e9e\" \/>\n\t<meta name=\"twitter:data2\" content=\"14 minutes\" \/>\n<script type=\"application\/ld+json\" class=\"yoast-schema-graph\">{\"@context\":\"https:\/\/schema.org\",\"@graph\":[{\"@type\":\"Article\",\"@id\":\"https:\/\/www.boisbuchet.org\/domaine-de-boisbuchet-offers-position-as-general-manager\/#article\",\"isPartOf\":{\"@id\":\"https:\/\/www.boisbuchet.org\/domaine-de-boisbuchet-offers-position-as-general-manager\/\"},\"author\":{\"name\":\"Guillermo Gil\",\"@id\":\"https:\/\/www.boisbuchet.org\/#\/schema\/person\/bf36436f4f3a9964d184d22cbfecf9a3\"},\"headline\":\"Le Domaine de Boisbuchet propose un poste de Directeur G\u00e9n\u00e9ral\",\"datePublished\":\"2025-05-08T16:41:20+00:00\",\"dateModified\":\"2025-05-28T16:47:22+00:00\",\"mainEntityOfPage\":{\"@id\":\"https:\/\/www.boisbuchet.org\/domaine-de-boisbuchet-offers-position-as-general-manager\/\"},\"wordCount\":2808,\"publisher\":{\"@id\":\"https:\/\/www.boisbuchet.org\/#organization\"},\"image\":{\"@id\":\"https:\/\/www.boisbuchet.org\/domaine-de-boisbuchet-offers-position-as-general-manager\/#primaryimage\"},\"thumbnailUrl\":\"https:\/\/www.boisbuchet.org\/wp-content\/uploads\/2025\/05\/Boisbuchet_Job1_miniature.jpg\",\"articleSection\":[\"Uncategorized\"],\"inLanguage\":\"fr-FR\"},{\"@type\":\"WebPage\",\"@id\":\"https:\/\/www.boisbuchet.org\/domaine-de-boisbuchet-offers-position-as-general-manager\/\",\"url\":\"https:\/\/www.boisbuchet.org\/domaine-de-boisbuchet-offers-position-as-general-manager\/\",\"name\":\"Le Domaine de Boisbuchet propose un poste de Directeur G\u00e9n\u00e9ral | Domaine de Boisbuchet\",\"isPartOf\":{\"@id\":\"https:\/\/www.boisbuchet.org\/#website\"},\"primaryImageOfPage\":{\"@id\":\"https:\/\/www.boisbuchet.org\/domaine-de-boisbuchet-offers-position-as-general-manager\/#primaryimage\"},\"image\":{\"@id\":\"https:\/\/www.boisbuchet.org\/domaine-de-boisbuchet-offers-position-as-general-manager\/#primaryimage\"},\"thumbnailUrl\":\"https:\/\/www.boisbuchet.org\/wp-content\/uploads\/2025\/05\/Boisbuchet_Job1_miniature.jpg\",\"datePublished\":\"2025-05-08T16:41:20+00:00\",\"dateModified\":\"2025-05-28T16:47:22+00:00\",\"breadcrumb\":{\"@id\":\"https:\/\/www.boisbuchet.org\/domaine-de-boisbuchet-offers-position-as-general-manager\/#breadcrumb\"},\"inLanguage\":\"fr-FR\",\"potentialAction\":[{\"@type\":\"ReadAction\",\"target\":[\"https:\/\/www.boisbuchet.org\/domaine-de-boisbuchet-offers-position-as-general-manager\/\"]}]},{\"@type\":\"ImageObject\",\"inLanguage\":\"fr-FR\",\"@id\":\"https:\/\/www.boisbuchet.org\/domaine-de-boisbuchet-offers-position-as-general-manager\/#primaryimage\",\"url\":\"https:\/\/www.boisbuchet.org\/wp-content\/uploads\/2025\/05\/Boisbuchet_Job1_miniature.jpg\",\"contentUrl\":\"https:\/\/www.boisbuchet.org\/wp-content\/uploads\/2025\/05\/Boisbuchet_Job1_miniature.jpg\",\"width\":724,\"height\":542},{\"@type\":\"BreadcrumbList\",\"@id\":\"https:\/\/www.boisbuchet.org\/domaine-de-boisbuchet-offers-position-as-general-manager\/#breadcrumb\",\"itemListElement\":[{\"@type\":\"ListItem\",\"position\":1,\"name\":\"Home\",\"item\":\"https:\/\/www.boisbuchet.org\/fr\/\"},{\"@type\":\"ListItem\",\"position\":2,\"name\":\"Le Domaine de Boisbuchet propose un poste de Directeur G\u00e9n\u00e9ral\"}]},{\"@type\":\"WebSite\",\"@id\":\"https:\/\/www.boisbuchet.org\/#website\",\"url\":\"https:\/\/www.boisbuchet.org\/\",\"name\":\"Domaine de Boisbuchet\",\"description\":\"Summer Workshops | Park | Event\u00a0Location\",\"publisher\":{\"@id\":\"https:\/\/www.boisbuchet.org\/#organization\"},\"potentialAction\":[{\"@type\":\"SearchAction\",\"target\":{\"@type\":\"EntryPoint\",\"urlTemplate\":\"https:\/\/www.boisbuchet.org\/?s={search_term_string}\"},\"query-input\":{\"@type\":\"PropertyValueSpecification\",\"valueRequired\":true,\"valueName\":\"search_term_string\"}}],\"inLanguage\":\"fr-FR\"},{\"@type\":\"Organization\",\"@id\":\"https:\/\/www.boisbuchet.org\/#organization\",\"name\":\"Domine de Boisbuchet\",\"url\":\"https:\/\/www.boisbuchet.org\/\",\"logo\":{\"@type\":\"ImageObject\",\"inLanguage\":\"fr-FR\",\"@id\":\"https:\/\/www.boisbuchet.org\/#\/schema\/logo\/image\/\",\"url\":\"https:\/\/www.boisbuchet.org\/wp-content\/uploads\/2019\/01\/logo_boisbuchet_black.png\",\"contentUrl\":\"https:\/\/www.boisbuchet.org\/wp-content\/uploads\/2019\/01\/logo_boisbuchet_black.png\",\"width\":200,\"height\":73,\"caption\":\"Domine de Boisbuchet\"},\"image\":{\"@id\":\"https:\/\/www.boisbuchet.org\/#\/schema\/logo\/image\/\"},\"sameAs\":[\"https:\/\/www.facebook.com\/boisbuchet\",\"https:\/\/x.com\/boisbuchet\",\"https:\/\/www.instagram.com\/boisbuchet\",\"https:\/\/www.linkedin.com\/company\/domaine-de-boisbuchet\",\"https:\/\/www.pinterest.com\/boisbuchet\"]},{\"@type\":\"Person\",\"@id\":\"https:\/\/www.boisbuchet.org\/#\/schema\/person\/bf36436f4f3a9964d184d22cbfecf9a3\",\"name\":\"Guillermo Gil\",\"url\":\"https:\/\/www.boisbuchet.org\/fr\/author\/guillermo\/\"}]}<\/script>\n<!-- \/ Yoast SEO plugin. -->","yoast_head_json":{"title":"Le Domaine de Boisbuchet propose un poste de Directeur G\u00e9n\u00e9ral | Domaine de Boisbuchet","robots":{"index":"index","follow":"follow","max-snippet":"max-snippet:-1","max-image-preview":"max-image-preview:large","max-video-preview":"max-video-preview:-1"},"canonical":"https:\/\/www.boisbuchet.org\/domaine-de-boisbuchet-offers-position-as-general-manager\/","og_locale":"fr_FR","og_type":"article","og_title":"Le Domaine de Boisbuchet propose un poste de Directeur G\u00e9n\u00e9ral | Domaine de Boisbuchet","og_url":"https:\/\/www.boisbuchet.org\/domaine-de-boisbuchet-offers-position-as-general-manager\/","og_site_name":"Domaine de Boisbuchet","article_publisher":"https:\/\/www.facebook.com\/boisbuchet","article_published_time":"2025-05-08T16:41:20+00:00","article_modified_time":"2025-05-28T16:47:22+00:00","og_image":[{"width":724,"height":542,"url":"https:\/\/www.boisbuchet.org\/wp-content\/uploads\/2025\/05\/Boisbuchet_Job1_miniature.jpg","type":"image\/jpeg"}],"author":"Guillermo Gil","twitter_card":"summary_large_image","twitter_creator":"@boisbuchet","twitter_site":"@boisbuchet","twitter_misc":{"\u00c9crit par":"Guillermo Gil","Dur\u00e9e de lecture estim\u00e9e":"14 minutes"},"schema":{"@context":"https:\/\/schema.org","@graph":[{"@type":"Article","@id":"https:\/\/www.boisbuchet.org\/domaine-de-boisbuchet-offers-position-as-general-manager\/#article","isPartOf":{"@id":"https:\/\/www.boisbuchet.org\/domaine-de-boisbuchet-offers-position-as-general-manager\/"},"author":{"name":"Guillermo Gil","@id":"https:\/\/www.boisbuchet.org\/#\/schema\/person\/bf36436f4f3a9964d184d22cbfecf9a3"},"headline":"Le Domaine de Boisbuchet propose un poste de Directeur G\u00e9n\u00e9ral","datePublished":"2025-05-08T16:41:20+00:00","dateModified":"2025-05-28T16:47:22+00:00","mainEntityOfPage":{"@id":"https:\/\/www.boisbuchet.org\/domaine-de-boisbuchet-offers-position-as-general-manager\/"},"wordCount":2808,"publisher":{"@id":"https:\/\/www.boisbuchet.org\/#organization"},"image":{"@id":"https:\/\/www.boisbuchet.org\/domaine-de-boisbuchet-offers-position-as-general-manager\/#primaryimage"},"thumbnailUrl":"https:\/\/www.boisbuchet.org\/wp-content\/uploads\/2025\/05\/Boisbuchet_Job1_miniature.jpg","articleSection":["Uncategorized"],"inLanguage":"fr-FR"},{"@type":"WebPage","@id":"https:\/\/www.boisbuchet.org\/domaine-de-boisbuchet-offers-position-as-general-manager\/","url":"https:\/\/www.boisbuchet.org\/domaine-de-boisbuchet-offers-position-as-general-manager\/","name":"Le Domaine de Boisbuchet propose un poste de Directeur G\u00e9n\u00e9ral | Domaine de Boisbuchet","isPartOf":{"@id":"https:\/\/www.boisbuchet.org\/#website"},"primaryImageOfPage":{"@id":"https:\/\/www.boisbuchet.org\/domaine-de-boisbuchet-offers-position-as-general-manager\/#primaryimage"},"image":{"@id":"https:\/\/www.boisbuchet.org\/domaine-de-boisbuchet-offers-position-as-general-manager\/#primaryimage"},"thumbnailUrl":"https:\/\/www.boisbuchet.org\/wp-content\/uploads\/2025\/05\/Boisbuchet_Job1_miniature.jpg","datePublished":"2025-05-08T16:41:20+00:00","dateModified":"2025-05-28T16:47:22+00:00","breadcrumb":{"@id":"https:\/\/www.boisbuchet.org\/domaine-de-boisbuchet-offers-position-as-general-manager\/#breadcrumb"},"inLanguage":"fr-FR","potentialAction":[{"@type":"ReadAction","target":["https:\/\/www.boisbuchet.org\/domaine-de-boisbuchet-offers-position-as-general-manager\/"]}]},{"@type":"ImageObject","inLanguage":"fr-FR","@id":"https:\/\/www.boisbuchet.org\/domaine-de-boisbuchet-offers-position-as-general-manager\/#primaryimage","url":"https:\/\/www.boisbuchet.org\/wp-content\/uploads\/2025\/05\/Boisbuchet_Job1_miniature.jpg","contentUrl":"https:\/\/www.boisbuchet.org\/wp-content\/uploads\/2025\/05\/Boisbuchet_Job1_miniature.jpg","width":724,"height":542},{"@type":"BreadcrumbList","@id":"https:\/\/www.boisbuchet.org\/domaine-de-boisbuchet-offers-position-as-general-manager\/#breadcrumb","itemListElement":[{"@type":"ListItem","position":1,"name":"Home","item":"https:\/\/www.boisbuchet.org\/fr\/"},{"@type":"ListItem","position":2,"name":"Le Domaine de Boisbuchet propose un poste de Directeur G\u00e9n\u00e9ral"}]},{"@type":"WebSite","@id":"https:\/\/www.boisbuchet.org\/#website","url":"https:\/\/www.boisbuchet.org\/","name":"Domaine de Boisbuchet","description":"Summer Workshops | Park | Event\u00a0Location","publisher":{"@id":"https:\/\/www.boisbuchet.org\/#organization"},"potentialAction":[{"@type":"SearchAction","target":{"@type":"EntryPoint","urlTemplate":"https:\/\/www.boisbuchet.org\/?s={search_term_string}"},"query-input":{"@type":"PropertyValueSpecification","valueRequired":true,"valueName":"search_term_string"}}],"inLanguage":"fr-FR"},{"@type":"Organization","@id":"https:\/\/www.boisbuchet.org\/#organization","name":"Domine de Boisbuchet","url":"https:\/\/www.boisbuchet.org\/","logo":{"@type":"ImageObject","inLanguage":"fr-FR","@id":"https:\/\/www.boisbuchet.org\/#\/schema\/logo\/image\/","url":"https:\/\/www.boisbuchet.org\/wp-content\/uploads\/2019\/01\/logo_boisbuchet_black.png","contentUrl":"https:\/\/www.boisbuchet.org\/wp-content\/uploads\/2019\/01\/logo_boisbuchet_black.png","width":200,"height":73,"caption":"Domine de Boisbuchet"},"image":{"@id":"https:\/\/www.boisbuchet.org\/#\/schema\/logo\/image\/"},"sameAs":["https:\/\/www.facebook.com\/boisbuchet","https:\/\/x.com\/boisbuchet","https:\/\/www.instagram.com\/boisbuchet","https:\/\/www.linkedin.com\/company\/domaine-de-boisbuchet","https:\/\/www.pinterest.com\/boisbuchet"]},{"@type":"Person","@id":"https:\/\/www.boisbuchet.org\/#\/schema\/person\/bf36436f4f3a9964d184d22cbfecf9a3","name":"Guillermo Gil","url":"https:\/\/www.boisbuchet.org\/fr\/author\/guillermo\/"}]}},"_links":{"self":[{"href":"https:\/\/www.boisbuchet.org\/fr\/wp-json\/wp\/v2\/posts\/22366","targetHints":{"allow":["GET"]}}],"collection":[{"href":"https:\/\/www.boisbuchet.org\/fr\/wp-json\/wp\/v2\/posts"}],"about":[{"href":"https:\/\/www.boisbuchet.org\/fr\/wp-json\/wp\/v2\/types\/post"}],"author":[{"embeddable":true,"href":"https:\/\/www.boisbuchet.org\/fr\/wp-json\/wp\/v2\/users\/707"}],"replies":[{"embeddable":true,"href":"https:\/\/www.boisbuchet.org\/fr\/wp-json\/wp\/v2\/comments?post=22366"}],"version-history":[{"count":7,"href":"https:\/\/www.boisbuchet.org\/fr\/wp-json\/wp\/v2\/posts\/22366\/revisions"}],"predecessor-version":[{"id":22430,"href":"https:\/\/www.boisbuchet.org\/fr\/wp-json\/wp\/v2\/posts\/22366\/revisions\/22430"}],"wp:featuredmedia":[{"embeddable":true,"href":"https:\/\/www.boisbuchet.org\/fr\/wp-json\/wp\/v2\/media\/22346"}],"wp:attachment":[{"href":"https:\/\/www.boisbuchet.org\/fr\/wp-json\/wp\/v2\/media?parent=22366"}],"wp:term":[{"taxonomy":"category","embeddable":true,"href":"https:\/\/www.boisbuchet.org\/fr\/wp-json\/wp\/v2\/categories?post=22366"},{"taxonomy":"post_tag","embeddable":true,"href":"https:\/\/www.boisbuchet.org\/fr\/wp-json\/wp\/v2\/tags?post=22366"}],"curies":[{"name":"wp","href":"https:\/\/api.w.org\/{rel}","templated":true}]}}