{"id":22371,"date":"2025-12-10T18:57:21","date_gmt":"2025-12-10T17:57:21","guid":{"rendered":"https:\/\/www.boisbuchet.org\/le-domaine-de-boisbuchet-propose-un-poste-dassistant%c2%b7e-personnel%c2%b7le\/"},"modified":"2026-03-23T19:16:52","modified_gmt":"2026-03-23T18:16:52","slug":"le-domaine-de-boisbuchet-propose-un-poste-dassistant%c2%b7e-personnel%c2%b7le","status":"publish","type":"post","link":"https:\/\/www.boisbuchet.org\/fr\/le-domaine-de-boisbuchet-propose-un-poste-dassistant%c2%b7e-personnel%c2%b7le\/","title":{"rendered":"Le Domaine de Boisbuchet propose un poste d\u2019Assistant\u00b7e Personnel\u00b7le"},"content":{"rendered":"<div class=\"fusion-fullwidth fullwidth-box fusion-builder-row-1 nonhundred-percent-fullwidth non-hundred-percent-height-scrolling\" style=\"--awb-border-radius-top-left:0px;--awb-border-radius-top-right:0px;--awb-border-radius-bottom-right:0px;--awb-border-radius-bottom-left:0px;--awb-flex-wrap:wrap;\" ><div class=\"fusion-builder-row fusion-row\"><div class=\"fusion-layout-column fusion_builder_column fusion-builder-column-0 fusion_builder_column_1_1 1_1 fusion-one-full fusion-column-first fusion-column-last\" style=\"--awb-bg-size:cover;\"><div class=\"fusion-column-wrapper fusion-flex-column-wrapper-legacy\"><div class=\"fusion-title title fusion-title-1 fusion-sep-none fusion-title-center fusion-title-text fusion-title-size-three\" style=\"--awb-text-color:#999999;--awb-margin-top-small:0px;--awb-margin-right-small:0px;--awb-margin-bottom-small:20px;--awb-margin-left-small:0px;\"><h3 class=\"fusion-title-heading title-heading-center\" style=\"margin:0;\">ASSISTANT\u00b7E PERSONNEL\u00b7LE<\/h3><\/div><div class=\"fusion-title title fusion-title-2 fusion-title-center fusion-title-text fusion-title-size-one\" style=\"--awb-text-color:#333333;--awb-margin-top-small:0px;--awb-margin-right-small:0px;--awb-margin-bottom-small:20px;--awb-margin-left-small:0px;\"><div class=\"title-sep-container title-sep-container-left\"><div class=\"title-sep sep-single sep-solid\" style=\"border-color:#e0dede;\"><\/div><\/div><span class=\"awb-title-spacer\"><\/span><h1 class=\"fusion-title-heading title-heading-center\" style=\"margin:0;letter-spacing:5px;\">OFFRE DE COLLABORATION<\/h1><span class=\"awb-title-spacer\"><\/span><div class=\"title-sep-container title-sep-container-right\"><div class=\"title-sep sep-single sep-solid\" style=\"border-color:#e0dede;\"><\/div><\/div><\/div><div class=\"fusion-clearfix\"><\/div><\/div><\/div><\/div><\/div><div class=\"fusion-fullwidth fullwidth-box fusion-builder-row-2 fusion-flex-container has-pattern-background has-mask-background nonhundred-percent-fullwidth non-hundred-percent-height-scrolling\" style=\"--awb-border-radius-top-left:0px;--awb-border-radius-top-right:0px;--awb-border-radius-bottom-right:0px;--awb-border-radius-bottom-left:0px;--awb-flex-wrap:wrap;\" ><div class=\"fusion-builder-row fusion-row fusion-flex-align-items-flex-start fusion-flex-content-wrap\" style=\"max-width:1144px;margin-left: calc(-4% \/ 2 );margin-right: calc(-4% \/ 2 );\"><div class=\"fusion-layout-column fusion_builder_column fusion-builder-column-1 fusion_builder_column_1_1 1_1 fusion-flex-column\" style=\"--awb-bg-size:cover;--awb-width-large:100%;--awb-margin-top-large:0px;--awb-spacing-right-large:1.92%;--awb-margin-bottom-large:20px;--awb-spacing-left-large:1.92%;--awb-width-medium:100%;--awb-order-medium:0;--awb-spacing-right-medium:1.92%;--awb-spacing-left-medium:1.92%;--awb-width-small:100%;--awb-order-small:0;--awb-spacing-right-small:1.92%;--awb-spacing-left-small:1.92%;\"><div class=\"fusion-column-wrapper fusion-column-has-shadow fusion-flex-justify-content-flex-start fusion-content-layout-column\"><div class=\"fusion-image-element \" style=\"text-align:center;--awb-caption-title-font-family:var(--h2_typography-font-family);--awb-caption-title-font-weight:var(--h2_typography-font-weight);--awb-caption-title-font-style:var(--h2_typography-font-style);--awb-caption-title-size:var(--h2_typography-font-size);--awb-caption-title-transform:var(--h2_typography-text-transform);--awb-caption-title-line-height:var(--h2_typography-line-height);--awb-caption-title-letter-spacing:var(--h2_typography-letter-spacing);\"><span class=\" fusion-imageframe imageframe-none imageframe-1 hover-type-none\"><img decoding=\"async\" width=\"1920\" height=\"1080\" title=\"Boisbuchet_Job2\" src=\"https:\/\/www.boisbuchet.org\/wp-content\/uploads\/2025\/05\/Boisbuchet_Job2.jpg\" alt class=\"img-responsive wp-image-22331\" srcset=\"https:\/\/www.boisbuchet.org\/wp-content\/uploads\/2025\/05\/Boisbuchet_Job2-200x113.jpg 200w, https:\/\/www.boisbuchet.org\/wp-content\/uploads\/2025\/05\/Boisbuchet_Job2-400x225.jpg 400w, https:\/\/www.boisbuchet.org\/wp-content\/uploads\/2025\/05\/Boisbuchet_Job2-600x338.jpg 600w, https:\/\/www.boisbuchet.org\/wp-content\/uploads\/2025\/05\/Boisbuchet_Job2-800x450.jpg 800w, https:\/\/www.boisbuchet.org\/wp-content\/uploads\/2025\/05\/Boisbuchet_Job2-1200x675.jpg 1200w, https:\/\/www.boisbuchet.org\/wp-content\/uploads\/2025\/05\/Boisbuchet_Job2.jpg 1920w\" sizes=\"(max-width: 1024px) 100vw, (max-width: 640px) 100vw, 1200px\" \/><\/span><\/div><\/div><\/div><\/div><\/div><div class=\"fusion-fullwidth fullwidth-box fusion-builder-row-3 fusion-flex-container has-pattern-background has-mask-background nonhundred-percent-fullwidth non-hundred-percent-height-scrolling\" style=\"--awb-border-radius-top-left:0px;--awb-border-radius-top-right:0px;--awb-border-radius-bottom-right:0px;--awb-border-radius-bottom-left:0px;--awb-flex-wrap:wrap;\" ><div class=\"fusion-builder-row fusion-row fusion-flex-align-items-flex-start fusion-flex-content-wrap\" style=\"max-width:1144px;margin-left: calc(-4% \/ 2 );margin-right: calc(-4% \/ 2 );\"><div class=\"fusion-layout-column fusion_builder_column fusion-builder-column-2 fusion_builder_column_1_1 1_1 fusion-flex-column\" style=\"--awb-bg-size:cover;--awb-width-large:100%;--awb-margin-top-large:0px;--awb-spacing-right-large:1.92%;--awb-margin-bottom-large:20px;--awb-spacing-left-large:1.92%;--awb-width-medium:100%;--awb-order-medium:0;--awb-spacing-right-medium:1.92%;--awb-spacing-left-medium:1.92%;--awb-width-small:100%;--awb-order-small:0;--awb-spacing-right-small:1.92%;--awb-spacing-left-small:1.92%;\"><div class=\"fusion-column-wrapper fusion-column-has-shadow fusion-flex-justify-content-flex-start fusion-content-layout-column\"><div class=\"fusion-text fusion-text-1\"><p><span style=\"background-color: rgba(0, 0, 0, 0);\"><b>Le Domaine de Boisbuchet recherche un\u00b7e collaborateur\u00b7rice ind\u00e9pendant\u00b7e pour une mission d\u2019Assistant\u00b7e Personnel\u00b7le aupr\u00e8s de son Fondateur<\/b><\/span><\/p>\n<p>Cette mission s\u2019adresse \u00e0 des professionnel\u00b7les dans les domaines du design management, de l\u2019architecture ou d\u2019autres disciplines culturelles connexes. Elle convient \u00e0 des personnes ind\u00e9pendantes, pr\u00eates \u00e0 relever les d\u00e9fis vari\u00e9s qu\u2019offre une institution innovante situ\u00e9e \u00e0 l\u2019intersection du design, de l\u2019architecture et de l\u2019\u00e9ducation \u2014 en collaboration \u00e9troite avec une personnalit\u00e9 unique, reconnue internationalement pour son engagement culturel.<\/p>\n<p><strong>Les missions incluent :<\/strong><\/p>\n<ul>\n<li>R\u00e9daction de courriers formels et informels en fran\u00e7ais et en anglais<\/li>\n<li>Gestion de l\u2019agenda personnel du fondateur<\/li>\n<li>Coordination de projets<\/li>\n<li>Organisation et classement de l\u2019information<\/li>\n<li>R\u00e9daction de comptes rendus de r\u00e9unions<\/li>\n<\/ul>\n<p><strong>Profil recherch\u00e9 :<\/strong><\/p>\n<ul>\n<li>Excellentes capacit\u00e9s de communication<\/li>\n<li>Fran\u00e7ais langue maternelle et tr\u00e8s bon niveau d\u2019anglais, \u00e0 l\u2019oral comme \u00e0 l\u2019\u00e9crit.  La connaissance de l\u2019allemand est un plus<\/li>\n<li>Exp\u00e9rience en assistance personnelle ou de direction<\/li>\n<li>Ma\u00eetrise de Microsoft Office et de la suite Adobe<\/li>\n<li>Int\u00e9r\u00eat marqu\u00e9 pour l\u2019entrepreneuriat culturel li\u00e9 au design et \u00e0 l\u2019architecture<\/li>\n<li>Autonomie, curiosit\u00e9, flexibilit\u00e9 et esprit d\u2019analyse<\/li>\n<li>Permis de conduire (voiture)<\/li>\n<\/ul>\n<p><strong>Conditions <\/strong><span style=\"background-color: rgba(0, 0, 0, 0);\"><b>(freelance)<\/b> <\/span><strong style=\"background-color: rgba(0, 0, 0, 0);\">:<\/strong><\/p>\n<ul>\n<li><span style=\"background-color: rgba(0, 0, 0, 0);\">Lieu de mission : Domaine de Boisbuchet, Lessac (sud-ouest de la France, entre Limoges, Poitiers et Angoul\u00eame). Une pr\u00e9sence partielle sur site sera requise selon les besoins du projet.<\/span><\/li>\n<li>H\u00e9bergement en chambre individuelle et repas fournis \u00e0 titre de facilit\u00e9s pratiques pendant les p\u00e9riodes de mission au Domaine.<\/li>\n<li>Collaboration initiale pr\u00e9vue pour une p\u00e9riode de 6 mois, avec possibilit\u00e9 d\u2019extension d\u2019un commun accord.<\/li>\n<li>Honoraires forfaitaires mensuels d\u00e9finis en amont, factur\u00e9s par le prestataire sur pr\u00e9sentation de facture.<\/li>\n<li>Frais li\u00e9s aux d\u00e9placements en France et \u00e0 l\u2019\u00e9tranger rembours\u00e9s sur justificatifs.<\/li>\n<li>Auto-entrepreneur, micro-entreprise ou autre statut d\u2019ind\u00e9pendant reconnu en France. Le prestataire reste seul responsable de ses cotisations sociales, fiscales et de son assurance sant\u00e9.<\/li>\n<li>Cette mission est une prestation de services ind\u00e9pendante et ne constitue en aucun cas un contrat de travail salari\u00e9. Aucune relation de subordination n\u2019est pr\u00e9vue entre le Domaine et le prestataire.<\/li>\n<\/ul>\n<p><strong>Contexte :<br \/>\n<\/strong><br \/>Alexander von Vegesack est le fondateur et ancien directeur du Vitra Design Museum (1988\u20132011). Il est actuellement pr\u00e9sident du Domaine de Boisbuchet, qu\u2019il a fond\u00e9 il y a plus de 30 ans. Il supervise la direction g\u00e9n\u00e9rale du Domaine, comprenant les ateliers, expositions et conf\u00e9rences sur le design et l\u2019architecture, ainsi que le d\u00e9veloppement du centre culturel \u00e0 travers de nombreux projets de construction et \u00e9v\u00e9nements vari\u00e9s. Il initie en permanence de nouveaux projets \u00e0 l\u2019ext\u00e9rieur et entretient des relations professionnelles internationales avec des mus\u00e9es, collectionneurs, entreprises, ONG, et autorit\u00e9s locales et nationales. R\u00e9sidant \u00e0 Boisbuchet, il effectue de nombreux d\u00e9placements internationaux et travaille en communication constante via divers canaux.<\/p>\n<p><strong>Candidature :<\/strong><\/p>\n<p>Les candidat\u00b7es int\u00e9ress\u00e9\u00b7es sont invit\u00e9\u00b7es \u00e0 envoyer une lettre de motivation accompagn\u00e9e d\u2019un CV, d\u2019une photo et de r\u00e9f\u00e9rences \u00e0 :<br \/>mathias.schwartz-clauss@boisbuchet.org<\/p>\n<\/div><\/div><\/div><\/div><\/div>\n","protected":false},"excerpt":{"rendered":"","protected":false},"author":707,"featured_media":22348,"comment_status":"closed","ping_status":"open","sticky":false,"template":"","format":"standard","meta":{"_monsterinsights_skip_tracking":false,"_monsterinsights_sitenote_active":false,"_monsterinsights_sitenote_note":"","_monsterinsights_sitenote_category":0,"footnotes":""},"categories":[2],"tags":[],"class_list":["post-22371","post","type-post","status-publish","format-standard","has-post-thumbnail","hentry","category-non-classifiee"],"yoast_head":"<!-- This site is optimized with the Yoast SEO plugin v27.1.1 - https:\/\/yoast.com\/product\/yoast-seo-wordpress\/ -->\n<title>Le Domaine de Boisbuchet propose un poste d\u2019Assistant\u00b7e Personnel\u00b7le | Domaine de Boisbuchet<\/title>\n<meta name=\"robots\" content=\"index, follow, max-snippet:-1, max-image-preview:large, max-video-preview:-1\" \/>\n<link rel=\"canonical\" href=\"https:\/\/www.boisbuchet.org\/fr\/le-domaine-de-boisbuchet-propose-un-poste-dassistant\u00b7e-personnel\u00b7le\/\" \/>\n<meta property=\"og:locale\" content=\"fr_FR\" \/>\n<meta property=\"og:type\" content=\"article\" \/>\n<meta property=\"og:title\" content=\"Le Domaine de Boisbuchet propose un poste d\u2019Assistant\u00b7e Personnel\u00b7le | Domaine de Boisbuchet\" \/>\n<meta property=\"og:url\" content=\"https:\/\/www.boisbuchet.org\/fr\/le-domaine-de-boisbuchet-propose-un-poste-dassistant\u00b7e-personnel\u00b7le\/\" \/>\n<meta property=\"og:site_name\" content=\"Domaine de Boisbuchet\" \/>\n<meta property=\"article:publisher\" content=\"https:\/\/www.facebook.com\/boisbuchet\" \/>\n<meta property=\"article:published_time\" content=\"2025-12-10T17:57:21+00:00\" \/>\n<meta property=\"article:modified_time\" content=\"2026-03-23T18:16:52+00:00\" \/>\n<meta property=\"og:image\" content=\"https:\/\/www.boisbuchet.org\/wp-content\/uploads\/2025\/05\/Boisbuchet_Job2_miniature.jpg\" \/>\n\t<meta property=\"og:image:width\" content=\"724\" \/>\n\t<meta property=\"og:image:height\" content=\"542\" \/>\n\t<meta property=\"og:image:type\" content=\"image\/jpeg\" \/>\n<meta name=\"author\" content=\"Guillermo Gil\" \/>\n<meta name=\"twitter:card\" content=\"summary_large_image\" \/>\n<meta name=\"twitter:creator\" content=\"@boisbuchet\" \/>\n<meta name=\"twitter:site\" content=\"@boisbuchet\" \/>\n<meta name=\"twitter:label1\" content=\"\u00c9crit par\" \/>\n\t<meta name=\"twitter:data1\" content=\"Guillermo Gil\" \/>\n\t<meta name=\"twitter:label2\" content=\"Dur\u00e9e de lecture estim\u00e9e\" \/>\n\t<meta name=\"twitter:data2\" content=\"9 minutes\" \/>\n<script type=\"application\/ld+json\" class=\"yoast-schema-graph\">{\"@context\":\"https:\/\/schema.org\",\"@graph\":[{\"@type\":\"Article\",\"@id\":\"https:\/\/www.boisbuchet.org\/fr\/le-domaine-de-boisbuchet-propose-un-poste-dassistant%c2%b7e-personnel%c2%b7le\/#article\",\"isPartOf\":{\"@id\":\"https:\/\/www.boisbuchet.org\/fr\/le-domaine-de-boisbuchet-propose-un-poste-dassistant%c2%b7e-personnel%c2%b7le\/\"},\"author\":{\"name\":\"Guillermo Gil\",\"@id\":\"https:\/\/www.boisbuchet.org\/#\/schema\/person\/bf36436f4f3a9964d184d22cbfecf9a3\"},\"headline\":\"Le Domaine de Boisbuchet propose un poste d\u2019Assistant\u00b7e Personnel\u00b7le\",\"datePublished\":\"2025-12-10T17:57:21+00:00\",\"dateModified\":\"2026-03-23T18:16:52+00:00\",\"mainEntityOfPage\":{\"@id\":\"https:\/\/www.boisbuchet.org\/fr\/le-domaine-de-boisbuchet-propose-un-poste-dassistant%c2%b7e-personnel%c2%b7le\/\"},\"wordCount\":1816,\"publisher\":{\"@id\":\"https:\/\/www.boisbuchet.org\/#organization\"},\"image\":{\"@id\":\"https:\/\/www.boisbuchet.org\/fr\/le-domaine-de-boisbuchet-propose-un-poste-dassistant%c2%b7e-personnel%c2%b7le\/#primaryimage\"},\"thumbnailUrl\":\"https:\/\/www.boisbuchet.org\/wp-content\/uploads\/2025\/05\/Boisbuchet_Job2_miniature.jpg\",\"articleSection\":[\"Non classifi\u00e9(e)\"],\"inLanguage\":\"fr-FR\"},{\"@type\":\"WebPage\",\"@id\":\"https:\/\/www.boisbuchet.org\/fr\/le-domaine-de-boisbuchet-propose-un-poste-dassistant%c2%b7e-personnel%c2%b7le\/\",\"url\":\"https:\/\/www.boisbuchet.org\/fr\/le-domaine-de-boisbuchet-propose-un-poste-dassistant%c2%b7e-personnel%c2%b7le\/\",\"name\":\"Le Domaine de Boisbuchet propose un poste d\u2019Assistant\u00b7e Personnel\u00b7le | Domaine de Boisbuchet\",\"isPartOf\":{\"@id\":\"https:\/\/www.boisbuchet.org\/#website\"},\"primaryImageOfPage\":{\"@id\":\"https:\/\/www.boisbuchet.org\/fr\/le-domaine-de-boisbuchet-propose-un-poste-dassistant%c2%b7e-personnel%c2%b7le\/#primaryimage\"},\"image\":{\"@id\":\"https:\/\/www.boisbuchet.org\/fr\/le-domaine-de-boisbuchet-propose-un-poste-dassistant%c2%b7e-personnel%c2%b7le\/#primaryimage\"},\"thumbnailUrl\":\"https:\/\/www.boisbuchet.org\/wp-content\/uploads\/2025\/05\/Boisbuchet_Job2_miniature.jpg\",\"datePublished\":\"2025-12-10T17:57:21+00:00\",\"dateModified\":\"2026-03-23T18:16:52+00:00\",\"breadcrumb\":{\"@id\":\"https:\/\/www.boisbuchet.org\/fr\/le-domaine-de-boisbuchet-propose-un-poste-dassistant%c2%b7e-personnel%c2%b7le\/#breadcrumb\"},\"inLanguage\":\"fr-FR\",\"potentialAction\":[{\"@type\":\"ReadAction\",\"target\":[\"https:\/\/www.boisbuchet.org\/fr\/le-domaine-de-boisbuchet-propose-un-poste-dassistant%c2%b7e-personnel%c2%b7le\/\"]}]},{\"@type\":\"ImageObject\",\"inLanguage\":\"fr-FR\",\"@id\":\"https:\/\/www.boisbuchet.org\/fr\/le-domaine-de-boisbuchet-propose-un-poste-dassistant%c2%b7e-personnel%c2%b7le\/#primaryimage\",\"url\":\"https:\/\/www.boisbuchet.org\/wp-content\/uploads\/2025\/05\/Boisbuchet_Job2_miniature.jpg\",\"contentUrl\":\"https:\/\/www.boisbuchet.org\/wp-content\/uploads\/2025\/05\/Boisbuchet_Job2_miniature.jpg\",\"width\":724,\"height\":542},{\"@type\":\"BreadcrumbList\",\"@id\":\"https:\/\/www.boisbuchet.org\/fr\/le-domaine-de-boisbuchet-propose-un-poste-dassistant%c2%b7e-personnel%c2%b7le\/#breadcrumb\",\"itemListElement\":[{\"@type\":\"ListItem\",\"position\":1,\"name\":\"Home\",\"item\":\"https:\/\/www.boisbuchet.org\/fr\/\"},{\"@type\":\"ListItem\",\"position\":2,\"name\":\"Le Domaine de Boisbuchet propose un poste d\u2019Assistant\u00b7e Personnel\u00b7le\"}]},{\"@type\":\"WebSite\",\"@id\":\"https:\/\/www.boisbuchet.org\/#website\",\"url\":\"https:\/\/www.boisbuchet.org\/\",\"name\":\"Domaine de Boisbuchet\",\"description\":\"Summer Workshops | Park | Event\u00a0Location\",\"publisher\":{\"@id\":\"https:\/\/www.boisbuchet.org\/#organization\"},\"potentialAction\":[{\"@type\":\"SearchAction\",\"target\":{\"@type\":\"EntryPoint\",\"urlTemplate\":\"https:\/\/www.boisbuchet.org\/?s={search_term_string}\"},\"query-input\":{\"@type\":\"PropertyValueSpecification\",\"valueRequired\":true,\"valueName\":\"search_term_string\"}}],\"inLanguage\":\"fr-FR\"},{\"@type\":\"Organization\",\"@id\":\"https:\/\/www.boisbuchet.org\/#organization\",\"name\":\"Domine de Boisbuchet\",\"url\":\"https:\/\/www.boisbuchet.org\/\",\"logo\":{\"@type\":\"ImageObject\",\"inLanguage\":\"fr-FR\",\"@id\":\"https:\/\/www.boisbuchet.org\/#\/schema\/logo\/image\/\",\"url\":\"https:\/\/www.boisbuchet.org\/wp-content\/uploads\/2019\/01\/logo_boisbuchet_black.png\",\"contentUrl\":\"https:\/\/www.boisbuchet.org\/wp-content\/uploads\/2019\/01\/logo_boisbuchet_black.png\",\"width\":200,\"height\":73,\"caption\":\"Domine de Boisbuchet\"},\"image\":{\"@id\":\"https:\/\/www.boisbuchet.org\/#\/schema\/logo\/image\/\"},\"sameAs\":[\"https:\/\/www.facebook.com\/boisbuchet\",\"https:\/\/x.com\/boisbuchet\",\"https:\/\/www.instagram.com\/boisbuchet\",\"https:\/\/www.linkedin.com\/company\/domaine-de-boisbuchet\",\"https:\/\/www.pinterest.com\/boisbuchet\"]},{\"@type\":\"Person\",\"@id\":\"https:\/\/www.boisbuchet.org\/#\/schema\/person\/bf36436f4f3a9964d184d22cbfecf9a3\",\"name\":\"Guillermo Gil\",\"url\":\"https:\/\/www.boisbuchet.org\/fr\/author\/guillermo\/\"}]}<\/script>\n<!-- \/ Yoast SEO plugin. -->","yoast_head_json":{"title":"Le Domaine de Boisbuchet propose un poste d\u2019Assistant\u00b7e Personnel\u00b7le | Domaine de Boisbuchet","robots":{"index":"index","follow":"follow","max-snippet":"max-snippet:-1","max-image-preview":"max-image-preview:large","max-video-preview":"max-video-preview:-1"},"canonical":"https:\/\/www.boisbuchet.org\/fr\/le-domaine-de-boisbuchet-propose-un-poste-dassistant\u00b7e-personnel\u00b7le\/","og_locale":"fr_FR","og_type":"article","og_title":"Le Domaine de Boisbuchet propose un poste d\u2019Assistant\u00b7e Personnel\u00b7le | Domaine de Boisbuchet","og_url":"https:\/\/www.boisbuchet.org\/fr\/le-domaine-de-boisbuchet-propose-un-poste-dassistant\u00b7e-personnel\u00b7le\/","og_site_name":"Domaine de Boisbuchet","article_publisher":"https:\/\/www.facebook.com\/boisbuchet","article_published_time":"2025-12-10T17:57:21+00:00","article_modified_time":"2026-03-23T18:16:52+00:00","og_image":[{"width":724,"height":542,"url":"https:\/\/www.boisbuchet.org\/wp-content\/uploads\/2025\/05\/Boisbuchet_Job2_miniature.jpg","type":"image\/jpeg"}],"author":"Guillermo Gil","twitter_card":"summary_large_image","twitter_creator":"@boisbuchet","twitter_site":"@boisbuchet","twitter_misc":{"\u00c9crit par":"Guillermo Gil","Dur\u00e9e de lecture estim\u00e9e":"9 minutes"},"schema":{"@context":"https:\/\/schema.org","@graph":[{"@type":"Article","@id":"https:\/\/www.boisbuchet.org\/fr\/le-domaine-de-boisbuchet-propose-un-poste-dassistant%c2%b7e-personnel%c2%b7le\/#article","isPartOf":{"@id":"https:\/\/www.boisbuchet.org\/fr\/le-domaine-de-boisbuchet-propose-un-poste-dassistant%c2%b7e-personnel%c2%b7le\/"},"author":{"name":"Guillermo Gil","@id":"https:\/\/www.boisbuchet.org\/#\/schema\/person\/bf36436f4f3a9964d184d22cbfecf9a3"},"headline":"Le Domaine de Boisbuchet propose un poste d\u2019Assistant\u00b7e Personnel\u00b7le","datePublished":"2025-12-10T17:57:21+00:00","dateModified":"2026-03-23T18:16:52+00:00","mainEntityOfPage":{"@id":"https:\/\/www.boisbuchet.org\/fr\/le-domaine-de-boisbuchet-propose-un-poste-dassistant%c2%b7e-personnel%c2%b7le\/"},"wordCount":1816,"publisher":{"@id":"https:\/\/www.boisbuchet.org\/#organization"},"image":{"@id":"https:\/\/www.boisbuchet.org\/fr\/le-domaine-de-boisbuchet-propose-un-poste-dassistant%c2%b7e-personnel%c2%b7le\/#primaryimage"},"thumbnailUrl":"https:\/\/www.boisbuchet.org\/wp-content\/uploads\/2025\/05\/Boisbuchet_Job2_miniature.jpg","articleSection":["Non classifi\u00e9(e)"],"inLanguage":"fr-FR"},{"@type":"WebPage","@id":"https:\/\/www.boisbuchet.org\/fr\/le-domaine-de-boisbuchet-propose-un-poste-dassistant%c2%b7e-personnel%c2%b7le\/","url":"https:\/\/www.boisbuchet.org\/fr\/le-domaine-de-boisbuchet-propose-un-poste-dassistant%c2%b7e-personnel%c2%b7le\/","name":"Le Domaine de Boisbuchet propose un poste d\u2019Assistant\u00b7e Personnel\u00b7le | Domaine de Boisbuchet","isPartOf":{"@id":"https:\/\/www.boisbuchet.org\/#website"},"primaryImageOfPage":{"@id":"https:\/\/www.boisbuchet.org\/fr\/le-domaine-de-boisbuchet-propose-un-poste-dassistant%c2%b7e-personnel%c2%b7le\/#primaryimage"},"image":{"@id":"https:\/\/www.boisbuchet.org\/fr\/le-domaine-de-boisbuchet-propose-un-poste-dassistant%c2%b7e-personnel%c2%b7le\/#primaryimage"},"thumbnailUrl":"https:\/\/www.boisbuchet.org\/wp-content\/uploads\/2025\/05\/Boisbuchet_Job2_miniature.jpg","datePublished":"2025-12-10T17:57:21+00:00","dateModified":"2026-03-23T18:16:52+00:00","breadcrumb":{"@id":"https:\/\/www.boisbuchet.org\/fr\/le-domaine-de-boisbuchet-propose-un-poste-dassistant%c2%b7e-personnel%c2%b7le\/#breadcrumb"},"inLanguage":"fr-FR","potentialAction":[{"@type":"ReadAction","target":["https:\/\/www.boisbuchet.org\/fr\/le-domaine-de-boisbuchet-propose-un-poste-dassistant%c2%b7e-personnel%c2%b7le\/"]}]},{"@type":"ImageObject","inLanguage":"fr-FR","@id":"https:\/\/www.boisbuchet.org\/fr\/le-domaine-de-boisbuchet-propose-un-poste-dassistant%c2%b7e-personnel%c2%b7le\/#primaryimage","url":"https:\/\/www.boisbuchet.org\/wp-content\/uploads\/2025\/05\/Boisbuchet_Job2_miniature.jpg","contentUrl":"https:\/\/www.boisbuchet.org\/wp-content\/uploads\/2025\/05\/Boisbuchet_Job2_miniature.jpg","width":724,"height":542},{"@type":"BreadcrumbList","@id":"https:\/\/www.boisbuchet.org\/fr\/le-domaine-de-boisbuchet-propose-un-poste-dassistant%c2%b7e-personnel%c2%b7le\/#breadcrumb","itemListElement":[{"@type":"ListItem","position":1,"name":"Home","item":"https:\/\/www.boisbuchet.org\/fr\/"},{"@type":"ListItem","position":2,"name":"Le Domaine de Boisbuchet propose un poste d\u2019Assistant\u00b7e Personnel\u00b7le"}]},{"@type":"WebSite","@id":"https:\/\/www.boisbuchet.org\/#website","url":"https:\/\/www.boisbuchet.org\/","name":"Domaine de Boisbuchet","description":"Summer Workshops | Park | Event\u00a0Location","publisher":{"@id":"https:\/\/www.boisbuchet.org\/#organization"},"potentialAction":[{"@type":"SearchAction","target":{"@type":"EntryPoint","urlTemplate":"https:\/\/www.boisbuchet.org\/?s={search_term_string}"},"query-input":{"@type":"PropertyValueSpecification","valueRequired":true,"valueName":"search_term_string"}}],"inLanguage":"fr-FR"},{"@type":"Organization","@id":"https:\/\/www.boisbuchet.org\/#organization","name":"Domine de Boisbuchet","url":"https:\/\/www.boisbuchet.org\/","logo":{"@type":"ImageObject","inLanguage":"fr-FR","@id":"https:\/\/www.boisbuchet.org\/#\/schema\/logo\/image\/","url":"https:\/\/www.boisbuchet.org\/wp-content\/uploads\/2019\/01\/logo_boisbuchet_black.png","contentUrl":"https:\/\/www.boisbuchet.org\/wp-content\/uploads\/2019\/01\/logo_boisbuchet_black.png","width":200,"height":73,"caption":"Domine de Boisbuchet"},"image":{"@id":"https:\/\/www.boisbuchet.org\/#\/schema\/logo\/image\/"},"sameAs":["https:\/\/www.facebook.com\/boisbuchet","https:\/\/x.com\/boisbuchet","https:\/\/www.instagram.com\/boisbuchet","https:\/\/www.linkedin.com\/company\/domaine-de-boisbuchet","https:\/\/www.pinterest.com\/boisbuchet"]},{"@type":"Person","@id":"https:\/\/www.boisbuchet.org\/#\/schema\/person\/bf36436f4f3a9964d184d22cbfecf9a3","name":"Guillermo Gil","url":"https:\/\/www.boisbuchet.org\/fr\/author\/guillermo\/"}]}},"_links":{"self":[{"href":"https:\/\/www.boisbuchet.org\/fr\/wp-json\/wp\/v2\/posts\/22371","targetHints":{"allow":["GET"]}}],"collection":[{"href":"https:\/\/www.boisbuchet.org\/fr\/wp-json\/wp\/v2\/posts"}],"about":[{"href":"https:\/\/www.boisbuchet.org\/fr\/wp-json\/wp\/v2\/types\/post"}],"author":[{"embeddable":true,"href":"https:\/\/www.boisbuchet.org\/fr\/wp-json\/wp\/v2\/users\/707"}],"replies":[{"embeddable":true,"href":"https:\/\/www.boisbuchet.org\/fr\/wp-json\/wp\/v2\/comments?post=22371"}],"version-history":[{"count":8,"href":"https:\/\/www.boisbuchet.org\/fr\/wp-json\/wp\/v2\/posts\/22371\/revisions"}],"predecessor-version":[{"id":23100,"href":"https:\/\/www.boisbuchet.org\/fr\/wp-json\/wp\/v2\/posts\/22371\/revisions\/23100"}],"wp:featuredmedia":[{"embeddable":true,"href":"https:\/\/www.boisbuchet.org\/fr\/wp-json\/wp\/v2\/media\/22348"}],"wp:attachment":[{"href":"https:\/\/www.boisbuchet.org\/fr\/wp-json\/wp\/v2\/media?parent=22371"}],"wp:term":[{"taxonomy":"category","embeddable":true,"href":"https:\/\/www.boisbuchet.org\/fr\/wp-json\/wp\/v2\/categories?post=22371"},{"taxonomy":"post_tag","embeddable":true,"href":"https:\/\/www.boisbuchet.org\/fr\/wp-json\/wp\/v2\/tags?post=22371"}],"curies":[{"name":"wp","href":"https:\/\/api.w.org\/{rel}","templated":true}]}}