{"id":22462,"date":"2025-06-09T23:46:56","date_gmt":"2025-06-09T21:46:56","guid":{"rendered":"https:\/\/www.boisbuchet.org\/le-domaine-de-boisbuchet-participe-a-la-troisieme-edition-du-nouveau-grand-tour\/"},"modified":"2025-06-09T23:46:58","modified_gmt":"2025-06-09T21:46:58","slug":"le-domaine-de-boisbuchet-participe-a-la-troisieme-edition-du-nouveau-grand-tour","status":"publish","type":"post","link":"https:\/\/www.boisbuchet.org\/fr\/le-domaine-de-boisbuchet-participe-a-la-troisieme-edition-du-nouveau-grand-tour\/","title":{"rendered":"Le Domaine de Boisbuchet participe \u00e0 la troisi\u00e8me \u00e9dition du Nouveau Grand Tour"},"content":{"rendered":"<div class=\"fusion-fullwidth fullwidth-box fusion-builder-row-1 nonhundred-percent-fullwidth non-hundred-percent-height-scrolling\" style=\"--awb-border-radius-top-left:0px;--awb-border-radius-top-right:0px;--awb-border-radius-bottom-right:0px;--awb-border-radius-bottom-left:0px;--awb-flex-wrap:wrap;\" ><div class=\"fusion-builder-row fusion-row\"><div class=\"fusion-layout-column fusion_builder_column fusion-builder-column-0 fusion_builder_column_1_1 1_1 fusion-one-full fusion-column-first fusion-column-last\" style=\"--awb-bg-size:cover;\"><div class=\"fusion-column-wrapper fusion-flex-column-wrapper-legacy\"><div class=\"fusion-title title fusion-title-1 fusion-sep-none fusion-title-center fusion-title-text fusion-title-size-three\" style=\"--awb-text-color:#999999;--awb-margin-top-small:0px;--awb-margin-right-small:0px;--awb-margin-bottom-small:20px;--awb-margin-left-small:0px;\"><h3 class=\"fusion-title-heading title-heading-center\" style=\"margin:0;\">PROGRAMME DE R\u00c9SIDENCE<\/h3><\/div><div class=\"fusion-title title fusion-title-2 fusion-title-center fusion-title-text fusion-title-size-one\" style=\"--awb-text-color:#333333;--awb-margin-top-small:0px;--awb-margin-right-small:0px;--awb-margin-bottom-small:20px;--awb-margin-left-small:0px;\"><div class=\"title-sep-container title-sep-container-left\"><div class=\"title-sep sep-single sep-solid\" style=\"border-color:#e0dede;\"><\/div><\/div><span class=\"awb-title-spacer\"><\/span><h1 class=\"fusion-title-heading title-heading-center\" style=\"margin:0;letter-spacing:5px;\">NOUVEAU GRAND TOUR<\/h1><span class=\"awb-title-spacer\"><\/span><div class=\"title-sep-container title-sep-container-right\"><div class=\"title-sep sep-single sep-solid\" style=\"border-color:#e0dede;\"><\/div><\/div><\/div><div class=\"fusion-title title fusion-title-3 fusion-sep-none fusion-title-center fusion-title-text fusion-title-size-six\" style=\"--awb-text-color:#999999;--awb-margin-top-small:0px;--awb-margin-right-small:0px;--awb-margin-bottom-small:20px;--awb-margin-left-small:0px;\"><h6 class=\"fusion-title-heading title-heading-center\" style=\"margin:0;\">8 SEPT \u2013 5 OCT<\/h6><\/div><div class=\"fusion-clearfix\"><\/div><\/div><\/div><\/div><\/div><div class=\"fusion-fullwidth fullwidth-box fusion-builder-row-2 fusion-flex-container has-pattern-background has-mask-background nonhundred-percent-fullwidth non-hundred-percent-height-scrolling\" style=\"--awb-border-radius-top-left:0px;--awb-border-radius-top-right:0px;--awb-border-radius-bottom-right:0px;--awb-border-radius-bottom-left:0px;--awb-flex-wrap:wrap;\" ><div class=\"fusion-builder-row fusion-row fusion-flex-align-items-flex-start fusion-flex-content-wrap\" style=\"max-width:1144px;margin-left: calc(-4% \/ 2 );margin-right: calc(-4% \/ 2 );\"><div class=\"fusion-layout-column fusion_builder_column fusion-builder-column-1 fusion_builder_column_1_1 1_1 fusion-flex-column\" style=\"--awb-bg-size:cover;--awb-width-large:100%;--awb-margin-top-large:0px;--awb-spacing-right-large:1.92%;--awb-margin-bottom-large:20px;--awb-spacing-left-large:1.92%;--awb-width-medium:100%;--awb-order-medium:0;--awb-spacing-right-medium:1.92%;--awb-spacing-left-medium:1.92%;--awb-width-small:100%;--awb-order-small:0;--awb-spacing-right-small:1.92%;--awb-spacing-left-small:1.92%;\"><div class=\"fusion-column-wrapper fusion-column-has-shadow fusion-flex-justify-content-flex-start fusion-content-layout-column\"><div class=\"fusion-image-element \" style=\"text-align:center;--awb-caption-title-font-family:var(--h2_typography-font-family);--awb-caption-title-font-weight:var(--h2_typography-font-weight);--awb-caption-title-font-style:var(--h2_typography-font-style);--awb-caption-title-size:var(--h2_typography-font-size);--awb-caption-title-transform:var(--h2_typography-text-transform);--awb-caption-title-line-height:var(--h2_typography-line-height);--awb-caption-title-letter-spacing:var(--h2_typography-letter-spacing);\"><span class=\" fusion-imageframe imageframe-none imageframe-1 hover-type-none\"><img decoding=\"async\" width=\"1920\" height=\"1080\" title=\"GrandTour1\" src=\"https:\/\/www.boisbuchet.org\/wp-content\/uploads\/2025\/06\/GrandTour1.jpg\" alt class=\"img-responsive wp-image-22452\" srcset=\"https:\/\/www.boisbuchet.org\/wp-content\/uploads\/2025\/06\/GrandTour1-200x113.jpg 200w, https:\/\/www.boisbuchet.org\/wp-content\/uploads\/2025\/06\/GrandTour1-400x225.jpg 400w, https:\/\/www.boisbuchet.org\/wp-content\/uploads\/2025\/06\/GrandTour1-600x338.jpg 600w, https:\/\/www.boisbuchet.org\/wp-content\/uploads\/2025\/06\/GrandTour1-800x450.jpg 800w, https:\/\/www.boisbuchet.org\/wp-content\/uploads\/2025\/06\/GrandTour1-1200x675.jpg 1200w, https:\/\/www.boisbuchet.org\/wp-content\/uploads\/2025\/06\/GrandTour1.jpg 1920w\" sizes=\"(max-width: 1024px) 100vw, (max-width: 640px) 100vw, 1200px\" \/><\/span><\/div><\/div><\/div><\/div><\/div><div class=\"fusion-fullwidth fullwidth-box fusion-builder-row-3 fusion-flex-container has-pattern-background has-mask-background nonhundred-percent-fullwidth non-hundred-percent-height-scrolling\" style=\"--awb-border-radius-top-left:0px;--awb-border-radius-top-right:0px;--awb-border-radius-bottom-right:0px;--awb-border-radius-bottom-left:0px;--awb-flex-wrap:wrap;\" ><div class=\"fusion-builder-row fusion-row fusion-flex-align-items-flex-start fusion-flex-content-wrap\" style=\"max-width:1144px;margin-left: calc(-4% \/ 2 );margin-right: calc(-4% \/ 2 );\"><div class=\"fusion-layout-column fusion_builder_column fusion-builder-column-2 fusion_builder_column_1_1 1_1 fusion-flex-column\" style=\"--awb-bg-size:cover;--awb-width-large:100%;--awb-margin-top-large:0px;--awb-spacing-right-large:1.92%;--awb-margin-bottom-large:20px;--awb-spacing-left-large:1.92%;--awb-width-medium:100%;--awb-order-medium:0;--awb-spacing-right-medium:1.92%;--awb-spacing-left-medium:1.92%;--awb-width-small:100%;--awb-order-small:0;--awb-spacing-right-small:1.92%;--awb-spacing-left-small:1.92%;\"><div class=\"fusion-column-wrapper fusion-column-has-shadow fusion-flex-justify-content-flex-start fusion-content-layout-column\"><div class=\"fusion-text fusion-text-1\"><h4>Le Domaine de Boisbuchet participe \u00e0 la troisi\u00e8me \u00e9dition du Nouveau Grand Tour, le programme de r\u00e9sidences artistiques en France destin\u00e9 aux Italiens de moins de 30 ans.<\/h4>\n<\/div><div class=\"fusion-text fusion-text-2\"><p>L\u2019Institut culturel italien de Paris a annonc\u00e9 le lancement de la troisi\u00e8me \u00e9dition du Nouveau Grand Tour. Cette initiative \u2014 soutenue par le Minist\u00e8re italien de la Culture (Direction g\u00e9n\u00e9rale de la Cr\u00e9ativit\u00e9 contemporaine) et organis\u00e9e en collaboration avec le Minist\u00e8re des Affaires \u00e9trang\u00e8res et de la Coop\u00e9ration internationale \u2014 vise \u00e0 encourager le dialogue culturel et les \u00e9changes artistiques entre l\u2019Italie et la France, en favorisant la mobilit\u00e9 des jeunes talents dans un large \u00e9ventail de disciplines de la cr\u00e9ation contemporaine.<\/p>\n<p><strong>Pour la troisi\u00e8me ann\u00e9e cons\u00e9cutive, le Domaine de Boisbuchet participe au programme en tant que lieu d\u2019accueil officiel, et les candidatures pour une r\u00e9sidence chez nous sont d\u00e9sormais ouvertes.<\/strong><\/p>\n<p>Jusqu\u2019\u00e0 50 bourses de r\u00e9sidence seront attribu\u00e9es \u00e0 un maximum de 57 artistes et cr\u00e9atifs italiens de moins de 30 ans, s\u00e9lectionn\u00e9s dans le cadre d\u2019un appel \u00e0 candidatures public. Ces participants effectueront une r\u00e9sidence artistique dans l\u2019un des 23 centres partenaires r\u00e9partis sur l\u2019ensemble du territoire fran\u00e7ais.<\/p>\n<\/div><\/div><\/div><\/div><\/div><div class=\"fusion-fullwidth fullwidth-box fusion-builder-row-4 fusion-flex-container has-pattern-background has-mask-background nonhundred-percent-fullwidth non-hundred-percent-height-scrolling\" style=\"--awb-border-radius-top-left:0px;--awb-border-radius-top-right:0px;--awb-border-radius-bottom-right:0px;--awb-border-radius-bottom-left:0px;--awb-flex-wrap:wrap;\" ><div class=\"fusion-builder-row fusion-row fusion-flex-align-items-flex-start fusion-flex-content-wrap\" style=\"max-width:1144px;margin-left: calc(-4% \/ 2 );margin-right: calc(-4% \/ 2 );\"><div class=\"fusion-layout-column fusion_builder_column fusion-builder-column-3 fusion_builder_column_1_1 1_1 fusion-flex-column\" style=\"--awb-bg-size:cover;--awb-width-large:100%;--awb-margin-top-large:0px;--awb-spacing-right-large:1.92%;--awb-margin-bottom-large:20px;--awb-spacing-left-large:1.92%;--awb-width-medium:100%;--awb-order-medium:0;--awb-spacing-right-medium:1.92%;--awb-spacing-left-medium:1.92%;--awb-width-small:100%;--awb-order-small:0;--awb-spacing-right-small:1.92%;--awb-spacing-left-small:1.92%;\"><div class=\"fusion-column-wrapper fusion-column-has-shadow fusion-flex-justify-content-flex-start fusion-content-layout-column\"><div class=\"fusion-image-element \" style=\"text-align:center;--awb-caption-title-font-family:var(--h2_typography-font-family);--awb-caption-title-font-weight:var(--h2_typography-font-weight);--awb-caption-title-font-style:var(--h2_typography-font-style);--awb-caption-title-size:var(--h2_typography-font-size);--awb-caption-title-transform:var(--h2_typography-text-transform);--awb-caption-title-line-height:var(--h2_typography-line-height);--awb-caption-title-letter-spacing:var(--h2_typography-letter-spacing);\"><span class=\" fusion-imageframe imageframe-none imageframe-2 hover-type-none\"><img decoding=\"async\" width=\"1583\" height=\"1583\" title=\"IICPARIS-Biglietto-quadrato-Busta-quadrato\" src=\"https:\/\/www.boisbuchet.org\/wp-content\/uploads\/2025\/06\/IICPARIS-Biglietto-quadrato-Busta-quadrato.jpg\" alt class=\"img-responsive wp-image-22457\" srcset=\"https:\/\/www.boisbuchet.org\/wp-content\/uploads\/2025\/06\/IICPARIS-Biglietto-quadrato-Busta-quadrato-200x200.jpg 200w, https:\/\/www.boisbuchet.org\/wp-content\/uploads\/2025\/06\/IICPARIS-Biglietto-quadrato-Busta-quadrato-400x400.jpg 400w, https:\/\/www.boisbuchet.org\/wp-content\/uploads\/2025\/06\/IICPARIS-Biglietto-quadrato-Busta-quadrato-600x600.jpg 600w, https:\/\/www.boisbuchet.org\/wp-content\/uploads\/2025\/06\/IICPARIS-Biglietto-quadrato-Busta-quadrato-800x800.jpg 800w, https:\/\/www.boisbuchet.org\/wp-content\/uploads\/2025\/06\/IICPARIS-Biglietto-quadrato-Busta-quadrato-1200x1200.jpg 1200w, https:\/\/www.boisbuchet.org\/wp-content\/uploads\/2025\/06\/IICPARIS-Biglietto-quadrato-Busta-quadrato.jpg 1583w\" sizes=\"(max-width: 1024px) 100vw, (max-width: 640px) 100vw, 1200px\" \/><\/span><\/div><\/div><\/div><\/div><\/div><div class=\"fusion-fullwidth fullwidth-box fusion-builder-row-5 fusion-flex-container has-pattern-background has-mask-background nonhundred-percent-fullwidth non-hundred-percent-height-scrolling\" style=\"--awb-border-radius-top-left:0px;--awb-border-radius-top-right:0px;--awb-border-radius-bottom-right:0px;--awb-border-radius-bottom-left:0px;--awb-flex-wrap:wrap;\" ><div class=\"fusion-builder-row fusion-row fusion-flex-align-items-flex-start fusion-flex-content-wrap\" style=\"max-width:1144px;margin-left: calc(-4% \/ 2 );margin-right: calc(-4% \/ 2 );\"><div class=\"fusion-layout-column fusion_builder_column fusion-builder-column-4 fusion_builder_column_1_1 1_1 fusion-flex-column\" style=\"--awb-bg-size:cover;--awb-width-large:100%;--awb-margin-top-large:0px;--awb-spacing-right-large:1.92%;--awb-margin-bottom-large:20px;--awb-spacing-left-large:1.92%;--awb-width-medium:100%;--awb-order-medium:0;--awb-spacing-right-medium:1.92%;--awb-spacing-left-medium:1.92%;--awb-width-small:100%;--awb-order-small:0;--awb-spacing-right-small:1.92%;--awb-spacing-left-small:1.92%;\"><div class=\"fusion-column-wrapper fusion-column-has-shadow fusion-flex-justify-content-flex-start fusion-content-layout-column\"><div class=\"fusion-text fusion-text-3\"><p><strong>Crit\u00e8res d\u2019\u00e9ligibilit\u00e9<\/strong><br \/>Peuvent pr\u00e9senter leur candidature :<\/p>\n<p>\u2013 Les artistes et cr\u00e9atifs italiens n\u00e9s \u00e0 partir du 1er janvier 1995 ;<br \/>\u2013 Les titulaires d\u2019un dipl\u00f4me acad\u00e9mique de premier niveau (licence, dipl\u00f4me d\u2019Acad\u00e9mie des Beaux-Arts ou \u00e9quivalent) ;<br \/>\u2013 Ayant une bonne ma\u00eetrise du fran\u00e7ais et\/ou de l\u2019anglais.<\/p>\n<p><strong>Conditions<\/strong><br \/>Les candidats s\u00e9lectionn\u00e9s b\u00e9n\u00e9ficieront de :<\/p>\n<p>\u2013 L\u2019h\u00e9bergement gratuit au sein du centre de r\u00e9sidence artistique d\u2019accueil ;<br \/>\u2013 Une indemnit\u00e9 de r\u00e9sidence de 1 000 \u20ac par mois (au prorata de la dur\u00e9e de la r\u00e9sidence) ;<br \/>\u2013 Une contribution de 500 \u20ac pour les frais de recherche et de d\u00e9veloppement artistique ;<br \/>\u2013 Une contribution de 400 \u20ac pour les frais de voyage.<\/p>\n<p><strong>P\u00e9riode de r\u00e9sidence<\/strong><br \/>Au Domaine de Boisbuchet, la r\u00e9sidence aura lieu du <strong>8 septembre au 5 octobre 2025<\/strong>.<\/p>\n<p><strong>Dates limites<\/strong><br \/>\u2013 Date limite de d\u00e9p\u00f4t des candidatures : <strong>6 juillet 2025 \u00e0 23h59 (heure d\u2019Europe centrale)<\/strong><\/p>\n<\/div><div style=\"text-align:center;\"><a class=\"fusion-button button-flat fusion-button-default-size button-custom fusion-button-default button-1 fusion-button-default-span fusion-button-default-type\" style=\"--button_accent_color:#ffffff;--button_accent_hover_color:#ffffff;--button_border_hover_color:#ffffff;--button_gradient_top_color:#000000;--button_gradient_bottom_color:#000000;--button_gradient_top_color_hover:#00a03a;--button_gradient_bottom_color_hover:#00a03a;\" target=\"_self\" href=\"https:\/\/iicparigi.esteri.it\/fr\/news\/dall_istituto\/2025\/06\/avis-public-pour-la-selection-dartistes-et-de-creatifs-italiens-de-moins-de-30-ans-pour-des-residences-artistiques-en-france-iiie-edition-2025\/\"><span class=\"fusion-button-text awb-button__text awb-button__text--default\">Plus d&#8217;informations<\/span><\/a><\/div><\/div><\/div><\/div><\/div>\n","protected":false},"excerpt":{"rendered":"","protected":false},"author":707,"featured_media":22454,"comment_status":"closed","ping_status":"open","sticky":false,"template":"","format":"standard","meta":{"_monsterinsights_skip_tracking":false,"_monsterinsights_sitenote_active":false,"_monsterinsights_sitenote_note":"","_monsterinsights_sitenote_category":0,"footnotes":""},"categories":[167],"tags":[],"class_list":["post-22462","post","type-post","status-publish","format-standard","has-post-thumbnail","hentry","category-news-events"],"yoast_head":"<!-- This site is optimized with the Yoast SEO plugin v27.1.1 - https:\/\/yoast.com\/product\/yoast-seo-wordpress\/ -->\n<title>Le Domaine de Boisbuchet participe \u00e0 la troisi\u00e8me \u00e9dition du Nouveau Grand Tour | Domaine de Boisbuchet<\/title>\n<meta name=\"robots\" content=\"index, follow, max-snippet:-1, max-image-preview:large, max-video-preview:-1\" \/>\n<link rel=\"canonical\" href=\"https:\/\/www.boisbuchet.org\/domaine-de-boisbuchet-joins-the-third-edition-of-the-nouveau-grand-tour\/\" \/>\n<meta property=\"og:locale\" content=\"fr_FR\" \/>\n<meta property=\"og:type\" content=\"article\" \/>\n<meta property=\"og:title\" content=\"Le Domaine de Boisbuchet participe \u00e0 la troisi\u00e8me \u00e9dition du Nouveau Grand Tour | Domaine de Boisbuchet\" \/>\n<meta property=\"og:url\" content=\"https:\/\/www.boisbuchet.org\/domaine-de-boisbuchet-joins-the-third-edition-of-the-nouveau-grand-tour\/\" \/>\n<meta property=\"og:site_name\" content=\"Domaine de Boisbuchet\" \/>\n<meta property=\"article:publisher\" content=\"https:\/\/www.facebook.com\/boisbuchet\" \/>\n<meta property=\"article:published_time\" content=\"2025-06-09T21:46:56+00:00\" \/>\n<meta property=\"article:modified_time\" content=\"2025-06-09T21:46:58+00:00\" \/>\n<meta property=\"og:image\" content=\"https:\/\/www.boisbuchet.org\/wp-content\/uploads\/2025\/06\/GrandTour2.jpg\" \/>\n\t<meta property=\"og:image:width\" content=\"724\" \/>\n\t<meta property=\"og:image:height\" content=\"542\" \/>\n\t<meta property=\"og:image:type\" content=\"image\/jpeg\" \/>\n<meta name=\"author\" content=\"Guillermo Gil\" \/>\n<meta name=\"twitter:card\" content=\"summary_large_image\" \/>\n<meta name=\"twitter:creator\" content=\"@boisbuchet\" \/>\n<meta name=\"twitter:site\" content=\"@boisbuchet\" \/>\n<meta name=\"twitter:label1\" content=\"\u00c9crit par\" \/>\n\t<meta name=\"twitter:data1\" content=\"Guillermo Gil\" \/>\n\t<meta name=\"twitter:label2\" content=\"Dur\u00e9e de lecture estim\u00e9e\" \/>\n\t<meta name=\"twitter:data2\" content=\"31 minutes\" \/>\n<script type=\"application\/ld+json\" class=\"yoast-schema-graph\">{\"@context\":\"https:\/\/schema.org\",\"@graph\":[{\"@type\":\"Article\",\"@id\":\"https:\/\/www.boisbuchet.org\/domaine-de-boisbuchet-joins-the-third-edition-of-the-nouveau-grand-tour\/#article\",\"isPartOf\":{\"@id\":\"https:\/\/www.boisbuchet.org\/domaine-de-boisbuchet-joins-the-third-edition-of-the-nouveau-grand-tour\/\"},\"author\":{\"name\":\"Guillermo Gil\",\"@id\":\"https:\/\/www.boisbuchet.org\/#\/schema\/person\/bf36436f4f3a9964d184d22cbfecf9a3\"},\"headline\":\"Le Domaine de Boisbuchet participe \u00e0 la troisi\u00e8me \u00e9dition du Nouveau Grand Tour\",\"datePublished\":\"2025-06-09T21:46:56+00:00\",\"dateModified\":\"2025-06-09T21:46:58+00:00\",\"mainEntityOfPage\":{\"@id\":\"https:\/\/www.boisbuchet.org\/domaine-de-boisbuchet-joins-the-third-edition-of-the-nouveau-grand-tour\/\"},\"wordCount\":6255,\"publisher\":{\"@id\":\"https:\/\/www.boisbuchet.org\/#organization\"},\"image\":{\"@id\":\"https:\/\/www.boisbuchet.org\/domaine-de-boisbuchet-joins-the-third-edition-of-the-nouveau-grand-tour\/#primaryimage\"},\"thumbnailUrl\":\"https:\/\/www.boisbuchet.org\/wp-content\/uploads\/2025\/06\/GrandTour2.jpg\",\"articleSection\":[\"News &amp; Events\"],\"inLanguage\":\"fr-FR\"},{\"@type\":\"WebPage\",\"@id\":\"https:\/\/www.boisbuchet.org\/domaine-de-boisbuchet-joins-the-third-edition-of-the-nouveau-grand-tour\/\",\"url\":\"https:\/\/www.boisbuchet.org\/domaine-de-boisbuchet-joins-the-third-edition-of-the-nouveau-grand-tour\/\",\"name\":\"Le Domaine de Boisbuchet participe \u00e0 la troisi\u00e8me \u00e9dition du Nouveau Grand Tour | Domaine de Boisbuchet\",\"isPartOf\":{\"@id\":\"https:\/\/www.boisbuchet.org\/#website\"},\"primaryImageOfPage\":{\"@id\":\"https:\/\/www.boisbuchet.org\/domaine-de-boisbuchet-joins-the-third-edition-of-the-nouveau-grand-tour\/#primaryimage\"},\"image\":{\"@id\":\"https:\/\/www.boisbuchet.org\/domaine-de-boisbuchet-joins-the-third-edition-of-the-nouveau-grand-tour\/#primaryimage\"},\"thumbnailUrl\":\"https:\/\/www.boisbuchet.org\/wp-content\/uploads\/2025\/06\/GrandTour2.jpg\",\"datePublished\":\"2025-06-09T21:46:56+00:00\",\"dateModified\":\"2025-06-09T21:46:58+00:00\",\"breadcrumb\":{\"@id\":\"https:\/\/www.boisbuchet.org\/domaine-de-boisbuchet-joins-the-third-edition-of-the-nouveau-grand-tour\/#breadcrumb\"},\"inLanguage\":\"fr-FR\",\"potentialAction\":[{\"@type\":\"ReadAction\",\"target\":[\"https:\/\/www.boisbuchet.org\/domaine-de-boisbuchet-joins-the-third-edition-of-the-nouveau-grand-tour\/\"]}]},{\"@type\":\"ImageObject\",\"inLanguage\":\"fr-FR\",\"@id\":\"https:\/\/www.boisbuchet.org\/domaine-de-boisbuchet-joins-the-third-edition-of-the-nouveau-grand-tour\/#primaryimage\",\"url\":\"https:\/\/www.boisbuchet.org\/wp-content\/uploads\/2025\/06\/GrandTour2.jpg\",\"contentUrl\":\"https:\/\/www.boisbuchet.org\/wp-content\/uploads\/2025\/06\/GrandTour2.jpg\",\"width\":724,\"height\":542},{\"@type\":\"BreadcrumbList\",\"@id\":\"https:\/\/www.boisbuchet.org\/domaine-de-boisbuchet-joins-the-third-edition-of-the-nouveau-grand-tour\/#breadcrumb\",\"itemListElement\":[{\"@type\":\"ListItem\",\"position\":1,\"name\":\"Home\",\"item\":\"https:\/\/www.boisbuchet.org\/fr\/\"},{\"@type\":\"ListItem\",\"position\":2,\"name\":\"Le Domaine de Boisbuchet participe \u00e0 la troisi\u00e8me \u00e9dition du Nouveau Grand Tour\"}]},{\"@type\":\"WebSite\",\"@id\":\"https:\/\/www.boisbuchet.org\/#website\",\"url\":\"https:\/\/www.boisbuchet.org\/\",\"name\":\"Domaine de Boisbuchet\",\"description\":\"Summer Workshops | Park | Event\u00a0Location\",\"publisher\":{\"@id\":\"https:\/\/www.boisbuchet.org\/#organization\"},\"potentialAction\":[{\"@type\":\"SearchAction\",\"target\":{\"@type\":\"EntryPoint\",\"urlTemplate\":\"https:\/\/www.boisbuchet.org\/?s={search_term_string}\"},\"query-input\":{\"@type\":\"PropertyValueSpecification\",\"valueRequired\":true,\"valueName\":\"search_term_string\"}}],\"inLanguage\":\"fr-FR\"},{\"@type\":\"Organization\",\"@id\":\"https:\/\/www.boisbuchet.org\/#organization\",\"name\":\"Domine de Boisbuchet\",\"url\":\"https:\/\/www.boisbuchet.org\/\",\"logo\":{\"@type\":\"ImageObject\",\"inLanguage\":\"fr-FR\",\"@id\":\"https:\/\/www.boisbuchet.org\/#\/schema\/logo\/image\/\",\"url\":\"https:\/\/www.boisbuchet.org\/wp-content\/uploads\/2019\/01\/logo_boisbuchet_black.png\",\"contentUrl\":\"https:\/\/www.boisbuchet.org\/wp-content\/uploads\/2019\/01\/logo_boisbuchet_black.png\",\"width\":200,\"height\":73,\"caption\":\"Domine de Boisbuchet\"},\"image\":{\"@id\":\"https:\/\/www.boisbuchet.org\/#\/schema\/logo\/image\/\"},\"sameAs\":[\"https:\/\/www.facebook.com\/boisbuchet\",\"https:\/\/x.com\/boisbuchet\",\"https:\/\/www.instagram.com\/boisbuchet\",\"https:\/\/www.linkedin.com\/company\/domaine-de-boisbuchet\",\"https:\/\/www.pinterest.com\/boisbuchet\"]},{\"@type\":\"Person\",\"@id\":\"https:\/\/www.boisbuchet.org\/#\/schema\/person\/bf36436f4f3a9964d184d22cbfecf9a3\",\"name\":\"Guillermo Gil\",\"url\":\"https:\/\/www.boisbuchet.org\/fr\/author\/guillermo\/\"}]}<\/script>\n<!-- \/ Yoast SEO plugin. -->","yoast_head_json":{"title":"Le Domaine de Boisbuchet participe \u00e0 la troisi\u00e8me \u00e9dition du Nouveau Grand Tour | Domaine de Boisbuchet","robots":{"index":"index","follow":"follow","max-snippet":"max-snippet:-1","max-image-preview":"max-image-preview:large","max-video-preview":"max-video-preview:-1"},"canonical":"https:\/\/www.boisbuchet.org\/domaine-de-boisbuchet-joins-the-third-edition-of-the-nouveau-grand-tour\/","og_locale":"fr_FR","og_type":"article","og_title":"Le Domaine de Boisbuchet participe \u00e0 la troisi\u00e8me \u00e9dition du Nouveau Grand Tour | Domaine de Boisbuchet","og_url":"https:\/\/www.boisbuchet.org\/domaine-de-boisbuchet-joins-the-third-edition-of-the-nouveau-grand-tour\/","og_site_name":"Domaine de Boisbuchet","article_publisher":"https:\/\/www.facebook.com\/boisbuchet","article_published_time":"2025-06-09T21:46:56+00:00","article_modified_time":"2025-06-09T21:46:58+00:00","og_image":[{"width":724,"height":542,"url":"https:\/\/www.boisbuchet.org\/wp-content\/uploads\/2025\/06\/GrandTour2.jpg","type":"image\/jpeg"}],"author":"Guillermo Gil","twitter_card":"summary_large_image","twitter_creator":"@boisbuchet","twitter_site":"@boisbuchet","twitter_misc":{"\u00c9crit par":"Guillermo Gil","Dur\u00e9e de lecture estim\u00e9e":"31 minutes"},"schema":{"@context":"https:\/\/schema.org","@graph":[{"@type":"Article","@id":"https:\/\/www.boisbuchet.org\/domaine-de-boisbuchet-joins-the-third-edition-of-the-nouveau-grand-tour\/#article","isPartOf":{"@id":"https:\/\/www.boisbuchet.org\/domaine-de-boisbuchet-joins-the-third-edition-of-the-nouveau-grand-tour\/"},"author":{"name":"Guillermo Gil","@id":"https:\/\/www.boisbuchet.org\/#\/schema\/person\/bf36436f4f3a9964d184d22cbfecf9a3"},"headline":"Le Domaine de Boisbuchet participe \u00e0 la troisi\u00e8me \u00e9dition du Nouveau Grand Tour","datePublished":"2025-06-09T21:46:56+00:00","dateModified":"2025-06-09T21:46:58+00:00","mainEntityOfPage":{"@id":"https:\/\/www.boisbuchet.org\/domaine-de-boisbuchet-joins-the-third-edition-of-the-nouveau-grand-tour\/"},"wordCount":6255,"publisher":{"@id":"https:\/\/www.boisbuchet.org\/#organization"},"image":{"@id":"https:\/\/www.boisbuchet.org\/domaine-de-boisbuchet-joins-the-third-edition-of-the-nouveau-grand-tour\/#primaryimage"},"thumbnailUrl":"https:\/\/www.boisbuchet.org\/wp-content\/uploads\/2025\/06\/GrandTour2.jpg","articleSection":["News &amp; Events"],"inLanguage":"fr-FR"},{"@type":"WebPage","@id":"https:\/\/www.boisbuchet.org\/domaine-de-boisbuchet-joins-the-third-edition-of-the-nouveau-grand-tour\/","url":"https:\/\/www.boisbuchet.org\/domaine-de-boisbuchet-joins-the-third-edition-of-the-nouveau-grand-tour\/","name":"Le Domaine de Boisbuchet participe \u00e0 la troisi\u00e8me \u00e9dition du Nouveau Grand Tour | Domaine de Boisbuchet","isPartOf":{"@id":"https:\/\/www.boisbuchet.org\/#website"},"primaryImageOfPage":{"@id":"https:\/\/www.boisbuchet.org\/domaine-de-boisbuchet-joins-the-third-edition-of-the-nouveau-grand-tour\/#primaryimage"},"image":{"@id":"https:\/\/www.boisbuchet.org\/domaine-de-boisbuchet-joins-the-third-edition-of-the-nouveau-grand-tour\/#primaryimage"},"thumbnailUrl":"https:\/\/www.boisbuchet.org\/wp-content\/uploads\/2025\/06\/GrandTour2.jpg","datePublished":"2025-06-09T21:46:56+00:00","dateModified":"2025-06-09T21:46:58+00:00","breadcrumb":{"@id":"https:\/\/www.boisbuchet.org\/domaine-de-boisbuchet-joins-the-third-edition-of-the-nouveau-grand-tour\/#breadcrumb"},"inLanguage":"fr-FR","potentialAction":[{"@type":"ReadAction","target":["https:\/\/www.boisbuchet.org\/domaine-de-boisbuchet-joins-the-third-edition-of-the-nouveau-grand-tour\/"]}]},{"@type":"ImageObject","inLanguage":"fr-FR","@id":"https:\/\/www.boisbuchet.org\/domaine-de-boisbuchet-joins-the-third-edition-of-the-nouveau-grand-tour\/#primaryimage","url":"https:\/\/www.boisbuchet.org\/wp-content\/uploads\/2025\/06\/GrandTour2.jpg","contentUrl":"https:\/\/www.boisbuchet.org\/wp-content\/uploads\/2025\/06\/GrandTour2.jpg","width":724,"height":542},{"@type":"BreadcrumbList","@id":"https:\/\/www.boisbuchet.org\/domaine-de-boisbuchet-joins-the-third-edition-of-the-nouveau-grand-tour\/#breadcrumb","itemListElement":[{"@type":"ListItem","position":1,"name":"Home","item":"https:\/\/www.boisbuchet.org\/fr\/"},{"@type":"ListItem","position":2,"name":"Le Domaine de Boisbuchet participe \u00e0 la troisi\u00e8me \u00e9dition du Nouveau Grand Tour"}]},{"@type":"WebSite","@id":"https:\/\/www.boisbuchet.org\/#website","url":"https:\/\/www.boisbuchet.org\/","name":"Domaine de Boisbuchet","description":"Summer Workshops | Park | Event\u00a0Location","publisher":{"@id":"https:\/\/www.boisbuchet.org\/#organization"},"potentialAction":[{"@type":"SearchAction","target":{"@type":"EntryPoint","urlTemplate":"https:\/\/www.boisbuchet.org\/?s={search_term_string}"},"query-input":{"@type":"PropertyValueSpecification","valueRequired":true,"valueName":"search_term_string"}}],"inLanguage":"fr-FR"},{"@type":"Organization","@id":"https:\/\/www.boisbuchet.org\/#organization","name":"Domine de Boisbuchet","url":"https:\/\/www.boisbuchet.org\/","logo":{"@type":"ImageObject","inLanguage":"fr-FR","@id":"https:\/\/www.boisbuchet.org\/#\/schema\/logo\/image\/","url":"https:\/\/www.boisbuchet.org\/wp-content\/uploads\/2019\/01\/logo_boisbuchet_black.png","contentUrl":"https:\/\/www.boisbuchet.org\/wp-content\/uploads\/2019\/01\/logo_boisbuchet_black.png","width":200,"height":73,"caption":"Domine de Boisbuchet"},"image":{"@id":"https:\/\/www.boisbuchet.org\/#\/schema\/logo\/image\/"},"sameAs":["https:\/\/www.facebook.com\/boisbuchet","https:\/\/x.com\/boisbuchet","https:\/\/www.instagram.com\/boisbuchet","https:\/\/www.linkedin.com\/company\/domaine-de-boisbuchet","https:\/\/www.pinterest.com\/boisbuchet"]},{"@type":"Person","@id":"https:\/\/www.boisbuchet.org\/#\/schema\/person\/bf36436f4f3a9964d184d22cbfecf9a3","name":"Guillermo Gil","url":"https:\/\/www.boisbuchet.org\/fr\/author\/guillermo\/"}]}},"_links":{"self":[{"href":"https:\/\/www.boisbuchet.org\/fr\/wp-json\/wp\/v2\/posts\/22462","targetHints":{"allow":["GET"]}}],"collection":[{"href":"https:\/\/www.boisbuchet.org\/fr\/wp-json\/wp\/v2\/posts"}],"about":[{"href":"https:\/\/www.boisbuchet.org\/fr\/wp-json\/wp\/v2\/types\/post"}],"author":[{"embeddable":true,"href":"https:\/\/www.boisbuchet.org\/fr\/wp-json\/wp\/v2\/users\/707"}],"replies":[{"embeddable":true,"href":"https:\/\/www.boisbuchet.org\/fr\/wp-json\/wp\/v2\/comments?post=22462"}],"version-history":[{"count":2,"href":"https:\/\/www.boisbuchet.org\/fr\/wp-json\/wp\/v2\/posts\/22462\/revisions"}],"predecessor-version":[{"id":22464,"href":"https:\/\/www.boisbuchet.org\/fr\/wp-json\/wp\/v2\/posts\/22462\/revisions\/22464"}],"wp:featuredmedia":[{"embeddable":true,"href":"https:\/\/www.boisbuchet.org\/fr\/wp-json\/wp\/v2\/media\/22454"}],"wp:attachment":[{"href":"https:\/\/www.boisbuchet.org\/fr\/wp-json\/wp\/v2\/media?parent=22462"}],"wp:term":[{"taxonomy":"category","embeddable":true,"href":"https:\/\/www.boisbuchet.org\/fr\/wp-json\/wp\/v2\/categories?post=22462"},{"taxonomy":"post_tag","embeddable":true,"href":"https:\/\/www.boisbuchet.org\/fr\/wp-json\/wp\/v2\/tags?post=22462"}],"curies":[{"name":"wp","href":"https:\/\/api.w.org\/{rel}","templated":true}]}}