{"id":23072,"date":"2025-12-01T12:37:28","date_gmt":"2025-12-01T11:37:28","guid":{"rendered":"https:\/\/www.boisbuchet.org\/le-domaine-de-boisbuchet-presente-lexposition-les-couleurs-de-larchitecture-au-gewerbemuseum-de-winterthur\/"},"modified":"2026-03-23T19:04:57","modified_gmt":"2026-03-23T18:04:57","slug":"le-domaine-de-boisbuchet-presente-lexposition-les-couleurs-de-larchitecture-au-gewerbemuseum-de-winterthur","status":"publish","type":"post","link":"https:\/\/www.boisbuchet.org\/fr\/le-domaine-de-boisbuchet-presente-lexposition-les-couleurs-de-larchitecture-au-gewerbemuseum-de-winterthur\/","title":{"rendered":"Le Domaine de Boisbuchet pr\u00e9sente l\u2019exposition \u00ab Les Couleurs de l\u2019Architecture \u00bb au Gewerbemuseum de Winterthur."},"content":{"rendered":"<div class=\"fusion-fullwidth fullwidth-box fusion-builder-row-1 nonhundred-percent-fullwidth non-hundred-percent-height-scrolling\" style=\"--awb-border-radius-top-left:0px;--awb-border-radius-top-right:0px;--awb-border-radius-bottom-right:0px;--awb-border-radius-bottom-left:0px;--awb-flex-wrap:wrap;\" ><div class=\"fusion-builder-row fusion-row\"><div class=\"fusion-layout-column fusion_builder_column fusion-builder-column-0 fusion_builder_column_1_1 1_1 fusion-one-full fusion-column-first fusion-column-last\" style=\"--awb-bg-size:cover;\"><div class=\"fusion-column-wrapper fusion-flex-column-wrapper-legacy\"><div class=\"fusion-title title fusion-title-1 fusion-sep-none fusion-title-center fusion-title-text fusion-title-size-three\" style=\"--awb-text-color:#999999;--awb-margin-top-small:0px;--awb-margin-right-small:0px;--awb-margin-bottom-small:20px;--awb-margin-left-small:0px;\"><h3 class=\"fusion-title-heading title-heading-center\" style=\"margin:0;\">EXPOSITION AU GEWERBEMUSEUM DE WINTERTHUR<\/h3><\/div><div class=\"fusion-title title fusion-title-2 fusion-title-center fusion-title-text fusion-title-size-one\" style=\"--awb-text-color:#333333;--awb-margin-top-small:0px;--awb-margin-right-small:0px;--awb-margin-bottom-small:20px;--awb-margin-left-small:0px;\"><div class=\"title-sep-container title-sep-container-left\"><div class=\"title-sep sep-single sep-solid\" style=\"border-color:#e0dede;\"><\/div><\/div><span class=\"awb-title-spacer\"><\/span><h1 class=\"fusion-title-heading title-heading-center\" style=\"margin:0;letter-spacing:5px;\">LES COULEURS DE L&#8217;ARCHITECTURE<\/h1><span class=\"awb-title-spacer\"><\/span><div class=\"title-sep-container title-sep-container-right\"><div class=\"title-sep sep-single sep-solid\" style=\"border-color:#e0dede;\"><\/div><\/div><\/div><div class=\"fusion-title title fusion-title-3 fusion-sep-none fusion-title-center fusion-title-text fusion-title-size-six\" style=\"--awb-text-color:#999999;--awb-margin-top-small:0px;--awb-margin-right-small:0px;--awb-margin-bottom-small:20px;--awb-margin-left-small:0px;\"><h6 class=\"fusion-title-heading title-heading-center\" style=\"margin:0;\">12 SEPT. 2025 \u2013 15 MARS 2026<\/h6><\/div><div class=\"fusion-clearfix\"><\/div><\/div><\/div><\/div><\/div><div class=\"fusion-fullwidth fullwidth-box fusion-builder-row-2 fusion-flex-container has-pattern-background has-mask-background nonhundred-percent-fullwidth non-hundred-percent-height-scrolling\" style=\"--awb-border-radius-top-left:0px;--awb-border-radius-top-right:0px;--awb-border-radius-bottom-right:0px;--awb-border-radius-bottom-left:0px;--awb-flex-wrap:wrap;\" ><div class=\"fusion-builder-row fusion-row fusion-flex-align-items-flex-start fusion-flex-content-wrap\" style=\"max-width:1144px;margin-left: calc(-4% \/ 2 );margin-right: calc(-4% \/ 2 );\"><div class=\"fusion-layout-column fusion_builder_column fusion-builder-column-1 fusion_builder_column_1_1 1_1 fusion-flex-column\" style=\"--awb-bg-size:cover;--awb-width-large:100%;--awb-margin-top-large:0px;--awb-spacing-right-large:1.92%;--awb-margin-bottom-large:20px;--awb-spacing-left-large:1.92%;--awb-width-medium:100%;--awb-order-medium:0;--awb-spacing-right-medium:1.92%;--awb-spacing-left-medium:1.92%;--awb-width-small:100%;--awb-order-small:0;--awb-spacing-right-small:1.92%;--awb-spacing-left-small:1.92%;\"><div class=\"fusion-column-wrapper fusion-column-has-shadow fusion-flex-justify-content-flex-start fusion-content-layout-column\"><div class=\"fusion-image-element \" style=\"text-align:center;--awb-caption-title-font-family:var(--h2_typography-font-family);--awb-caption-title-font-weight:var(--h2_typography-font-weight);--awb-caption-title-font-style:var(--h2_typography-font-style);--awb-caption-title-size:var(--h2_typography-font-size);--awb-caption-title-transform:var(--h2_typography-text-transform);--awb-caption-title-line-height:var(--h2_typography-line-height);--awb-caption-title-letter-spacing:var(--h2_typography-letter-spacing);\"><span class=\" fusion-imageframe imageframe-none imageframe-1 hover-type-none\"><img decoding=\"async\" width=\"1920\" height=\"1080\" title=\"ColoursArchitecture1920\" src=\"https:\/\/www.boisbuchet.org\/wp-content\/uploads\/2025\/06\/ColoursArchitecture1920.jpg\" alt class=\"img-responsive wp-image-23054\" srcset=\"https:\/\/www.boisbuchet.org\/wp-content\/uploads\/2025\/06\/ColoursArchitecture1920-200x113.jpg 200w, https:\/\/www.boisbuchet.org\/wp-content\/uploads\/2025\/06\/ColoursArchitecture1920-400x225.jpg 400w, https:\/\/www.boisbuchet.org\/wp-content\/uploads\/2025\/06\/ColoursArchitecture1920-600x338.jpg 600w, https:\/\/www.boisbuchet.org\/wp-content\/uploads\/2025\/06\/ColoursArchitecture1920-800x450.jpg 800w, https:\/\/www.boisbuchet.org\/wp-content\/uploads\/2025\/06\/ColoursArchitecture1920-1200x675.jpg 1200w, https:\/\/www.boisbuchet.org\/wp-content\/uploads\/2025\/06\/ColoursArchitecture1920.jpg 1920w\" sizes=\"(max-width: 1024px) 100vw, (max-width: 640px) 100vw, 1200px\" \/><\/span><\/div><\/div><\/div><\/div><\/div><div class=\"fusion-fullwidth fullwidth-box fusion-builder-row-3 fusion-flex-container has-pattern-background has-mask-background nonhundred-percent-fullwidth non-hundred-percent-height-scrolling\" style=\"--awb-border-radius-top-left:0px;--awb-border-radius-top-right:0px;--awb-border-radius-bottom-right:0px;--awb-border-radius-bottom-left:0px;--awb-flex-wrap:wrap;\" ><div class=\"fusion-builder-row fusion-row fusion-flex-align-items-flex-start fusion-flex-content-wrap\" style=\"max-width:1144px;margin-left: calc(-4% \/ 2 );margin-right: calc(-4% \/ 2 );\"><div class=\"fusion-layout-column fusion_builder_column fusion-builder-column-2 fusion_builder_column_1_1 1_1 fusion-flex-column\" style=\"--awb-bg-size:cover;--awb-width-large:100%;--awb-margin-top-large:0px;--awb-spacing-right-large:1.92%;--awb-margin-bottom-large:20px;--awb-spacing-left-large:1.92%;--awb-width-medium:100%;--awb-order-medium:0;--awb-spacing-right-medium:1.92%;--awb-spacing-left-medium:1.92%;--awb-width-small:100%;--awb-order-small:0;--awb-spacing-right-small:1.92%;--awb-spacing-left-small:1.92%;\"><div class=\"fusion-column-wrapper fusion-column-has-shadow fusion-flex-justify-content-flex-start fusion-content-layout-column\"><div class=\"fusion-text fusion-text-1\"><h4 style=\"text-align: center;\"><em><br \/>\n\u00ab Les Couleurs de l\u2019Architecture. Le Domaine de Boisbuchet accueilli \u00bb est une exposition du Domaine de Boisbuchet en collaboration avec le Gewerbemuseum de Winterthur.<\/em><\/h4>\n<\/div><\/div><\/div><\/div><\/div><div class=\"fusion-fullwidth fullwidth-box fusion-builder-row-4 fusion-flex-container has-pattern-background has-mask-background nonhundred-percent-fullwidth non-hundred-percent-height-scrolling\" style=\"--awb-border-radius-top-left:0px;--awb-border-radius-top-right:0px;--awb-border-radius-bottom-right:0px;--awb-border-radius-bottom-left:0px;--awb-flex-wrap:wrap;\" ><div class=\"fusion-builder-row fusion-row fusion-flex-align-items-flex-start fusion-flex-content-wrap\" style=\"max-width:1144px;margin-left: calc(-4% \/ 2 );margin-right: calc(-4% \/ 2 );\"><div class=\"fusion-layout-column fusion_builder_column fusion-builder-column-3 fusion_builder_column_1_1 1_1 fusion-flex-column\" style=\"--awb-bg-size:cover;--awb-width-large:100%;--awb-margin-top-large:0px;--awb-spacing-right-large:1.92%;--awb-margin-bottom-large:20px;--awb-spacing-left-large:1.92%;--awb-width-medium:100%;--awb-order-medium:0;--awb-spacing-right-medium:1.92%;--awb-spacing-left-medium:1.92%;--awb-width-small:100%;--awb-order-small:0;--awb-spacing-right-small:1.92%;--awb-spacing-left-small:1.92%;\"><div class=\"fusion-column-wrapper fusion-column-has-shadow fusion-flex-justify-content-flex-start fusion-content-layout-column\"><div class=\"fusion-text fusion-text-2\"><p>Dans <strong>\u00ab Les Couleurs de l\u2019Architecture \u00bb<\/strong>, qui sera ouverte au public au <a href=\"https:\/\/gewerbemuseum.ch\/de\/ausstellungen\/farben-der-architektur\/\"><strong>Gewerbemuseum de Winterthur<\/strong><\/a> du <strong>12 septembre 2025 au 15 mars 2026<\/strong>, le Domaine de Boisbuchet expose sa vision du large spectre des colorations r\u00e9gionales, influenc\u00e9es par les roches et pigments locaux. L\u2019exposition met \u00e9galement en lumi\u00e8re l\u2019impact des concepts architecturaux internationaux des ann\u00e9es 1920 et 1930, port\u00e9s par Le Corbusier et Alvar Aalto, ainsi que des exemples d\u2019architecture contemporaine et de design actuel. En outre, elle pr\u00e9sente les r\u00e9sultats des ateliers d\u2019\u00e9t\u00e9 interdisciplinaires et des r\u00e9sidences men\u00e9s par des designers internationaux.<\/p>\n<p>Con\u00e7ue par <strong>Mathias Schwartz-Clauss<\/strong>, directeur du Domaine de Boisbuchet, et <strong>Guillermo Gil Fern\u00e1ndez<\/strong>, son coordinateur g\u00e9n\u00e9ral et responsable de la recherche, l\u2019exposition e<strong>st d\u00e9di\u00e9e au r\u00f4le multiple de la couleur dans la conception de l\u2019environnement b\u00e2ti<\/strong>. Elle nous emm\u00e8ne des peintures rupestres pr\u00e9historiques de Lascaux aux concepts mondiaux de couleur et de lumi\u00e8re de la culture constructive contemporaine. Un regard attentif est port\u00e9 sur divers sujets, notamment la culture constructive traditionnelle et les mat\u00e9riaux locaux du d\u00e9partement de la Charente, ainsi que leur influence sur la coloration caract\u00e9ristique des b\u00e2timents de la r\u00e9gion.<\/p>\n<p>L\u2019exposition \u00e9claire les \u00e9volutions culturelles et techniques de l\u2019artisanat et de l\u2019industrie, les langages et tendances du design, ainsi que l\u2019\u00e9mergence de nouveaux types et formes de construction au cours des cent derni\u00e8res ann\u00e9es. De nombreux exemples issus de la r\u00e9gion de Boisbuchet illustrent la surprenante diversit\u00e9 de la palette chromatique de l\u2019architecture locale. <strong>Aux c\u00f4t\u00e9s des cr\u00e9ations de designers, architectes et artistes contemporains<\/strong> tels que C\u00e9cile Vignaud et Nathana\u00ebl Abeille, les ma\u00eetres-verriers Philippe Riffaud et Fran\u00e7oise Th\u00e9allier, l\u2019artiste Kevin Todd, l\u2019architecte Marie-Pierre Servantie et la coloriste Barbara Schw\u00e4rzler, <strong>l\u2019exposition pr\u00e9sente des ic\u00f4nes embl\u00e9matiques du design issues de la collection d\u2019Alexander von Vegesack<\/strong> \u2013 Le Corbusier, Ray &amp; Charles Eames, Gerrit Rietveld et d\u2019autres \u2013 ainsi que des pr\u00eats d\u2019institutions r\u00e9gionales comme la Direction r\u00e9gionale des affaires culturelles (DRAC), le Conseil d\u2019architecture, d\u2019urbanisme et de l\u2019environnement (CAUE) de la Charente, la Ville de Royan et l\u2019\u00c9cole nationale sup\u00e9rieure d\u2019art et de design (ENSAD) de Limoges.<\/p>\n<p>Pr\u00e8s de 45 objets sont accompagn\u00e9s de plus de 90 photographies, dont certaines en grand format, ainsi que de publications issues des archives du Domaine de Boisbuchet.<\/p>\n<\/div><\/div><\/div><\/div><\/div><div class=\"fusion-fullwidth fullwidth-box fusion-builder-row-5 fusion-flex-container has-pattern-background has-mask-background nonhundred-percent-fullwidth non-hundred-percent-height-scrolling\" style=\"--awb-border-radius-top-left:0px;--awb-border-radius-top-right:0px;--awb-border-radius-bottom-right:0px;--awb-border-radius-bottom-left:0px;--awb-flex-wrap:wrap;\" ><div class=\"fusion-builder-row fusion-row fusion-flex-align-items-flex-start fusion-flex-content-wrap\" style=\"max-width:1144px;margin-left: calc(-4% \/ 2 );margin-right: calc(-4% \/ 2 );\"><div class=\"fusion-layout-column fusion_builder_column fusion-builder-column-4 fusion_builder_column_1_1 1_1 fusion-flex-column\" style=\"--awb-bg-size:cover;--awb-width-large:100%;--awb-margin-top-large:0px;--awb-spacing-right-large:1.92%;--awb-margin-bottom-large:20px;--awb-spacing-left-large:1.92%;--awb-width-medium:100%;--awb-order-medium:0;--awb-spacing-right-medium:1.92%;--awb-spacing-left-medium:1.92%;--awb-width-small:100%;--awb-order-small:0;--awb-spacing-right-small:1.92%;--awb-spacing-left-small:1.92%;\"><div class=\"fusion-column-wrapper fusion-column-has-shadow fusion-flex-justify-content-flex-start fusion-content-layout-column\"><div class=\"fusion-text fusion-text-3\"><p>AVEC DES \u0152UVRES ET PROJETS DE<\/p>\n<p>Alvar Aalto, FI \/ Nathana\u00ebl Abeille, FR \/ Ateliers Vitrail Saint-Joseph, FR \/ Shigeru Ban, JP \/ Fernando &amp; Humberto Campana, BR \/ Samael Covarrubias, MX \/ Ray &amp; Charles Eames, US \/ Coop Himmelb(l)au, AT \/ Le Corbusier, CH\/FR \/ Mathieu Mat\u00e9got, HU\/FR \/ Serge Mouille, FR \/ Pierre Marmouget et \u00c9douard Pinet, FR \/ Gerrit Rietveld, NL \/ Barbara Schw\u00e4rzler, CH \/ Maurice Senusson, FR \/ Bruno Taut, DE \/ Kevin Todd, AU \/ C\u00e9cile Vignau (et al.), FR \/ \u00e9tudiants du Lyc\u00e9e Champlain de Royan, FR \/ \u00e9tudiants de l\u2019ENSAD Limoges, FR.<\/p>\n<p>Avec de nombreux projets document\u00e9s photographiquement d\u2019autres designers et architectes de renom.<\/p>\n<\/div><\/div><\/div><\/div><\/div>\n","protected":false},"excerpt":{"rendered":"","protected":false},"author":707,"featured_media":23056,"comment_status":"closed","ping_status":"open","sticky":false,"template":"","format":"standard","meta":{"_monsterinsights_skip_tracking":false,"_monsterinsights_sitenote_active":false,"_monsterinsights_sitenote_note":"","_monsterinsights_sitenote_category":0,"footnotes":""},"categories":[2],"tags":[],"class_list":["post-23072","post","type-post","status-publish","format-standard","has-post-thumbnail","hentry","category-non-classifiee"],"yoast_head":"<!-- This site is optimized with the Yoast SEO plugin v27.1.1 - https:\/\/yoast.com\/product\/yoast-seo-wordpress\/ -->\n<title>Le Domaine de Boisbuchet pr\u00e9sente l\u2019exposition \u00ab Les Couleurs de l\u2019Architecture \u00bb au Gewerbemuseum de Winterthur. | Domaine de Boisbuchet<\/title>\n<meta name=\"robots\" content=\"index, follow, max-snippet:-1, max-image-preview:large, max-video-preview:-1\" \/>\n<link rel=\"canonical\" href=\"https:\/\/www.boisbuchet.org\/fr\/le-domaine-de-boisbuchet-presente-lexposition-les-couleurs-de-larchitecture-au-gewerbemuseum-de-winterthur\/\" \/>\n<meta property=\"og:locale\" content=\"fr_FR\" \/>\n<meta property=\"og:type\" content=\"article\" \/>\n<meta property=\"og:title\" content=\"Le Domaine de Boisbuchet pr\u00e9sente l\u2019exposition \u00ab Les Couleurs de l\u2019Architecture \u00bb au Gewerbemuseum de Winterthur. | Domaine de Boisbuchet\" \/>\n<meta property=\"og:url\" content=\"https:\/\/www.boisbuchet.org\/fr\/le-domaine-de-boisbuchet-presente-lexposition-les-couleurs-de-larchitecture-au-gewerbemuseum-de-winterthur\/\" \/>\n<meta property=\"og:site_name\" content=\"Domaine de Boisbuchet\" \/>\n<meta property=\"article:publisher\" content=\"https:\/\/www.facebook.com\/boisbuchet\" \/>\n<meta property=\"article:published_time\" content=\"2025-12-01T11:37:28+00:00\" \/>\n<meta property=\"article:modified_time\" content=\"2026-03-23T18:04:57+00:00\" \/>\n<meta property=\"og:image\" content=\"https:\/\/www.boisbuchet.org\/wp-content\/uploads\/2025\/06\/ColoursArchitecture724.jpg\" \/>\n\t<meta property=\"og:image:width\" content=\"724\" \/>\n\t<meta property=\"og:image:height\" content=\"542\" \/>\n\t<meta property=\"og:image:type\" content=\"image\/jpeg\" \/>\n<meta name=\"author\" content=\"Guillermo Gil\" \/>\n<meta name=\"twitter:card\" content=\"summary_large_image\" \/>\n<meta name=\"twitter:creator\" content=\"@boisbuchet\" \/>\n<meta name=\"twitter:site\" content=\"@boisbuchet\" \/>\n<meta name=\"twitter:label1\" content=\"\u00c9crit par\" \/>\n\t<meta name=\"twitter:data1\" content=\"Guillermo Gil\" \/>\n\t<meta name=\"twitter:label2\" content=\"Dur\u00e9e de lecture estim\u00e9e\" \/>\n\t<meta name=\"twitter:data2\" content=\"30 minutes\" \/>\n<script type=\"application\/ld+json\" class=\"yoast-schema-graph\">{\"@context\":\"https:\/\/schema.org\",\"@graph\":[{\"@type\":\"Article\",\"@id\":\"https:\/\/www.boisbuchet.org\/fr\/le-domaine-de-boisbuchet-presente-lexposition-les-couleurs-de-larchitecture-au-gewerbemuseum-de-winterthur\/#article\",\"isPartOf\":{\"@id\":\"https:\/\/www.boisbuchet.org\/fr\/le-domaine-de-boisbuchet-presente-lexposition-les-couleurs-de-larchitecture-au-gewerbemuseum-de-winterthur\/\"},\"author\":{\"name\":\"Guillermo Gil\",\"@id\":\"https:\/\/www.boisbuchet.org\/#\/schema\/person\/bf36436f4f3a9964d184d22cbfecf9a3\"},\"headline\":\"Le Domaine de Boisbuchet pr\u00e9sente l\u2019exposition \u00ab Les Couleurs de l\u2019Architecture \u00bb au Gewerbemuseum de Winterthur.\",\"datePublished\":\"2025-12-01T11:37:28+00:00\",\"dateModified\":\"2026-03-23T18:04:57+00:00\",\"mainEntityOfPage\":{\"@id\":\"https:\/\/www.boisbuchet.org\/fr\/le-domaine-de-boisbuchet-presente-lexposition-les-couleurs-de-larchitecture-au-gewerbemuseum-de-winterthur\/\"},\"wordCount\":5979,\"publisher\":{\"@id\":\"https:\/\/www.boisbuchet.org\/#organization\"},\"image\":{\"@id\":\"https:\/\/www.boisbuchet.org\/fr\/le-domaine-de-boisbuchet-presente-lexposition-les-couleurs-de-larchitecture-au-gewerbemuseum-de-winterthur\/#primaryimage\"},\"thumbnailUrl\":\"https:\/\/www.boisbuchet.org\/wp-content\/uploads\/2025\/06\/ColoursArchitecture724.jpg\",\"articleSection\":[\"Non classifi\u00e9(e)\"],\"inLanguage\":\"fr-FR\"},{\"@type\":\"WebPage\",\"@id\":\"https:\/\/www.boisbuchet.org\/fr\/le-domaine-de-boisbuchet-presente-lexposition-les-couleurs-de-larchitecture-au-gewerbemuseum-de-winterthur\/\",\"url\":\"https:\/\/www.boisbuchet.org\/fr\/le-domaine-de-boisbuchet-presente-lexposition-les-couleurs-de-larchitecture-au-gewerbemuseum-de-winterthur\/\",\"name\":\"Le Domaine de Boisbuchet pr\u00e9sente l\u2019exposition \u00ab Les Couleurs de l\u2019Architecture \u00bb au Gewerbemuseum de Winterthur. | Domaine de Boisbuchet\",\"isPartOf\":{\"@id\":\"https:\/\/www.boisbuchet.org\/#website\"},\"primaryImageOfPage\":{\"@id\":\"https:\/\/www.boisbuchet.org\/fr\/le-domaine-de-boisbuchet-presente-lexposition-les-couleurs-de-larchitecture-au-gewerbemuseum-de-winterthur\/#primaryimage\"},\"image\":{\"@id\":\"https:\/\/www.boisbuchet.org\/fr\/le-domaine-de-boisbuchet-presente-lexposition-les-couleurs-de-larchitecture-au-gewerbemuseum-de-winterthur\/#primaryimage\"},\"thumbnailUrl\":\"https:\/\/www.boisbuchet.org\/wp-content\/uploads\/2025\/06\/ColoursArchitecture724.jpg\",\"datePublished\":\"2025-12-01T11:37:28+00:00\",\"dateModified\":\"2026-03-23T18:04:57+00:00\",\"breadcrumb\":{\"@id\":\"https:\/\/www.boisbuchet.org\/fr\/le-domaine-de-boisbuchet-presente-lexposition-les-couleurs-de-larchitecture-au-gewerbemuseum-de-winterthur\/#breadcrumb\"},\"inLanguage\":\"fr-FR\",\"potentialAction\":[{\"@type\":\"ReadAction\",\"target\":[\"https:\/\/www.boisbuchet.org\/fr\/le-domaine-de-boisbuchet-presente-lexposition-les-couleurs-de-larchitecture-au-gewerbemuseum-de-winterthur\/\"]}]},{\"@type\":\"ImageObject\",\"inLanguage\":\"fr-FR\",\"@id\":\"https:\/\/www.boisbuchet.org\/fr\/le-domaine-de-boisbuchet-presente-lexposition-les-couleurs-de-larchitecture-au-gewerbemuseum-de-winterthur\/#primaryimage\",\"url\":\"https:\/\/www.boisbuchet.org\/wp-content\/uploads\/2025\/06\/ColoursArchitecture724.jpg\",\"contentUrl\":\"https:\/\/www.boisbuchet.org\/wp-content\/uploads\/2025\/06\/ColoursArchitecture724.jpg\",\"width\":724,\"height\":542},{\"@type\":\"BreadcrumbList\",\"@id\":\"https:\/\/www.boisbuchet.org\/fr\/le-domaine-de-boisbuchet-presente-lexposition-les-couleurs-de-larchitecture-au-gewerbemuseum-de-winterthur\/#breadcrumb\",\"itemListElement\":[{\"@type\":\"ListItem\",\"position\":1,\"name\":\"Home\",\"item\":\"https:\/\/www.boisbuchet.org\/fr\/\"},{\"@type\":\"ListItem\",\"position\":2,\"name\":\"Le Domaine de Boisbuchet pr\u00e9sente l\u2019exposition \u00ab Les Couleurs de l\u2019Architecture \u00bb au Gewerbemuseum de Winterthur.\"}]},{\"@type\":\"WebSite\",\"@id\":\"https:\/\/www.boisbuchet.org\/#website\",\"url\":\"https:\/\/www.boisbuchet.org\/\",\"name\":\"Domaine de Boisbuchet\",\"description\":\"Summer Workshops | Park | Event\u00a0Location\",\"publisher\":{\"@id\":\"https:\/\/www.boisbuchet.org\/#organization\"},\"potentialAction\":[{\"@type\":\"SearchAction\",\"target\":{\"@type\":\"EntryPoint\",\"urlTemplate\":\"https:\/\/www.boisbuchet.org\/?s={search_term_string}\"},\"query-input\":{\"@type\":\"PropertyValueSpecification\",\"valueRequired\":true,\"valueName\":\"search_term_string\"}}],\"inLanguage\":\"fr-FR\"},{\"@type\":\"Organization\",\"@id\":\"https:\/\/www.boisbuchet.org\/#organization\",\"name\":\"Domine de Boisbuchet\",\"url\":\"https:\/\/www.boisbuchet.org\/\",\"logo\":{\"@type\":\"ImageObject\",\"inLanguage\":\"fr-FR\",\"@id\":\"https:\/\/www.boisbuchet.org\/#\/schema\/logo\/image\/\",\"url\":\"https:\/\/www.boisbuchet.org\/wp-content\/uploads\/2019\/01\/logo_boisbuchet_black.png\",\"contentUrl\":\"https:\/\/www.boisbuchet.org\/wp-content\/uploads\/2019\/01\/logo_boisbuchet_black.png\",\"width\":200,\"height\":73,\"caption\":\"Domine de Boisbuchet\"},\"image\":{\"@id\":\"https:\/\/www.boisbuchet.org\/#\/schema\/logo\/image\/\"},\"sameAs\":[\"https:\/\/www.facebook.com\/boisbuchet\",\"https:\/\/x.com\/boisbuchet\",\"https:\/\/www.instagram.com\/boisbuchet\",\"https:\/\/www.linkedin.com\/company\/domaine-de-boisbuchet\",\"https:\/\/www.pinterest.com\/boisbuchet\"]},{\"@type\":\"Person\",\"@id\":\"https:\/\/www.boisbuchet.org\/#\/schema\/person\/bf36436f4f3a9964d184d22cbfecf9a3\",\"name\":\"Guillermo Gil\",\"url\":\"https:\/\/www.boisbuchet.org\/fr\/author\/guillermo\/\"}]}<\/script>\n<!-- \/ Yoast SEO plugin. -->","yoast_head_json":{"title":"Le Domaine de Boisbuchet pr\u00e9sente l\u2019exposition \u00ab Les Couleurs de l\u2019Architecture \u00bb au Gewerbemuseum de Winterthur. | Domaine de Boisbuchet","robots":{"index":"index","follow":"follow","max-snippet":"max-snippet:-1","max-image-preview":"max-image-preview:large","max-video-preview":"max-video-preview:-1"},"canonical":"https:\/\/www.boisbuchet.org\/fr\/le-domaine-de-boisbuchet-presente-lexposition-les-couleurs-de-larchitecture-au-gewerbemuseum-de-winterthur\/","og_locale":"fr_FR","og_type":"article","og_title":"Le Domaine de Boisbuchet pr\u00e9sente l\u2019exposition \u00ab Les Couleurs de l\u2019Architecture \u00bb au Gewerbemuseum de Winterthur. | Domaine de Boisbuchet","og_url":"https:\/\/www.boisbuchet.org\/fr\/le-domaine-de-boisbuchet-presente-lexposition-les-couleurs-de-larchitecture-au-gewerbemuseum-de-winterthur\/","og_site_name":"Domaine de Boisbuchet","article_publisher":"https:\/\/www.facebook.com\/boisbuchet","article_published_time":"2025-12-01T11:37:28+00:00","article_modified_time":"2026-03-23T18:04:57+00:00","og_image":[{"width":724,"height":542,"url":"https:\/\/www.boisbuchet.org\/wp-content\/uploads\/2025\/06\/ColoursArchitecture724.jpg","type":"image\/jpeg"}],"author":"Guillermo Gil","twitter_card":"summary_large_image","twitter_creator":"@boisbuchet","twitter_site":"@boisbuchet","twitter_misc":{"\u00c9crit par":"Guillermo Gil","Dur\u00e9e de lecture estim\u00e9e":"30 minutes"},"schema":{"@context":"https:\/\/schema.org","@graph":[{"@type":"Article","@id":"https:\/\/www.boisbuchet.org\/fr\/le-domaine-de-boisbuchet-presente-lexposition-les-couleurs-de-larchitecture-au-gewerbemuseum-de-winterthur\/#article","isPartOf":{"@id":"https:\/\/www.boisbuchet.org\/fr\/le-domaine-de-boisbuchet-presente-lexposition-les-couleurs-de-larchitecture-au-gewerbemuseum-de-winterthur\/"},"author":{"name":"Guillermo Gil","@id":"https:\/\/www.boisbuchet.org\/#\/schema\/person\/bf36436f4f3a9964d184d22cbfecf9a3"},"headline":"Le Domaine de Boisbuchet pr\u00e9sente l\u2019exposition \u00ab Les Couleurs de l\u2019Architecture \u00bb au Gewerbemuseum de Winterthur.","datePublished":"2025-12-01T11:37:28+00:00","dateModified":"2026-03-23T18:04:57+00:00","mainEntityOfPage":{"@id":"https:\/\/www.boisbuchet.org\/fr\/le-domaine-de-boisbuchet-presente-lexposition-les-couleurs-de-larchitecture-au-gewerbemuseum-de-winterthur\/"},"wordCount":5979,"publisher":{"@id":"https:\/\/www.boisbuchet.org\/#organization"},"image":{"@id":"https:\/\/www.boisbuchet.org\/fr\/le-domaine-de-boisbuchet-presente-lexposition-les-couleurs-de-larchitecture-au-gewerbemuseum-de-winterthur\/#primaryimage"},"thumbnailUrl":"https:\/\/www.boisbuchet.org\/wp-content\/uploads\/2025\/06\/ColoursArchitecture724.jpg","articleSection":["Non classifi\u00e9(e)"],"inLanguage":"fr-FR"},{"@type":"WebPage","@id":"https:\/\/www.boisbuchet.org\/fr\/le-domaine-de-boisbuchet-presente-lexposition-les-couleurs-de-larchitecture-au-gewerbemuseum-de-winterthur\/","url":"https:\/\/www.boisbuchet.org\/fr\/le-domaine-de-boisbuchet-presente-lexposition-les-couleurs-de-larchitecture-au-gewerbemuseum-de-winterthur\/","name":"Le Domaine de Boisbuchet pr\u00e9sente l\u2019exposition \u00ab Les Couleurs de l\u2019Architecture \u00bb au Gewerbemuseum de Winterthur. | Domaine de Boisbuchet","isPartOf":{"@id":"https:\/\/www.boisbuchet.org\/#website"},"primaryImageOfPage":{"@id":"https:\/\/www.boisbuchet.org\/fr\/le-domaine-de-boisbuchet-presente-lexposition-les-couleurs-de-larchitecture-au-gewerbemuseum-de-winterthur\/#primaryimage"},"image":{"@id":"https:\/\/www.boisbuchet.org\/fr\/le-domaine-de-boisbuchet-presente-lexposition-les-couleurs-de-larchitecture-au-gewerbemuseum-de-winterthur\/#primaryimage"},"thumbnailUrl":"https:\/\/www.boisbuchet.org\/wp-content\/uploads\/2025\/06\/ColoursArchitecture724.jpg","datePublished":"2025-12-01T11:37:28+00:00","dateModified":"2026-03-23T18:04:57+00:00","breadcrumb":{"@id":"https:\/\/www.boisbuchet.org\/fr\/le-domaine-de-boisbuchet-presente-lexposition-les-couleurs-de-larchitecture-au-gewerbemuseum-de-winterthur\/#breadcrumb"},"inLanguage":"fr-FR","potentialAction":[{"@type":"ReadAction","target":["https:\/\/www.boisbuchet.org\/fr\/le-domaine-de-boisbuchet-presente-lexposition-les-couleurs-de-larchitecture-au-gewerbemuseum-de-winterthur\/"]}]},{"@type":"ImageObject","inLanguage":"fr-FR","@id":"https:\/\/www.boisbuchet.org\/fr\/le-domaine-de-boisbuchet-presente-lexposition-les-couleurs-de-larchitecture-au-gewerbemuseum-de-winterthur\/#primaryimage","url":"https:\/\/www.boisbuchet.org\/wp-content\/uploads\/2025\/06\/ColoursArchitecture724.jpg","contentUrl":"https:\/\/www.boisbuchet.org\/wp-content\/uploads\/2025\/06\/ColoursArchitecture724.jpg","width":724,"height":542},{"@type":"BreadcrumbList","@id":"https:\/\/www.boisbuchet.org\/fr\/le-domaine-de-boisbuchet-presente-lexposition-les-couleurs-de-larchitecture-au-gewerbemuseum-de-winterthur\/#breadcrumb","itemListElement":[{"@type":"ListItem","position":1,"name":"Home","item":"https:\/\/www.boisbuchet.org\/fr\/"},{"@type":"ListItem","position":2,"name":"Le Domaine de Boisbuchet pr\u00e9sente l\u2019exposition \u00ab Les Couleurs de l\u2019Architecture \u00bb au Gewerbemuseum de Winterthur."}]},{"@type":"WebSite","@id":"https:\/\/www.boisbuchet.org\/#website","url":"https:\/\/www.boisbuchet.org\/","name":"Domaine de Boisbuchet","description":"Summer Workshops | Park | Event\u00a0Location","publisher":{"@id":"https:\/\/www.boisbuchet.org\/#organization"},"potentialAction":[{"@type":"SearchAction","target":{"@type":"EntryPoint","urlTemplate":"https:\/\/www.boisbuchet.org\/?s={search_term_string}"},"query-input":{"@type":"PropertyValueSpecification","valueRequired":true,"valueName":"search_term_string"}}],"inLanguage":"fr-FR"},{"@type":"Organization","@id":"https:\/\/www.boisbuchet.org\/#organization","name":"Domine de Boisbuchet","url":"https:\/\/www.boisbuchet.org\/","logo":{"@type":"ImageObject","inLanguage":"fr-FR","@id":"https:\/\/www.boisbuchet.org\/#\/schema\/logo\/image\/","url":"https:\/\/www.boisbuchet.org\/wp-content\/uploads\/2019\/01\/logo_boisbuchet_black.png","contentUrl":"https:\/\/www.boisbuchet.org\/wp-content\/uploads\/2019\/01\/logo_boisbuchet_black.png","width":200,"height":73,"caption":"Domine de Boisbuchet"},"image":{"@id":"https:\/\/www.boisbuchet.org\/#\/schema\/logo\/image\/"},"sameAs":["https:\/\/www.facebook.com\/boisbuchet","https:\/\/x.com\/boisbuchet","https:\/\/www.instagram.com\/boisbuchet","https:\/\/www.linkedin.com\/company\/domaine-de-boisbuchet","https:\/\/www.pinterest.com\/boisbuchet"]},{"@type":"Person","@id":"https:\/\/www.boisbuchet.org\/#\/schema\/person\/bf36436f4f3a9964d184d22cbfecf9a3","name":"Guillermo Gil","url":"https:\/\/www.boisbuchet.org\/fr\/author\/guillermo\/"}]}},"_links":{"self":[{"href":"https:\/\/www.boisbuchet.org\/fr\/wp-json\/wp\/v2\/posts\/23072","targetHints":{"allow":["GET"]}}],"collection":[{"href":"https:\/\/www.boisbuchet.org\/fr\/wp-json\/wp\/v2\/posts"}],"about":[{"href":"https:\/\/www.boisbuchet.org\/fr\/wp-json\/wp\/v2\/types\/post"}],"author":[{"embeddable":true,"href":"https:\/\/www.boisbuchet.org\/fr\/wp-json\/wp\/v2\/users\/707"}],"replies":[{"embeddable":true,"href":"https:\/\/www.boisbuchet.org\/fr\/wp-json\/wp\/v2\/comments?post=23072"}],"version-history":[{"count":6,"href":"https:\/\/www.boisbuchet.org\/fr\/wp-json\/wp\/v2\/posts\/23072\/revisions"}],"predecessor-version":[{"id":23755,"href":"https:\/\/www.boisbuchet.org\/fr\/wp-json\/wp\/v2\/posts\/23072\/revisions\/23755"}],"wp:featuredmedia":[{"embeddable":true,"href":"https:\/\/www.boisbuchet.org\/fr\/wp-json\/wp\/v2\/media\/23056"}],"wp:attachment":[{"href":"https:\/\/www.boisbuchet.org\/fr\/wp-json\/wp\/v2\/media?parent=23072"}],"wp:term":[{"taxonomy":"category","embeddable":true,"href":"https:\/\/www.boisbuchet.org\/fr\/wp-json\/wp\/v2\/categories?post=23072"},{"taxonomy":"post_tag","embeddable":true,"href":"https:\/\/www.boisbuchet.org\/fr\/wp-json\/wp\/v2\/tags?post=23072"}],"curies":[{"name":"wp","href":"https:\/\/api.w.org\/{rel}","templated":true}]}}