{"id":23522,"date":"2025-06-19T17:50:59","date_gmt":"2025-06-19T15:50:59","guid":{"rendered":"https:\/\/www.boisbuchet.org\/easd-valence-au-domaine-de-boisbuchet\/"},"modified":"2026-01-22T15:16:33","modified_gmt":"2026-01-22T14:16:33","slug":"easd-valence-au-domaine-de-boisbuchet","status":"publish","type":"post","link":"https:\/\/www.boisbuchet.org\/fr\/easd-valence-au-domaine-de-boisbuchet\/","title":{"rendered":"EASD Valence au Domaine de Boisbuchet"},"content":{"rendered":"<div class=\"fusion-fullwidth fullwidth-box fusion-builder-row-1 nonhundred-percent-fullwidth non-hundred-percent-height-scrolling\" style=\"--awb-border-radius-top-left:0px;--awb-border-radius-top-right:0px;--awb-border-radius-bottom-right:0px;--awb-border-radius-bottom-left:0px;--awb-flex-wrap:wrap;\" ><div class=\"fusion-builder-row fusion-row\"><div class=\"fusion-layout-column fusion_builder_column fusion-builder-column-0 fusion_builder_column_1_1 1_1 fusion-one-full fusion-column-first fusion-column-last\" style=\"--awb-bg-size:cover;\"><div class=\"fusion-column-wrapper fusion-flex-column-wrapper-legacy\"><div class=\"fusion-title title fusion-title-1 fusion-sep-none fusion-title-center fusion-title-text fusion-title-size-three\" style=\"--awb-text-color:#999999;--awb-margin-top-small:0px;--awb-margin-right-small:0px;--awb-margin-bottom-small:20px;--awb-margin-left-small:0px;\"><h3 class=\"fusion-title-heading title-heading-center\" style=\"margin:0;\">EASD VALENCE AU DOMAINE DE BOISBUCHET<\/h3><\/div><div class=\"fusion-title title fusion-title-2 fusion-title-center fusion-title-text fusion-title-size-one\" style=\"--awb-text-color:#333333;--awb-margin-top-small:0px;--awb-margin-right-small:0px;--awb-margin-bottom-small:20px;--awb-margin-left-small:0px;\"><div class=\"title-sep-container title-sep-container-left\"><div class=\"title-sep sep-single sep-solid\" style=\"border-color:#e0dede;\"><\/div><\/div><span class=\"awb-title-spacer\"><\/span><h1 class=\"fusion-title-heading title-heading-center\" style=\"margin:0;letter-spacing:5px;\">ATELIER \u00ab UN DESIGN AU BON ENDROIT \u00bb<\/h1><span class=\"awb-title-spacer\"><\/span><div class=\"title-sep-container title-sep-container-right\"><div class=\"title-sep sep-single sep-solid\" style=\"border-color:#e0dede;\"><\/div><\/div><\/div><div class=\"fusion-title title fusion-title-3 fusion-sep-none fusion-title-center fusion-title-text fusion-title-size-six\" style=\"--awb-text-color:#999999;--awb-margin-top-small:0px;--awb-margin-right-small:0px;--awb-margin-bottom-small:20px;--awb-margin-left-small:0px;\"><h6 class=\"fusion-title-heading title-heading-center\" style=\"margin:0;\">DU 19 AU 22 JUIN 2025<\/h6><\/div><div class=\"fusion-clearfix\"><\/div><\/div><\/div><\/div><\/div><div class=\"fusion-fullwidth fullwidth-box fusion-builder-row-2 fusion-flex-container has-pattern-background has-mask-background nonhundred-percent-fullwidth non-hundred-percent-height-scrolling\" style=\"--awb-border-radius-top-left:0px;--awb-border-radius-top-right:0px;--awb-border-radius-bottom-right:0px;--awb-border-radius-bottom-left:0px;--awb-flex-wrap:wrap;\" ><div class=\"fusion-builder-row fusion-row fusion-flex-align-items-flex-start fusion-flex-content-wrap\" style=\"max-width:1144px;margin-left: calc(-4% \/ 2 );margin-right: calc(-4% \/ 2 );\"><div class=\"fusion-layout-column fusion_builder_column fusion-builder-column-1 fusion_builder_column_1_1 1_1 fusion-flex-column\" style=\"--awb-bg-size:cover;--awb-width-large:100%;--awb-margin-top-large:0px;--awb-spacing-right-large:1.92%;--awb-margin-bottom-large:20px;--awb-spacing-left-large:1.92%;--awb-width-medium:100%;--awb-order-medium:0;--awb-spacing-right-medium:1.92%;--awb-spacing-left-medium:1.92%;--awb-width-small:100%;--awb-order-small:0;--awb-spacing-right-small:1.92%;--awb-spacing-left-small:1.92%;\"><div class=\"fusion-column-wrapper fusion-column-has-shadow fusion-flex-justify-content-flex-start fusion-content-layout-column\"><div class=\"fusion-image-element \" style=\"text-align:center;--awb-caption-title-font-family:var(--h2_typography-font-family);--awb-caption-title-font-weight:var(--h2_typography-font-weight);--awb-caption-title-font-style:var(--h2_typography-font-style);--awb-caption-title-size:var(--h2_typography-font-size);--awb-caption-title-transform:var(--h2_typography-text-transform);--awb-caption-title-line-height:var(--h2_typography-line-height);--awb-caption-title-letter-spacing:var(--h2_typography-letter-spacing);\"><span class=\" fusion-imageframe imageframe-none imageframe-1 hover-type-none\"><img decoding=\"async\" width=\"1920\" height=\"1080\" title=\"Large_08_EASD_220625_Elena Erhard\" src=\"https:\/\/www.boisbuchet.org\/wp-content\/uploads\/2026\/01\/Large_08_EASD_220625_Elena-Erhard.jpg\" alt class=\"img-responsive wp-image-23484\" srcset=\"https:\/\/www.boisbuchet.org\/wp-content\/uploads\/2026\/01\/Large_08_EASD_220625_Elena-Erhard-200x113.jpg 200w, https:\/\/www.boisbuchet.org\/wp-content\/uploads\/2026\/01\/Large_08_EASD_220625_Elena-Erhard-400x225.jpg 400w, https:\/\/www.boisbuchet.org\/wp-content\/uploads\/2026\/01\/Large_08_EASD_220625_Elena-Erhard-600x338.jpg 600w, https:\/\/www.boisbuchet.org\/wp-content\/uploads\/2026\/01\/Large_08_EASD_220625_Elena-Erhard-800x450.jpg 800w, https:\/\/www.boisbuchet.org\/wp-content\/uploads\/2026\/01\/Large_08_EASD_220625_Elena-Erhard-1200x675.jpg 1200w, https:\/\/www.boisbuchet.org\/wp-content\/uploads\/2026\/01\/Large_08_EASD_220625_Elena-Erhard.jpg 1920w\" sizes=\"(max-width: 1024px) 100vw, (max-width: 640px) 100vw, 1200px\" \/><\/span><\/div><\/div><\/div><\/div><\/div><div class=\"fusion-fullwidth fullwidth-box fusion-builder-row-3 fusion-flex-container has-pattern-background has-mask-background nonhundred-percent-fullwidth non-hundred-percent-height-scrolling\" style=\"--awb-border-radius-top-left:0px;--awb-border-radius-top-right:0px;--awb-border-radius-bottom-right:0px;--awb-border-radius-bottom-left:0px;--awb-flex-wrap:wrap;\" ><div class=\"fusion-builder-row fusion-row fusion-flex-align-items-flex-start fusion-flex-content-wrap\" style=\"max-width:1144px;margin-left: calc(-4% \/ 2 );margin-right: calc(-4% \/ 2 );\"><div class=\"fusion-layout-column fusion_builder_column fusion-builder-column-2 fusion_builder_column_1_1 1_1 fusion-flex-column\" style=\"--awb-bg-size:cover;--awb-width-large:100%;--awb-margin-top-large:0px;--awb-spacing-right-large:1.92%;--awb-margin-bottom-large:20px;--awb-spacing-left-large:1.92%;--awb-width-medium:100%;--awb-order-medium:0;--awb-spacing-right-medium:1.92%;--awb-spacing-left-medium:1.92%;--awb-width-small:100%;--awb-order-small:0;--awb-spacing-right-small:1.92%;--awb-spacing-left-small:1.92%;\"><div class=\"fusion-column-wrapper fusion-column-has-shadow fusion-flex-justify-content-flex-start fusion-content-layout-column\"><div class=\"fusion-text fusion-text-1\"><h4 style=\"text-align: center;\"><em><br \/>\nLe workshop \u00ab Un design au bon endroit\u00bb s\u2019est tenu au Domaine de Boisbuchet du 19 au 22 juin 2025, en partenariat avec l\u2019EASD Valence.<br \/>\n<\/em><\/h4>\n<\/div><\/div><\/div><\/div><\/div><div class=\"fusion-fullwidth fullwidth-box fusion-builder-row-4 fusion-flex-container has-pattern-background has-mask-background nonhundred-percent-fullwidth non-hundred-percent-height-scrolling\" style=\"--awb-border-radius-top-left:0px;--awb-border-radius-top-right:0px;--awb-border-radius-bottom-right:0px;--awb-border-radius-bottom-left:0px;--awb-flex-wrap:wrap;\" ><div class=\"fusion-builder-row fusion-row fusion-flex-align-items-flex-start fusion-flex-content-wrap\" style=\"max-width:1144px;margin-left: calc(-4% \/ 2 );margin-right: calc(-4% \/ 2 );\"><div class=\"fusion-layout-column fusion_builder_column fusion-builder-column-3 fusion_builder_column_1_1 1_1 fusion-flex-column\" style=\"--awb-bg-size:cover;--awb-width-large:100%;--awb-margin-top-large:0px;--awb-spacing-right-large:1.92%;--awb-margin-bottom-large:20px;--awb-spacing-left-large:1.92%;--awb-width-medium:100%;--awb-order-medium:0;--awb-spacing-right-medium:1.92%;--awb-spacing-left-medium:1.92%;--awb-width-small:100%;--awb-order-small:0;--awb-spacing-right-small:1.92%;--awb-spacing-left-small:1.92%;\"><div class=\"fusion-column-wrapper fusion-column-has-shadow fusion-flex-justify-content-flex-start fusion-content-layout-column\"><div class=\"fusion-text fusion-text-2\"><p data-start=\"79\" data-end=\"484\">\u00ab Un design au bon endroit \u00bb est un atelier dirig\u00e9 par <strong>Mut Design, Juan Jos\u00e9 Tormo Vidal et Nacho Lavernia<\/strong>, organis\u00e9 en collaboration avec <strong>l\u2019EASD Valence (Escuela de Arte y Superior de Dise\u00f1o de Valencia),<\/strong> une institution reconnue pour son enseignement du design, des arts appliqu\u00e9s, avec un fort accent sur la pratique et des liens \u00e9troits avec le monde professionnel.<\/p>\n<p data-start=\"486\" data-end=\"717\">\u00c0 leur arriv\u00e9e au Domaine de Boisbuchet, les \u00e9tudiants ont \u00e9t\u00e9 invit\u00e9s \u00e0 s\u2019immerger dans le site et \u00e0 en observer les caract\u00e9ristiques sp\u00e9cifiques, dans le but de concevoir des objets en dialogue direct avec leur environnement.<\/p>\n<\/div><\/div><\/div><\/div><\/div><div class=\"fusion-fullwidth fullwidth-box fusion-builder-row-5 fusion-flex-container has-pattern-background has-mask-background nonhundred-percent-fullwidth non-hundred-percent-height-scrolling\" style=\"--awb-border-radius-top-left:0px;--awb-border-radius-top-right:0px;--awb-border-radius-bottom-right:0px;--awb-border-radius-bottom-left:0px;--awb-flex-wrap:wrap;\" ><div class=\"fusion-builder-row fusion-row fusion-flex-align-items-flex-start fusion-flex-content-wrap\" style=\"max-width:1144px;margin-left: calc(-4% \/ 2 );margin-right: calc(-4% \/ 2 );\"><div class=\"fusion-layout-column fusion_builder_column fusion-builder-column-4 fusion_builder_column_1_3 1_3 fusion-flex-column\" style=\"--awb-bg-size:cover;--awb-width-large:33.333333333333%;--awb-margin-top-large:0px;--awb-spacing-right-large:5.76%;--awb-margin-bottom-large:20px;--awb-spacing-left-large:5.76%;--awb-width-medium:100%;--awb-order-medium:0;--awb-spacing-right-medium:1.92%;--awb-spacing-left-medium:1.92%;--awb-width-small:100%;--awb-order-small:0;--awb-spacing-right-small:1.92%;--awb-spacing-left-small:1.92%;\"><div class=\"fusion-column-wrapper fusion-column-has-shadow fusion-flex-justify-content-flex-start fusion-content-layout-column\"><div class=\"fusion-image-element \" style=\"--awb-caption-title-font-family:var(--h2_typography-font-family);--awb-caption-title-font-weight:var(--h2_typography-font-weight);--awb-caption-title-font-style:var(--h2_typography-font-style);--awb-caption-title-size:var(--h2_typography-font-size);--awb-caption-title-transform:var(--h2_typography-text-transform);--awb-caption-title-line-height:var(--h2_typography-line-height);--awb-caption-title-letter-spacing:var(--h2_typography-letter-spacing);\"><span class=\" fusion-imageframe imageframe-none imageframe-2 hover-type-none\"><img decoding=\"async\" width=\"724\" height=\"1140\" title=\"01_EASD_220625_Elena Erhard\" src=\"https:\/\/www.boisbuchet.org\/wp-content\/uploads\/2026\/01\/01_EASD_220625_Elena-Erhard.jpg\" alt class=\"img-responsive wp-image-23480\" srcset=\"https:\/\/www.boisbuchet.org\/wp-content\/uploads\/2026\/01\/01_EASD_220625_Elena-Erhard-200x315.jpg 200w, https:\/\/www.boisbuchet.org\/wp-content\/uploads\/2026\/01\/01_EASD_220625_Elena-Erhard-400x630.jpg 400w, https:\/\/www.boisbuchet.org\/wp-content\/uploads\/2026\/01\/01_EASD_220625_Elena-Erhard-600x945.jpg 600w, https:\/\/www.boisbuchet.org\/wp-content\/uploads\/2026\/01\/01_EASD_220625_Elena-Erhard.jpg 724w\" sizes=\"(max-width: 1024px) 100vw, (max-width: 640px) 100vw, 400px\" \/><\/span><\/div><\/div><\/div><div class=\"fusion-layout-column fusion_builder_column fusion-builder-column-5 fusion_builder_column_1_3 1_3 fusion-flex-column\" style=\"--awb-bg-size:cover;--awb-width-large:33.333333333333%;--awb-margin-top-large:0px;--awb-spacing-right-large:5.76%;--awb-margin-bottom-large:20px;--awb-spacing-left-large:5.76%;--awb-width-medium:100%;--awb-order-medium:0;--awb-spacing-right-medium:1.92%;--awb-spacing-left-medium:1.92%;--awb-width-small:100%;--awb-order-small:0;--awb-spacing-right-small:1.92%;--awb-spacing-left-small:1.92%;\"><div class=\"fusion-column-wrapper fusion-column-has-shadow fusion-flex-justify-content-flex-start fusion-content-layout-column\"><div class=\"fusion-image-element \" style=\"--awb-caption-title-font-family:var(--h2_typography-font-family);--awb-caption-title-font-weight:var(--h2_typography-font-weight);--awb-caption-title-font-style:var(--h2_typography-font-style);--awb-caption-title-size:var(--h2_typography-font-size);--awb-caption-title-transform:var(--h2_typography-text-transform);--awb-caption-title-line-height:var(--h2_typography-line-height);--awb-caption-title-letter-spacing:var(--h2_typography-letter-spacing);\"><span class=\" fusion-imageframe imageframe-none imageframe-3 hover-type-none\"><img decoding=\"async\" width=\"724\" height=\"1140\" title=\"05_EASD_220625_Elena Erhard\" src=\"https:\/\/www.boisbuchet.org\/wp-content\/uploads\/2026\/01\/05_EASD_220625_Elena-Erhard.jpg\" alt class=\"img-responsive wp-image-23476\" srcset=\"https:\/\/www.boisbuchet.org\/wp-content\/uploads\/2026\/01\/05_EASD_220625_Elena-Erhard-200x315.jpg 200w, https:\/\/www.boisbuchet.org\/wp-content\/uploads\/2026\/01\/05_EASD_220625_Elena-Erhard-400x630.jpg 400w, https:\/\/www.boisbuchet.org\/wp-content\/uploads\/2026\/01\/05_EASD_220625_Elena-Erhard-600x945.jpg 600w, https:\/\/www.boisbuchet.org\/wp-content\/uploads\/2026\/01\/05_EASD_220625_Elena-Erhard.jpg 724w\" sizes=\"(max-width: 1024px) 100vw, (max-width: 640px) 100vw, 400px\" \/><\/span><\/div><\/div><\/div><div class=\"fusion-layout-column fusion_builder_column fusion-builder-column-6 fusion_builder_column_1_3 1_3 fusion-flex-column\" style=\"--awb-bg-size:cover;--awb-width-large:33.333333333333%;--awb-margin-top-large:0px;--awb-spacing-right-large:5.76%;--awb-margin-bottom-large:20px;--awb-spacing-left-large:5.76%;--awb-width-medium:100%;--awb-order-medium:0;--awb-spacing-right-medium:1.92%;--awb-spacing-left-medium:1.92%;--awb-width-small:100%;--awb-order-small:0;--awb-spacing-right-small:1.92%;--awb-spacing-left-small:1.92%;\"><div class=\"fusion-column-wrapper fusion-column-has-shadow fusion-flex-justify-content-flex-start fusion-content-layout-column\"><div class=\"fusion-image-element \" style=\"--awb-caption-title-font-family:var(--h2_typography-font-family);--awb-caption-title-font-weight:var(--h2_typography-font-weight);--awb-caption-title-font-style:var(--h2_typography-font-style);--awb-caption-title-size:var(--h2_typography-font-size);--awb-caption-title-transform:var(--h2_typography-text-transform);--awb-caption-title-line-height:var(--h2_typography-line-height);--awb-caption-title-letter-spacing:var(--h2_typography-letter-spacing);\"><span class=\" fusion-imageframe imageframe-none imageframe-4 hover-type-none\"><img decoding=\"async\" width=\"724\" height=\"1140\" title=\"07_EASD_220625_Elena Erhard\" src=\"https:\/\/www.boisbuchet.org\/wp-content\/uploads\/2026\/01\/07_EASD_220625_Elena-Erhard.jpg\" alt class=\"img-responsive wp-image-23478\" srcset=\"https:\/\/www.boisbuchet.org\/wp-content\/uploads\/2026\/01\/07_EASD_220625_Elena-Erhard-200x315.jpg 200w, https:\/\/www.boisbuchet.org\/wp-content\/uploads\/2026\/01\/07_EASD_220625_Elena-Erhard-400x630.jpg 400w, https:\/\/www.boisbuchet.org\/wp-content\/uploads\/2026\/01\/07_EASD_220625_Elena-Erhard-600x945.jpg 600w, https:\/\/www.boisbuchet.org\/wp-content\/uploads\/2026\/01\/07_EASD_220625_Elena-Erhard.jpg 724w\" sizes=\"(max-width: 1024px) 100vw, (max-width: 640px) 100vw, 400px\" \/><\/span><\/div><\/div><\/div><\/div><\/div><div class=\"fusion-fullwidth fullwidth-box fusion-builder-row-6 fusion-flex-container has-pattern-background has-mask-background nonhundred-percent-fullwidth non-hundred-percent-height-scrolling\" style=\"--awb-border-radius-top-left:0px;--awb-border-radius-top-right:0px;--awb-border-radius-bottom-right:0px;--awb-border-radius-bottom-left:0px;--awb-flex-wrap:wrap;\" ><div class=\"fusion-builder-row fusion-row fusion-flex-align-items-flex-start fusion-flex-content-wrap\" style=\"max-width:1144px;margin-left: calc(-4% \/ 2 );margin-right: calc(-4% \/ 2 );\"><div class=\"fusion-layout-column fusion_builder_column fusion-builder-column-7 fusion_builder_column_1_1 1_1 fusion-flex-column\" style=\"--awb-bg-size:cover;--awb-width-large:100%;--awb-margin-top-large:0px;--awb-spacing-right-large:1.92%;--awb-margin-bottom-large:20px;--awb-spacing-left-large:1.92%;--awb-width-medium:100%;--awb-order-medium:0;--awb-spacing-right-medium:1.92%;--awb-spacing-left-medium:1.92%;--awb-width-small:100%;--awb-order-small:0;--awb-spacing-right-small:1.92%;--awb-spacing-left-small:1.92%;\"><div class=\"fusion-column-wrapper fusion-column-has-shadow fusion-flex-justify-content-flex-start fusion-content-layout-column\"><div class=\"fusion-text fusion-text-3\"><p data-start=\"102\" data-end=\"453\">\u00c0 partir de rotin et d\u2019autres fibres naturelles, ils ont ensuite imagin\u00e9 et r\u00e9alis\u00e9 des dossiers sur mesure, con\u00e7us pour am\u00e9liorer le confort lors des s\u00e9ances de cin\u00e9ma en plein air organis\u00e9es au domaine. Le projet pla\u00e7ait l\u2019ergonomie au centre du processus de cr\u00e9ation, en privil\u00e9giant des cr\u00e9ations qui s\u2019harmonisent avec le paysage plut\u00f4t que de le dominer.<\/p>\n<p data-start=\"455\" data-end=\"789\">Les mat\u00e9riaux ont \u00e9t\u00e9 fournis par <strong>Expormim,<\/strong> une entreprise espagnole sp\u00e9cialis\u00e9e dans le rotin et les fibres naturelles. Plus qu\u2019un simple exercice formel, l\u2019atelier a offert aux \u00e9tudiants un espace d\u2019exploration o\u00f9 conception, fabrication et usage se sont rencontr\u00e9s, dans un environnement propice \u00e0 l\u2019\u00e9change et \u00e0 l\u2019exp\u00e9rimentation.<\/p>\n<p data-start=\"791\" data-end=\"816\">Photos : Elena Erhard<\/p>\n<\/div><\/div><\/div><\/div><\/div>\n","protected":false},"excerpt":{"rendered":"","protected":false},"author":707,"featured_media":23486,"comment_status":"closed","ping_status":"open","sticky":false,"template":"","format":"standard","meta":{"_monsterinsights_skip_tracking":false,"_monsterinsights_sitenote_active":false,"_monsterinsights_sitenote_note":"","_monsterinsights_sitenote_category":0,"footnotes":""},"categories":[2],"tags":[],"class_list":["post-23522","post","type-post","status-publish","format-standard","has-post-thumbnail","hentry","category-non-classifiee"],"yoast_head":"<!-- This site is optimized with the Yoast SEO plugin v27.1.1 - https:\/\/yoast.com\/product\/yoast-seo-wordpress\/ -->\n<title>EASD Valence au Domaine de Boisbuchet | Domaine de Boisbuchet<\/title>\n<meta name=\"robots\" content=\"index, follow, max-snippet:-1, max-image-preview:large, max-video-preview:-1\" \/>\n<link rel=\"canonical\" href=\"https:\/\/www.boisbuchet.org\/fr\/easd-valence-au-domaine-de-boisbuchet\/\" \/>\n<meta property=\"og:locale\" content=\"fr_FR\" \/>\n<meta property=\"og:type\" content=\"article\" \/>\n<meta property=\"og:title\" content=\"EASD Valence au Domaine de Boisbuchet | Domaine de Boisbuchet\" \/>\n<meta property=\"og:url\" content=\"https:\/\/www.boisbuchet.org\/fr\/easd-valence-au-domaine-de-boisbuchet\/\" \/>\n<meta property=\"og:site_name\" content=\"Domaine de Boisbuchet\" \/>\n<meta property=\"article:publisher\" content=\"https:\/\/www.facebook.com\/boisbuchet\" \/>\n<meta property=\"article:published_time\" content=\"2025-06-19T15:50:59+00:00\" \/>\n<meta property=\"article:modified_time\" content=\"2026-01-22T14:16:33+00:00\" \/>\n<meta property=\"og:image\" content=\"https:\/\/www.boisbuchet.org\/wp-content\/uploads\/2026\/01\/Small_08_EASD_220625_Elena-Erhard.jpg\" \/>\n\t<meta property=\"og:image:width\" content=\"724\" \/>\n\t<meta property=\"og:image:height\" content=\"542\" \/>\n\t<meta property=\"og:image:type\" content=\"image\/jpeg\" \/>\n<meta name=\"author\" content=\"Guillermo Gil\" \/>\n<meta name=\"twitter:card\" content=\"summary_large_image\" \/>\n<meta name=\"twitter:creator\" content=\"@boisbuchet\" \/>\n<meta name=\"twitter:site\" content=\"@boisbuchet\" \/>\n<meta name=\"twitter:label1\" content=\"\u00c9crit par\" \/>\n\t<meta name=\"twitter:data1\" content=\"Guillermo Gil\" \/>\n\t<meta name=\"twitter:label2\" content=\"Dur\u00e9e de lecture estim\u00e9e\" \/>\n\t<meta name=\"twitter:data2\" content=\"43 minutes\" \/>\n<script type=\"application\/ld+json\" class=\"yoast-schema-graph\">{\"@context\":\"https:\/\/schema.org\",\"@graph\":[{\"@type\":\"Article\",\"@id\":\"https:\/\/www.boisbuchet.org\/fr\/easd-valence-au-domaine-de-boisbuchet\/#article\",\"isPartOf\":{\"@id\":\"https:\/\/www.boisbuchet.org\/fr\/easd-valence-au-domaine-de-boisbuchet\/\"},\"author\":{\"name\":\"Guillermo Gil\",\"@id\":\"https:\/\/www.boisbuchet.org\/#\/schema\/person\/bf36436f4f3a9964d184d22cbfecf9a3\"},\"headline\":\"EASD Valence au Domaine de Boisbuchet\",\"datePublished\":\"2025-06-19T15:50:59+00:00\",\"dateModified\":\"2026-01-22T14:16:33+00:00\",\"mainEntityOfPage\":{\"@id\":\"https:\/\/www.boisbuchet.org\/fr\/easd-valence-au-domaine-de-boisbuchet\/\"},\"wordCount\":8506,\"publisher\":{\"@id\":\"https:\/\/www.boisbuchet.org\/#organization\"},\"image\":{\"@id\":\"https:\/\/www.boisbuchet.org\/fr\/easd-valence-au-domaine-de-boisbuchet\/#primaryimage\"},\"thumbnailUrl\":\"https:\/\/www.boisbuchet.org\/wp-content\/uploads\/2026\/01\/Small_08_EASD_220625_Elena-Erhard.jpg\",\"articleSection\":[\"Non classifi\u00e9(e)\"],\"inLanguage\":\"fr-FR\"},{\"@type\":\"WebPage\",\"@id\":\"https:\/\/www.boisbuchet.org\/fr\/easd-valence-au-domaine-de-boisbuchet\/\",\"url\":\"https:\/\/www.boisbuchet.org\/fr\/easd-valence-au-domaine-de-boisbuchet\/\",\"name\":\"EASD Valence au Domaine de Boisbuchet | Domaine de Boisbuchet\",\"isPartOf\":{\"@id\":\"https:\/\/www.boisbuchet.org\/#website\"},\"primaryImageOfPage\":{\"@id\":\"https:\/\/www.boisbuchet.org\/fr\/easd-valence-au-domaine-de-boisbuchet\/#primaryimage\"},\"image\":{\"@id\":\"https:\/\/www.boisbuchet.org\/fr\/easd-valence-au-domaine-de-boisbuchet\/#primaryimage\"},\"thumbnailUrl\":\"https:\/\/www.boisbuchet.org\/wp-content\/uploads\/2026\/01\/Small_08_EASD_220625_Elena-Erhard.jpg\",\"datePublished\":\"2025-06-19T15:50:59+00:00\",\"dateModified\":\"2026-01-22T14:16:33+00:00\",\"breadcrumb\":{\"@id\":\"https:\/\/www.boisbuchet.org\/fr\/easd-valence-au-domaine-de-boisbuchet\/#breadcrumb\"},\"inLanguage\":\"fr-FR\",\"potentialAction\":[{\"@type\":\"ReadAction\",\"target\":[\"https:\/\/www.boisbuchet.org\/fr\/easd-valence-au-domaine-de-boisbuchet\/\"]}]},{\"@type\":\"ImageObject\",\"inLanguage\":\"fr-FR\",\"@id\":\"https:\/\/www.boisbuchet.org\/fr\/easd-valence-au-domaine-de-boisbuchet\/#primaryimage\",\"url\":\"https:\/\/www.boisbuchet.org\/wp-content\/uploads\/2026\/01\/Small_08_EASD_220625_Elena-Erhard.jpg\",\"contentUrl\":\"https:\/\/www.boisbuchet.org\/wp-content\/uploads\/2026\/01\/Small_08_EASD_220625_Elena-Erhard.jpg\",\"width\":724,\"height\":542},{\"@type\":\"BreadcrumbList\",\"@id\":\"https:\/\/www.boisbuchet.org\/fr\/easd-valence-au-domaine-de-boisbuchet\/#breadcrumb\",\"itemListElement\":[{\"@type\":\"ListItem\",\"position\":1,\"name\":\"Home\",\"item\":\"https:\/\/www.boisbuchet.org\/fr\/\"},{\"@type\":\"ListItem\",\"position\":2,\"name\":\"EASD Valence au Domaine de Boisbuchet\"}]},{\"@type\":\"WebSite\",\"@id\":\"https:\/\/www.boisbuchet.org\/#website\",\"url\":\"https:\/\/www.boisbuchet.org\/\",\"name\":\"Domaine de Boisbuchet\",\"description\":\"Summer Workshops | Park | Event\u00a0Location\",\"publisher\":{\"@id\":\"https:\/\/www.boisbuchet.org\/#organization\"},\"potentialAction\":[{\"@type\":\"SearchAction\",\"target\":{\"@type\":\"EntryPoint\",\"urlTemplate\":\"https:\/\/www.boisbuchet.org\/?s={search_term_string}\"},\"query-input\":{\"@type\":\"PropertyValueSpecification\",\"valueRequired\":true,\"valueName\":\"search_term_string\"}}],\"inLanguage\":\"fr-FR\"},{\"@type\":\"Organization\",\"@id\":\"https:\/\/www.boisbuchet.org\/#organization\",\"name\":\"Domine de Boisbuchet\",\"url\":\"https:\/\/www.boisbuchet.org\/\",\"logo\":{\"@type\":\"ImageObject\",\"inLanguage\":\"fr-FR\",\"@id\":\"https:\/\/www.boisbuchet.org\/#\/schema\/logo\/image\/\",\"url\":\"https:\/\/www.boisbuchet.org\/wp-content\/uploads\/2019\/01\/logo_boisbuchet_black.png\",\"contentUrl\":\"https:\/\/www.boisbuchet.org\/wp-content\/uploads\/2019\/01\/logo_boisbuchet_black.png\",\"width\":200,\"height\":73,\"caption\":\"Domine de Boisbuchet\"},\"image\":{\"@id\":\"https:\/\/www.boisbuchet.org\/#\/schema\/logo\/image\/\"},\"sameAs\":[\"https:\/\/www.facebook.com\/boisbuchet\",\"https:\/\/x.com\/boisbuchet\",\"https:\/\/www.instagram.com\/boisbuchet\",\"https:\/\/www.linkedin.com\/company\/domaine-de-boisbuchet\",\"https:\/\/www.pinterest.com\/boisbuchet\"]},{\"@type\":\"Person\",\"@id\":\"https:\/\/www.boisbuchet.org\/#\/schema\/person\/bf36436f4f3a9964d184d22cbfecf9a3\",\"name\":\"Guillermo Gil\",\"url\":\"https:\/\/www.boisbuchet.org\/fr\/author\/guillermo\/\"}]}<\/script>\n<!-- \/ Yoast SEO plugin. -->","yoast_head_json":{"title":"EASD Valence au Domaine de Boisbuchet | Domaine de Boisbuchet","robots":{"index":"index","follow":"follow","max-snippet":"max-snippet:-1","max-image-preview":"max-image-preview:large","max-video-preview":"max-video-preview:-1"},"canonical":"https:\/\/www.boisbuchet.org\/fr\/easd-valence-au-domaine-de-boisbuchet\/","og_locale":"fr_FR","og_type":"article","og_title":"EASD Valence au Domaine de Boisbuchet | Domaine de Boisbuchet","og_url":"https:\/\/www.boisbuchet.org\/fr\/easd-valence-au-domaine-de-boisbuchet\/","og_site_name":"Domaine de Boisbuchet","article_publisher":"https:\/\/www.facebook.com\/boisbuchet","article_published_time":"2025-06-19T15:50:59+00:00","article_modified_time":"2026-01-22T14:16:33+00:00","og_image":[{"width":724,"height":542,"url":"https:\/\/www.boisbuchet.org\/wp-content\/uploads\/2026\/01\/Small_08_EASD_220625_Elena-Erhard.jpg","type":"image\/jpeg"}],"author":"Guillermo Gil","twitter_card":"summary_large_image","twitter_creator":"@boisbuchet","twitter_site":"@boisbuchet","twitter_misc":{"\u00c9crit par":"Guillermo Gil","Dur\u00e9e de lecture estim\u00e9e":"43 minutes"},"schema":{"@context":"https:\/\/schema.org","@graph":[{"@type":"Article","@id":"https:\/\/www.boisbuchet.org\/fr\/easd-valence-au-domaine-de-boisbuchet\/#article","isPartOf":{"@id":"https:\/\/www.boisbuchet.org\/fr\/easd-valence-au-domaine-de-boisbuchet\/"},"author":{"name":"Guillermo Gil","@id":"https:\/\/www.boisbuchet.org\/#\/schema\/person\/bf36436f4f3a9964d184d22cbfecf9a3"},"headline":"EASD Valence au Domaine de Boisbuchet","datePublished":"2025-06-19T15:50:59+00:00","dateModified":"2026-01-22T14:16:33+00:00","mainEntityOfPage":{"@id":"https:\/\/www.boisbuchet.org\/fr\/easd-valence-au-domaine-de-boisbuchet\/"},"wordCount":8506,"publisher":{"@id":"https:\/\/www.boisbuchet.org\/#organization"},"image":{"@id":"https:\/\/www.boisbuchet.org\/fr\/easd-valence-au-domaine-de-boisbuchet\/#primaryimage"},"thumbnailUrl":"https:\/\/www.boisbuchet.org\/wp-content\/uploads\/2026\/01\/Small_08_EASD_220625_Elena-Erhard.jpg","articleSection":["Non classifi\u00e9(e)"],"inLanguage":"fr-FR"},{"@type":"WebPage","@id":"https:\/\/www.boisbuchet.org\/fr\/easd-valence-au-domaine-de-boisbuchet\/","url":"https:\/\/www.boisbuchet.org\/fr\/easd-valence-au-domaine-de-boisbuchet\/","name":"EASD Valence au Domaine de Boisbuchet | Domaine de Boisbuchet","isPartOf":{"@id":"https:\/\/www.boisbuchet.org\/#website"},"primaryImageOfPage":{"@id":"https:\/\/www.boisbuchet.org\/fr\/easd-valence-au-domaine-de-boisbuchet\/#primaryimage"},"image":{"@id":"https:\/\/www.boisbuchet.org\/fr\/easd-valence-au-domaine-de-boisbuchet\/#primaryimage"},"thumbnailUrl":"https:\/\/www.boisbuchet.org\/wp-content\/uploads\/2026\/01\/Small_08_EASD_220625_Elena-Erhard.jpg","datePublished":"2025-06-19T15:50:59+00:00","dateModified":"2026-01-22T14:16:33+00:00","breadcrumb":{"@id":"https:\/\/www.boisbuchet.org\/fr\/easd-valence-au-domaine-de-boisbuchet\/#breadcrumb"},"inLanguage":"fr-FR","potentialAction":[{"@type":"ReadAction","target":["https:\/\/www.boisbuchet.org\/fr\/easd-valence-au-domaine-de-boisbuchet\/"]}]},{"@type":"ImageObject","inLanguage":"fr-FR","@id":"https:\/\/www.boisbuchet.org\/fr\/easd-valence-au-domaine-de-boisbuchet\/#primaryimage","url":"https:\/\/www.boisbuchet.org\/wp-content\/uploads\/2026\/01\/Small_08_EASD_220625_Elena-Erhard.jpg","contentUrl":"https:\/\/www.boisbuchet.org\/wp-content\/uploads\/2026\/01\/Small_08_EASD_220625_Elena-Erhard.jpg","width":724,"height":542},{"@type":"BreadcrumbList","@id":"https:\/\/www.boisbuchet.org\/fr\/easd-valence-au-domaine-de-boisbuchet\/#breadcrumb","itemListElement":[{"@type":"ListItem","position":1,"name":"Home","item":"https:\/\/www.boisbuchet.org\/fr\/"},{"@type":"ListItem","position":2,"name":"EASD Valence au Domaine de Boisbuchet"}]},{"@type":"WebSite","@id":"https:\/\/www.boisbuchet.org\/#website","url":"https:\/\/www.boisbuchet.org\/","name":"Domaine de Boisbuchet","description":"Summer Workshops | Park | Event\u00a0Location","publisher":{"@id":"https:\/\/www.boisbuchet.org\/#organization"},"potentialAction":[{"@type":"SearchAction","target":{"@type":"EntryPoint","urlTemplate":"https:\/\/www.boisbuchet.org\/?s={search_term_string}"},"query-input":{"@type":"PropertyValueSpecification","valueRequired":true,"valueName":"search_term_string"}}],"inLanguage":"fr-FR"},{"@type":"Organization","@id":"https:\/\/www.boisbuchet.org\/#organization","name":"Domine de Boisbuchet","url":"https:\/\/www.boisbuchet.org\/","logo":{"@type":"ImageObject","inLanguage":"fr-FR","@id":"https:\/\/www.boisbuchet.org\/#\/schema\/logo\/image\/","url":"https:\/\/www.boisbuchet.org\/wp-content\/uploads\/2019\/01\/logo_boisbuchet_black.png","contentUrl":"https:\/\/www.boisbuchet.org\/wp-content\/uploads\/2019\/01\/logo_boisbuchet_black.png","width":200,"height":73,"caption":"Domine de Boisbuchet"},"image":{"@id":"https:\/\/www.boisbuchet.org\/#\/schema\/logo\/image\/"},"sameAs":["https:\/\/www.facebook.com\/boisbuchet","https:\/\/x.com\/boisbuchet","https:\/\/www.instagram.com\/boisbuchet","https:\/\/www.linkedin.com\/company\/domaine-de-boisbuchet","https:\/\/www.pinterest.com\/boisbuchet"]},{"@type":"Person","@id":"https:\/\/www.boisbuchet.org\/#\/schema\/person\/bf36436f4f3a9964d184d22cbfecf9a3","name":"Guillermo Gil","url":"https:\/\/www.boisbuchet.org\/fr\/author\/guillermo\/"}]}},"_links":{"self":[{"href":"https:\/\/www.boisbuchet.org\/fr\/wp-json\/wp\/v2\/posts\/23522","targetHints":{"allow":["GET"]}}],"collection":[{"href":"https:\/\/www.boisbuchet.org\/fr\/wp-json\/wp\/v2\/posts"}],"about":[{"href":"https:\/\/www.boisbuchet.org\/fr\/wp-json\/wp\/v2\/types\/post"}],"author":[{"embeddable":true,"href":"https:\/\/www.boisbuchet.org\/fr\/wp-json\/wp\/v2\/users\/707"}],"replies":[{"embeddable":true,"href":"https:\/\/www.boisbuchet.org\/fr\/wp-json\/wp\/v2\/comments?post=23522"}],"version-history":[{"count":13,"href":"https:\/\/www.boisbuchet.org\/fr\/wp-json\/wp\/v2\/posts\/23522\/revisions"}],"predecessor-version":[{"id":23746,"href":"https:\/\/www.boisbuchet.org\/fr\/wp-json\/wp\/v2\/posts\/23522\/revisions\/23746"}],"wp:featuredmedia":[{"embeddable":true,"href":"https:\/\/www.boisbuchet.org\/fr\/wp-json\/wp\/v2\/media\/23486"}],"wp:attachment":[{"href":"https:\/\/www.boisbuchet.org\/fr\/wp-json\/wp\/v2\/media?parent=23522"}],"wp:term":[{"taxonomy":"category","embeddable":true,"href":"https:\/\/www.boisbuchet.org\/fr\/wp-json\/wp\/v2\/categories?post=23522"},{"taxonomy":"post_tag","embeddable":true,"href":"https:\/\/www.boisbuchet.org\/fr\/wp-json\/wp\/v2\/tags?post=23522"}],"curies":[{"name":"wp","href":"https:\/\/api.w.org\/{rel}","templated":true}]}}