{"id":24304,"date":"2026-02-23T14:47:56","date_gmt":"2026-02-23T13:47:56","guid":{"rendered":"https:\/\/www.boisbuchet.org\/?p=24304"},"modified":"2026-03-23T20:21:22","modified_gmt":"2026-03-23T19:21:22","slug":"open-call-2026-residency-supported-by-accion-cultural-espanola","status":"publish","type":"post","link":"https:\/\/www.boisbuchet.org\/fr\/open-call-2026-residency-supported-by-accion-cultural-espanola\/","title":{"rendered":"Open call 2026: Residency supported by Acci\u00f3n Cultural Espa\u00f1ola"},"content":{"rendered":"<div class=\"fusion-fullwidth fullwidth-box fusion-builder-row-1 nonhundred-percent-fullwidth non-hundred-percent-height-scrolling\" style=\"--awb-border-radius-top-left:0px;--awb-border-radius-top-right:0px;--awb-border-radius-bottom-right:0px;--awb-border-radius-bottom-left:0px;--awb-flex-wrap:wrap;\" ><div class=\"fusion-builder-row fusion-row\"><div class=\"fusion-layout-column fusion_builder_column fusion-builder-column-0 fusion_builder_column_1_1 1_1 fusion-one-full fusion-column-first fusion-column-last\" style=\"--awb-bg-size:cover;\"><div class=\"fusion-column-wrapper fusion-flex-column-wrapper-legacy\"><div class=\"fusion-title title fusion-title-1 fusion-sep-none fusion-title-center fusion-title-text fusion-title-size-three\" style=\"--awb-text-color:#999999;--awb-margin-top-small:0px;--awb-margin-right-small:0px;--awb-margin-bottom-small:20px;--awb-margin-left-small:0px;\"><h3 class=\"fusion-title-heading title-heading-center\" style=\"margin:0;\">OPEN CALL 2026<\/h3><\/div><div class=\"fusion-title title fusion-title-2 fusion-title-center fusion-title-text fusion-title-size-one\" style=\"--awb-text-color:#333333;--awb-margin-top-small:0px;--awb-margin-right-small:0px;--awb-margin-bottom-small:20px;--awb-margin-left-small:0px;\"><div class=\"title-sep-container title-sep-container-left\"><div class=\"title-sep sep-single sep-solid\" style=\"border-color:#e0dede;\"><\/div><\/div><span class=\"awb-title-spacer\"><\/span><h1 class=\"fusion-title-heading title-heading-center\" style=\"margin:0;letter-spacing:5px;\">BOISBUCHET RESIDENCY x AC\/E<\/h1><span class=\"awb-title-spacer\"><\/span><div class=\"title-sep-container title-sep-container-right\"><div class=\"title-sep sep-single sep-solid\" style=\"border-color:#e0dede;\"><\/div><\/div><\/div><div class=\"fusion-title title fusion-title-3 fusion-sep-none fusion-title-center fusion-title-text fusion-title-size-six\" style=\"--awb-text-color:#999999;--awb-margin-top-small:0px;--awb-margin-right-small:0px;--awb-margin-bottom-small:20px;--awb-margin-left-small:0px;\"><h6 class=\"fusion-title-heading title-heading-center\" style=\"margin:0;\">MAY 25TH \u2013 JULY 5TH<\/h6><\/div><div class=\"fusion-clearfix\"><\/div><\/div><\/div><\/div><\/div><div class=\"fusion-fullwidth fullwidth-box fusion-builder-row-2 fusion-flex-container nonhundred-percent-fullwidth non-hundred-percent-height-scrolling\" style=\"--awb-border-radius-top-left:0px;--awb-border-radius-top-right:0px;--awb-border-radius-bottom-right:0px;--awb-border-radius-bottom-left:0px;--awb-flex-wrap:wrap;\" ><div class=\"fusion-builder-row fusion-row fusion-flex-align-items-flex-start fusion-flex-content-wrap\" style=\"max-width:1144px;margin-left: calc(-4% \/ 2 );margin-right: calc(-4% \/ 2 );\"><div class=\"fusion-layout-column fusion_builder_column fusion-builder-column-1 fusion_builder_column_1_1 1_1 fusion-flex-column\" style=\"--awb-bg-size:cover;--awb-width-large:100%;--awb-margin-top-large:0px;--awb-spacing-right-large:1.92%;--awb-margin-bottom-large:20px;--awb-spacing-left-large:1.92%;--awb-width-medium:100%;--awb-order-medium:0;--awb-spacing-right-medium:1.92%;--awb-spacing-left-medium:1.92%;--awb-width-small:100%;--awb-order-small:0;--awb-spacing-right-small:1.92%;--awb-spacing-left-small:1.92%;\"><div class=\"fusion-column-wrapper fusion-column-has-shadow fusion-flex-justify-content-flex-start fusion-content-layout-column\"><div class=\"fusion-image-carousel fusion-image-carousel-auto fusion-image-carousel-1 fusion-carousel-border awb-image-carousel-top-below-caption\"><div class=\"awb-carousel awb-swiper awb-swiper-carousel awb-carousel--carousel awb-swiper-dots-position-bottom awb-imageframe-style awb-imageframe-style-below awb-imageframe-style-1\" data-layout=\"carousel\" data-autoplay=\"no\" data-autoplayspeed=\"2500\" data-autoplaypause=\"no\" data-columns=\"1\" data-columnsmedium=\"1\" data-columnssmall=\"1\" data-itemmargin=\"13\" data-itemwidth=\"180\" data-touchscroll=\"no\" data-freemode=\"no\" data-imagesize=\"auto\" data-scrollitems=\"0\" data-centeredslides=\"no\" data-rotationangle=\"50\" data-depth=\"100\" data-speed=\"500\" data-shadow=\"no\" data-pagination=\"bullets\" style=\"--awb-columns:1;--awb-border-width:1px;--awb-border-color:#e9eaee;--awb-dots-align:center;\"><div class=\"swiper-wrapper awb-image-carousel-wrapper fusion-flex-align-items-center\"><div class=\"swiper-slide\"><div class=\"fusion-carousel-item-wrapper\"><div class=\"fusion-image-wrapper hover-type-none\"><img decoding=\"async\" width=\"1920\" height=\"1080\" src=\"https:\/\/www.boisbuchet.org\/wp-content\/uploads\/2022\/04\/WEB_C3A0963_workshop_20072017_Zito-Tseng_\u00a9CIRECA_Domaine-de-Boisbuchet.jpg\" class=\"attachment-full size-full\" alt=\"\" srcset=\"https:\/\/www.boisbuchet.org\/wp-content\/uploads\/2022\/04\/WEB_C3A0963_workshop_20072017_Zito-Tseng_\u00a9CIRECA_Domaine-de-Boisbuchet-200x113.jpg 200w, https:\/\/www.boisbuchet.org\/wp-content\/uploads\/2022\/04\/WEB_C3A0963_workshop_20072017_Zito-Tseng_\u00a9CIRECA_Domaine-de-Boisbuchet-300x169.jpg 300w, https:\/\/www.boisbuchet.org\/wp-content\/uploads\/2022\/04\/WEB_C3A0963_workshop_20072017_Zito-Tseng_\u00a9CIRECA_Domaine-de-Boisbuchet-400x225.jpg 400w, https:\/\/www.boisbuchet.org\/wp-content\/uploads\/2022\/04\/WEB_C3A0963_workshop_20072017_Zito-Tseng_\u00a9CIRECA_Domaine-de-Boisbuchet-500x281.jpg 500w, https:\/\/www.boisbuchet.org\/wp-content\/uploads\/2022\/04\/WEB_C3A0963_workshop_20072017_Zito-Tseng_\u00a9CIRECA_Domaine-de-Boisbuchet-600x338.jpg 600w, https:\/\/www.boisbuchet.org\/wp-content\/uploads\/2022\/04\/WEB_C3A0963_workshop_20072017_Zito-Tseng_\u00a9CIRECA_Domaine-de-Boisbuchet-700x394.jpg 700w, https:\/\/www.boisbuchet.org\/wp-content\/uploads\/2022\/04\/WEB_C3A0963_workshop_20072017_Zito-Tseng_\u00a9CIRECA_Domaine-de-Boisbuchet-768x432.jpg 768w, https:\/\/www.boisbuchet.org\/wp-content\/uploads\/2022\/04\/WEB_C3A0963_workshop_20072017_Zito-Tseng_\u00a9CIRECA_Domaine-de-Boisbuchet-800x450.jpg 800w, https:\/\/www.boisbuchet.org\/wp-content\/uploads\/2022\/04\/WEB_C3A0963_workshop_20072017_Zito-Tseng_\u00a9CIRECA_Domaine-de-Boisbuchet-1024x576.jpg 1024w, https:\/\/www.boisbuchet.org\/wp-content\/uploads\/2022\/04\/WEB_C3A0963_workshop_20072017_Zito-Tseng_\u00a9CIRECA_Domaine-de-Boisbuchet-1200x675.jpg 1200w, https:\/\/www.boisbuchet.org\/wp-content\/uploads\/2022\/04\/WEB_C3A0963_workshop_20072017_Zito-Tseng_\u00a9CIRECA_Domaine-de-Boisbuchet-1536x864.jpg 1536w, https:\/\/www.boisbuchet.org\/wp-content\/uploads\/2022\/04\/WEB_C3A0963_workshop_20072017_Zito-Tseng_\u00a9CIRECA_Domaine-de-Boisbuchet.jpg 1920w\" sizes=\"(max-width: 1920px) 100vw, 1920px\" \/><\/div><div class=\"awb-imageframe-caption-container\"><div class=\"awb-imageframe-caption\"><h6 class=\"awb-imageframe-caption-title\">Participants working in the traditional Japanese-Korean kiln by the Atelier of Domaine de Boisbuchet, 2017 \u00a9 Zito Tseng<\/h6><\/div><\/div><\/div><\/div><div class=\"swiper-slide\"><div class=\"fusion-carousel-item-wrapper\"><div class=\"fusion-image-wrapper hover-type-none\"><img decoding=\"async\" width=\"1920\" height=\"1080\" src=\"https:\/\/www.boisbuchet.org\/wp-content\/uploads\/2026\/02\/53319_Diego-Lara_062025_Manon-Arrouge_\u00a9CIRECA_Domaine-de-Boisbuchet-2.jpg\" class=\"attachment-full size-full\" alt=\"\" srcset=\"https:\/\/www.boisbuchet.org\/wp-content\/uploads\/2026\/02\/53319_Diego-Lara_062025_Manon-Arrouge_\u00a9CIRECA_Domaine-de-Boisbuchet-2-200x113.jpg 200w, https:\/\/www.boisbuchet.org\/wp-content\/uploads\/2026\/02\/53319_Diego-Lara_062025_Manon-Arrouge_\u00a9CIRECA_Domaine-de-Boisbuchet-2-300x169.jpg 300w, https:\/\/www.boisbuchet.org\/wp-content\/uploads\/2026\/02\/53319_Diego-Lara_062025_Manon-Arrouge_\u00a9CIRECA_Domaine-de-Boisbuchet-2-400x225.jpg 400w, https:\/\/www.boisbuchet.org\/wp-content\/uploads\/2026\/02\/53319_Diego-Lara_062025_Manon-Arrouge_\u00a9CIRECA_Domaine-de-Boisbuchet-2-500x281.jpg 500w, https:\/\/www.boisbuchet.org\/wp-content\/uploads\/2026\/02\/53319_Diego-Lara_062025_Manon-Arrouge_\u00a9CIRECA_Domaine-de-Boisbuchet-2-600x338.jpg 600w, https:\/\/www.boisbuchet.org\/wp-content\/uploads\/2026\/02\/53319_Diego-Lara_062025_Manon-Arrouge_\u00a9CIRECA_Domaine-de-Boisbuchet-2-700x394.jpg 700w, https:\/\/www.boisbuchet.org\/wp-content\/uploads\/2026\/02\/53319_Diego-Lara_062025_Manon-Arrouge_\u00a9CIRECA_Domaine-de-Boisbuchet-2-768x432.jpg 768w, https:\/\/www.boisbuchet.org\/wp-content\/uploads\/2026\/02\/53319_Diego-Lara_062025_Manon-Arrouge_\u00a9CIRECA_Domaine-de-Boisbuchet-2-800x450.jpg 800w, https:\/\/www.boisbuchet.org\/wp-content\/uploads\/2026\/02\/53319_Diego-Lara_062025_Manon-Arrouge_\u00a9CIRECA_Domaine-de-Boisbuchet-2-1024x576.jpg 1024w, https:\/\/www.boisbuchet.org\/wp-content\/uploads\/2026\/02\/53319_Diego-Lara_062025_Manon-Arrouge_\u00a9CIRECA_Domaine-de-Boisbuchet-2-1200x675.jpg 1200w, https:\/\/www.boisbuchet.org\/wp-content\/uploads\/2026\/02\/53319_Diego-Lara_062025_Manon-Arrouge_\u00a9CIRECA_Domaine-de-Boisbuchet-2-1536x864.jpg 1536w, https:\/\/www.boisbuchet.org\/wp-content\/uploads\/2026\/02\/53319_Diego-Lara_062025_Manon-Arrouge_\u00a9CIRECA_Domaine-de-Boisbuchet-2.jpg 1920w\" sizes=\"(max-width: 1920px) 100vw, 1920px\" \/><\/div><div class=\"awb-imageframe-caption-container\"><div class=\"awb-imageframe-caption\"><h6 class=\"awb-imageframe-caption-title\">\u201cLandmarks\u201d by Diego Lara, as part of his residency at Boisbuchet, supported by Acci\u00f3n Cultural Espa\u00f1ola, 2025. \u00a9 Manon Arroug\u00e9<\/h6><\/div><\/div><\/div><\/div><div class=\"swiper-slide\"><div class=\"fusion-carousel-item-wrapper\"><div class=\"fusion-image-wrapper hover-type-none\"><img decoding=\"async\" width=\"1920\" height=\"1080\" src=\"https:\/\/www.boisbuchet.org\/wp-content\/uploads\/2026\/02\/53367_ESTO-Estudio_062025_Manon-Arrouge_\u00a9CIRECA_Domaine-de-Boisbuchet-2.jpg\" class=\"attachment-full size-full\" alt=\"\" srcset=\"https:\/\/www.boisbuchet.org\/wp-content\/uploads\/2026\/02\/53367_ESTO-Estudio_062025_Manon-Arrouge_\u00a9CIRECA_Domaine-de-Boisbuchet-2-200x113.jpg 200w, https:\/\/www.boisbuchet.org\/wp-content\/uploads\/2026\/02\/53367_ESTO-Estudio_062025_Manon-Arrouge_\u00a9CIRECA_Domaine-de-Boisbuchet-2-300x169.jpg 300w, https:\/\/www.boisbuchet.org\/wp-content\/uploads\/2026\/02\/53367_ESTO-Estudio_062025_Manon-Arrouge_\u00a9CIRECA_Domaine-de-Boisbuchet-2-400x225.jpg 400w, https:\/\/www.boisbuchet.org\/wp-content\/uploads\/2026\/02\/53367_ESTO-Estudio_062025_Manon-Arrouge_\u00a9CIRECA_Domaine-de-Boisbuchet-2-500x281.jpg 500w, https:\/\/www.boisbuchet.org\/wp-content\/uploads\/2026\/02\/53367_ESTO-Estudio_062025_Manon-Arrouge_\u00a9CIRECA_Domaine-de-Boisbuchet-2-600x338.jpg 600w, https:\/\/www.boisbuchet.org\/wp-content\/uploads\/2026\/02\/53367_ESTO-Estudio_062025_Manon-Arrouge_\u00a9CIRECA_Domaine-de-Boisbuchet-2-700x394.jpg 700w, https:\/\/www.boisbuchet.org\/wp-content\/uploads\/2026\/02\/53367_ESTO-Estudio_062025_Manon-Arrouge_\u00a9CIRECA_Domaine-de-Boisbuchet-2-768x432.jpg 768w, https:\/\/www.boisbuchet.org\/wp-content\/uploads\/2026\/02\/53367_ESTO-Estudio_062025_Manon-Arrouge_\u00a9CIRECA_Domaine-de-Boisbuchet-2-800x450.jpg 800w, https:\/\/www.boisbuchet.org\/wp-content\/uploads\/2026\/02\/53367_ESTO-Estudio_062025_Manon-Arrouge_\u00a9CIRECA_Domaine-de-Boisbuchet-2-1024x576.jpg 1024w, https:\/\/www.boisbuchet.org\/wp-content\/uploads\/2026\/02\/53367_ESTO-Estudio_062025_Manon-Arrouge_\u00a9CIRECA_Domaine-de-Boisbuchet-2-1200x675.jpg 1200w, https:\/\/www.boisbuchet.org\/wp-content\/uploads\/2026\/02\/53367_ESTO-Estudio_062025_Manon-Arrouge_\u00a9CIRECA_Domaine-de-Boisbuchet-2-1536x864.jpg 1536w, https:\/\/www.boisbuchet.org\/wp-content\/uploads\/2026\/02\/53367_ESTO-Estudio_062025_Manon-Arrouge_\u00a9CIRECA_Domaine-de-Boisbuchet-2.jpg 1920w\" sizes=\"(max-width: 1920px) 100vw, 1920px\" \/><\/div><div class=\"awb-imageframe-caption-container\"><div class=\"awb-imageframe-caption\"><h6 class=\"awb-imageframe-caption-title\">53367_ESTO Estudio_062025_Manon Arroug\u00e9_\u00a9CIRECA_Domaine de Boisbuchet-2<\/h6><p class=\"awb-imageframe-caption-text\">Wool lamp created by ESTO Estudio as part of their residency at Boisbuchet, supported by Acci\u00f3n Cultural Espa\u00f1ola, 2025. \u00a9 Manon Arroug\u00e9<\/p><\/div><\/div><\/div><\/div><\/div><div class=\"awb-swiper-button awb-swiper-button-prev\"><i class=\"awb-icon-angle-left\" aria-hidden=\"true\"><\/i><\/div><div class=\"awb-swiper-button awb-swiper-button-next\"><i class=\"awb-icon-angle-right\" aria-hidden=\"true\"><\/i><\/div><\/div><\/div><div class=\"fusion-text fusion-text-1\" style=\"--awb-text-transform:none;\"><h4><strong>Boisbuchet Residency Open Call 2026 &#8211; Supported by Acci\u00f3n Cultural Espa\u00f1ola (AC\/E)<br \/>\n<\/strong><strong>Residency for two Spanish (or based in Spain) designers or architects from May 25 to juillet 5, 2026.<\/strong><\/h4>\n<p class=\"p1\">This opportunity supported by <a href=\"https:\/\/www.accioncultural.es\/es\/residencia-de-diseno-y-arquitectura-en-domaine-de-boisbuchet-2026?utm_source=ig&amp;utm_medium=social&amp;utm_content=link_in_bio&amp;fbclid=PAZXh0bgNhZW0CMTEAc3J0YwZhcHBfaWQMMjU2MjgxMDQwNTU4AAGnXOyrk3IiJ1u90gdGR0P499KzqoWt4YUKj1p-vj5NgAoDtahsUWuQwUdiozk_aem_H8fm-gxEypO03CFTkYq_fA\">Acci\u00f3n Cultural Espa\u00f1ola<\/a> will enable two emerging Spanish (or based in Spain) designers or architects to undertake a <strong>fully-funded residency<\/strong> at Domaine de Boisbuchet from <strong>May 25 to juillet 5, 2026.<\/strong><\/p>\n<p class=\"p2\"><a href=\"https:\/\/www.boisbuchet.org\/\">Domaine de Boisbuchet<\/a> is an international research center for design and architecture. The campus is surrounded by 150 hectares of protected nature in southwest France and comprises an architectural park of historic and contemporary buildings. Residents may take advantage from all the Domaine\u2019s facilities for work and accommodation, from its 150 hectares of forest, pasture, a river, a lake, and an unpolluted fauna and flora; from its architectural park, its vast library, archive and collection; and overall from its expertise and network after 30 years organizing workshops, events, exhibitions and many other cultural activities with institutions and people from all over the world. The residency program may be complemented by the usual series of activities held at Boisbuchet, such as exhibitions, guided tours, workshops, presentations, talks, discussions, conferences, and more.<\/p>\n<p><strong><span style=\"color: #339966;\">Application Deadline: Sunday, mars 29, 2026.<\/span><\/strong><\/p>\n<\/div><\/div><\/div><\/div><\/div><div class=\"fusion-fullwidth fullwidth-box fusion-builder-row-3 fusion-flex-container nonhundred-percent-fullwidth non-hundred-percent-height-scrolling\" style=\"--awb-border-radius-top-left:0px;--awb-border-radius-top-right:0px;--awb-border-radius-bottom-right:0px;--awb-border-radius-bottom-left:0px;--awb-flex-wrap:wrap;\" ><div class=\"fusion-builder-row fusion-row fusion-flex-align-items-flex-start fusion-flex-content-wrap\" style=\"max-width:1144px;margin-left: calc(-4% \/ 2 );margin-right: calc(-4% \/ 2 );\"><div class=\"fusion-layout-column fusion_builder_column fusion-builder-column-2 fusion_builder_column_1_1 1_1 fusion-flex-column\" style=\"--awb-bg-size:cover;--awb-width-large:100%;--awb-margin-top-large:0px;--awb-spacing-right-large:1.92%;--awb-margin-bottom-large:20px;--awb-spacing-left-large:1.92%;--awb-width-medium:100%;--awb-order-medium:0;--awb-spacing-right-medium:1.92%;--awb-spacing-left-medium:1.92%;--awb-width-small:100%;--awb-order-small:0;--awb-spacing-right-small:1.92%;--awb-spacing-left-small:1.92%;\"><div class=\"fusion-column-wrapper fusion-column-has-shadow fusion-flex-justify-content-flex-start fusion-content-layout-column\"><\/div><\/div><\/div><\/div><div class=\"fusion-fullwidth fullwidth-box fusion-builder-row-4 fusion-flex-container nonhundred-percent-fullwidth non-hundred-percent-height-scrolling\" style=\"--awb-border-radius-top-left:0px;--awb-border-radius-top-right:0px;--awb-border-radius-bottom-right:0px;--awb-border-radius-bottom-left:0px;--awb-flex-wrap:wrap;\" ><div class=\"fusion-builder-row fusion-row fusion-flex-align-items-flex-start fusion-flex-content-wrap\" style=\"max-width:1144px;margin-left: calc(-4% \/ 2 );margin-right: calc(-4% \/ 2 );\"><div class=\"fusion-layout-column fusion_builder_column fusion-builder-column-3 fusion_builder_column_1_3 1_3 fusion-flex-column\" style=\"--awb-bg-size:cover;--awb-width-large:33.333333333333%;--awb-margin-top-large:0px;--awb-spacing-right-large:5.76%;--awb-margin-bottom-large:20px;--awb-spacing-left-large:5.76%;--awb-width-medium:100%;--awb-order-medium:0;--awb-spacing-right-medium:1.92%;--awb-spacing-left-medium:1.92%;--awb-width-small:100%;--awb-order-small:0;--awb-spacing-right-small:1.92%;--awb-spacing-left-small:1.92%;\"><div class=\"fusion-column-wrapper fusion-column-has-shadow fusion-flex-justify-content-flex-start fusion-content-layout-column\"><div class=\"fusion-image-element awb-imageframe-style awb-imageframe-style-below awb-imageframe-style-1\" style=\"--awb-caption-title-font-family:var(--h6_typography-font-family);--awb-caption-title-font-weight:var(--h6_typography-font-weight);--awb-caption-title-font-style:var(--h6_typography-font-style);--awb-caption-title-size:var(--h6_typography-font-size);--awb-caption-title-transform:var(--h6_typography-text-transform);--awb-caption-title-line-height:var(--h6_typography-line-height);--awb-caption-title-letter-spacing:var(--h6_typography-letter-spacing);\"><span class=\" fusion-imageframe imageframe-none imageframe-1 hover-type-none\"><img decoding=\"async\" width=\"724\" height=\"1140\" title=\"53350_ESTO Estudio_062025_Manon Arroug\u00e9_\u00a9CIRECA_Domaine de Boisbuchet\" src=\"https:\/\/www.boisbuchet.org\/wp-content\/uploads\/2026\/02\/53350_ESTO-Estudio_062025_Manon-Arrouge_\u00a9CIRECA_Domaine-de-Boisbuchet.jpg\" alt class=\"img-responsive wp-image-24129\" srcset=\"https:\/\/www.boisbuchet.org\/wp-content\/uploads\/2026\/02\/53350_ESTO-Estudio_062025_Manon-Arrouge_\u00a9CIRECA_Domaine-de-Boisbuchet-200x315.jpg 200w, https:\/\/www.boisbuchet.org\/wp-content\/uploads\/2026\/02\/53350_ESTO-Estudio_062025_Manon-Arrouge_\u00a9CIRECA_Domaine-de-Boisbuchet-400x630.jpg 400w, https:\/\/www.boisbuchet.org\/wp-content\/uploads\/2026\/02\/53350_ESTO-Estudio_062025_Manon-Arrouge_\u00a9CIRECA_Domaine-de-Boisbuchet-600x945.jpg 600w, https:\/\/www.boisbuchet.org\/wp-content\/uploads\/2026\/02\/53350_ESTO-Estudio_062025_Manon-Arrouge_\u00a9CIRECA_Domaine-de-Boisbuchet.jpg 724w\" sizes=\"(max-width: 1024px) 100vw, (max-width: 640px) 100vw, 400px\" \/><\/span><div class=\"awb-imageframe-caption-container\"><div class=\"awb-imageframe-caption\"><h6 class=\"awb-imageframe-caption-title\">Spanish designer Guillermo Borreguero of ESTO Estudio, selected for the AC\/E Residence 2025 at Domaine de Boisbuchet \u00a9 Manon Arroug\u00e9<\/h6><\/div><\/div><\/div><\/div><\/div><div class=\"fusion-layout-column fusion_builder_column fusion-builder-column-4 fusion_builder_column_2_3 2_3 fusion-flex-column\" style=\"--awb-bg-size:cover;--awb-width-large:66.666666666667%;--awb-margin-top-large:0px;--awb-spacing-right-large:2.88%;--awb-margin-bottom-large:20px;--awb-spacing-left-large:2.88%;--awb-width-medium:100%;--awb-order-medium:0;--awb-spacing-right-medium:1.92%;--awb-spacing-left-medium:1.92%;--awb-width-small:100%;--awb-order-small:0;--awb-spacing-right-small:1.92%;--awb-spacing-left-small:1.92%;\"><div class=\"fusion-column-wrapper fusion-column-has-shadow fusion-flex-justify-content-flex-start fusion-content-layout-column\"><div class=\"fusion-text fusion-text-2\" style=\"--awb-text-transform:none;\"><h3><strong>The Residency comprises<\/strong><\/h3>\n<p>&#8211; Access to a fully accessible workshop at Domaine de Boisbuchet.<\/p>\n<p>&#8211; A wide variety of studio and exhibition spaces for residents to work in.<\/p>\n<p>&#8211; Accommodation and full-board meals during the entire period of stay.<\/p>\n<p>&#8211; Basic living expenses (300 EUR).<\/p>\n<p>&#8211; Production support (1200 EUR).<\/p>\n<p>&#8211; Economy return flights from the resident\u2019s home city to France and train ticket from\/to Poitiers train station (up to 600.00 EUR).<\/p>\n<p>&#8211; Administrative and curatorial support from Domaine de Boisbuchet.<\/p>\n<p>&#8211; A public presentation\/lecture during the residency.<\/p>\n<p>&#8211; Studio visits by curators, artists or critics invited by Domaine de Boisbuchet.<\/p>\n<p>&#8211; Inclusion of residents&#8217; projects in the online archive of Domaine de Boisbuchet&#8217;s website.<\/p>\n<\/div><\/div><\/div><div class=\"fusion-layout-column fusion_builder_column fusion-builder-column-5 fusion_builder_column_1_1 1_1 fusion-flex-column\" style=\"--awb-bg-size:cover;--awb-width-large:100%;--awb-margin-top-large:0px;--awb-spacing-right-large:1.92%;--awb-margin-bottom-large:20px;--awb-spacing-left-large:1.92%;--awb-width-medium:100%;--awb-order-medium:0;--awb-spacing-right-medium:1.92%;--awb-spacing-left-medium:1.92%;--awb-width-small:100%;--awb-order-small:0;--awb-spacing-right-small:1.92%;--awb-spacing-left-small:1.92%;\"><div class=\"fusion-column-wrapper fusion-column-has-shadow fusion-flex-justify-content-flex-start fusion-content-layout-column\"><div class=\"fusion-text fusion-text-3\" style=\"--awb-text-transform:none;\"><h3 class=\"fusion-responsive-typography-calculated\" data-fontsize=\"24\" data-lineheight=\"36px\"><strong>Selection and Eligibility<\/strong><\/h3>\n<p class=\"p1\">The residency is open to designers and architects working in all disciplines. Applicants should submit a project proposal within their application, outlining their specific research interests and intentions for the residency. Applicants should have at least a moderate level of spoken English.<\/p>\n<h4 class=\"p1\"><strong>Selection Process<\/strong><\/h4>\n<p class=\"p1\">The residents will be selected on the basis of their applications. A selection committee made up of the Head of Research at Domaine de Boisbuchet, as well as the Head of Design\/Architecture of AC\/E, will select the candidate on the basis of the quality of his\/her work and their potential for making the most of the program. The successful applicants will be notified on <strong>Friday, avril 10, 2026.<\/strong><\/p>\n<p><strong>Application Procedure<\/strong><\/p>\n<p><span class=\"s1\">Proposals may be submitted in English or Spanish.<\/span><\/p>\n<p class=\"p1\">The application for Boisbuchet\u2019s Residency Program will be carried out by following the subsequent procedure:<\/p>\n<p class=\"p1\"><strong>1.<\/strong> Applicants must send an email to <a href=\"mailto:residencies@boisbuchet.org\"><span class=\"s1\">residencies@boisbuchet.org <\/span><\/a><strong>before Sunday, mars 29, 2026<\/strong> no later than 23:59 hours (CEST) including a proposal of up to 8 pages in PDF format. The size of this document should not exceed 15 Mb. The email must indicate the subject &#8220;Boisbuchet AC\/E Residence 2026\u201d. The proposal must include:<\/p>\n<p class=\"p1\" style=\"padding-left: 40px;\">&#8211; CV and a letter of motivation (maximum one page each).<\/p>\n<p class=\"p1\" style=\"padding-left: 40px;\">&#8211; A simple statement outlining your plans, which should include a short description of a research project specific to the context of your residency at Boisbuchet (up to 500 words).<\/p>\n<p class=\"p1\" style=\"padding-left: 40px;\">&#8211; Any relevant documentation (e.g. other related projects, articles, or papers about your work, exhibitions, publications, etc.).<\/p>\n<p class=\"p1\"><strong>2.<\/strong> The selection process will conclude with an interview, which will be conducted with the selected candidate. This will allow us to get to know more about the applicant and their project proposal in order to best prepare their residency at Boisbuchet. The following information will be requested in this second phase:<\/p>\n<p class=\"p1\" style=\"padding-left: 40px;\">&#8211; Copy of D.N.I. \/ N.I.E \/ PASSPORT<\/p>\n<p class=\"p1\" style=\"padding-left: 40px;\">&#8211; Accreditation of being in possession of the European Health Insurance Card or health insurance that covers possible medical eventualities that may occur during the period of residence.<\/p>\n<p class=\"p1\" style=\"padding-left: 40px;\">&#8211; Copy of insurance valid in France during the dates of residence including personal liability (the latter definable as \u201cdamage or bodily injury caused to others\u00a8).<\/p>\n<h3 class=\"fusion-responsive-typography-calculated\" data-fontsize=\"24\" data-lineheight=\"36px\"><strong>Terms and conditions<\/strong><\/h3>\n<h4 class=\"p1\"><strong>Intellectual property<\/strong><\/h4>\n<p class=\"p1\">The participants are responsible for the originality and authorship of their projects and guarantee that they legitimately hold all the intellectual property rights and expressly exempt the organisers from any responsibility for any liability for any damages and\/or losses that directly or indirectly, the breach of this warranty may cause directly or indirectly. The resident expressly authorises the organisers to use his\/her name in any way they deem appropriate for the purposes of this call for applications.<\/p>\n<h4 class=\"p1\"><strong>Data protection<\/strong><\/h4>\n<p class=\"p1\">Participants accept that the personal data provided by virtue of this call may be subject to processing in the personal data files owned by the organisers with the purpose of managing this call for entries. You may exercise your rights of access, rectification, and cancellation at Domaine de Boisbuchet 16500 Lessac (France)<\/p>\n<h4 class=\"p1\"><strong>Participants&#8217; image rights<\/strong><\/h4>\n<p class=\"p1\">Participants acknowledge that they may appear in images (photograph, video, etc.) taken inside the domaine during the period of residence for their subsequent informative or promotional dissemination, and authorize such use.<\/p>\n<h4 class=\"p1\"><strong>Acceptance of the rules<\/strong><\/h4>\n<p class=\"p1\">The participants, by the mere fact of applying for the call, accept these rules.<\/p>\n<p class=\"p1\">You can contact <a href=\"mailto:residencies@boisbuchet.org\"><span class=\"s1\">residencies@boisbuchet.org <\/span><\/a>for further information<\/p>\n<\/div><\/div><\/div><\/div><\/div><div class=\"fusion-fullwidth fullwidth-box fusion-builder-row-5 fusion-flex-container nonhundred-percent-fullwidth non-hundred-percent-height-scrolling\" style=\"--awb-border-radius-top-left:0px;--awb-border-radius-top-right:0px;--awb-border-radius-bottom-right:0px;--awb-border-radius-bottom-left:0px;--awb-flex-wrap:wrap;\" ><div class=\"fusion-builder-row fusion-row fusion-flex-align-items-flex-start fusion-flex-content-wrap\" style=\"max-width:1144px;margin-left: calc(-4% \/ 2 );margin-right: calc(-4% \/ 2 );\"><div class=\"fusion-layout-column fusion_builder_column fusion-builder-column-6 fusion_builder_column_1_1 1_1 fusion-flex-column\" style=\"--awb-bg-size:cover;--awb-width-large:100%;--awb-margin-top-large:0px;--awb-spacing-right-large:1.92%;--awb-margin-bottom-large:20px;--awb-spacing-left-large:1.92%;--awb-width-medium:100%;--awb-order-medium:0;--awb-spacing-right-medium:1.92%;--awb-spacing-left-medium:1.92%;--awb-width-small:100%;--awb-order-small:0;--awb-spacing-right-small:1.92%;--awb-spacing-left-small:1.92%;\"><div class=\"fusion-column-wrapper fusion-column-has-shadow fusion-flex-justify-content-flex-start fusion-content-layout-column\"><div class=\"fusion-image-element awb-imageframe-style awb-imageframe-style-above awb-imageframe-style-2\" style=\"text-align:left;--awb-caption-title-font-family:var(--h2_typography-font-family);--awb-caption-title-font-weight:var(--h2_typography-font-weight);--awb-caption-title-font-style:var(--h2_typography-font-style);--awb-caption-title-size:var(--h2_typography-font-size);--awb-caption-title-transform:var(--h2_typography-text-transform);--awb-caption-title-line-height:var(--h2_typography-line-height);--awb-caption-title-letter-spacing:var(--h2_typography-letter-spacing);\"><div class=\"awb-imageframe-caption-container\"><div class=\"awb-imageframe-caption\"><h2 class=\"awb-imageframe-caption-title\">With the support of <\/h2><\/div><\/div><span class=\" fusion-imageframe imageframe-none imageframe-2 hover-type-none\"><a class=\"fusion-no-lightbox\" href=\"https:\/\/www.accioncultural.es\/\" target=\"_self\" aria-label=\"logo_ace\"><img decoding=\"async\" width=\"111\" height=\"78\" src=\"https:\/\/www.boisbuchet.org\/wp-content\/uploads\/2022\/04\/logo_ace.png\" alt class=\"img-responsive wp-image-14170\"\/><\/a><\/span><\/div><\/div><\/div><\/div><\/div><div class=\"fusion-fullwidth fullwidth-box fusion-builder-row-6 fusion-flex-container nonhundred-percent-fullwidth non-hundred-percent-height-scrolling\" style=\"--awb-border-radius-top-left:0px;--awb-border-radius-top-right:0px;--awb-border-radius-bottom-right:0px;--awb-border-radius-bottom-left:0px;--awb-flex-wrap:wrap;\" ><div class=\"fusion-builder-row fusion-row fusion-flex-align-items-flex-start fusion-flex-content-wrap\" style=\"max-width:1144px;margin-left: calc(-4% \/ 2 );margin-right: calc(-4% \/ 2 );\"><\/div><\/div>\n","protected":false},"excerpt":{"rendered":"","protected":false},"author":20398,"featured_media":24309,"comment_status":"closed","ping_status":"open","sticky":false,"template":"","format":"video","meta":{"_monsterinsights_skip_tracking":false,"_monsterinsights_sitenote_active":false,"_monsterinsights_sitenote_note":"","_monsterinsights_sitenote_category":0,"footnotes":""},"categories":[168,167],"tags":[],"class_list":["post-24304","post","type-post","status-publish","format-video","has-post-thumbnail","hentry","category-competitions-contests","category-news-events","post_format-post-format-video"],"yoast_head":"<!-- This site is optimized with the Yoast SEO plugin v27.1.1 - https:\/\/yoast.com\/product\/yoast-seo-wordpress\/ -->\n<title>Open call 2026: Residency supported by Acci\u00f3n Cultural Espa\u00f1ola | Domaine de Boisbuchet<\/title>\n<meta name=\"robots\" content=\"index, follow, max-snippet:-1, max-image-preview:large, max-video-preview:-1\" \/>\n<link rel=\"canonical\" href=\"https:\/\/www.boisbuchet.org\/open-call-2026-residency-supported-by-accion-cultural-espanola\/\" \/>\n<meta property=\"og:locale\" content=\"fr_FR\" \/>\n<meta property=\"og:type\" content=\"article\" \/>\n<meta property=\"og:title\" content=\"Open call 2026: Residency supported by Acci\u00f3n Cultural Espa\u00f1ola | Domaine de Boisbuchet\" \/>\n<meta property=\"og:url\" content=\"https:\/\/www.boisbuchet.org\/open-call-2026-residency-supported-by-accion-cultural-espanola\/\" \/>\n<meta property=\"og:site_name\" content=\"Domaine de Boisbuchet\" \/>\n<meta property=\"article:publisher\" content=\"https:\/\/www.facebook.com\/boisbuchet\" \/>\n<meta property=\"article:published_time\" content=\"2026-02-23T13:47:56+00:00\" \/>\n<meta property=\"article:modified_time\" content=\"2026-03-23T19:21:22+00:00\" \/>\n<meta property=\"og:image\" content=\"https:\/\/www.boisbuchet.org\/wp-content\/uploads\/2026\/02\/Open-call-2026-Accion-Cultural-Espanola.jpg\" \/>\n\t<meta property=\"og:image:width\" content=\"724\" \/>\n\t<meta property=\"og:image:height\" content=\"542\" \/>\n\t<meta property=\"og:image:type\" content=\"image\/jpeg\" \/>\n<meta name=\"author\" content=\"Manon Arrouge\" \/>\n<meta name=\"twitter:card\" content=\"summary_large_image\" \/>\n<meta name=\"twitter:creator\" content=\"@boisbuchet\" \/>\n<meta name=\"twitter:site\" content=\"@boisbuchet\" \/>\n<meta name=\"twitter:label1\" content=\"\u00c9crit par\" \/>\n\t<meta name=\"twitter:data1\" content=\"Manon Arrouge\" \/>\n\t<meta name=\"twitter:label2\" content=\"Dur\u00e9e de lecture estim\u00e9e\" \/>\n\t<meta name=\"twitter:data2\" content=\"6 minutes\" \/>\n<script type=\"application\/ld+json\" class=\"yoast-schema-graph\">{\"@context\":\"https:\/\/schema.org\",\"@graph\":[{\"@type\":\"Article\",\"@id\":\"https:\/\/www.boisbuchet.org\/open-call-2026-residency-supported-by-accion-cultural-espanola\/#article\",\"isPartOf\":{\"@id\":\"https:\/\/www.boisbuchet.org\/open-call-2026-residency-supported-by-accion-cultural-espanola\/\"},\"author\":{\"name\":\"Manon Arrouge\",\"@id\":\"https:\/\/www.boisbuchet.org\/#\/schema\/person\/1c574d9ccaf1b7d6acafaff6692adaef\"},\"headline\":\"Open call 2026: Residency supported by Acci\u00f3n Cultural Espa\u00f1ola\",\"datePublished\":\"2026-02-23T13:47:56+00:00\",\"dateModified\":\"2026-03-23T19:21:22+00:00\",\"mainEntityOfPage\":{\"@id\":\"https:\/\/www.boisbuchet.org\/open-call-2026-residency-supported-by-accion-cultural-espanola\/\"},\"wordCount\":6145,\"publisher\":{\"@id\":\"https:\/\/www.boisbuchet.org\/#organization\"},\"image\":{\"@id\":\"https:\/\/www.boisbuchet.org\/open-call-2026-residency-supported-by-accion-cultural-espanola\/#primaryimage\"},\"thumbnailUrl\":\"https:\/\/www.boisbuchet.org\/wp-content\/uploads\/2026\/02\/Open-call-2026-Accion-Cultural-Espanola.jpg\",\"articleSection\":[\"Competitions &amp; Contests\",\"News &amp; Events\"],\"inLanguage\":\"fr-FR\"},{\"@type\":\"WebPage\",\"@id\":\"https:\/\/www.boisbuchet.org\/open-call-2026-residency-supported-by-accion-cultural-espanola\/\",\"url\":\"https:\/\/www.boisbuchet.org\/open-call-2026-residency-supported-by-accion-cultural-espanola\/\",\"name\":\"Open call 2026: Residency supported by Acci\u00f3n Cultural Espa\u00f1ola | Domaine de Boisbuchet\",\"isPartOf\":{\"@id\":\"https:\/\/www.boisbuchet.org\/#website\"},\"primaryImageOfPage\":{\"@id\":\"https:\/\/www.boisbuchet.org\/open-call-2026-residency-supported-by-accion-cultural-espanola\/#primaryimage\"},\"image\":{\"@id\":\"https:\/\/www.boisbuchet.org\/open-call-2026-residency-supported-by-accion-cultural-espanola\/#primaryimage\"},\"thumbnailUrl\":\"https:\/\/www.boisbuchet.org\/wp-content\/uploads\/2026\/02\/Open-call-2026-Accion-Cultural-Espanola.jpg\",\"datePublished\":\"2026-02-23T13:47:56+00:00\",\"dateModified\":\"2026-03-23T19:21:22+00:00\",\"breadcrumb\":{\"@id\":\"https:\/\/www.boisbuchet.org\/open-call-2026-residency-supported-by-accion-cultural-espanola\/#breadcrumb\"},\"inLanguage\":\"fr-FR\",\"potentialAction\":[{\"@type\":\"ReadAction\",\"target\":[\"https:\/\/www.boisbuchet.org\/open-call-2026-residency-supported-by-accion-cultural-espanola\/\"]}]},{\"@type\":\"ImageObject\",\"inLanguage\":\"fr-FR\",\"@id\":\"https:\/\/www.boisbuchet.org\/open-call-2026-residency-supported-by-accion-cultural-espanola\/#primaryimage\",\"url\":\"https:\/\/www.boisbuchet.org\/wp-content\/uploads\/2026\/02\/Open-call-2026-Accion-Cultural-Espanola.jpg\",\"contentUrl\":\"https:\/\/www.boisbuchet.org\/wp-content\/uploads\/2026\/02\/Open-call-2026-Accion-Cultural-Espanola.jpg\",\"width\":724,\"height\":542},{\"@type\":\"BreadcrumbList\",\"@id\":\"https:\/\/www.boisbuchet.org\/open-call-2026-residency-supported-by-accion-cultural-espanola\/#breadcrumb\",\"itemListElement\":[{\"@type\":\"ListItem\",\"position\":1,\"name\":\"Home\",\"item\":\"https:\/\/www.boisbuchet.org\/fr\/\"},{\"@type\":\"ListItem\",\"position\":2,\"name\":\"Open call 2026: Residency supported by Acci\u00f3n Cultural Espa\u00f1ola\"}]},{\"@type\":\"WebSite\",\"@id\":\"https:\/\/www.boisbuchet.org\/#website\",\"url\":\"https:\/\/www.boisbuchet.org\/\",\"name\":\"Domaine de Boisbuchet\",\"description\":\"Summer Workshops | Park | Event\u00a0Location\",\"publisher\":{\"@id\":\"https:\/\/www.boisbuchet.org\/#organization\"},\"potentialAction\":[{\"@type\":\"SearchAction\",\"target\":{\"@type\":\"EntryPoint\",\"urlTemplate\":\"https:\/\/www.boisbuchet.org\/?s={search_term_string}\"},\"query-input\":{\"@type\":\"PropertyValueSpecification\",\"valueRequired\":true,\"valueName\":\"search_term_string\"}}],\"inLanguage\":\"fr-FR\"},{\"@type\":\"Organization\",\"@id\":\"https:\/\/www.boisbuchet.org\/#organization\",\"name\":\"Domine de Boisbuchet\",\"url\":\"https:\/\/www.boisbuchet.org\/\",\"logo\":{\"@type\":\"ImageObject\",\"inLanguage\":\"fr-FR\",\"@id\":\"https:\/\/www.boisbuchet.org\/#\/schema\/logo\/image\/\",\"url\":\"https:\/\/www.boisbuchet.org\/wp-content\/uploads\/2019\/01\/logo_boisbuchet_black.png\",\"contentUrl\":\"https:\/\/www.boisbuchet.org\/wp-content\/uploads\/2019\/01\/logo_boisbuchet_black.png\",\"width\":200,\"height\":73,\"caption\":\"Domine de Boisbuchet\"},\"image\":{\"@id\":\"https:\/\/www.boisbuchet.org\/#\/schema\/logo\/image\/\"},\"sameAs\":[\"https:\/\/www.facebook.com\/boisbuchet\",\"https:\/\/x.com\/boisbuchet\",\"https:\/\/www.instagram.com\/boisbuchet\",\"https:\/\/www.linkedin.com\/company\/domaine-de-boisbuchet\",\"https:\/\/www.pinterest.com\/boisbuchet\"]},{\"@type\":\"Person\",\"@id\":\"https:\/\/www.boisbuchet.org\/#\/schema\/person\/1c574d9ccaf1b7d6acafaff6692adaef\",\"name\":\"Manon Arrouge\",\"url\":\"https:\/\/www.boisbuchet.org\/fr\/author\/manonarrouge\/\"}]}<\/script>\n<!-- \/ Yoast SEO plugin. -->","yoast_head_json":{"title":"Open call 2026: Residency supported by Acci\u00f3n Cultural Espa\u00f1ola | Domaine de Boisbuchet","robots":{"index":"index","follow":"follow","max-snippet":"max-snippet:-1","max-image-preview":"max-image-preview:large","max-video-preview":"max-video-preview:-1"},"canonical":"https:\/\/www.boisbuchet.org\/open-call-2026-residency-supported-by-accion-cultural-espanola\/","og_locale":"fr_FR","og_type":"article","og_title":"Open call 2026: Residency supported by Acci\u00f3n Cultural Espa\u00f1ola | Domaine de Boisbuchet","og_url":"https:\/\/www.boisbuchet.org\/open-call-2026-residency-supported-by-accion-cultural-espanola\/","og_site_name":"Domaine de Boisbuchet","article_publisher":"https:\/\/www.facebook.com\/boisbuchet","article_published_time":"2026-02-23T13:47:56+00:00","article_modified_time":"2026-03-23T19:21:22+00:00","og_image":[{"width":724,"height":542,"url":"https:\/\/www.boisbuchet.org\/wp-content\/uploads\/2026\/02\/Open-call-2026-Accion-Cultural-Espanola.jpg","type":"image\/jpeg"}],"author":"Manon Arrouge","twitter_card":"summary_large_image","twitter_creator":"@boisbuchet","twitter_site":"@boisbuchet","twitter_misc":{"\u00c9crit par":"Manon Arrouge","Dur\u00e9e de lecture estim\u00e9e":"6 minutes"},"schema":{"@context":"https:\/\/schema.org","@graph":[{"@type":"Article","@id":"https:\/\/www.boisbuchet.org\/open-call-2026-residency-supported-by-accion-cultural-espanola\/#article","isPartOf":{"@id":"https:\/\/www.boisbuchet.org\/open-call-2026-residency-supported-by-accion-cultural-espanola\/"},"author":{"name":"Manon Arrouge","@id":"https:\/\/www.boisbuchet.org\/#\/schema\/person\/1c574d9ccaf1b7d6acafaff6692adaef"},"headline":"Open call 2026: Residency supported by Acci\u00f3n Cultural Espa\u00f1ola","datePublished":"2026-02-23T13:47:56+00:00","dateModified":"2026-03-23T19:21:22+00:00","mainEntityOfPage":{"@id":"https:\/\/www.boisbuchet.org\/open-call-2026-residency-supported-by-accion-cultural-espanola\/"},"wordCount":6145,"publisher":{"@id":"https:\/\/www.boisbuchet.org\/#organization"},"image":{"@id":"https:\/\/www.boisbuchet.org\/open-call-2026-residency-supported-by-accion-cultural-espanola\/#primaryimage"},"thumbnailUrl":"https:\/\/www.boisbuchet.org\/wp-content\/uploads\/2026\/02\/Open-call-2026-Accion-Cultural-Espanola.jpg","articleSection":["Competitions &amp; Contests","News &amp; Events"],"inLanguage":"fr-FR"},{"@type":"WebPage","@id":"https:\/\/www.boisbuchet.org\/open-call-2026-residency-supported-by-accion-cultural-espanola\/","url":"https:\/\/www.boisbuchet.org\/open-call-2026-residency-supported-by-accion-cultural-espanola\/","name":"Open call 2026: Residency supported by Acci\u00f3n Cultural Espa\u00f1ola | Domaine de Boisbuchet","isPartOf":{"@id":"https:\/\/www.boisbuchet.org\/#website"},"primaryImageOfPage":{"@id":"https:\/\/www.boisbuchet.org\/open-call-2026-residency-supported-by-accion-cultural-espanola\/#primaryimage"},"image":{"@id":"https:\/\/www.boisbuchet.org\/open-call-2026-residency-supported-by-accion-cultural-espanola\/#primaryimage"},"thumbnailUrl":"https:\/\/www.boisbuchet.org\/wp-content\/uploads\/2026\/02\/Open-call-2026-Accion-Cultural-Espanola.jpg","datePublished":"2026-02-23T13:47:56+00:00","dateModified":"2026-03-23T19:21:22+00:00","breadcrumb":{"@id":"https:\/\/www.boisbuchet.org\/open-call-2026-residency-supported-by-accion-cultural-espanola\/#breadcrumb"},"inLanguage":"fr-FR","potentialAction":[{"@type":"ReadAction","target":["https:\/\/www.boisbuchet.org\/open-call-2026-residency-supported-by-accion-cultural-espanola\/"]}]},{"@type":"ImageObject","inLanguage":"fr-FR","@id":"https:\/\/www.boisbuchet.org\/open-call-2026-residency-supported-by-accion-cultural-espanola\/#primaryimage","url":"https:\/\/www.boisbuchet.org\/wp-content\/uploads\/2026\/02\/Open-call-2026-Accion-Cultural-Espanola.jpg","contentUrl":"https:\/\/www.boisbuchet.org\/wp-content\/uploads\/2026\/02\/Open-call-2026-Accion-Cultural-Espanola.jpg","width":724,"height":542},{"@type":"BreadcrumbList","@id":"https:\/\/www.boisbuchet.org\/open-call-2026-residency-supported-by-accion-cultural-espanola\/#breadcrumb","itemListElement":[{"@type":"ListItem","position":1,"name":"Home","item":"https:\/\/www.boisbuchet.org\/fr\/"},{"@type":"ListItem","position":2,"name":"Open call 2026: Residency supported by Acci\u00f3n Cultural Espa\u00f1ola"}]},{"@type":"WebSite","@id":"https:\/\/www.boisbuchet.org\/#website","url":"https:\/\/www.boisbuchet.org\/","name":"Domaine de Boisbuchet","description":"Summer Workshops | Park | Event\u00a0Location","publisher":{"@id":"https:\/\/www.boisbuchet.org\/#organization"},"potentialAction":[{"@type":"SearchAction","target":{"@type":"EntryPoint","urlTemplate":"https:\/\/www.boisbuchet.org\/?s={search_term_string}"},"query-input":{"@type":"PropertyValueSpecification","valueRequired":true,"valueName":"search_term_string"}}],"inLanguage":"fr-FR"},{"@type":"Organization","@id":"https:\/\/www.boisbuchet.org\/#organization","name":"Domine de Boisbuchet","url":"https:\/\/www.boisbuchet.org\/","logo":{"@type":"ImageObject","inLanguage":"fr-FR","@id":"https:\/\/www.boisbuchet.org\/#\/schema\/logo\/image\/","url":"https:\/\/www.boisbuchet.org\/wp-content\/uploads\/2019\/01\/logo_boisbuchet_black.png","contentUrl":"https:\/\/www.boisbuchet.org\/wp-content\/uploads\/2019\/01\/logo_boisbuchet_black.png","width":200,"height":73,"caption":"Domine de Boisbuchet"},"image":{"@id":"https:\/\/www.boisbuchet.org\/#\/schema\/logo\/image\/"},"sameAs":["https:\/\/www.facebook.com\/boisbuchet","https:\/\/x.com\/boisbuchet","https:\/\/www.instagram.com\/boisbuchet","https:\/\/www.linkedin.com\/company\/domaine-de-boisbuchet","https:\/\/www.pinterest.com\/boisbuchet"]},{"@type":"Person","@id":"https:\/\/www.boisbuchet.org\/#\/schema\/person\/1c574d9ccaf1b7d6acafaff6692adaef","name":"Manon Arrouge","url":"https:\/\/www.boisbuchet.org\/fr\/author\/manonarrouge\/"}]}},"_links":{"self":[{"href":"https:\/\/www.boisbuchet.org\/fr\/wp-json\/wp\/v2\/posts\/24304","targetHints":{"allow":["GET"]}}],"collection":[{"href":"https:\/\/www.boisbuchet.org\/fr\/wp-json\/wp\/v2\/posts"}],"about":[{"href":"https:\/\/www.boisbuchet.org\/fr\/wp-json\/wp\/v2\/types\/post"}],"author":[{"embeddable":true,"href":"https:\/\/www.boisbuchet.org\/fr\/wp-json\/wp\/v2\/users\/20398"}],"replies":[{"embeddable":true,"href":"https:\/\/www.boisbuchet.org\/fr\/wp-json\/wp\/v2\/comments?post=24304"}],"version-history":[{"count":8,"href":"https:\/\/www.boisbuchet.org\/fr\/wp-json\/wp\/v2\/posts\/24304\/revisions"}],"predecessor-version":[{"id":24318,"href":"https:\/\/www.boisbuchet.org\/fr\/wp-json\/wp\/v2\/posts\/24304\/revisions\/24318"}],"wp:featuredmedia":[{"embeddable":true,"href":"https:\/\/www.boisbuchet.org\/fr\/wp-json\/wp\/v2\/media\/24309"}],"wp:attachment":[{"href":"https:\/\/www.boisbuchet.org\/fr\/wp-json\/wp\/v2\/media?parent=24304"}],"wp:term":[{"taxonomy":"category","embeddable":true,"href":"https:\/\/www.boisbuchet.org\/fr\/wp-json\/wp\/v2\/categories?post=24304"},{"taxonomy":"post_tag","embeddable":true,"href":"https:\/\/www.boisbuchet.org\/fr\/wp-json\/wp\/v2\/tags?post=24304"}],"curies":[{"name":"wp","href":"https:\/\/api.w.org\/{rel}","templated":true}]}}