{"id":7986,"date":"2019-06-13T16:04:51","date_gmt":"2019-06-13T14:04:51","guid":{"rendered":"https:\/\/www.boisbuchet.org\/?p=7986"},"modified":"2020-05-12T11:13:14","modified_gmt":"2020-05-12T09:13:14","slug":"interview-with-mathias-schwartz-clauss-boisbuchets-director-and-program-curator","status":"publish","type":"post","link":"https:\/\/www.boisbuchet.org\/fr\/interview-with-mathias-schwartz-clauss-boisbuchets-director-and-program-curator\/","title":{"rendered":"Interview with Mathias Schwartz-Clauss, Boisbuchet\u00b4s director and program curator"},"content":{"rendered":"<div class=\"fusion-fullwidth fullwidth-box fusion-builder-row-1 nonhundred-percent-fullwidth non-hundred-percent-height-scrolling\" style=\"--awb-border-radius-top-left:0px;--awb-border-radius-top-right:0px;--awb-border-radius-bottom-right:0px;--awb-border-radius-bottom-left:0px;--awb-flex-wrap:wrap;\" ><div class=\"fusion-builder-row fusion-row\"><div class=\"fusion-layout-column fusion_builder_column fusion-builder-column-0 fusion_builder_column_1_1 1_1 fusion-one-full fusion-column-first fusion-column-last\" style=\"--awb-bg-size:cover;\"><div class=\"fusion-column-wrapper fusion-flex-column-wrapper-legacy\"><div class=\"fusion-title title fusion-title-1 fusion-title-center fusion-title-text fusion-title-size-one\" style=\"--awb-text-color:#333333;--awb-margin-top-small:0px;--awb-margin-right-small:0px;--awb-margin-bottom-small:20px;--awb-margin-left-small:0px;\"><div class=\"title-sep-container title-sep-container-left\"><div class=\"title-sep sep-single sep-solid\" style=\"border-color:#e0dede;\"><\/div><\/div><span class=\"awb-title-spacer\"><\/span><h1 class=\"fusion-title-heading title-heading-center\" style=\"margin:0;letter-spacing:5px;\">Interview with Mathias Schwartz-Clauss, Boisbuchet\u00b4s director<\/h1><span class=\"awb-title-spacer\"><\/span><div class=\"title-sep-container title-sep-container-right\"><div class=\"title-sep sep-single sep-solid\" style=\"border-color:#e0dede;\"><\/div><\/div><\/div><div class=\"fusion-title title fusion-title-2 fusion-sep-none fusion-title-center fusion-title-text fusion-title-size-four\" style=\"--awb-text-color:#999999;--awb-margin-top-small:0px;--awb-margin-right-small:0px;--awb-margin-bottom-small:20px;--awb-margin-left-small:0px;\"><h4 class=\"fusion-title-heading title-heading-center\" style=\"margin:0;letter-spacing:5px;\">juin 13, 2019<\/h4><\/div><div class=\"fusion-text fusion-text-1\"><p style=\"text-align: center\">by Kester Farrell<\/p>\n<\/div><div class=\"fusion-clearfix\"><\/div><\/div><\/div><\/div><\/div><div class=\"fusion-fullwidth fullwidth-box fusion-builder-row-2 nonhundred-percent-fullwidth non-hundred-percent-height-scrolling\" style=\"--awb-border-radius-top-left:0px;--awb-border-radius-top-right:0px;--awb-border-radius-bottom-right:0px;--awb-border-radius-bottom-left:0px;--awb-flex-wrap:wrap;\" ><div class=\"fusion-builder-row fusion-row\"><div class=\"fusion-layout-column fusion_builder_column fusion-builder-column-1 fusion_builder_column_1_1 1_1 fusion-one-full fusion-column-first fusion-column-last\" style=\"--awb-bg-size:cover;\"><div class=\"fusion-column-wrapper fusion-column-has-shadow fusion-flex-column-wrapper-legacy\"><div class=\"fusion-image-element in-legacy-container\" style=\"--awb-caption-title-font-family:var(--h2_typography-font-family);--awb-caption-title-font-weight:var(--h2_typography-font-weight);--awb-caption-title-font-style:var(--h2_typography-font-style);--awb-caption-title-size:var(--h2_typography-font-size);--awb-caption-title-transform:var(--h2_typography-text-transform);--awb-caption-title-line-height:var(--h2_typography-line-height);--awb-caption-title-letter-spacing:var(--h2_typography-letter-spacing);\"><span class=\" fusion-imageframe imageframe-none imageframe-1 hover-type-none\"><img decoding=\"async\" width=\"2560\" height=\"1920\" title=\"IMG-0053a\" src=\"https:\/\/www.boisbuchet.org\/wp-content\/uploads\/2019\/06\/IMG-0053a-1-scaled.jpg\" alt class=\"img-responsive wp-image-9063\" srcset=\"https:\/\/www.boisbuchet.org\/wp-content\/uploads\/2019\/06\/IMG-0053a-1-200x150.jpg 200w, https:\/\/www.boisbuchet.org\/wp-content\/uploads\/2019\/06\/IMG-0053a-1-400x300.jpg 400w, https:\/\/www.boisbuchet.org\/wp-content\/uploads\/2019\/06\/IMG-0053a-1-600x450.jpg 600w, https:\/\/www.boisbuchet.org\/wp-content\/uploads\/2019\/06\/IMG-0053a-1-800x600.jpg 800w, https:\/\/www.boisbuchet.org\/wp-content\/uploads\/2019\/06\/IMG-0053a-1-1200x900.jpg 1200w, https:\/\/www.boisbuchet.org\/wp-content\/uploads\/2019\/06\/IMG-0053a-1-scaled.jpg 2560w\" sizes=\"(max-width: 800px) 100vw, 2560px\" \/><\/span><\/div><div class=\"fusion-clearfix\"><\/div><\/div><\/div><\/div><\/div><div class=\"fusion-fullwidth fullwidth-box fusion-builder-row-3 nonhundred-percent-fullwidth non-hundred-percent-height-scrolling\" style=\"--awb-border-radius-top-left:0px;--awb-border-radius-top-right:0px;--awb-border-radius-bottom-right:0px;--awb-border-radius-bottom-left:0px;--awb-flex-wrap:wrap;\" ><div class=\"fusion-builder-row fusion-row\"><div class=\"fusion-layout-column fusion_builder_column fusion-builder-column-2 fusion_builder_column_1_1 1_1 fusion-one-full fusion-column-first fusion-column-last\" style=\"--awb-bg-size:cover;\"><div class=\"fusion-column-wrapper fusion-column-has-shadow fusion-flex-column-wrapper-legacy\"><div class=\"fusion-text fusion-text-2\"><p>Mathias Schwartz-Clauss, born in 1964, holds an MA in art history and philosophy. Between 1990 and 2013 he organized international travelling exhibitions and edited catalogues as Vitra Design Museum\u2019s curator and senior curator. Since 2013 he is responsible for Boisbuchet\u2019s program of workshops and exhibitions and supervises the development of the site\u2019s architecture and landscape.<\/p>\n<p><b>What does the Bauhaus mean to you?<\/b><\/p>\n<p>Design history. It\u2019s a prime example for the complexity of design and for what design can be. It was also quintessential for how we understand design today &#8211; in terms of disciplines, in terms of impact. The Bauhaus is also, for me, a lens, in history, because so many different sources of inspiration gathered in that place, and from there spread into the history of design and of our society.<\/p>\n<p><b>What relevance does the Bauhaus have with Boisbuchet?<\/b><\/p>\n<p><a name=\"_GoBack\"><\/a>The Bauhaus has not been a role-model for the creation of Boisbuchet. But I do see a lot of parallels and a lot of coincidences in what the Bauhaus triggered, in terms of other educational models, other places of experimentation. I\u2019m thinking of the Hochschule f\u00fcr Gestaltung in Ulm or the Black Mountain College \u2013 also the Bauhaus in Chicago and other movements. It is an interesting point of reference also because we are here existing at Boisbuchet for more than double the lifetime the Bauhaus existed. In terms of parallels: at Boisbuchet we are practicing a couple of principles of the life and work at the Bauhaus. Life and work both together are already a parallel. The invitations of guest tutors and guest lecturers is a parallel. The creation of new, innovative architecture is a parallel. The celebration of weekly costume parties is also a habit which we developed here as well as students and faculty at the Bauhaus. The mix of different cultures, of different generations, of different disciplines coming together in the Bauhaus is much practiced here as well. So, there are a couple of characteristicsreferences and parallels which, as I said, are not necessarily Bauhaus-inspired, but coincidentally have been there as well.<\/p>\n<\/div><div class=\"fusion-sep-clear\"><\/div><div class=\"fusion-separator fusion-full-width-sep\" style=\"margin-left: auto;margin-right: auto;margin-top:10px;margin-bottom:10px;width:100%;\"><div class=\"fusion-separator-border sep-single sep-solid\" style=\"--awb-height:20px;--awb-amount:20px;border-color:#e0dede;border-top-width:1px;\"><\/div><\/div><div class=\"fusion-sep-clear\"><\/div><div class=\"fusion-text fusion-text-3\"><h3><em>&#8220;we have identified sustainability as subject which best shows the responsibility of design for society today, in comparison to the responsibility of architecture, identified at the time of the nineteen-twenties at the Bauhaus as that discipline which umbrellaed all the other disciplines. &#8220;<\/em><\/h3>\n<\/div><div class=\"fusion-sep-clear\"><\/div><div class=\"fusion-separator fusion-full-width-sep\" style=\"margin-left: auto;margin-right: auto;margin-top:10px;margin-bottom:10px;width:100%;\"><div class=\"fusion-separator-border sep-single sep-solid\" style=\"--awb-height:20px;--awb-amount:20px;border-color:#e0dede;border-top-width:1px;\"><\/div><\/div><div class=\"fusion-sep-clear\"><\/div><div class=\"fusion-text fusion-text-4\"><p><b>The women of the Bauhaus were often maligned, overshadowed by their male counterparts, and confined to the weaving workshop \u2013 Do you think things have improved for women designers? And how does Boisbuchet reflect that?<\/b><\/p>\n<p>Boisbuchet is directed by two men, and our secretary is a woman. But again, this is not programmatic. It seems to me, and to Alexander probably as well, as the way things happened, as not being planned necessarily that way. If we look at the tutors, the percentage of female tutors and male tutors is much more equal nowadays than it has been at the Bauhaus. It\u2019s still not fifty-fifty \u2013 which also has to do with the history of the disciplines of design and architecture. But it\u2019s constantly changing, rather quickly in the past ten years I must say. And if we look at the side of the participants, we have more female participants than male participants here at Boisbuchet. But I think at the Bauhaus that already was the case.<\/p>\n<p><b>But there were more women in the weaving workshop?<\/b><\/p>\n<p>Yes. The weaving workshop was probably completely crowded, and the rest was free for men in the wood workshop [laughing]<\/p>\n<p><b>As opposed to the problems the artists and designers of the Bauhaus were tasked with one-hundred years ago, one of the main problems today\u2019s designers are tasked with is the need for sustainable products and services \u2013 How does this season of workshops reflect this need?<\/b><\/p>\n<p>Sustainable design is at the core of what we wish to practice here at Boisbuchet &#8211; in terms of Boisbuchet\u2019s organisation itself, but, first and foremost, in the design of our programme. And this year in reference to the Bauhaus \u2013 we have identified sustainability as subject which best shows the responsibility of design for society today, in comparison to the responsibility of architecture, identified at the time of the nineteen-twenties at the Bauhaus as that discipline which umbrellaed all the other disciplines. The shift in the past decades has been one which has identified design as <i>the<\/i> discipline which, even more than architecture, is able to consider all different aspects of the society, of the environment, and of the human being, and consider all these and take them into the planning of new services and products. This year, we\u2019ve got designers and architects coming from all over the world, bringing their cultures here to Boisbuchet, addressing global problems of all kinds, in terms of nutrition, in terms of housing, in terms of clothing, in terms of furniture products, equipment. They are already reflecting the need for a global thinking at a local acting \u2013 if we consider that as one of those characteristics of sustainability. We\u2019ve got, for instance, Bertjan Pot, from the Netherlands, who is experimenting with old crafts, like the braiding technique, which he employs in the use of grass and natural fibres here found on the site. We\u2019ve got Marl\u00e8ne Huissoud, who is using many kinds of locally-sourced materials in order to address local problems in a sustainable way. From France, as well, but practicing also in China, there is Thomas Dariel, whom we invited to occupy an empty store in downtown Confolens \u2013 which is the next town to Boisbuchet. It an abandoned store which we want to revive with a pop-up store. We\u2019ve got Katarina Unger from Austria, who is researching on the use of insects and other alternative sources of nutrition. Go Hasegawa from Japan is co-operating with a local wood company using sustainably-resourced wood for the creation of a pergola \u2013 a roof for an outdoor dining-area. So, the programme is full of such examples. And certainly, one of the most obvious, for the interest in sustainable design, is our co-operation with RE;CODE, a Korean brand which we teamed up with French designer and artist, Charlie Le Mindu, for a workshop that recycles and upcycles textiles and other worn-out materials for the creation of fashion \u2013 but also other products which might come out of that.<\/p>\n<\/div><div class=\"fusion-sep-clear\"><\/div><div class=\"fusion-separator fusion-full-width-sep\" style=\"margin-left: auto;margin-right: auto;margin-top:10px;margin-bottom:20px;width:100%;\"><div class=\"fusion-separator-border sep-single sep-solid\" style=\"--awb-height:20px;--awb-amount:20px;border-color:#e0dede;border-top-width:1px;\"><\/div><\/div><div class=\"fusion-sep-clear\"><\/div><div class=\"fusion-image-element fusion-image-align-center in-legacy-container\" style=\"text-align:center;--awb-caption-title-font-family:var(--h2_typography-font-family);--awb-caption-title-font-weight:var(--h2_typography-font-weight);--awb-caption-title-font-style:var(--h2_typography-font-style);--awb-caption-title-size:var(--h2_typography-font-size);--awb-caption-title-transform:var(--h2_typography-text-transform);--awb-caption-title-line-height:var(--h2_typography-line-height);--awb-caption-title-letter-spacing:var(--h2_typography-letter-spacing);\"><div class=\"imageframe-align-center\"><span class=\" fusion-imageframe imageframe-none imageframe-2 hover-type-none\"><a class=\"fusion-no-lightbox\" href=\"https:\/\/www.boisbuchet.org\/workshops\/\" target=\"_self\" aria-label=\"Program2\"><img decoding=\"async\" width=\"1920\" height=\"1351\" src=\"https:\/\/www.boisbuchet.org\/wp-content\/uploads\/2019\/06\/Program2.jpg\" alt class=\"img-responsive wp-image-8006\" srcset=\"https:\/\/www.boisbuchet.org\/wp-content\/uploads\/2019\/06\/Program2-200x141.jpg 200w, https:\/\/www.boisbuchet.org\/wp-content\/uploads\/2019\/06\/Program2-400x281.jpg 400w, https:\/\/www.boisbuchet.org\/wp-content\/uploads\/2019\/06\/Program2-600x422.jpg 600w, https:\/\/www.boisbuchet.org\/wp-content\/uploads\/2019\/06\/Program2-800x563.jpg 800w, https:\/\/www.boisbuchet.org\/wp-content\/uploads\/2019\/06\/Program2-1200x844.jpg 1200w, https:\/\/www.boisbuchet.org\/wp-content\/uploads\/2019\/06\/Program2.jpg 1920w\" sizes=\"(max-width: 800px) 100vw, 1200px\" \/><\/a><\/span><\/div><\/div><div class=\"fusion-text fusion-text-5\"><h5 style=\"text-align: right\">Summer Workshop Program 2019. Click for more information.<\/h5>\n<\/div><div class=\"fusion-sep-clear\"><\/div><div class=\"fusion-separator fusion-full-width-sep\" style=\"margin-left: auto;margin-right: auto;margin-top:10px;margin-bottom:10px;width:100%;\"><div class=\"fusion-separator-border sep-single sep-solid\" style=\"--awb-height:20px;--awb-amount:20px;border-color:#e0dede;border-top-width:1px;\"><\/div><\/div><div class=\"fusion-sep-clear\"><\/div><div class=\"fusion-sep-clear\"><\/div><div class=\"fusion-separator fusion-full-width-sep\" style=\"margin-left: auto;margin-right: auto;margin-top:10px;margin-bottom:10px;width:100%;\"><\/div><div class=\"fusion-sep-clear\"><\/div><div class=\"fusion-text fusion-text-6\"><h3><em>\u00a0&#8220;I would hope that participants of the workshops take back home a sense of responsibility. For themselves \u2013 taking care of themselves, that\u2019s very important \u2013 taking care of their neighbours, for society in general, taking care of what they eat, how they eat, how they live, how they clothe, how they communicate with each other. That\u2019s what design is about and that\u2019s what Boisbuchet, as a place where people come together and experiment together can offer to the participants here&#8221;<\/em><\/h3>\n<\/div><div class=\"fusion-sep-clear\"><\/div><div class=\"fusion-separator fusion-full-width-sep\" style=\"margin-left: auto;margin-right: auto;margin-top:10px;margin-bottom:10px;width:100%;\"><\/div><div class=\"fusion-sep-clear\"><\/div><div class=\"fusion-sep-clear\"><\/div><div class=\"fusion-separator fusion-full-width-sep\" style=\"margin-left: auto;margin-right: auto;margin-top:10px;margin-bottom:10px;width:100%;\"><div class=\"fusion-separator-border sep-single sep-solid\" style=\"--awb-height:20px;--awb-amount:20px;border-color:#e0dede;border-top-width:1px;\"><\/div><\/div><div class=\"fusion-sep-clear\"><\/div><div class=\"fusion-sep-clear\"><\/div><div class=\"fusion-separator fusion-full-width-sep\" style=\"margin-left: auto;margin-right: auto;margin-top:10px;margin-bottom:10px;width:100%;\"><\/div><div class=\"fusion-sep-clear\"><\/div><div class=\"fusion-text fusion-text-7\"><p><b>As well as a school of architecture and design, the Bauhaus was often tangled up in the politics of its time. Do you think politics has a place in the world of contemporary design?<\/b><\/p>\n<p>Contemporary politics and design have a lot to do with each other. Anything we do today can\u2019t ignore politics. And design, as a discipline, which considers all these different parameters of our life, of course faces politics. It\u2019s a political act, almost by definition. Whatever design uses and proposes for society has a political impact. It is influencing the way we act; it is influencing the way we communicate; it is influencing the way we think. So, design, of course, has a tremendous impact, and we must consider largely its political consequences. In the end, that\u2019s why we exist here in Boisbuchet. The reason why we are doing these workshops, why we are inviting creative, intelligent and engaged people, as tutors and as students, from all over the world, is that we consider this place a free-thinking, free-acting laboratory for designers to influence positively the future of this society.<\/p>\n<p><b>The collection of Alexander von Vegesack comprises over two-thousand objects and twenty-thousand publications, drawings, letters and other documents, along with about one-hundred works of art. What is your favourite design from the Bauhaus? And what distinguishes a Bauhaus design from any other?<\/b><\/p>\n<p>I\u2019m afraid my answer is a bit unsexy and boring, but my favourite Bauhaus object in Alexander von Vegesack\u2019s design collection is the Wassily armchair by Marcel Breuer, just because it symbolises best, for me, Bauhaus, in its aesthetics, in its production principles, in its experimental history, but, also, because this particular piece in Alexander\u2019s collection is one of the earliest pieces in the history of production of this B3 or Wassily armchair. Aesthetically, it condenses rationalism and abstraction \u2013 typical for the period. Production-wise, it employed industrial innovation: <a href=\"https:\/\/en.wikipedia.org\/wiki\/Mannesmann\"><span style=\"color: #00000a\">Mannesmann<\/span><\/a>, the German producer of steel tubes, contributed the seamless tubes for the frame of this chair. In terms of design experimentation, the inspiration for this armchair was a bicycle \u2013 a cross-disciplinary thinking which matches very well the spirit of the Bauhaus. For that reason, this iconic piece is also my favourite in the collection. Speaking of the collection, it has in the past often been a primary resource for the development of our summer exhibitions here at Boisbuchet. And this year again we\u2019re taking advantage of a couple of rare and interesting pieces in the collection, which will illustrate the history of the Bauhaus, as well as the history of its succeeding institutions, such as the Black Mountain College, such as the <span style=\"color: #222222\">Hochschule f\u00fcr Gestaltung in Ulm, and Boisbuchet itself. As we consider ourselves to work in that spirit of the Bauhaus, we are going to document a bit of our own work in that exhibition as well. And the exhibition is going to be called \u201cLes Enfants du Bauhaus\u201d \u2013 Children of the Bauhaus. It is produced right now together with two graphic design students from the Design Village in India and a Spanish architect \u2013 a very small and concentrated team. It is going to be shown here at Boisbuchet from the 22<\/span><span style=\"color: #222222\"><sup>nd<\/sup><\/span><span style=\"color: #222222\"> of June to the 22<\/span><span style=\"color: #222222\"><sup>nd<\/sup><\/span><span style=\"color: #222222\"> of September.<\/span><\/p>\n<\/div><div class=\"fusion-image-element fusion-image-align-center in-legacy-container\" style=\"text-align:center;--awb-caption-title-font-family:var(--h2_typography-font-family);--awb-caption-title-font-weight:var(--h2_typography-font-weight);--awb-caption-title-font-style:var(--h2_typography-font-style);--awb-caption-title-size:var(--h2_typography-font-size);--awb-caption-title-transform:var(--h2_typography-text-transform);--awb-caption-title-line-height:var(--h2_typography-line-height);--awb-caption-title-letter-spacing:var(--h2_typography-letter-spacing);\"><div class=\"imageframe-align-center\"><span class=\" fusion-imageframe imageframe-none imageframe-3 hover-type-none\"><img decoding=\"async\" width=\"1000\" height=\"1000\" title=\"COLLECTION-08-11\" src=\"https:\/\/www.boisbuchet.org\/wp-content\/uploads\/2019\/03\/COLLECTION-08-11.jpg\" alt class=\"img-responsive wp-image-5979\" srcset=\"https:\/\/www.boisbuchet.org\/wp-content\/uploads\/2019\/03\/COLLECTION-08-11-200x200.jpg 200w, https:\/\/www.boisbuchet.org\/wp-content\/uploads\/2019\/03\/COLLECTION-08-11-400x400.jpg 400w, https:\/\/www.boisbuchet.org\/wp-content\/uploads\/2019\/03\/COLLECTION-08-11-600x600.jpg 600w, https:\/\/www.boisbuchet.org\/wp-content\/uploads\/2019\/03\/COLLECTION-08-11-800x800.jpg 800w, https:\/\/www.boisbuchet.org\/wp-content\/uploads\/2019\/03\/COLLECTION-08-11.jpg 1000w\" sizes=\"(max-width: 800px) 100vw, 1000px\" \/><\/span><\/div><\/div><div class=\"fusion-text fusion-text-8\"><h5 class=\"title-heading-left\" style=\"text-align: center\">B 3, Wassily (1925), Marcel Breuer . Boisbuchet\u00b4s Design Collection \u00a9CIRECA<\/h5>\n<\/div><div class=\"fusion-sep-clear\"><\/div><div class=\"fusion-separator fusion-full-width-sep\" style=\"margin-left: auto;margin-right: auto;margin-top:10px;margin-bottom:10px;width:100%;\"><\/div><div class=\"fusion-sep-clear\"><\/div><div class=\"fusion-text fusion-text-9\"><p><b>Is there anything else you\u2019d like to add?<\/b><\/p>\n<p>Considering the Bauhaus theme this summer, I would hope that participants of the workshops take back home a sense of responsibility. For themselves \u2013 taking care of themselves, that\u2019s very important \u2013 taking care of their neighbours, for society in general, taking care of what they eat, how they eat, how they live, how they clothe, how they communicate with each other. That\u2019s what design is about and that\u2019s what Boisbuchet, as a place where people come together and experiment together can offer to the participants here.<\/p>\n<\/div><div class=\"fusion-sep-clear\"><\/div><div class=\"fusion-separator fusion-full-width-sep\" style=\"margin-left: auto;margin-right: auto;margin-top:10px;margin-bottom:10px;width:100%;\"><\/div><div class=\"fusion-sep-clear\"><\/div><div class=\"fusion-sep-clear\"><\/div><div class=\"fusion-separator fusion-full-width-sep\" style=\"margin-left: auto;margin-right: auto;margin-top:10px;margin-bottom:10px;width:100%;\"><\/div><div class=\"fusion-sep-clear\"><\/div><div class=\"fusion-aligncenter\"><a class=\"fusion-button button-flat fusion-button-default-size button-default fusion-button-default button-1 fusion-button-default-span fusion-button-default-type\" target=\"_self\" href=\"https:\/\/www.boisbuchet.org\/workshops\"><span class=\"fusion-button-text awb-button__text awb-button__text--default\">Discover our Workshops 2019<\/span><\/a><\/div><div class=\"fusion-clearfix\"><\/div><\/div><\/div><\/div><\/div>\n","protected":false},"excerpt":{"rendered":"","protected":false},"author":566,"featured_media":10742,"comment_status":"open","ping_status":"open","sticky":false,"template":"","format":"standard","meta":{"_monsterinsights_skip_tracking":false,"_monsterinsights_sitenote_active":false,"_monsterinsights_sitenote_note":"","_monsterinsights_sitenote_category":0,"footnotes":""},"categories":[167,1],"tags":[],"class_list":["post-7986","post","type-post","status-publish","format-standard","has-post-thumbnail","hentry","category-news-events","category-uncategorized"],"yoast_head":"<!-- This site is optimized with the Yoast SEO plugin v27.1.1 - https:\/\/yoast.com\/product\/yoast-seo-wordpress\/ -->\n<title>Interview with Mathias Schwartz-Clauss, Boisbuchet\u00b4s director and program curator | Domaine de Boisbuchet<\/title>\n<meta name=\"robots\" content=\"index, follow, max-snippet:-1, max-image-preview:large, max-video-preview:-1\" \/>\n<link rel=\"canonical\" href=\"https:\/\/www.boisbuchet.org\/interview-with-mathias-schwartz-clauss-boisbuchets-director-and-program-curator\/\" \/>\n<meta property=\"og:locale\" content=\"fr_FR\" \/>\n<meta property=\"og:type\" content=\"article\" \/>\n<meta property=\"og:title\" content=\"Interview with Mathias Schwartz-Clauss, Boisbuchet\u00b4s director and program curator | Domaine de Boisbuchet\" \/>\n<meta property=\"og:url\" content=\"https:\/\/www.boisbuchet.org\/interview-with-mathias-schwartz-clauss-boisbuchets-director-and-program-curator\/\" \/>\n<meta property=\"og:site_name\" content=\"Domaine de Boisbuchet\" \/>\n<meta property=\"article:publisher\" content=\"https:\/\/www.facebook.com\/boisbuchet\" \/>\n<meta property=\"article:published_time\" content=\"2019-06-13T14:04:51+00:00\" \/>\n<meta property=\"article:modified_time\" content=\"2020-05-12T09:13:14+00:00\" \/>\n<meta property=\"og:image\" content=\"https:\/\/www.boisbuchet.org\/wp-content\/uploads\/2019\/06\/Post-Mathias.gif\" \/>\n\t<meta property=\"og:image:width\" content=\"724\" \/>\n\t<meta property=\"og:image:height\" content=\"542\" \/>\n\t<meta property=\"og:image:type\" content=\"image\/gif\" \/>\n<meta name=\"author\" content=\"pablo.sevilla\" \/>\n<meta name=\"twitter:card\" content=\"summary_large_image\" \/>\n<meta name=\"twitter:creator\" content=\"@boisbuchet\" \/>\n<meta name=\"twitter:site\" content=\"@boisbuchet\" \/>\n<meta name=\"twitter:label1\" content=\"\u00c9crit par\" \/>\n\t<meta name=\"twitter:data1\" content=\"pablo.sevilla\" \/>\n\t<meta name=\"twitter:label2\" content=\"Dur\u00e9e de lecture estim\u00e9e\" \/>\n\t<meta name=\"twitter:data2\" content=\"17 minutes\" \/>\n<script type=\"application\/ld+json\" class=\"yoast-schema-graph\">{\"@context\":\"https:\/\/schema.org\",\"@graph\":[{\"@type\":\"Article\",\"@id\":\"https:\/\/www.boisbuchet.org\/interview-with-mathias-schwartz-clauss-boisbuchets-director-and-program-curator\/#article\",\"isPartOf\":{\"@id\":\"https:\/\/www.boisbuchet.org\/interview-with-mathias-schwartz-clauss-boisbuchets-director-and-program-curator\/\"},\"author\":{\"name\":\"pablo.sevilla\",\"@id\":\"https:\/\/www.boisbuchet.org\/#\/schema\/person\/37f6d78daf7b561c8175c85d605ef2f0\"},\"headline\":\"Interview with Mathias Schwartz-Clauss, Boisbuchet\u00b4s director and program curator\",\"datePublished\":\"2019-06-13T14:04:51+00:00\",\"dateModified\":\"2020-05-12T09:13:14+00:00\",\"mainEntityOfPage\":{\"@id\":\"https:\/\/www.boisbuchet.org\/interview-with-mathias-schwartz-clauss-boisbuchets-director-and-program-curator\/\"},\"wordCount\":3347,\"commentCount\":0,\"publisher\":{\"@id\":\"https:\/\/www.boisbuchet.org\/#organization\"},\"image\":{\"@id\":\"https:\/\/www.boisbuchet.org\/interview-with-mathias-schwartz-clauss-boisbuchets-director-and-program-curator\/#primaryimage\"},\"thumbnailUrl\":\"https:\/\/www.boisbuchet.org\/wp-content\/uploads\/2019\/06\/Post-Mathias.gif\",\"articleSection\":[\"News &amp; Events\",\"Uncategorized\"],\"inLanguage\":\"fr-FR\",\"potentialAction\":[{\"@type\":\"CommentAction\",\"name\":\"Comment\",\"target\":[\"https:\/\/www.boisbuchet.org\/interview-with-mathias-schwartz-clauss-boisbuchets-director-and-program-curator\/#respond\"]}]},{\"@type\":\"WebPage\",\"@id\":\"https:\/\/www.boisbuchet.org\/interview-with-mathias-schwartz-clauss-boisbuchets-director-and-program-curator\/\",\"url\":\"https:\/\/www.boisbuchet.org\/interview-with-mathias-schwartz-clauss-boisbuchets-director-and-program-curator\/\",\"name\":\"Interview with Mathias Schwartz-Clauss, Boisbuchet\u00b4s director and program curator | Domaine de Boisbuchet\",\"isPartOf\":{\"@id\":\"https:\/\/www.boisbuchet.org\/#website\"},\"primaryImageOfPage\":{\"@id\":\"https:\/\/www.boisbuchet.org\/interview-with-mathias-schwartz-clauss-boisbuchets-director-and-program-curator\/#primaryimage\"},\"image\":{\"@id\":\"https:\/\/www.boisbuchet.org\/interview-with-mathias-schwartz-clauss-boisbuchets-director-and-program-curator\/#primaryimage\"},\"thumbnailUrl\":\"https:\/\/www.boisbuchet.org\/wp-content\/uploads\/2019\/06\/Post-Mathias.gif\",\"datePublished\":\"2019-06-13T14:04:51+00:00\",\"dateModified\":\"2020-05-12T09:13:14+00:00\",\"breadcrumb\":{\"@id\":\"https:\/\/www.boisbuchet.org\/interview-with-mathias-schwartz-clauss-boisbuchets-director-and-program-curator\/#breadcrumb\"},\"inLanguage\":\"fr-FR\",\"potentialAction\":[{\"@type\":\"ReadAction\",\"target\":[\"https:\/\/www.boisbuchet.org\/interview-with-mathias-schwartz-clauss-boisbuchets-director-and-program-curator\/\"]}]},{\"@type\":\"ImageObject\",\"inLanguage\":\"fr-FR\",\"@id\":\"https:\/\/www.boisbuchet.org\/interview-with-mathias-schwartz-clauss-boisbuchets-director-and-program-curator\/#primaryimage\",\"url\":\"https:\/\/www.boisbuchet.org\/wp-content\/uploads\/2019\/06\/Post-Mathias.gif\",\"contentUrl\":\"https:\/\/www.boisbuchet.org\/wp-content\/uploads\/2019\/06\/Post-Mathias.gif\",\"width\":724,\"height\":542},{\"@type\":\"BreadcrumbList\",\"@id\":\"https:\/\/www.boisbuchet.org\/interview-with-mathias-schwartz-clauss-boisbuchets-director-and-program-curator\/#breadcrumb\",\"itemListElement\":[{\"@type\":\"ListItem\",\"position\":1,\"name\":\"Home\",\"item\":\"https:\/\/www.boisbuchet.org\/fr\/\"},{\"@type\":\"ListItem\",\"position\":2,\"name\":\"Interview with Mathias Schwartz-Clauss, Boisbuchet\u00b4s director and program curator\"}]},{\"@type\":\"WebSite\",\"@id\":\"https:\/\/www.boisbuchet.org\/#website\",\"url\":\"https:\/\/www.boisbuchet.org\/\",\"name\":\"Domaine de Boisbuchet\",\"description\":\"Summer Workshops | Park | Event\u00a0Location\",\"publisher\":{\"@id\":\"https:\/\/www.boisbuchet.org\/#organization\"},\"potentialAction\":[{\"@type\":\"SearchAction\",\"target\":{\"@type\":\"EntryPoint\",\"urlTemplate\":\"https:\/\/www.boisbuchet.org\/?s={search_term_string}\"},\"query-input\":{\"@type\":\"PropertyValueSpecification\",\"valueRequired\":true,\"valueName\":\"search_term_string\"}}],\"inLanguage\":\"fr-FR\"},{\"@type\":\"Organization\",\"@id\":\"https:\/\/www.boisbuchet.org\/#organization\",\"name\":\"Domine de Boisbuchet\",\"url\":\"https:\/\/www.boisbuchet.org\/\",\"logo\":{\"@type\":\"ImageObject\",\"inLanguage\":\"fr-FR\",\"@id\":\"https:\/\/www.boisbuchet.org\/#\/schema\/logo\/image\/\",\"url\":\"https:\/\/www.boisbuchet.org\/wp-content\/uploads\/2019\/01\/logo_boisbuchet_black.png\",\"contentUrl\":\"https:\/\/www.boisbuchet.org\/wp-content\/uploads\/2019\/01\/logo_boisbuchet_black.png\",\"width\":200,\"height\":73,\"caption\":\"Domine de Boisbuchet\"},\"image\":{\"@id\":\"https:\/\/www.boisbuchet.org\/#\/schema\/logo\/image\/\"},\"sameAs\":[\"https:\/\/www.facebook.com\/boisbuchet\",\"https:\/\/x.com\/boisbuchet\",\"https:\/\/www.instagram.com\/boisbuchet\",\"https:\/\/www.linkedin.com\/company\/domaine-de-boisbuchet\",\"https:\/\/www.pinterest.com\/boisbuchet\"]},{\"@type\":\"Person\",\"@id\":\"https:\/\/www.boisbuchet.org\/#\/schema\/person\/37f6d78daf7b561c8175c85d605ef2f0\",\"name\":\"pablo.sevilla\",\"url\":\"https:\/\/www.boisbuchet.org\/fr\/author\/pablo-sevilla\/\"}]}<\/script>\n<!-- \/ Yoast SEO plugin. -->","yoast_head_json":{"title":"Interview with Mathias Schwartz-Clauss, Boisbuchet\u00b4s director and program curator | Domaine de Boisbuchet","robots":{"index":"index","follow":"follow","max-snippet":"max-snippet:-1","max-image-preview":"max-image-preview:large","max-video-preview":"max-video-preview:-1"},"canonical":"https:\/\/www.boisbuchet.org\/interview-with-mathias-schwartz-clauss-boisbuchets-director-and-program-curator\/","og_locale":"fr_FR","og_type":"article","og_title":"Interview with Mathias Schwartz-Clauss, Boisbuchet\u00b4s director and program curator | Domaine de Boisbuchet","og_url":"https:\/\/www.boisbuchet.org\/interview-with-mathias-schwartz-clauss-boisbuchets-director-and-program-curator\/","og_site_name":"Domaine de Boisbuchet","article_publisher":"https:\/\/www.facebook.com\/boisbuchet","article_published_time":"2019-06-13T14:04:51+00:00","article_modified_time":"2020-05-12T09:13:14+00:00","og_image":[{"width":724,"height":542,"url":"https:\/\/www.boisbuchet.org\/wp-content\/uploads\/2019\/06\/Post-Mathias.gif","type":"image\/gif"}],"author":"pablo.sevilla","twitter_card":"summary_large_image","twitter_creator":"@boisbuchet","twitter_site":"@boisbuchet","twitter_misc":{"\u00c9crit par":"pablo.sevilla","Dur\u00e9e de lecture estim\u00e9e":"17 minutes"},"schema":{"@context":"https:\/\/schema.org","@graph":[{"@type":"Article","@id":"https:\/\/www.boisbuchet.org\/interview-with-mathias-schwartz-clauss-boisbuchets-director-and-program-curator\/#article","isPartOf":{"@id":"https:\/\/www.boisbuchet.org\/interview-with-mathias-schwartz-clauss-boisbuchets-director-and-program-curator\/"},"author":{"name":"pablo.sevilla","@id":"https:\/\/www.boisbuchet.org\/#\/schema\/person\/37f6d78daf7b561c8175c85d605ef2f0"},"headline":"Interview with Mathias Schwartz-Clauss, Boisbuchet\u00b4s director and program curator","datePublished":"2019-06-13T14:04:51+00:00","dateModified":"2020-05-12T09:13:14+00:00","mainEntityOfPage":{"@id":"https:\/\/www.boisbuchet.org\/interview-with-mathias-schwartz-clauss-boisbuchets-director-and-program-curator\/"},"wordCount":3347,"commentCount":0,"publisher":{"@id":"https:\/\/www.boisbuchet.org\/#organization"},"image":{"@id":"https:\/\/www.boisbuchet.org\/interview-with-mathias-schwartz-clauss-boisbuchets-director-and-program-curator\/#primaryimage"},"thumbnailUrl":"https:\/\/www.boisbuchet.org\/wp-content\/uploads\/2019\/06\/Post-Mathias.gif","articleSection":["News &amp; Events","Uncategorized"],"inLanguage":"fr-FR","potentialAction":[{"@type":"CommentAction","name":"Comment","target":["https:\/\/www.boisbuchet.org\/interview-with-mathias-schwartz-clauss-boisbuchets-director-and-program-curator\/#respond"]}]},{"@type":"WebPage","@id":"https:\/\/www.boisbuchet.org\/interview-with-mathias-schwartz-clauss-boisbuchets-director-and-program-curator\/","url":"https:\/\/www.boisbuchet.org\/interview-with-mathias-schwartz-clauss-boisbuchets-director-and-program-curator\/","name":"Interview with Mathias Schwartz-Clauss, Boisbuchet\u00b4s director and program curator | Domaine de Boisbuchet","isPartOf":{"@id":"https:\/\/www.boisbuchet.org\/#website"},"primaryImageOfPage":{"@id":"https:\/\/www.boisbuchet.org\/interview-with-mathias-schwartz-clauss-boisbuchets-director-and-program-curator\/#primaryimage"},"image":{"@id":"https:\/\/www.boisbuchet.org\/interview-with-mathias-schwartz-clauss-boisbuchets-director-and-program-curator\/#primaryimage"},"thumbnailUrl":"https:\/\/www.boisbuchet.org\/wp-content\/uploads\/2019\/06\/Post-Mathias.gif","datePublished":"2019-06-13T14:04:51+00:00","dateModified":"2020-05-12T09:13:14+00:00","breadcrumb":{"@id":"https:\/\/www.boisbuchet.org\/interview-with-mathias-schwartz-clauss-boisbuchets-director-and-program-curator\/#breadcrumb"},"inLanguage":"fr-FR","potentialAction":[{"@type":"ReadAction","target":["https:\/\/www.boisbuchet.org\/interview-with-mathias-schwartz-clauss-boisbuchets-director-and-program-curator\/"]}]},{"@type":"ImageObject","inLanguage":"fr-FR","@id":"https:\/\/www.boisbuchet.org\/interview-with-mathias-schwartz-clauss-boisbuchets-director-and-program-curator\/#primaryimage","url":"https:\/\/www.boisbuchet.org\/wp-content\/uploads\/2019\/06\/Post-Mathias.gif","contentUrl":"https:\/\/www.boisbuchet.org\/wp-content\/uploads\/2019\/06\/Post-Mathias.gif","width":724,"height":542},{"@type":"BreadcrumbList","@id":"https:\/\/www.boisbuchet.org\/interview-with-mathias-schwartz-clauss-boisbuchets-director-and-program-curator\/#breadcrumb","itemListElement":[{"@type":"ListItem","position":1,"name":"Home","item":"https:\/\/www.boisbuchet.org\/fr\/"},{"@type":"ListItem","position":2,"name":"Interview with Mathias Schwartz-Clauss, Boisbuchet\u00b4s director and program curator"}]},{"@type":"WebSite","@id":"https:\/\/www.boisbuchet.org\/#website","url":"https:\/\/www.boisbuchet.org\/","name":"Domaine de Boisbuchet","description":"Summer Workshops | Park | Event\u00a0Location","publisher":{"@id":"https:\/\/www.boisbuchet.org\/#organization"},"potentialAction":[{"@type":"SearchAction","target":{"@type":"EntryPoint","urlTemplate":"https:\/\/www.boisbuchet.org\/?s={search_term_string}"},"query-input":{"@type":"PropertyValueSpecification","valueRequired":true,"valueName":"search_term_string"}}],"inLanguage":"fr-FR"},{"@type":"Organization","@id":"https:\/\/www.boisbuchet.org\/#organization","name":"Domine de Boisbuchet","url":"https:\/\/www.boisbuchet.org\/","logo":{"@type":"ImageObject","inLanguage":"fr-FR","@id":"https:\/\/www.boisbuchet.org\/#\/schema\/logo\/image\/","url":"https:\/\/www.boisbuchet.org\/wp-content\/uploads\/2019\/01\/logo_boisbuchet_black.png","contentUrl":"https:\/\/www.boisbuchet.org\/wp-content\/uploads\/2019\/01\/logo_boisbuchet_black.png","width":200,"height":73,"caption":"Domine de Boisbuchet"},"image":{"@id":"https:\/\/www.boisbuchet.org\/#\/schema\/logo\/image\/"},"sameAs":["https:\/\/www.facebook.com\/boisbuchet","https:\/\/x.com\/boisbuchet","https:\/\/www.instagram.com\/boisbuchet","https:\/\/www.linkedin.com\/company\/domaine-de-boisbuchet","https:\/\/www.pinterest.com\/boisbuchet"]},{"@type":"Person","@id":"https:\/\/www.boisbuchet.org\/#\/schema\/person\/37f6d78daf7b561c8175c85d605ef2f0","name":"pablo.sevilla","url":"https:\/\/www.boisbuchet.org\/fr\/author\/pablo-sevilla\/"}]}},"_links":{"self":[{"href":"https:\/\/www.boisbuchet.org\/fr\/wp-json\/wp\/v2\/posts\/7986","targetHints":{"allow":["GET"]}}],"collection":[{"href":"https:\/\/www.boisbuchet.org\/fr\/wp-json\/wp\/v2\/posts"}],"about":[{"href":"https:\/\/www.boisbuchet.org\/fr\/wp-json\/wp\/v2\/types\/post"}],"author":[{"embeddable":true,"href":"https:\/\/www.boisbuchet.org\/fr\/wp-json\/wp\/v2\/users\/566"}],"replies":[{"embeddable":true,"href":"https:\/\/www.boisbuchet.org\/fr\/wp-json\/wp\/v2\/comments?post=7986"}],"version-history":[{"count":26,"href":"https:\/\/www.boisbuchet.org\/fr\/wp-json\/wp\/v2\/posts\/7986\/revisions"}],"predecessor-version":[{"id":9064,"href":"https:\/\/www.boisbuchet.org\/fr\/wp-json\/wp\/v2\/posts\/7986\/revisions\/9064"}],"wp:featuredmedia":[{"embeddable":true,"href":"https:\/\/www.boisbuchet.org\/fr\/wp-json\/wp\/v2\/media\/10742"}],"wp:attachment":[{"href":"https:\/\/www.boisbuchet.org\/fr\/wp-json\/wp\/v2\/media?parent=7986"}],"wp:term":[{"taxonomy":"category","embeddable":true,"href":"https:\/\/www.boisbuchet.org\/fr\/wp-json\/wp\/v2\/categories?post=7986"},{"taxonomy":"post_tag","embeddable":true,"href":"https:\/\/www.boisbuchet.org\/fr\/wp-json\/wp\/v2\/tags?post=7986"}],"curies":[{"name":"wp","href":"https:\/\/api.w.org\/{rel}","templated":true}]}}